{"id":13871,"date":"2023-04-10T16:21:36","date_gmt":"2023-04-10T16:21:36","guid":{"rendered":"https:\/\/permbledhja.com\/?p=13871"},"modified":"2023-04-10T16:21:36","modified_gmt":"2023-04-10T16:21:36","slug":"vellai-i-donjeta-pajazitajt-kamerat-tregojne-se-naser-pajazitaj-e-mori-me-xhip-ia-skeletosi-trupin-ne-mal","status":"publish","type":"post","link":"https:\/\/permbledhja.com\/sq\/vellai-i-donjeta-pajazitajt-kamerat-tregojne-se-naser-pajazitaj-e-mori-me-xhip-ia-skeletosi-trupin-ne-mal\/","title":{"rendered":"V\u00ebllai i Donjeta Pajazitajt: Kamerat tregojn\u00eb se Naser Pajazitaj e mori me xhip, ia skeletosi trupin n\u00eb mal"},"content":{"rendered":"<p><strong>Shk\u00ebqim Pajazitaj, v\u00ebllai i Donjeta Pajazitajt e cila u vra n\u00eb bjeshk\u00ebt e De\u00e7anit n\u00eb n\u00ebntor t\u00eb vitit 2015, \u00ebsht\u00eb shum\u00eb i indinjuar pasi Gjykata Supreme t\u00eb enjten e liroi t\u00eb akuzuarin Naser Pajazitaj.<\/strong><\/p>\n<p>Shk\u00eblqimi tha n\u00eb T7 se pasi Donjeta nuk po gjendej, i akuzuari kishte qen\u00eb disa her\u00eb te familja e tyre.<\/p>\n<p>\u201cBashk\u00eb me familjar\u00ebt ka ardhur disa her\u00eb te familja jon\u00eb p\u00ebr t\u00eb pyetur\u201d, tregon Shk\u00eblqimi.<\/p>\n<p>Ai tha se n\u00eb baz\u00eb t\u00eb disa pamjeve t\u00eb kamerave, Naser Pajazitaj kishte marr\u00eb Donjet\u00ebn me vetur\u00eb.<\/p>\n<p>\u201cGjipi i Naserit ndalet, hapet dera dhe hyn dikush me flok\u00eb t\u00eb bardha. Ai ka th\u00ebn\u00eb jam ndal\u00eb dhe e kam p\u00ebrsh\u00ebndetur nj\u00eb d\u00ebshmitar i cili ka th\u00ebn\u00eb se as nuk e kam takuar\u201d, thot\u00eb Shk\u00eblqimi.<\/p>\n<p>\u201cKa ardh\u00eb te ne ka th\u00ebn\u00eb e kemi par\u00eb n\u00eb diskoteka, n\u00ebp\u00ebr vende ku b\u00ebhet prostitucion\u201d, tregon Shk\u00eblqimi p\u00ebr vizitat e Naser Pajazitajt gjat\u00eb gjasht\u00eb jav\u00ebve kur Donjeta nuk dihej se ku ndodhej.<\/p>\n<p>\u201cKan\u00eb kaluar gjasht\u00eb jav\u00eb dhe kur \u00ebsht\u00eb gjetur kufoma, pas varrimit dy dit\u00eb ka ardhur n\u00eb t\u00eb pame dhe dit\u00ebn e tret\u00eb nuk ka ardh\u00eb\u201d, thot\u00eb ai.<\/p>\n<p>Trupin e Donjet\u00ebs e kishin gjetur n\u00eb mal disa banor\u00eb t\u00eb Strellcit.<\/p>\n<p>\u201cKrejt kjo pjesa e sip\u00ebrme ishte e skeletosur\u201d, thot\u00eb Shk\u00eblqimi, kur tregon p\u00ebr gjendjen n\u00eb t\u00eb cil\u00ebn ishte gjetur motra e tij.<\/p>\n","protected":false},"excerpt":{"rendered":"<p>Shk\u00ebqim Pajazitaj, v\u00ebllai i Donjeta Pajazitajt e cila u vra n\u00eb bjeshk\u00ebt e De\u00e7anit n\u00eb n\u00ebntor t\u00eb vitit 2015, \u00ebsht\u00eb shum\u00eb i indinjuar pasi Gjykata Supreme t\u00eb enjten e liroi t\u00eb akuzuarin Naser Pajazitaj. Shk\u00eblqimi tha n\u00eb T7 se pasi Donjeta nuk po gjendej, i akuzuari kishte qen\u00eb disa her\u00eb te familja e tyre. \u201cBashk\u00eb [&hellip;]<\/p>\n","protected":false},"author":1,"featured_media":13873,"comment_status":"closed","ping_status":"closed","sticky":false,"template":"","format":"standard","meta":{"_monsterinsights_skip_tracking":false,"_monsterinsights_sitenote_active":false,"_monsterinsights_sitenote_note":"","_monsterinsights_sitenote_category":0,"_uf_show_specific_survey":0,"_uf_disable_surveys":false,"footnotes":""},"categories":[1],"tags":[1634],"yoast_head":"<!-- This site is optimized with the Yoast SEO plugin v21.5 - https:\/\/yoast.com\/wordpress\/plugins\/seo\/ -->\n<title>V\u00ebllai i Donjeta Pajazitajt: Kamerat tregojn\u00eb se Naser Pajazitaj e mori me xhip, ia skeletosi trupin n\u00eb mal<\/title>\n<meta name=\"robots\" content=\"index, follow, max-snippet:-1, max-image-preview:large, max-video-preview:-1\" \/>\n<link rel=\"canonical\" href=\"https:\/\/permbledhja.com\/sq\/vellai-i-donjeta-pajazitajt-kamerat-tregojne-se-naser-pajazitaj-e-mori-me-xhip-ia-skeletosi-trupin-ne-mal\/\" \/>\n<meta property=\"og:locale\" content=\"sq_AL\" \/>\n<meta property=\"og:type\" content=\"article\" \/>\n<meta property=\"og:title\" content=\"V\u00ebllai i Donjeta Pajazitajt: Kamerat tregojn\u00eb se Naser Pajazitaj e mori me xhip, ia skeletosi trupin n\u00eb mal\" \/>\n<meta property=\"og:description\" content=\"Shk\u00ebqim Pajazitaj, v\u00ebllai i Donjeta Pajazitajt e cila u vra n\u00eb bjeshk\u00ebt e De\u00e7anit n\u00eb n\u00ebntor t\u00eb vitit 2015, \u00ebsht\u00eb shum\u00eb i indinjuar pasi Gjykata Supreme t\u00eb enjten e liroi t\u00eb akuzuarin Naser Pajazitaj. Shk\u00eblqimi tha n\u00eb T7 se pasi Donjeta nuk po gjendej, i akuzuari kishte qen\u00eb disa her\u00eb te familja e tyre. \u201cBashk\u00eb [&hellip;]\" \/>\n<meta property=\"og:url\" content=\"https:\/\/permbledhja.com\/sq\/vellai-i-donjeta-pajazitajt-kamerat-tregojne-se-naser-pajazitaj-e-mori-me-xhip-ia-skeletosi-trupin-ne-mal\/\" \/>\n<meta property=\"og:site_name\" content=\"Ve\u00e7 artikuj p\u00ebrmbledh\u00ebs\" \/>\n<meta property=\"article:publisher\" content=\"https:\/\/www.facebook.com\/press07\/\" \/>\n<meta property=\"article:author\" content=\"https:\/\/www.facebook.com\/kafexhiu.muharrem\/\" \/>\n<meta property=\"article:published_time\" content=\"2023-04-10T16:21:36+00:00\" \/>\n<meta property=\"og:image\" content=\"https:\/\/permbledhja.com\/wp-content\/uploads\/2023\/04\/donjeta.webp\" \/>\n\t<meta property=\"og:image:width\" content=\"600\" \/>\n\t<meta property=\"og:image:height\" content=\"360\" \/>\n\t<meta property=\"og:image:type\" content=\"image\/webp\" \/>\n<meta name=\"author\" content=\"P\u00ebrmbledhja\" \/>\n<meta name=\"twitter:card\" content=\"summary_large_image\" \/>\n<meta name=\"twitter:label1\" content=\"Written by\" \/>\n\t<meta name=\"twitter:data1\" content=\"P\u00ebrmbledhja\" \/>\n\t<meta name=\"twitter:label2\" content=\"Est. reading time\" \/>\n\t<meta name=\"twitter:data2\" content=\"1 minut\u00eb\" \/>\n<script type=\"application\/ld+json\" class=\"yoast-schema-graph\">{\"@context\":\"https:\/\/schema.org\",\"@graph\":[{\"@type\":\"Article\",\"@id\":\"https:\/\/permbledhja.com\/vellai-i-donjeta-pajazitajt-kamerat-tregojne-se-naser-pajazitaj-e-mori-me-xhip-ia-skeletosi-trupin-ne-mal\/#article\",\"isPartOf\":{\"@id\":\"https:\/\/permbledhja.com\/vellai-i-donjeta-pajazitajt-kamerat-tregojne-se-naser-pajazitaj-e-mori-me-xhip-ia-skeletosi-trupin-ne-mal\/\"},\"author\":{\"name\":\"P\u00ebrmbledhja\",\"@id\":\"https:\/\/permbledhja.com\/#\/schema\/person\/0d064377258d3221e50693947b9eb4fe\"},\"headline\":\"V\u00ebllai i Donjeta Pajazitajt: Kamerat tregojn\u00eb se Naser Pajazitaj e mori me xhip, ia skeletosi trupin n\u00eb mal\",\"datePublished\":\"2023-04-10T16:21:36+00:00\",\"dateModified\":\"2023-04-10T16:21:36+00:00\",\"mainEntityOfPage\":{\"@id\":\"https:\/\/permbledhja.com\/vellai-i-donjeta-pajazitajt-kamerat-tregojne-se-naser-pajazitaj-e-mori-me-xhip-ia-skeletosi-trupin-ne-mal\/\"},\"wordCount\":263,\"publisher\":{\"@id\":\"https:\/\/permbledhja.com\/#organization\"},\"keywords\":[\"Donjeta Pajazitaj\"],\"articleSection\":[\"Breaking News\"],\"inLanguage\":\"sq\"},{\"@type\":\"WebPage\",\"@id\":\"https:\/\/permbledhja.com\/vellai-i-donjeta-pajazitajt-kamerat-tregojne-se-naser-pajazitaj-e-mori-me-xhip-ia-skeletosi-trupin-ne-mal\/\",\"url\":\"https:\/\/permbledhja.com\/vellai-i-donjeta-pajazitajt-kamerat-tregojne-se-naser-pajazitaj-e-mori-me-xhip-ia-skeletosi-trupin-ne-mal\/\",\"name\":\"V\u00ebllai i Donjeta Pajazitajt: Kamerat tregojn\u00eb se Naser Pajazitaj e mori me xhip, ia skeletosi trupin n\u00eb mal\",\"isPartOf\":{\"@id\":\"https:\/\/permbledhja.com\/#website\"},\"datePublished\":\"2023-04-10T16:21:36+00:00\",\"dateModified\":\"2023-04-10T16:21:36+00:00\",\"breadcrumb\":{\"@id\":\"https:\/\/permbledhja.com\/vellai-i-donjeta-pajazitajt-kamerat-tregojne-se-naser-pajazitaj-e-mori-me-xhip-ia-skeletosi-trupin-ne-mal\/#breadcrumb\"},\"inLanguage\":\"sq\",\"potentialAction\":[{\"@type\":\"ReadAction\",\"target\":[\"https:\/\/permbledhja.com\/vellai-i-donjeta-pajazitajt-kamerat-tregojne-se-naser-pajazitaj-e-mori-me-xhip-ia-skeletosi-trupin-ne-mal\/\"]}]},{\"@type\":\"BreadcrumbList\",\"@id\":\"https:\/\/permbledhja.com\/vellai-i-donjeta-pajazitajt-kamerat-tregojne-se-naser-pajazitaj-e-mori-me-xhip-ia-skeletosi-trupin-ne-mal\/#breadcrumb\",\"itemListElement\":[{\"@type\":\"ListItem\",\"position\":1,\"name\":\"Ballina\",\"item\":\"https:\/\/permbledhja.com\/sq\/\"},{\"@type\":\"ListItem\",\"position\":2,\"name\":\"V\u00ebllai i Donjeta Pajazitajt: Kamerat tregojn\u00eb se Naser Pajazitaj e mori me xhip, ia skeletosi trupin n\u00eb mal\"}]},{\"@type\":\"WebSite\",\"@id\":\"https:\/\/permbledhja.com\/#website\",\"url\":\"https:\/\/permbledhja.com\/\",\"name\":\"Ve\u00e7 artikuj p\u00ebrmbledh\u00ebs\",\"description\":\"\",\"publisher\":{\"@id\":\"https:\/\/permbledhja.com\/#organization\"},\"potentialAction\":[{\"@type\":\"SearchAction\",\"target\":{\"@type\":\"EntryPoint\",\"urlTemplate\":\"https:\/\/permbledhja.com\/?s={search_term_string}\"},\"query-input\":\"required name=search_term_string\"}],\"inLanguage\":\"sq\"},{\"@type\":\"Organization\",\"@id\":\"https:\/\/permbledhja.com\/#organization\",\"name\":\"MK Media & Pr\",\"url\":\"https:\/\/permbledhja.com\/\",\"logo\":{\"@type\":\"ImageObject\",\"inLanguage\":\"sq\",\"@id\":\"https:\/\/permbledhja.com\/#\/schema\/logo\/image\/\",\"url\":\"https:\/\/permbledhja.com\/wp-content\/uploads\/2021\/12\/07-Press-Logo.jpg\",\"contentUrl\":\"https:\/\/permbledhja.com\/wp-content\/uploads\/2021\/12\/07-Press-Logo.jpg\",\"width\":512,\"height\":512,\"caption\":\"MK Media & Pr\"},\"image\":{\"@id\":\"https:\/\/permbledhja.com\/#\/schema\/logo\/image\/\"},\"sameAs\":[\"https:\/\/www.facebook.com\/press07\/\"]},{\"@type\":\"Person\",\"@id\":\"https:\/\/permbledhja.com\/#\/schema\/person\/0d064377258d3221e50693947b9eb4fe\",\"name\":\"P\u00ebrmbledhja\",\"image\":{\"@type\":\"ImageObject\",\"inLanguage\":\"sq\",\"@id\":\"https:\/\/permbledhja.com\/#\/schema\/person\/image\/\",\"url\":\"https:\/\/permbledhja.com\/wp-content\/uploads\/2026\/01\/452004717_1040944174702970_8932037511805513407_n-96x96.jpg\",\"contentUrl\":\"https:\/\/permbledhja.com\/wp-content\/uploads\/2026\/01\/452004717_1040944174702970_8932037511805513407_n-96x96.jpg\",\"caption\":\"P\u00ebrmbledhja\"},\"sameAs\":[\"https:\/\/www.facebook.com\/kafexhiu.muharrem\/\",\"https:\/\/www.instagram.com\/muharrem_kafexhiu\/\"],\"url\":\"https:\/\/permbledhja.com\/sq\/author\/admin\/\"}]}<\/script>\n<!-- \/ Yoast SEO plugin. -->","yoast_head_json":{"title":"V\u00ebllai i Donjeta Pajazitajt: Kamerat tregojn\u00eb se Naser Pajazitaj e mori me xhip, ia skeletosi trupin n\u00eb mal","robots":{"index":"index","follow":"follow","max-snippet":"max-snippet:-1","max-image-preview":"max-image-preview:large","max-video-preview":"max-video-preview:-1"},"canonical":"https:\/\/permbledhja.com\/sq\/vellai-i-donjeta-pajazitajt-kamerat-tregojne-se-naser-pajazitaj-e-mori-me-xhip-ia-skeletosi-trupin-ne-mal\/","og_locale":"sq_AL","og_type":"article","og_title":"V\u00ebllai i Donjeta Pajazitajt: Kamerat tregojn\u00eb se Naser Pajazitaj e mori me xhip, ia skeletosi trupin n\u00eb mal","og_description":"Shk\u00ebqim Pajazitaj, v\u00ebllai i Donjeta Pajazitajt e cila u vra n\u00eb bjeshk\u00ebt e De\u00e7anit n\u00eb n\u00ebntor t\u00eb vitit 2015, \u00ebsht\u00eb shum\u00eb i indinjuar pasi Gjykata Supreme t\u00eb enjten e liroi t\u00eb akuzuarin Naser Pajazitaj. Shk\u00eblqimi tha n\u00eb T7 se pasi Donjeta nuk po gjendej, i akuzuari kishte qen\u00eb disa her\u00eb te familja e tyre. \u201cBashk\u00eb [&hellip;]","og_url":"https:\/\/permbledhja.com\/sq\/vellai-i-donjeta-pajazitajt-kamerat-tregojne-se-naser-pajazitaj-e-mori-me-xhip-ia-skeletosi-trupin-ne-mal\/","og_site_name":"Ve\u00e7 artikuj p\u00ebrmbledh\u00ebs","article_publisher":"https:\/\/www.facebook.com\/press07\/","article_author":"https:\/\/www.facebook.com\/kafexhiu.muharrem\/","article_published_time":"2023-04-10T16:21:36+00:00","og_image":[{"width":600,"height":360,"url":"https:\/\/permbledhja.com\/wp-content\/uploads\/2023\/04\/donjeta.webp","type":"image\/webp"}],"author":"P\u00ebrmbledhja","twitter_card":"summary_large_image","twitter_misc":{"Written by":"P\u00ebrmbledhja","Est. reading time":"1 minut\u00eb"},"schema":{"@context":"https:\/\/schema.org","@graph":[{"@type":"Article","@id":"https:\/\/permbledhja.com\/vellai-i-donjeta-pajazitajt-kamerat-tregojne-se-naser-pajazitaj-e-mori-me-xhip-ia-skeletosi-trupin-ne-mal\/#article","isPartOf":{"@id":"https:\/\/permbledhja.com\/vellai-i-donjeta-pajazitajt-kamerat-tregojne-se-naser-pajazitaj-e-mori-me-xhip-ia-skeletosi-trupin-ne-mal\/"},"author":{"name":"P\u00ebrmbledhja","@id":"https:\/\/permbledhja.com\/#\/schema\/person\/0d064377258d3221e50693947b9eb4fe"},"headline":"V\u00ebllai i Donjeta Pajazitajt: Kamerat tregojn\u00eb se Naser Pajazitaj e mori me xhip, ia skeletosi trupin n\u00eb mal","datePublished":"2023-04-10T16:21:36+00:00","dateModified":"2023-04-10T16:21:36+00:00","mainEntityOfPage":{"@id":"https:\/\/permbledhja.com\/vellai-i-donjeta-pajazitajt-kamerat-tregojne-se-naser-pajazitaj-e-mori-me-xhip-ia-skeletosi-trupin-ne-mal\/"},"wordCount":263,"publisher":{"@id":"https:\/\/permbledhja.com\/#organization"},"keywords":["Donjeta Pajazitaj"],"articleSection":["Breaking News"],"inLanguage":"sq"},{"@type":"WebPage","@id":"https:\/\/permbledhja.com\/vellai-i-donjeta-pajazitajt-kamerat-tregojne-se-naser-pajazitaj-e-mori-me-xhip-ia-skeletosi-trupin-ne-mal\/","url":"https:\/\/permbledhja.com\/vellai-i-donjeta-pajazitajt-kamerat-tregojne-se-naser-pajazitaj-e-mori-me-xhip-ia-skeletosi-trupin-ne-mal\/","name":"V\u00ebllai i Donjeta Pajazitajt: Kamerat tregojn\u00eb se Naser Pajazitaj e mori me xhip, ia skeletosi trupin n\u00eb mal","isPartOf":{"@id":"https:\/\/permbledhja.com\/#website"},"datePublished":"2023-04-10T16:21:36+00:00","dateModified":"2023-04-10T16:21:36+00:00","breadcrumb":{"@id":"https:\/\/permbledhja.com\/vellai-i-donjeta-pajazitajt-kamerat-tregojne-se-naser-pajazitaj-e-mori-me-xhip-ia-skeletosi-trupin-ne-mal\/#breadcrumb"},"inLanguage":"sq","potentialAction":[{"@type":"ReadAction","target":["https:\/\/permbledhja.com\/vellai-i-donjeta-pajazitajt-kamerat-tregojne-se-naser-pajazitaj-e-mori-me-xhip-ia-skeletosi-trupin-ne-mal\/"]}]},{"@type":"BreadcrumbList","@id":"https:\/\/permbledhja.com\/vellai-i-donjeta-pajazitajt-kamerat-tregojne-se-naser-pajazitaj-e-mori-me-xhip-ia-skeletosi-trupin-ne-mal\/#breadcrumb","itemListElement":[{"@type":"ListItem","position":1,"name":"Ballina","item":"https:\/\/permbledhja.com\/sq\/"},{"@type":"ListItem","position":2,"name":"V\u00ebllai i Donjeta Pajazitajt: Kamerat tregojn\u00eb se Naser Pajazitaj e mori me xhip, ia skeletosi trupin n\u00eb mal"}]},{"@type":"WebSite","@id":"https:\/\/permbledhja.com\/#website","url":"https:\/\/permbledhja.com\/","name":"Ve\u00e7 artikuj p\u00ebrmbledh\u00ebs","description":"","publisher":{"@id":"https:\/\/permbledhja.com\/#organization"},"potentialAction":[{"@type":"SearchAction","target":{"@type":"EntryPoint","urlTemplate":"https:\/\/permbledhja.com\/?s={search_term_string}"},"query-input":"required name=search_term_string"}],"inLanguage":"sq"},{"@type":"Organization","@id":"https:\/\/permbledhja.com\/#organization","name":"MK Media & Pr","url":"https:\/\/permbledhja.com\/","logo":{"@type":"ImageObject","inLanguage":"sq","@id":"https:\/\/permbledhja.com\/#\/schema\/logo\/image\/","url":"https:\/\/permbledhja.com\/wp-content\/uploads\/2021\/12\/07-Press-Logo.jpg","contentUrl":"https:\/\/permbledhja.com\/wp-content\/uploads\/2021\/12\/07-Press-Logo.jpg","width":512,"height":512,"caption":"MK Media & Pr"},"image":{"@id":"https:\/\/permbledhja.com\/#\/schema\/logo\/image\/"},"sameAs":["https:\/\/www.facebook.com\/press07\/"]},{"@type":"Person","@id":"https:\/\/permbledhja.com\/#\/schema\/person\/0d064377258d3221e50693947b9eb4fe","name":"P\u00ebrmbledhja","image":{"@type":"ImageObject","inLanguage":"sq","@id":"https:\/\/permbledhja.com\/#\/schema\/person\/image\/","url":"https:\/\/permbledhja.com\/wp-content\/uploads\/2026\/01\/452004717_1040944174702970_8932037511805513407_n-96x96.jpg","contentUrl":"https:\/\/permbledhja.com\/wp-content\/uploads\/2026\/01\/452004717_1040944174702970_8932037511805513407_n-96x96.jpg","caption":"P\u00ebrmbledhja"},"sameAs":["https:\/\/www.facebook.com\/kafexhiu.muharrem\/","https:\/\/www.instagram.com\/muharrem_kafexhiu\/"],"url":"https:\/\/permbledhja.com\/sq\/author\/admin\/"}]}},"_links":{"self":[{"href":"https:\/\/permbledhja.com\/sq\/wp-json\/wp\/v2\/posts\/13871"}],"collection":[{"href":"https:\/\/permbledhja.com\/sq\/wp-json\/wp\/v2\/posts"}],"about":[{"href":"https:\/\/permbledhja.com\/sq\/wp-json\/wp\/v2\/types\/post"}],"author":[{"embeddable":true,"href":"https:\/\/permbledhja.com\/sq\/wp-json\/wp\/v2\/users\/1"}],"replies":[{"embeddable":true,"href":"https:\/\/permbledhja.com\/sq\/wp-json\/wp\/v2\/comments?post=13871"}],"version-history":[{"count":1,"href":"https:\/\/permbledhja.com\/sq\/wp-json\/wp\/v2\/posts\/13871\/revisions"}],"predecessor-version":[{"id":13874,"href":"https:\/\/permbledhja.com\/sq\/wp-json\/wp\/v2\/posts\/13871\/revisions\/13874"}],"wp:featuredmedia":[{"embeddable":true,"href":"https:\/\/permbledhja.com\/sq\/wp-json\/wp\/v2\/media\/13873"}],"wp:attachment":[{"href":"https:\/\/permbledhja.com\/sq\/wp-json\/wp\/v2\/media?parent=13871"}],"wp:term":[{"taxonomy":"category","embeddable":true,"href":"https:\/\/permbledhja.com\/sq\/wp-json\/wp\/v2\/categories?post=13871"},{"taxonomy":"post_tag","embeddable":true,"href":"https:\/\/permbledhja.com\/sq\/wp-json\/wp\/v2\/tags?post=13871"}],"curies":[{"name":"wp","href":"https:\/\/api.w.org\/{rel}","templated":true}]}}