{"id":13794,"date":"2023-04-09T11:12:10","date_gmt":"2023-04-09T11:12:10","guid":{"rendered":"https:\/\/permbledhja.com\/?p=13794"},"modified":"2023-04-09T11:12:10","modified_gmt":"2023-04-09T11:12:10","slug":"peje-30-vjecari-e-sulmon-nenen-me-copezat-e-televizorit-qe-ia-theu-para-syve-dergohet-ne-mbajtje","status":"publish","type":"post","link":"https:\/\/permbledhja.com\/sq\/peje-30-vjecari-e-sulmon-nenen-me-copezat-e-televizorit-qe-ia-theu-para-syve-dergohet-ne-mbajtje\/","title":{"rendered":"Pej\u00eb: 30-vje\u00e7ari e sulmon n\u00ebn\u00ebn me cop\u00ebzat e televizorit q\u00eb ia theu para syve, d\u00ebrgohet n\u00eb mbajtje"},"content":{"rendered":"<p><strong>Dhuna n\u00eb familje po vazhdon t\u00eb mbetet nj\u00eb nga damkat m\u00eb t\u00eb m\u00ebdha t\u00eb shoq\u00ebris\u00eb kosovare. \u00c7do dit\u00eb n\u00eb Polici raportohen raste ku grat\u00eb dhunohen n\u00eb forma t\u00eb ndryshme nga burrat, djemt\u00eb, v\u00ebllez\u00ebrit e an\u00ebtar\u00ebt e tjer\u00eb t\u00eb familjes. N\u00eb shum\u00eb raste, viktima jan\u00eb edhe n\u00ebnat, t\u00eb cilat p\u00ebrjetojn\u00eb dhun\u00eb nga f\u00ebmij\u00ebt e tyre.<\/strong><\/p>\n<p>Nj\u00eb rast i till\u00eb ka ndodhur s\u00eb fundmi n\u00eb nj\u00eb familje n\u00eb rrug\u00ebn \u201cNaim Frash\u00ebri\u201d n\u00eb Pej\u00eb, ku nj\u00eb 30-vje\u00e7ar ka sulmuar fizikisht n\u00ebn\u00ebn e tij, t\u00eb cil\u00ebs i ka shkaktuar frik\u00eb e shqet\u00ebsim t\u00eb madh.<\/p>\n<p>Burimet nga Prokuroria kan\u00eb b\u00ebr\u00eb me dije se rasti ka ndodhur n\u00eb or\u00ebt e mbr\u00ebmjes, kur i dyshuari E.B., fillimisht ka pasur nj\u00eb z\u00ebnk\u00eb verbale me n\u00ebn\u00ebn, e m\u00eb pas ka thyer televizorin derisa ajo ishte duke e shikuar dhe me ato copa e ka sulmuar fizikisht.<\/p>\n<p>Sinjali m\u00ebson se gjith\u00eb ngjarja dyshohet t\u00eb ket\u00eb ndodhur pas nj\u00eb mosmarr\u00ebveshje mes tyre, q\u00eb eskaloi nga dhuna psikike n\u00eb dhun\u00eb fizike, p\u00ebr \u00e7ka n\u00ebna e t\u00eb dyshuarit u detyrua q\u00eb t\u00eb k\u00ebrkoj\u00eb ndihm\u00ebn e Policis\u00eb, duke e raportuar rastin.<\/p>\n<p>Si rezultat i denoncimit, i dyshuari \u00ebsht\u00eb shoq\u00ebruar n\u00eb stacion policor, ku \u00ebsht\u00eb mbrojtur n\u00eb heshtje, kurse viktima ka marr\u00eb trajtim mjek\u00ebsor.<\/p>\n<p>Ndaj t\u00eb riut q\u00eb po dyshohet p\u00ebr dhun\u00eb n\u00eb familje, Prokurori i Shtetit ka urdh\u00ebruar mas\u00ebn e ndalimit policor dhe inicimin e rastit ndaj tij.<\/p>\n","protected":false},"excerpt":{"rendered":"<p>Dhuna n\u00eb familje po vazhdon t\u00eb mbetet nj\u00eb nga damkat m\u00eb t\u00eb m\u00ebdha t\u00eb shoq\u00ebris\u00eb kosovare. \u00c7do dit\u00eb n\u00eb Polici raportohen raste ku grat\u00eb dhunohen n\u00eb forma t\u00eb ndryshme nga burrat, djemt\u00eb, v\u00ebllez\u00ebrit e an\u00ebtar\u00ebt e tjer\u00eb t\u00eb familjes. N\u00eb shum\u00eb raste, viktima jan\u00eb edhe n\u00ebnat, t\u00eb cilat p\u00ebrjetojn\u00eb dhun\u00eb nga f\u00ebmij\u00ebt e tyre. Nj\u00eb [&hellip;]<\/p>\n","protected":false},"author":1,"featured_media":1078,"comment_status":"closed","ping_status":"closed","sticky":false,"template":"","format":"standard","meta":{"_monsterinsights_skip_tracking":false,"_monsterinsights_sitenote_active":false,"_monsterinsights_sitenote_note":"","_monsterinsights_sitenote_category":0,"_uf_show_specific_survey":0,"_uf_disable_surveys":false,"footnotes":""},"categories":[23,15],"tags":[120],"yoast_head":"<!-- This site is optimized with the Yoast SEO plugin v21.5 - https:\/\/yoast.com\/wordpress\/plugins\/seo\/ -->\n<title>Pej\u00eb: 30-vje\u00e7ari e sulmon n\u00ebn\u00ebn me cop\u00ebzat e televizorit q\u00eb ia theu para syve, d\u00ebrgohet n\u00eb mbajtje<\/title>\n<meta name=\"robots\" content=\"index, follow, max-snippet:-1, max-image-preview:large, max-video-preview:-1\" \/>\n<link rel=\"canonical\" href=\"https:\/\/permbledhja.com\/sq\/peje-30-vjecari-e-sulmon-nenen-me-copezat-e-televizorit-qe-ia-theu-para-syve-dergohet-ne-mbajtje\/\" \/>\n<meta property=\"og:locale\" content=\"sq_AL\" \/>\n<meta property=\"og:type\" content=\"article\" \/>\n<meta property=\"og:title\" content=\"Pej\u00eb: 30-vje\u00e7ari e sulmon n\u00ebn\u00ebn me cop\u00ebzat e televizorit q\u00eb ia theu para syve, d\u00ebrgohet n\u00eb mbajtje\" \/>\n<meta property=\"og:description\" content=\"Dhuna n\u00eb familje po vazhdon t\u00eb mbetet nj\u00eb nga damkat m\u00eb t\u00eb m\u00ebdha t\u00eb shoq\u00ebris\u00eb kosovare. \u00c7do dit\u00eb n\u00eb Polici raportohen raste ku grat\u00eb dhunohen n\u00eb forma t\u00eb ndryshme nga burrat, djemt\u00eb, v\u00ebllez\u00ebrit e an\u00ebtar\u00ebt e tjer\u00eb t\u00eb familjes. N\u00eb shum\u00eb raste, viktima jan\u00eb edhe n\u00ebnat, t\u00eb cilat p\u00ebrjetojn\u00eb dhun\u00eb nga f\u00ebmij\u00ebt e tyre. Nj\u00eb [&hellip;]\" \/>\n<meta property=\"og:url\" content=\"https:\/\/permbledhja.com\/sq\/peje-30-vjecari-e-sulmon-nenen-me-copezat-e-televizorit-qe-ia-theu-para-syve-dergohet-ne-mbajtje\/\" \/>\n<meta property=\"og:site_name\" content=\"Ve\u00e7 artikuj p\u00ebrmbledh\u00ebs\" \/>\n<meta property=\"article:publisher\" content=\"https:\/\/www.facebook.com\/press07\/\" \/>\n<meta property=\"article:author\" content=\"https:\/\/www.facebook.com\/kafexhiu.muharrem\/\" \/>\n<meta property=\"article:published_time\" content=\"2023-04-09T11:12:10+00:00\" \/>\n<meta property=\"og:image\" content=\"https:\/\/permbledhja.com\/wp-content\/uploads\/2022\/07\/Policia-e-Kosoves-2-of-2.jpg\" \/>\n\t<meta property=\"og:image:width\" content=\"900\" \/>\n\t<meta property=\"og:image:height\" content=\"600\" \/>\n\t<meta property=\"og:image:type\" content=\"image\/jpeg\" \/>\n<meta name=\"author\" content=\"P\u00ebrmbledhja\" \/>\n<meta name=\"twitter:card\" content=\"summary_large_image\" \/>\n<meta name=\"twitter:label1\" content=\"Written by\" \/>\n\t<meta name=\"twitter:data1\" content=\"P\u00ebrmbledhja\" \/>\n\t<meta name=\"twitter:label2\" content=\"Est. reading time\" \/>\n\t<meta name=\"twitter:data2\" content=\"1 minut\u00eb\" \/>\n<script type=\"application\/ld+json\" class=\"yoast-schema-graph\">{\"@context\":\"https:\/\/schema.org\",\"@graph\":[{\"@type\":\"Article\",\"@id\":\"https:\/\/permbledhja.com\/sq\/peje-30-vjecari-e-sulmon-nenen-me-copezat-e-televizorit-qe-ia-theu-para-syve-dergohet-ne-mbajtje\/#article\",\"isPartOf\":{\"@id\":\"https:\/\/permbledhja.com\/sq\/peje-30-vjecari-e-sulmon-nenen-me-copezat-e-televizorit-qe-ia-theu-para-syve-dergohet-ne-mbajtje\/\"},\"author\":{\"name\":\"P\u00ebrmbledhja\",\"@id\":\"https:\/\/permbledhja.com\/#\/schema\/person\/0d064377258d3221e50693947b9eb4fe\"},\"headline\":\"Pej\u00eb: 30-vje\u00e7ari e sulmon n\u00ebn\u00ebn me cop\u00ebzat e televizorit q\u00eb ia theu para syve, d\u00ebrgohet n\u00eb mbajtje\",\"datePublished\":\"2023-04-09T11:12:10+00:00\",\"dateModified\":\"2023-04-09T11:12:10+00:00\",\"mainEntityOfPage\":{\"@id\":\"https:\/\/permbledhja.com\/sq\/peje-30-vjecari-e-sulmon-nenen-me-copezat-e-televizorit-qe-ia-theu-para-syve-dergohet-ne-mbajtje\/\"},\"wordCount\":281,\"publisher\":{\"@id\":\"https:\/\/permbledhja.com\/#organization\"},\"keywords\":[\"Pej\u00eb\"],\"articleSection\":[\"Komb\u00ebtare\",\"Lajme\"],\"inLanguage\":\"sq\"},{\"@type\":\"WebPage\",\"@id\":\"https:\/\/permbledhja.com\/sq\/peje-30-vjecari-e-sulmon-nenen-me-copezat-e-televizorit-qe-ia-theu-para-syve-dergohet-ne-mbajtje\/\",\"url\":\"https:\/\/permbledhja.com\/sq\/peje-30-vjecari-e-sulmon-nenen-me-copezat-e-televizorit-qe-ia-theu-para-syve-dergohet-ne-mbajtje\/\",\"name\":\"Pej\u00eb: 30-vje\u00e7ari e sulmon n\u00ebn\u00ebn me cop\u00ebzat e televizorit q\u00eb ia theu para syve, d\u00ebrgohet n\u00eb mbajtje\",\"isPartOf\":{\"@id\":\"https:\/\/permbledhja.com\/#website\"},\"datePublished\":\"2023-04-09T11:12:10+00:00\",\"dateModified\":\"2023-04-09T11:12:10+00:00\",\"breadcrumb\":{\"@id\":\"https:\/\/permbledhja.com\/sq\/peje-30-vjecari-e-sulmon-nenen-me-copezat-e-televizorit-qe-ia-theu-para-syve-dergohet-ne-mbajtje\/#breadcrumb\"},\"inLanguage\":\"sq\",\"potentialAction\":[{\"@type\":\"ReadAction\",\"target\":[\"https:\/\/permbledhja.com\/sq\/peje-30-vjecari-e-sulmon-nenen-me-copezat-e-televizorit-qe-ia-theu-para-syve-dergohet-ne-mbajtje\/\"]}]},{\"@type\":\"BreadcrumbList\",\"@id\":\"https:\/\/permbledhja.com\/sq\/peje-30-vjecari-e-sulmon-nenen-me-copezat-e-televizorit-qe-ia-theu-para-syve-dergohet-ne-mbajtje\/#breadcrumb\",\"itemListElement\":[{\"@type\":\"ListItem\",\"position\":1,\"name\":\"Ballina\",\"item\":\"https:\/\/permbledhja.com\/sq\/\"},{\"@type\":\"ListItem\",\"position\":2,\"name\":\"Pej\u00eb: 30-vje\u00e7ari e sulmon n\u00ebn\u00ebn me cop\u00ebzat e televizorit q\u00eb ia theu para syve, d\u00ebrgohet n\u00eb mbajtje\"}]},{\"@type\":\"WebSite\",\"@id\":\"https:\/\/permbledhja.com\/#website\",\"url\":\"https:\/\/permbledhja.com\/\",\"name\":\"Ve\u00e7 artikuj p\u00ebrmbledh\u00ebs\",\"description\":\"\",\"publisher\":{\"@id\":\"https:\/\/permbledhja.com\/#organization\"},\"potentialAction\":[{\"@type\":\"SearchAction\",\"target\":{\"@type\":\"EntryPoint\",\"urlTemplate\":\"https:\/\/permbledhja.com\/?s={search_term_string}\"},\"query-input\":\"required name=search_term_string\"}],\"inLanguage\":\"sq\"},{\"@type\":\"Organization\",\"@id\":\"https:\/\/permbledhja.com\/#organization\",\"name\":\"MK Media & Pr\",\"url\":\"https:\/\/permbledhja.com\/\",\"logo\":{\"@type\":\"ImageObject\",\"inLanguage\":\"sq\",\"@id\":\"https:\/\/permbledhja.com\/#\/schema\/logo\/image\/\",\"url\":\"https:\/\/permbledhja.com\/wp-content\/uploads\/2021\/12\/07-Press-Logo.jpg\",\"contentUrl\":\"https:\/\/permbledhja.com\/wp-content\/uploads\/2021\/12\/07-Press-Logo.jpg\",\"width\":512,\"height\":512,\"caption\":\"MK Media & Pr\"},\"image\":{\"@id\":\"https:\/\/permbledhja.com\/#\/schema\/logo\/image\/\"},\"sameAs\":[\"https:\/\/www.facebook.com\/press07\/\"]},{\"@type\":\"Person\",\"@id\":\"https:\/\/permbledhja.com\/#\/schema\/person\/0d064377258d3221e50693947b9eb4fe\",\"name\":\"P\u00ebrmbledhja\",\"image\":{\"@type\":\"ImageObject\",\"inLanguage\":\"sq\",\"@id\":\"https:\/\/permbledhja.com\/#\/schema\/person\/image\/\",\"url\":\"https:\/\/permbledhja.com\/wp-content\/uploads\/2026\/01\/452004717_1040944174702970_8932037511805513407_n-96x96.jpg\",\"contentUrl\":\"https:\/\/permbledhja.com\/wp-content\/uploads\/2026\/01\/452004717_1040944174702970_8932037511805513407_n-96x96.jpg\",\"caption\":\"P\u00ebrmbledhja\"},\"sameAs\":[\"https:\/\/www.facebook.com\/kafexhiu.muharrem\/\",\"https:\/\/www.instagram.com\/muharrem_kafexhiu\/\"],\"url\":\"https:\/\/permbledhja.com\/sq\/author\/admin\/\"}]}<\/script>\n<!-- \/ Yoast SEO plugin. -->","yoast_head_json":{"title":"Pej\u00eb: 30-vje\u00e7ari e sulmon n\u00ebn\u00ebn me cop\u00ebzat e televizorit q\u00eb ia theu para syve, d\u00ebrgohet n\u00eb mbajtje","robots":{"index":"index","follow":"follow","max-snippet":"max-snippet:-1","max-image-preview":"max-image-preview:large","max-video-preview":"max-video-preview:-1"},"canonical":"https:\/\/permbledhja.com\/sq\/peje-30-vjecari-e-sulmon-nenen-me-copezat-e-televizorit-qe-ia-theu-para-syve-dergohet-ne-mbajtje\/","og_locale":"sq_AL","og_type":"article","og_title":"Pej\u00eb: 30-vje\u00e7ari e sulmon n\u00ebn\u00ebn me cop\u00ebzat e televizorit q\u00eb ia theu para syve, d\u00ebrgohet n\u00eb mbajtje","og_description":"Dhuna n\u00eb familje po vazhdon t\u00eb mbetet nj\u00eb nga damkat m\u00eb t\u00eb m\u00ebdha t\u00eb shoq\u00ebris\u00eb kosovare. \u00c7do dit\u00eb n\u00eb Polici raportohen raste ku grat\u00eb dhunohen n\u00eb forma t\u00eb ndryshme nga burrat, djemt\u00eb, v\u00ebllez\u00ebrit e an\u00ebtar\u00ebt e tjer\u00eb t\u00eb familjes. N\u00eb shum\u00eb raste, viktima jan\u00eb edhe n\u00ebnat, t\u00eb cilat p\u00ebrjetojn\u00eb dhun\u00eb nga f\u00ebmij\u00ebt e tyre. Nj\u00eb [&hellip;]","og_url":"https:\/\/permbledhja.com\/sq\/peje-30-vjecari-e-sulmon-nenen-me-copezat-e-televizorit-qe-ia-theu-para-syve-dergohet-ne-mbajtje\/","og_site_name":"Ve\u00e7 artikuj p\u00ebrmbledh\u00ebs","article_publisher":"https:\/\/www.facebook.com\/press07\/","article_author":"https:\/\/www.facebook.com\/kafexhiu.muharrem\/","article_published_time":"2023-04-09T11:12:10+00:00","og_image":[{"width":900,"height":600,"url":"https:\/\/permbledhja.com\/wp-content\/uploads\/2022\/07\/Policia-e-Kosoves-2-of-2.jpg","type":"image\/jpeg"}],"author":"P\u00ebrmbledhja","twitter_card":"summary_large_image","twitter_misc":{"Written by":"P\u00ebrmbledhja","Est. reading time":"1 minut\u00eb"},"schema":{"@context":"https:\/\/schema.org","@graph":[{"@type":"Article","@id":"https:\/\/permbledhja.com\/sq\/peje-30-vjecari-e-sulmon-nenen-me-copezat-e-televizorit-qe-ia-theu-para-syve-dergohet-ne-mbajtje\/#article","isPartOf":{"@id":"https:\/\/permbledhja.com\/sq\/peje-30-vjecari-e-sulmon-nenen-me-copezat-e-televizorit-qe-ia-theu-para-syve-dergohet-ne-mbajtje\/"},"author":{"name":"P\u00ebrmbledhja","@id":"https:\/\/permbledhja.com\/#\/schema\/person\/0d064377258d3221e50693947b9eb4fe"},"headline":"Pej\u00eb: 30-vje\u00e7ari e sulmon n\u00ebn\u00ebn me cop\u00ebzat e televizorit q\u00eb ia theu para syve, d\u00ebrgohet n\u00eb mbajtje","datePublished":"2023-04-09T11:12:10+00:00","dateModified":"2023-04-09T11:12:10+00:00","mainEntityOfPage":{"@id":"https:\/\/permbledhja.com\/sq\/peje-30-vjecari-e-sulmon-nenen-me-copezat-e-televizorit-qe-ia-theu-para-syve-dergohet-ne-mbajtje\/"},"wordCount":281,"publisher":{"@id":"https:\/\/permbledhja.com\/#organization"},"keywords":["Pej\u00eb"],"articleSection":["Komb\u00ebtare","Lajme"],"inLanguage":"sq"},{"@type":"WebPage","@id":"https:\/\/permbledhja.com\/sq\/peje-30-vjecari-e-sulmon-nenen-me-copezat-e-televizorit-qe-ia-theu-para-syve-dergohet-ne-mbajtje\/","url":"https:\/\/permbledhja.com\/sq\/peje-30-vjecari-e-sulmon-nenen-me-copezat-e-televizorit-qe-ia-theu-para-syve-dergohet-ne-mbajtje\/","name":"Pej\u00eb: 30-vje\u00e7ari e sulmon n\u00ebn\u00ebn me cop\u00ebzat e televizorit q\u00eb ia theu para syve, d\u00ebrgohet n\u00eb mbajtje","isPartOf":{"@id":"https:\/\/permbledhja.com\/#website"},"datePublished":"2023-04-09T11:12:10+00:00","dateModified":"2023-04-09T11:12:10+00:00","breadcrumb":{"@id":"https:\/\/permbledhja.com\/sq\/peje-30-vjecari-e-sulmon-nenen-me-copezat-e-televizorit-qe-ia-theu-para-syve-dergohet-ne-mbajtje\/#breadcrumb"},"inLanguage":"sq","potentialAction":[{"@type":"ReadAction","target":["https:\/\/permbledhja.com\/sq\/peje-30-vjecari-e-sulmon-nenen-me-copezat-e-televizorit-qe-ia-theu-para-syve-dergohet-ne-mbajtje\/"]}]},{"@type":"BreadcrumbList","@id":"https:\/\/permbledhja.com\/sq\/peje-30-vjecari-e-sulmon-nenen-me-copezat-e-televizorit-qe-ia-theu-para-syve-dergohet-ne-mbajtje\/#breadcrumb","itemListElement":[{"@type":"ListItem","position":1,"name":"Ballina","item":"https:\/\/permbledhja.com\/sq\/"},{"@type":"ListItem","position":2,"name":"Pej\u00eb: 30-vje\u00e7ari e sulmon n\u00ebn\u00ebn me cop\u00ebzat e televizorit q\u00eb ia theu para syve, d\u00ebrgohet n\u00eb mbajtje"}]},{"@type":"WebSite","@id":"https:\/\/permbledhja.com\/#website","url":"https:\/\/permbledhja.com\/","name":"Ve\u00e7 artikuj p\u00ebrmbledh\u00ebs","description":"","publisher":{"@id":"https:\/\/permbledhja.com\/#organization"},"potentialAction":[{"@type":"SearchAction","target":{"@type":"EntryPoint","urlTemplate":"https:\/\/permbledhja.com\/?s={search_term_string}"},"query-input":"required name=search_term_string"}],"inLanguage":"sq"},{"@type":"Organization","@id":"https:\/\/permbledhja.com\/#organization","name":"MK Media & Pr","url":"https:\/\/permbledhja.com\/","logo":{"@type":"ImageObject","inLanguage":"sq","@id":"https:\/\/permbledhja.com\/#\/schema\/logo\/image\/","url":"https:\/\/permbledhja.com\/wp-content\/uploads\/2021\/12\/07-Press-Logo.jpg","contentUrl":"https:\/\/permbledhja.com\/wp-content\/uploads\/2021\/12\/07-Press-Logo.jpg","width":512,"height":512,"caption":"MK Media & Pr"},"image":{"@id":"https:\/\/permbledhja.com\/#\/schema\/logo\/image\/"},"sameAs":["https:\/\/www.facebook.com\/press07\/"]},{"@type":"Person","@id":"https:\/\/permbledhja.com\/#\/schema\/person\/0d064377258d3221e50693947b9eb4fe","name":"P\u00ebrmbledhja","image":{"@type":"ImageObject","inLanguage":"sq","@id":"https:\/\/permbledhja.com\/#\/schema\/person\/image\/","url":"https:\/\/permbledhja.com\/wp-content\/uploads\/2026\/01\/452004717_1040944174702970_8932037511805513407_n-96x96.jpg","contentUrl":"https:\/\/permbledhja.com\/wp-content\/uploads\/2026\/01\/452004717_1040944174702970_8932037511805513407_n-96x96.jpg","caption":"P\u00ebrmbledhja"},"sameAs":["https:\/\/www.facebook.com\/kafexhiu.muharrem\/","https:\/\/www.instagram.com\/muharrem_kafexhiu\/"],"url":"https:\/\/permbledhja.com\/sq\/author\/admin\/"}]}},"_links":{"self":[{"href":"https:\/\/permbledhja.com\/sq\/wp-json\/wp\/v2\/posts\/13794"}],"collection":[{"href":"https:\/\/permbledhja.com\/sq\/wp-json\/wp\/v2\/posts"}],"about":[{"href":"https:\/\/permbledhja.com\/sq\/wp-json\/wp\/v2\/types\/post"}],"author":[{"embeddable":true,"href":"https:\/\/permbledhja.com\/sq\/wp-json\/wp\/v2\/users\/1"}],"replies":[{"embeddable":true,"href":"https:\/\/permbledhja.com\/sq\/wp-json\/wp\/v2\/comments?post=13794"}],"version-history":[{"count":1,"href":"https:\/\/permbledhja.com\/sq\/wp-json\/wp\/v2\/posts\/13794\/revisions"}],"predecessor-version":[{"id":13795,"href":"https:\/\/permbledhja.com\/sq\/wp-json\/wp\/v2\/posts\/13794\/revisions\/13795"}],"wp:featuredmedia":[{"embeddable":true,"href":"https:\/\/permbledhja.com\/sq\/wp-json\/wp\/v2\/media\/1078"}],"wp:attachment":[{"href":"https:\/\/permbledhja.com\/sq\/wp-json\/wp\/v2\/media?parent=13794"}],"wp:term":[{"taxonomy":"category","embeddable":true,"href":"https:\/\/permbledhja.com\/sq\/wp-json\/wp\/v2\/categories?post=13794"},{"taxonomy":"post_tag","embeddable":true,"href":"https:\/\/permbledhja.com\/sq\/wp-json\/wp\/v2\/tags?post=13794"}],"curies":[{"name":"wp","href":"https:\/\/api.w.org\/{rel}","templated":true}]}}