{"id":13791,"date":"2023-04-09T10:43:28","date_gmt":"2023-04-09T10:43:28","guid":{"rendered":"https:\/\/permbledhja.com\/?p=13791"},"modified":"2023-04-09T10:43:28","modified_gmt":"2023-04-09T10:43:28","slug":"data-dhe-vendi-mesohet-se-ku-do-te-mbahet-mbledhja-e-ardhshme-e-dy-qeverive","status":"publish","type":"post","link":"https:\/\/permbledhja.com\/sq\/data-dhe-vendi-mesohet-se-ku-do-te-mbahet-mbledhja-e-ardhshme-e-dy-qeverive\/","title":{"rendered":"Data dhe vendi, m\u00ebsohet se ku do t\u00eb mbahet mbledhja e ardhshme e dy qeverive"},"content":{"rendered":"<p><strong>Mbledhja e radh\u00ebs e p\u00ebrbashk\u00ebt mes Shqip\u00ebris\u00eb e Kosov\u00ebs, pritet t\u00eb mbahet m\u00eb 14 qershor, n\u00eb Gjakov\u00eb.<\/strong><\/p>\n<p>Ministrat shqiptar\u00eb t\u00eb Kosov\u00ebs dhe Shqip\u00ebris\u00eb do t\u00eb paraqesin p\u00ebrpara dy kabineteve nj\u00eb analiz\u00eb t\u00eb thelluar t\u00eb t\u00eb gjitha marr\u00ebveshjeve t\u00eb dakord\u00ebsuara deri m\u00eb tani.<\/p>\n<p>N\u00ebp\u00ebrmjet element\u00ebve ilustrues, ministrat do t\u00eb realizojn\u00eb edhe nj\u00eb pasqyrim t\u00eb ecuris\u00eb s\u00eb pun\u00ebs n\u00eb bashk\u00ebpunim me homologun e tij\/saj, nga kabineti tjet\u00ebr qeveritar, raporton report.tv.<\/p>\n<p>M\u00eb pas kryeministri Edi Rama dhe Albin Kurti do t\u00eb b\u00ebjn\u00eb publike objektivat e radh\u00ebs p\u00ebr t\u00eb rritur bashk\u00ebpunimin dhe mb\u00ebshtetjen mes dy vendeve. M\u00eb pas ata do t\u00eb ken\u00eb dhe nj\u00eb konferenc\u00eb t\u00eb p\u00ebrbashk\u00ebt.<\/p>\n<p>Si fillim, secili Minist\u00ebr, duke nisur nga ata t\u00eb fushave me p\u00ebrgjegj\u00ebsi m\u00eb t\u00eb r\u00ebnd\u00ebsishme do t\u00eb paraqesin p\u00ebrpara dy kabineteve nj\u00eb analiz\u00eb t\u00eb thelluar t\u00eb t\u00eb gjitha marr\u00ebveshjeve t\u00eb dakord\u00ebsuara deri m\u00eb tani.<\/p>\n<p>M\u00eb pas kryeministri Edi Rama dhe Albin Kurti do t\u00eb b\u00ebjn\u00eb publike objektivat e radh\u00ebs p\u00ebr t\u00eb rritur bashk\u00ebpunimin dhe mb\u00ebshtetjen mes dy vendeve. M\u00eb pas ata do t\u00eb ken\u00eb dhe nj\u00eb konferenc\u00eb t\u00eb p\u00ebrbashk\u00ebt.<\/p>\n","protected":false},"excerpt":{"rendered":"<p>Mbledhja e radh\u00ebs e p\u00ebrbashk\u00ebt mes Shqip\u00ebris\u00eb e Kosov\u00ebs, pritet t\u00eb mbahet m\u00eb 14 qershor, n\u00eb Gjakov\u00eb. Ministrat shqiptar\u00eb t\u00eb Kosov\u00ebs dhe Shqip\u00ebris\u00eb do t\u00eb paraqesin p\u00ebrpara dy kabineteve nj\u00eb analiz\u00eb t\u00eb thelluar t\u00eb t\u00eb gjitha marr\u00ebveshjeve t\u00eb dakord\u00ebsuara deri m\u00eb tani. N\u00ebp\u00ebrmjet element\u00ebve ilustrues, ministrat do t\u00eb realizojn\u00eb edhe nj\u00eb pasqyrim t\u00eb ecuris\u00eb s\u00eb [&hellip;]<\/p>\n","protected":false},"author":1,"featured_media":13792,"comment_status":"closed","ping_status":"closed","sticky":false,"template":"","format":"standard","meta":{"_monsterinsights_skip_tracking":false,"_monsterinsights_sitenote_active":false,"_monsterinsights_sitenote_note":"","_monsterinsights_sitenote_category":0,"_uf_show_specific_survey":0,"_uf_disable_surveys":false,"footnotes":""},"categories":[1],"tags":[],"yoast_head":"<!-- This site is optimized with the Yoast SEO plugin v21.5 - https:\/\/yoast.com\/wordpress\/plugins\/seo\/ -->\n<title>Data dhe vendi, m\u00ebsohet se ku do t\u00eb mbahet mbledhja e ardhshme e dy qeverive<\/title>\n<meta name=\"robots\" content=\"index, follow, max-snippet:-1, max-image-preview:large, max-video-preview:-1\" \/>\n<link rel=\"canonical\" href=\"https:\/\/permbledhja.com\/sq\/data-dhe-vendi-mesohet-se-ku-do-te-mbahet-mbledhja-e-ardhshme-e-dy-qeverive\/\" \/>\n<meta property=\"og:locale\" content=\"sq_AL\" \/>\n<meta property=\"og:type\" content=\"article\" \/>\n<meta property=\"og:title\" content=\"Data dhe vendi, m\u00ebsohet se ku do t\u00eb mbahet mbledhja e ardhshme e dy qeverive\" \/>\n<meta property=\"og:description\" content=\"Mbledhja e radh\u00ebs e p\u00ebrbashk\u00ebt mes Shqip\u00ebris\u00eb e Kosov\u00ebs, pritet t\u00eb mbahet m\u00eb 14 qershor, n\u00eb Gjakov\u00eb. Ministrat shqiptar\u00eb t\u00eb Kosov\u00ebs dhe Shqip\u00ebris\u00eb do t\u00eb paraqesin p\u00ebrpara dy kabineteve nj\u00eb analiz\u00eb t\u00eb thelluar t\u00eb t\u00eb gjitha marr\u00ebveshjeve t\u00eb dakord\u00ebsuara deri m\u00eb tani. N\u00ebp\u00ebrmjet element\u00ebve ilustrues, ministrat do t\u00eb realizojn\u00eb edhe nj\u00eb pasqyrim t\u00eb ecuris\u00eb s\u00eb [&hellip;]\" \/>\n<meta property=\"og:url\" content=\"https:\/\/permbledhja.com\/sq\/data-dhe-vendi-mesohet-se-ku-do-te-mbahet-mbledhja-e-ardhshme-e-dy-qeverive\/\" \/>\n<meta property=\"og:site_name\" content=\"Ve\u00e7 artikuj p\u00ebrmbledh\u00ebs\" \/>\n<meta property=\"article:publisher\" content=\"https:\/\/www.facebook.com\/press07\/\" \/>\n<meta property=\"article:author\" content=\"https:\/\/www.facebook.com\/kafexhiu.muharrem\/\" \/>\n<meta property=\"article:published_time\" content=\"2023-04-09T10:43:28+00:00\" \/>\n<meta property=\"og:image\" content=\"https:\/\/permbledhja.com\/wp-content\/uploads\/2023\/04\/image-408.png\" \/>\n\t<meta property=\"og:image:width\" content=\"600\" \/>\n\t<meta property=\"og:image:height\" content=\"360\" \/>\n\t<meta property=\"og:image:type\" content=\"image\/png\" \/>\n<meta name=\"author\" content=\"P\u00ebrmbledhja\" \/>\n<meta name=\"twitter:card\" content=\"summary_large_image\" \/>\n<meta name=\"twitter:label1\" content=\"Written by\" \/>\n\t<meta name=\"twitter:data1\" content=\"P\u00ebrmbledhja\" \/>\n\t<meta name=\"twitter:label2\" content=\"Est. reading time\" \/>\n\t<meta name=\"twitter:data2\" content=\"1 minut\u00eb\" \/>\n<script type=\"application\/ld+json\" class=\"yoast-schema-graph\">{\"@context\":\"https:\/\/schema.org\",\"@graph\":[{\"@type\":\"Article\",\"@id\":\"https:\/\/permbledhja.com\/sq\/data-dhe-vendi-mesohet-se-ku-do-te-mbahet-mbledhja-e-ardhshme-e-dy-qeverive\/#article\",\"isPartOf\":{\"@id\":\"https:\/\/permbledhja.com\/sq\/data-dhe-vendi-mesohet-se-ku-do-te-mbahet-mbledhja-e-ardhshme-e-dy-qeverive\/\"},\"author\":{\"name\":\"P\u00ebrmbledhja\",\"@id\":\"https:\/\/permbledhja.com\/#\/schema\/person\/0d064377258d3221e50693947b9eb4fe\"},\"headline\":\"Data dhe vendi, m\u00ebsohet se ku do t\u00eb mbahet mbledhja e ardhshme e dy qeverive\",\"datePublished\":\"2023-04-09T10:43:28+00:00\",\"dateModified\":\"2023-04-09T10:43:28+00:00\",\"mainEntityOfPage\":{\"@id\":\"https:\/\/permbledhja.com\/sq\/data-dhe-vendi-mesohet-se-ku-do-te-mbahet-mbledhja-e-ardhshme-e-dy-qeverive\/\"},\"wordCount\":227,\"publisher\":{\"@id\":\"https:\/\/permbledhja.com\/#organization\"},\"articleSection\":[\"Breaking News\"],\"inLanguage\":\"sq\"},{\"@type\":\"WebPage\",\"@id\":\"https:\/\/permbledhja.com\/sq\/data-dhe-vendi-mesohet-se-ku-do-te-mbahet-mbledhja-e-ardhshme-e-dy-qeverive\/\",\"url\":\"https:\/\/permbledhja.com\/sq\/data-dhe-vendi-mesohet-se-ku-do-te-mbahet-mbledhja-e-ardhshme-e-dy-qeverive\/\",\"name\":\"Data dhe vendi, m\u00ebsohet se ku do t\u00eb mbahet mbledhja e ardhshme e dy qeverive\",\"isPartOf\":{\"@id\":\"https:\/\/permbledhja.com\/#website\"},\"datePublished\":\"2023-04-09T10:43:28+00:00\",\"dateModified\":\"2023-04-09T10:43:28+00:00\",\"breadcrumb\":{\"@id\":\"https:\/\/permbledhja.com\/sq\/data-dhe-vendi-mesohet-se-ku-do-te-mbahet-mbledhja-e-ardhshme-e-dy-qeverive\/#breadcrumb\"},\"inLanguage\":\"sq\",\"potentialAction\":[{\"@type\":\"ReadAction\",\"target\":[\"https:\/\/permbledhja.com\/sq\/data-dhe-vendi-mesohet-se-ku-do-te-mbahet-mbledhja-e-ardhshme-e-dy-qeverive\/\"]}]},{\"@type\":\"BreadcrumbList\",\"@id\":\"https:\/\/permbledhja.com\/sq\/data-dhe-vendi-mesohet-se-ku-do-te-mbahet-mbledhja-e-ardhshme-e-dy-qeverive\/#breadcrumb\",\"itemListElement\":[{\"@type\":\"ListItem\",\"position\":1,\"name\":\"Ballina\",\"item\":\"https:\/\/permbledhja.com\/sq\/\"},{\"@type\":\"ListItem\",\"position\":2,\"name\":\"Data dhe vendi, m\u00ebsohet se ku do t\u00eb mbahet mbledhja e ardhshme e dy qeverive\"}]},{\"@type\":\"WebSite\",\"@id\":\"https:\/\/permbledhja.com\/#website\",\"url\":\"https:\/\/permbledhja.com\/\",\"name\":\"Ve\u00e7 artikuj p\u00ebrmbledh\u00ebs\",\"description\":\"\",\"publisher\":{\"@id\":\"https:\/\/permbledhja.com\/#organization\"},\"potentialAction\":[{\"@type\":\"SearchAction\",\"target\":{\"@type\":\"EntryPoint\",\"urlTemplate\":\"https:\/\/permbledhja.com\/?s={search_term_string}\"},\"query-input\":\"required name=search_term_string\"}],\"inLanguage\":\"sq\"},{\"@type\":\"Organization\",\"@id\":\"https:\/\/permbledhja.com\/#organization\",\"name\":\"MK Media & Pr\",\"url\":\"https:\/\/permbledhja.com\/\",\"logo\":{\"@type\":\"ImageObject\",\"inLanguage\":\"sq\",\"@id\":\"https:\/\/permbledhja.com\/#\/schema\/logo\/image\/\",\"url\":\"https:\/\/permbledhja.com\/wp-content\/uploads\/2021\/12\/07-Press-Logo.jpg\",\"contentUrl\":\"https:\/\/permbledhja.com\/wp-content\/uploads\/2021\/12\/07-Press-Logo.jpg\",\"width\":512,\"height\":512,\"caption\":\"MK Media & Pr\"},\"image\":{\"@id\":\"https:\/\/permbledhja.com\/#\/schema\/logo\/image\/\"},\"sameAs\":[\"https:\/\/www.facebook.com\/press07\/\"]},{\"@type\":\"Person\",\"@id\":\"https:\/\/permbledhja.com\/#\/schema\/person\/0d064377258d3221e50693947b9eb4fe\",\"name\":\"P\u00ebrmbledhja\",\"image\":{\"@type\":\"ImageObject\",\"inLanguage\":\"sq\",\"@id\":\"https:\/\/permbledhja.com\/#\/schema\/person\/image\/\",\"url\":\"https:\/\/permbledhja.com\/wp-content\/uploads\/2026\/01\/452004717_1040944174702970_8932037511805513407_n-96x96.jpg\",\"contentUrl\":\"https:\/\/permbledhja.com\/wp-content\/uploads\/2026\/01\/452004717_1040944174702970_8932037511805513407_n-96x96.jpg\",\"caption\":\"P\u00ebrmbledhja\"},\"sameAs\":[\"https:\/\/www.facebook.com\/kafexhiu.muharrem\/\",\"https:\/\/www.instagram.com\/muharrem_kafexhiu\/\"],\"url\":\"https:\/\/permbledhja.com\/sq\/author\/admin\/\"}]}<\/script>\n<!-- \/ Yoast SEO plugin. -->","yoast_head_json":{"title":"Data dhe vendi, m\u00ebsohet se ku do t\u00eb mbahet mbledhja e ardhshme e dy qeverive","robots":{"index":"index","follow":"follow","max-snippet":"max-snippet:-1","max-image-preview":"max-image-preview:large","max-video-preview":"max-video-preview:-1"},"canonical":"https:\/\/permbledhja.com\/sq\/data-dhe-vendi-mesohet-se-ku-do-te-mbahet-mbledhja-e-ardhshme-e-dy-qeverive\/","og_locale":"sq_AL","og_type":"article","og_title":"Data dhe vendi, m\u00ebsohet se ku do t\u00eb mbahet mbledhja e ardhshme e dy qeverive","og_description":"Mbledhja e radh\u00ebs e p\u00ebrbashk\u00ebt mes Shqip\u00ebris\u00eb e Kosov\u00ebs, pritet t\u00eb mbahet m\u00eb 14 qershor, n\u00eb Gjakov\u00eb. Ministrat shqiptar\u00eb t\u00eb Kosov\u00ebs dhe Shqip\u00ebris\u00eb do t\u00eb paraqesin p\u00ebrpara dy kabineteve nj\u00eb analiz\u00eb t\u00eb thelluar t\u00eb t\u00eb gjitha marr\u00ebveshjeve t\u00eb dakord\u00ebsuara deri m\u00eb tani. N\u00ebp\u00ebrmjet element\u00ebve ilustrues, ministrat do t\u00eb realizojn\u00eb edhe nj\u00eb pasqyrim t\u00eb ecuris\u00eb s\u00eb [&hellip;]","og_url":"https:\/\/permbledhja.com\/sq\/data-dhe-vendi-mesohet-se-ku-do-te-mbahet-mbledhja-e-ardhshme-e-dy-qeverive\/","og_site_name":"Ve\u00e7 artikuj p\u00ebrmbledh\u00ebs","article_publisher":"https:\/\/www.facebook.com\/press07\/","article_author":"https:\/\/www.facebook.com\/kafexhiu.muharrem\/","article_published_time":"2023-04-09T10:43:28+00:00","og_image":[{"width":600,"height":360,"url":"https:\/\/permbledhja.com\/wp-content\/uploads\/2023\/04\/image-408.png","type":"image\/png"}],"author":"P\u00ebrmbledhja","twitter_card":"summary_large_image","twitter_misc":{"Written by":"P\u00ebrmbledhja","Est. reading time":"1 minut\u00eb"},"schema":{"@context":"https:\/\/schema.org","@graph":[{"@type":"Article","@id":"https:\/\/permbledhja.com\/sq\/data-dhe-vendi-mesohet-se-ku-do-te-mbahet-mbledhja-e-ardhshme-e-dy-qeverive\/#article","isPartOf":{"@id":"https:\/\/permbledhja.com\/sq\/data-dhe-vendi-mesohet-se-ku-do-te-mbahet-mbledhja-e-ardhshme-e-dy-qeverive\/"},"author":{"name":"P\u00ebrmbledhja","@id":"https:\/\/permbledhja.com\/#\/schema\/person\/0d064377258d3221e50693947b9eb4fe"},"headline":"Data dhe vendi, m\u00ebsohet se ku do t\u00eb mbahet mbledhja e ardhshme e dy qeverive","datePublished":"2023-04-09T10:43:28+00:00","dateModified":"2023-04-09T10:43:28+00:00","mainEntityOfPage":{"@id":"https:\/\/permbledhja.com\/sq\/data-dhe-vendi-mesohet-se-ku-do-te-mbahet-mbledhja-e-ardhshme-e-dy-qeverive\/"},"wordCount":227,"publisher":{"@id":"https:\/\/permbledhja.com\/#organization"},"articleSection":["Breaking News"],"inLanguage":"sq"},{"@type":"WebPage","@id":"https:\/\/permbledhja.com\/sq\/data-dhe-vendi-mesohet-se-ku-do-te-mbahet-mbledhja-e-ardhshme-e-dy-qeverive\/","url":"https:\/\/permbledhja.com\/sq\/data-dhe-vendi-mesohet-se-ku-do-te-mbahet-mbledhja-e-ardhshme-e-dy-qeverive\/","name":"Data dhe vendi, m\u00ebsohet se ku do t\u00eb mbahet mbledhja e ardhshme e dy qeverive","isPartOf":{"@id":"https:\/\/permbledhja.com\/#website"},"datePublished":"2023-04-09T10:43:28+00:00","dateModified":"2023-04-09T10:43:28+00:00","breadcrumb":{"@id":"https:\/\/permbledhja.com\/sq\/data-dhe-vendi-mesohet-se-ku-do-te-mbahet-mbledhja-e-ardhshme-e-dy-qeverive\/#breadcrumb"},"inLanguage":"sq","potentialAction":[{"@type":"ReadAction","target":["https:\/\/permbledhja.com\/sq\/data-dhe-vendi-mesohet-se-ku-do-te-mbahet-mbledhja-e-ardhshme-e-dy-qeverive\/"]}]},{"@type":"BreadcrumbList","@id":"https:\/\/permbledhja.com\/sq\/data-dhe-vendi-mesohet-se-ku-do-te-mbahet-mbledhja-e-ardhshme-e-dy-qeverive\/#breadcrumb","itemListElement":[{"@type":"ListItem","position":1,"name":"Ballina","item":"https:\/\/permbledhja.com\/sq\/"},{"@type":"ListItem","position":2,"name":"Data dhe vendi, m\u00ebsohet se ku do t\u00eb mbahet mbledhja e ardhshme e dy qeverive"}]},{"@type":"WebSite","@id":"https:\/\/permbledhja.com\/#website","url":"https:\/\/permbledhja.com\/","name":"Ve\u00e7 artikuj p\u00ebrmbledh\u00ebs","description":"","publisher":{"@id":"https:\/\/permbledhja.com\/#organization"},"potentialAction":[{"@type":"SearchAction","target":{"@type":"EntryPoint","urlTemplate":"https:\/\/permbledhja.com\/?s={search_term_string}"},"query-input":"required name=search_term_string"}],"inLanguage":"sq"},{"@type":"Organization","@id":"https:\/\/permbledhja.com\/#organization","name":"MK Media & Pr","url":"https:\/\/permbledhja.com\/","logo":{"@type":"ImageObject","inLanguage":"sq","@id":"https:\/\/permbledhja.com\/#\/schema\/logo\/image\/","url":"https:\/\/permbledhja.com\/wp-content\/uploads\/2021\/12\/07-Press-Logo.jpg","contentUrl":"https:\/\/permbledhja.com\/wp-content\/uploads\/2021\/12\/07-Press-Logo.jpg","width":512,"height":512,"caption":"MK Media & Pr"},"image":{"@id":"https:\/\/permbledhja.com\/#\/schema\/logo\/image\/"},"sameAs":["https:\/\/www.facebook.com\/press07\/"]},{"@type":"Person","@id":"https:\/\/permbledhja.com\/#\/schema\/person\/0d064377258d3221e50693947b9eb4fe","name":"P\u00ebrmbledhja","image":{"@type":"ImageObject","inLanguage":"sq","@id":"https:\/\/permbledhja.com\/#\/schema\/person\/image\/","url":"https:\/\/permbledhja.com\/wp-content\/uploads\/2026\/01\/452004717_1040944174702970_8932037511805513407_n-96x96.jpg","contentUrl":"https:\/\/permbledhja.com\/wp-content\/uploads\/2026\/01\/452004717_1040944174702970_8932037511805513407_n-96x96.jpg","caption":"P\u00ebrmbledhja"},"sameAs":["https:\/\/www.facebook.com\/kafexhiu.muharrem\/","https:\/\/www.instagram.com\/muharrem_kafexhiu\/"],"url":"https:\/\/permbledhja.com\/sq\/author\/admin\/"}]}},"_links":{"self":[{"href":"https:\/\/permbledhja.com\/sq\/wp-json\/wp\/v2\/posts\/13791"}],"collection":[{"href":"https:\/\/permbledhja.com\/sq\/wp-json\/wp\/v2\/posts"}],"about":[{"href":"https:\/\/permbledhja.com\/sq\/wp-json\/wp\/v2\/types\/post"}],"author":[{"embeddable":true,"href":"https:\/\/permbledhja.com\/sq\/wp-json\/wp\/v2\/users\/1"}],"replies":[{"embeddable":true,"href":"https:\/\/permbledhja.com\/sq\/wp-json\/wp\/v2\/comments?post=13791"}],"version-history":[{"count":1,"href":"https:\/\/permbledhja.com\/sq\/wp-json\/wp\/v2\/posts\/13791\/revisions"}],"predecessor-version":[{"id":13793,"href":"https:\/\/permbledhja.com\/sq\/wp-json\/wp\/v2\/posts\/13791\/revisions\/13793"}],"wp:featuredmedia":[{"embeddable":true,"href":"https:\/\/permbledhja.com\/sq\/wp-json\/wp\/v2\/media\/13792"}],"wp:attachment":[{"href":"https:\/\/permbledhja.com\/sq\/wp-json\/wp\/v2\/media?parent=13791"}],"wp:term":[{"taxonomy":"category","embeddable":true,"href":"https:\/\/permbledhja.com\/sq\/wp-json\/wp\/v2\/categories?post=13791"},{"taxonomy":"post_tag","embeddable":true,"href":"https:\/\/permbledhja.com\/sq\/wp-json\/wp\/v2\/tags?post=13791"}],"curies":[{"name":"wp","href":"https:\/\/api.w.org\/{rel}","templated":true}]}}