{"id":13632,"date":"2023-04-06T20:34:34","date_gmt":"2023-04-06T20:34:34","guid":{"rendered":"https:\/\/permbledhja.com\/?p=13632"},"modified":"2023-04-06T20:34:34","modified_gmt":"2023-04-06T20:34:34","slug":"shqiptaret-preferojne-gjermanine-shifra-alarmante-te-emigrimit-te-te-rinjve","status":"publish","type":"post","link":"https:\/\/permbledhja.com\/sq\/shqiptaret-preferojne-gjermanine-shifra-alarmante-te-emigrimit-te-te-rinjve\/","title":{"rendered":"Shqiptar\u00ebt preferojn\u00eb Gjermanin\u00eb, shifra alarmante t\u00eb emigrimit t\u00eb t\u00eb rinjve"},"content":{"rendered":"<p style=\"line-height: 22.5pt; background: white; margin: 0cm 0cm 26.25pt 0cm;\"><strong><span style=\"font-size: 15.0pt; font-family: 'Arial',sans-serif; color: #212529; letter-spacing: -.15pt;\">Numri i t\u00eb rinjve dhe adoleshent\u00ebve q\u00eb po largohen \u00e7do dit\u00eb \u00ebsht\u00eb n\u00eb shifra alarmante.<\/span><\/strong><\/p>\n<p style=\"line-height: 22.5pt; background: white; box-sizing: border-box; font-variant-ligatures: normal; font-variant-caps: normal; orphans: 2; widows: 2; -webkit-text-stroke-width: 0px; text-decoration-thickness: initial; text-decoration-style: initial; text-decoration-color: initial; word-spacing: 0px; margin: 0cm 0cm 26.25pt 0cm;\"><span style=\"font-size: 15.0pt; font-family: 'Arial',sans-serif; color: #212529; letter-spacing: -.15pt;\">\u201cN\u00eb dor\u00eb kam mbi 300 aplikime t\u00eb t\u00eb rinjve q\u00eb duan t\u00eb shkojn\u00eb dhe t\u00eb punojn\u00eb n\u00eb Gjermani. Jan\u00eb ende n\u00eb pritje, tha Ortensa Budlla, raporton <a href=\"https:\/\/www.gazetaexpress.com\/shifra-alarmante-te-largimit-te-te-rinjve-shqiptare-gjermania-destinacion-i-preferuar\/\">Gazeta Express.<\/a><\/p>\n<p>\u00c7do fillim muaji, ambasada gjermane hap aplikimet p\u00ebr viza. Ato jan\u00eb t\u00eb ndara n\u00eb viza t\u00eb specializuara dhe t\u00eb thjeshta.<\/span><\/p>\n<p style=\"line-height: 22.5pt; background: white; box-sizing: border-box; font-variant-ligatures: normal; font-variant-caps: normal; orphans: 2; widows: 2; -webkit-text-stroke-width: 0px; text-decoration-thickness: initial; text-decoration-style: initial; text-decoration-color: initial; word-spacing: 0px; margin: 0cm 0cm 26.25pt 0cm;\"><span style=\"font-size: 15.0pt; font-family: 'Arial',sans-serif; color: #212529; letter-spacing: -.15pt;\">\u201cK\u00ebrkesat kan\u00eb qen\u00eb shum\u00eb t\u00eb larta, u diskutua q\u00eb do t\u00eb hapeshin 10 mij\u00eb vende pune. Jan\u00eb t\u00eb ndara fazat e aplikimit, jan\u00eb ato t\u00eb specializuara q\u00eb k\u00ebrkon t\u00eb kesh njohje t\u00eb nivelit B2 t\u00eb gjuh\u00ebs dhe njohje t\u00eb diplom\u00ebs, procesi i marrjes s\u00eb viz\u00ebs shkon deri n\u00eb 6 muaj. \u00cbsht\u00eb dhe aplikimi p\u00ebr faz\u00ebn tjet\u00ebr p\u00ebr profesionet e lira, n\u00eb sektorin e nd\u00ebrtimit, gastronomis\u00eb. Kuotat q\u00eb ambasada v\u00eb n\u00eb dispozicion jan\u00eb n\u00eb muaj rreth 200-300 aplikant\u00eb q\u00eb e p\u00ebrfitojn\u00eb\u201d, tha Aurela Baholli p\u00ebr euronews albania.<\/span><\/p>\n<p style=\"line-height: 22.5pt; background: white; margin: 0cm 0cm 26.25pt 0cm;\"><span style=\"font-size: 15.0pt; font-family: 'Arial',sans-serif; color: #212529; letter-spacing: -.15pt;\">Sipas anket\u00ebs komb\u00ebtare t\u00eb emigracionit n\u00eb familje, p\u00ebr vitet 2011-2019, t\u00eb realizuar nga INSTAT dhe disa organizata nd\u00ebrkomb\u00ebtare rreth 50% e afro 177 mij\u00eb qytetar\u00ebve t\u00eb larguar jan\u00eb t\u00eb rinj t\u00eb mosh\u00ebs 15-29 vje\u00e7. Deri n\u00eb fund t\u00eb vitit 2022, numri i t\u00eb rinjve t\u00eb larguar kalon mbi 100 mij\u00eb persona.<\/span><\/p>\n","protected":false},"excerpt":{"rendered":"<p>Numri i t\u00eb rinjve dhe adoleshent\u00ebve q\u00eb po largohen \u00e7do dit\u00eb \u00ebsht\u00eb n\u00eb shifra alarmante. \u201cN\u00eb dor\u00eb kam mbi 300 aplikime t\u00eb t\u00eb rinjve q\u00eb duan t\u00eb shkojn\u00eb dhe t\u00eb punojn\u00eb n\u00eb Gjermani. Jan\u00eb ende n\u00eb pritje, tha Ortensa Budlla, raporton Gazeta Express. \u00c7do fillim muaji, ambasada gjermane hap aplikimet p\u00ebr viza. Ato jan\u00eb t\u00eb [&hellip;]<\/p>\n","protected":false},"author":1,"featured_media":13633,"comment_status":"closed","ping_status":"closed","sticky":false,"template":"","format":"standard","meta":{"_monsterinsights_skip_tracking":false,"_monsterinsights_sitenote_active":false,"_monsterinsights_sitenote_note":"","_monsterinsights_sitenote_category":0,"_uf_show_specific_survey":0,"_uf_disable_surveys":false,"footnotes":""},"categories":[1146],"tags":[616,989],"yoast_head":"<!-- This site is optimized with the Yoast SEO plugin v21.5 - https:\/\/yoast.com\/wordpress\/plugins\/seo\/ -->\n<title>Shqiptar\u00ebt preferojn\u00eb Gjermanin\u00eb, shifra alarmante t\u00eb emigrimit t\u00eb t\u00eb rinjve<\/title>\n<meta name=\"robots\" content=\"index, follow, max-snippet:-1, max-image-preview:large, max-video-preview:-1\" \/>\n<link rel=\"canonical\" href=\"https:\/\/permbledhja.com\/sq\/shqiptaret-preferojne-gjermanine-shifra-alarmante-te-emigrimit-te-te-rinjve\/\" \/>\n<meta property=\"og:locale\" content=\"sq_AL\" \/>\n<meta property=\"og:type\" content=\"article\" \/>\n<meta property=\"og:title\" content=\"Shqiptar\u00ebt preferojn\u00eb Gjermanin\u00eb, shifra alarmante t\u00eb emigrimit t\u00eb t\u00eb rinjve\" \/>\n<meta property=\"og:description\" content=\"Numri i t\u00eb rinjve dhe adoleshent\u00ebve q\u00eb po largohen \u00e7do dit\u00eb \u00ebsht\u00eb n\u00eb shifra alarmante. \u201cN\u00eb dor\u00eb kam mbi 300 aplikime t\u00eb t\u00eb rinjve q\u00eb duan t\u00eb shkojn\u00eb dhe t\u00eb punojn\u00eb n\u00eb Gjermani. Jan\u00eb ende n\u00eb pritje, tha Ortensa Budlla, raporton Gazeta Express. \u00c7do fillim muaji, ambasada gjermane hap aplikimet p\u00ebr viza. Ato jan\u00eb t\u00eb [&hellip;]\" \/>\n<meta property=\"og:url\" content=\"https:\/\/permbledhja.com\/sq\/shqiptaret-preferojne-gjermanine-shifra-alarmante-te-emigrimit-te-te-rinjve\/\" \/>\n<meta property=\"og:site_name\" content=\"Ve\u00e7 artikuj p\u00ebrmbledh\u00ebs\" \/>\n<meta property=\"article:publisher\" content=\"https:\/\/www.facebook.com\/press07\/\" \/>\n<meta property=\"article:author\" content=\"https:\/\/www.facebook.com\/kafexhiu.muharrem\/\" \/>\n<meta property=\"article:published_time\" content=\"2023-04-06T20:34:34+00:00\" \/>\n<meta property=\"og:image\" content=\"https:\/\/permbledhja.com\/wp-content\/uploads\/2023\/04\/Screenshot-2023-04-06-223415.png\" \/>\n\t<meta property=\"og:image:width\" content=\"734\" \/>\n\t<meta property=\"og:image:height\" content=\"353\" \/>\n\t<meta property=\"og:image:type\" content=\"image\/png\" \/>\n<meta name=\"author\" content=\"P\u00ebrmbledhja\" \/>\n<meta name=\"twitter:card\" content=\"summary_large_image\" \/>\n<meta name=\"twitter:label1\" content=\"Written by\" \/>\n\t<meta name=\"twitter:data1\" content=\"P\u00ebrmbledhja\" \/>\n\t<meta name=\"twitter:label2\" content=\"Est. reading time\" \/>\n\t<meta name=\"twitter:data2\" content=\"1 minut\u00eb\" \/>\n<script type=\"application\/ld+json\" class=\"yoast-schema-graph\">{\"@context\":\"https:\/\/schema.org\",\"@graph\":[{\"@type\":\"Article\",\"@id\":\"https:\/\/permbledhja.com\/shqiptaret-preferojne-gjermanine-shifra-alarmante-te-emigrimit-te-te-rinjve\/#article\",\"isPartOf\":{\"@id\":\"https:\/\/permbledhja.com\/shqiptaret-preferojne-gjermanine-shifra-alarmante-te-emigrimit-te-te-rinjve\/\"},\"author\":{\"name\":\"P\u00ebrmbledhja\",\"@id\":\"https:\/\/permbledhja.com\/#\/schema\/person\/0d064377258d3221e50693947b9eb4fe\"},\"headline\":\"Shqiptar\u00ebt preferojn\u00eb Gjermanin\u00eb, shifra alarmante t\u00eb emigrimit t\u00eb t\u00eb rinjve\",\"datePublished\":\"2023-04-06T20:34:34+00:00\",\"dateModified\":\"2023-04-06T20:34:34+00:00\",\"mainEntityOfPage\":{\"@id\":\"https:\/\/permbledhja.com\/shqiptaret-preferojne-gjermanine-shifra-alarmante-te-emigrimit-te-te-rinjve\/\"},\"wordCount\":225,\"publisher\":{\"@id\":\"https:\/\/permbledhja.com\/#organization\"},\"keywords\":[\"Gjermania\",\"Migrimi\"],\"articleSection\":[\"Kryesoret\"],\"inLanguage\":\"sq\"},{\"@type\":\"WebPage\",\"@id\":\"https:\/\/permbledhja.com\/shqiptaret-preferojne-gjermanine-shifra-alarmante-te-emigrimit-te-te-rinjve\/\",\"url\":\"https:\/\/permbledhja.com\/shqiptaret-preferojne-gjermanine-shifra-alarmante-te-emigrimit-te-te-rinjve\/\",\"name\":\"Shqiptar\u00ebt preferojn\u00eb Gjermanin\u00eb, shifra alarmante t\u00eb emigrimit t\u00eb t\u00eb rinjve\",\"isPartOf\":{\"@id\":\"https:\/\/permbledhja.com\/#website\"},\"datePublished\":\"2023-04-06T20:34:34+00:00\",\"dateModified\":\"2023-04-06T20:34:34+00:00\",\"breadcrumb\":{\"@id\":\"https:\/\/permbledhja.com\/shqiptaret-preferojne-gjermanine-shifra-alarmante-te-emigrimit-te-te-rinjve\/#breadcrumb\"},\"inLanguage\":\"sq\",\"potentialAction\":[{\"@type\":\"ReadAction\",\"target\":[\"https:\/\/permbledhja.com\/shqiptaret-preferojne-gjermanine-shifra-alarmante-te-emigrimit-te-te-rinjve\/\"]}]},{\"@type\":\"BreadcrumbList\",\"@id\":\"https:\/\/permbledhja.com\/shqiptaret-preferojne-gjermanine-shifra-alarmante-te-emigrimit-te-te-rinjve\/#breadcrumb\",\"itemListElement\":[{\"@type\":\"ListItem\",\"position\":1,\"name\":\"Ballina\",\"item\":\"https:\/\/permbledhja.com\/sq\/\"},{\"@type\":\"ListItem\",\"position\":2,\"name\":\"Shqiptar\u00ebt preferojn\u00eb Gjermanin\u00eb, shifra alarmante t\u00eb emigrimit t\u00eb t\u00eb rinjve\"}]},{\"@type\":\"WebSite\",\"@id\":\"https:\/\/permbledhja.com\/#website\",\"url\":\"https:\/\/permbledhja.com\/\",\"name\":\"Ve\u00e7 artikuj p\u00ebrmbledh\u00ebs\",\"description\":\"\",\"publisher\":{\"@id\":\"https:\/\/permbledhja.com\/#organization\"},\"potentialAction\":[{\"@type\":\"SearchAction\",\"target\":{\"@type\":\"EntryPoint\",\"urlTemplate\":\"https:\/\/permbledhja.com\/?s={search_term_string}\"},\"query-input\":\"required name=search_term_string\"}],\"inLanguage\":\"sq\"},{\"@type\":\"Organization\",\"@id\":\"https:\/\/permbledhja.com\/#organization\",\"name\":\"MK Media & Pr\",\"url\":\"https:\/\/permbledhja.com\/\",\"logo\":{\"@type\":\"ImageObject\",\"inLanguage\":\"sq\",\"@id\":\"https:\/\/permbledhja.com\/#\/schema\/logo\/image\/\",\"url\":\"https:\/\/permbledhja.com\/wp-content\/uploads\/2021\/12\/07-Press-Logo.jpg\",\"contentUrl\":\"https:\/\/permbledhja.com\/wp-content\/uploads\/2021\/12\/07-Press-Logo.jpg\",\"width\":512,\"height\":512,\"caption\":\"MK Media & Pr\"},\"image\":{\"@id\":\"https:\/\/permbledhja.com\/#\/schema\/logo\/image\/\"},\"sameAs\":[\"https:\/\/www.facebook.com\/press07\/\"]},{\"@type\":\"Person\",\"@id\":\"https:\/\/permbledhja.com\/#\/schema\/person\/0d064377258d3221e50693947b9eb4fe\",\"name\":\"P\u00ebrmbledhja\",\"image\":{\"@type\":\"ImageObject\",\"inLanguage\":\"sq\",\"@id\":\"https:\/\/permbledhja.com\/#\/schema\/person\/image\/\",\"url\":\"https:\/\/permbledhja.com\/wp-content\/uploads\/2026\/01\/452004717_1040944174702970_8932037511805513407_n-96x96.jpg\",\"contentUrl\":\"https:\/\/permbledhja.com\/wp-content\/uploads\/2026\/01\/452004717_1040944174702970_8932037511805513407_n-96x96.jpg\",\"caption\":\"P\u00ebrmbledhja\"},\"sameAs\":[\"https:\/\/www.facebook.com\/kafexhiu.muharrem\/\",\"https:\/\/www.instagram.com\/muharrem_kafexhiu\/\"],\"url\":\"https:\/\/permbledhja.com\/sq\/author\/admin\/\"}]}<\/script>\n<!-- \/ Yoast SEO plugin. -->","yoast_head_json":{"title":"Shqiptar\u00ebt preferojn\u00eb Gjermanin\u00eb, shifra alarmante t\u00eb emigrimit t\u00eb t\u00eb rinjve","robots":{"index":"index","follow":"follow","max-snippet":"max-snippet:-1","max-image-preview":"max-image-preview:large","max-video-preview":"max-video-preview:-1"},"canonical":"https:\/\/permbledhja.com\/sq\/shqiptaret-preferojne-gjermanine-shifra-alarmante-te-emigrimit-te-te-rinjve\/","og_locale":"sq_AL","og_type":"article","og_title":"Shqiptar\u00ebt preferojn\u00eb Gjermanin\u00eb, shifra alarmante t\u00eb emigrimit t\u00eb t\u00eb rinjve","og_description":"Numri i t\u00eb rinjve dhe adoleshent\u00ebve q\u00eb po largohen \u00e7do dit\u00eb \u00ebsht\u00eb n\u00eb shifra alarmante. \u201cN\u00eb dor\u00eb kam mbi 300 aplikime t\u00eb t\u00eb rinjve q\u00eb duan t\u00eb shkojn\u00eb dhe t\u00eb punojn\u00eb n\u00eb Gjermani. Jan\u00eb ende n\u00eb pritje, tha Ortensa Budlla, raporton Gazeta Express. \u00c7do fillim muaji, ambasada gjermane hap aplikimet p\u00ebr viza. Ato jan\u00eb t\u00eb [&hellip;]","og_url":"https:\/\/permbledhja.com\/sq\/shqiptaret-preferojne-gjermanine-shifra-alarmante-te-emigrimit-te-te-rinjve\/","og_site_name":"Ve\u00e7 artikuj p\u00ebrmbledh\u00ebs","article_publisher":"https:\/\/www.facebook.com\/press07\/","article_author":"https:\/\/www.facebook.com\/kafexhiu.muharrem\/","article_published_time":"2023-04-06T20:34:34+00:00","og_image":[{"width":734,"height":353,"url":"https:\/\/permbledhja.com\/wp-content\/uploads\/2023\/04\/Screenshot-2023-04-06-223415.png","type":"image\/png"}],"author":"P\u00ebrmbledhja","twitter_card":"summary_large_image","twitter_misc":{"Written by":"P\u00ebrmbledhja","Est. reading time":"1 minut\u00eb"},"schema":{"@context":"https:\/\/schema.org","@graph":[{"@type":"Article","@id":"https:\/\/permbledhja.com\/shqiptaret-preferojne-gjermanine-shifra-alarmante-te-emigrimit-te-te-rinjve\/#article","isPartOf":{"@id":"https:\/\/permbledhja.com\/shqiptaret-preferojne-gjermanine-shifra-alarmante-te-emigrimit-te-te-rinjve\/"},"author":{"name":"P\u00ebrmbledhja","@id":"https:\/\/permbledhja.com\/#\/schema\/person\/0d064377258d3221e50693947b9eb4fe"},"headline":"Shqiptar\u00ebt preferojn\u00eb Gjermanin\u00eb, shifra alarmante t\u00eb emigrimit t\u00eb t\u00eb rinjve","datePublished":"2023-04-06T20:34:34+00:00","dateModified":"2023-04-06T20:34:34+00:00","mainEntityOfPage":{"@id":"https:\/\/permbledhja.com\/shqiptaret-preferojne-gjermanine-shifra-alarmante-te-emigrimit-te-te-rinjve\/"},"wordCount":225,"publisher":{"@id":"https:\/\/permbledhja.com\/#organization"},"keywords":["Gjermania","Migrimi"],"articleSection":["Kryesoret"],"inLanguage":"sq"},{"@type":"WebPage","@id":"https:\/\/permbledhja.com\/shqiptaret-preferojne-gjermanine-shifra-alarmante-te-emigrimit-te-te-rinjve\/","url":"https:\/\/permbledhja.com\/shqiptaret-preferojne-gjermanine-shifra-alarmante-te-emigrimit-te-te-rinjve\/","name":"Shqiptar\u00ebt preferojn\u00eb Gjermanin\u00eb, shifra alarmante t\u00eb emigrimit t\u00eb t\u00eb rinjve","isPartOf":{"@id":"https:\/\/permbledhja.com\/#website"},"datePublished":"2023-04-06T20:34:34+00:00","dateModified":"2023-04-06T20:34:34+00:00","breadcrumb":{"@id":"https:\/\/permbledhja.com\/shqiptaret-preferojne-gjermanine-shifra-alarmante-te-emigrimit-te-te-rinjve\/#breadcrumb"},"inLanguage":"sq","potentialAction":[{"@type":"ReadAction","target":["https:\/\/permbledhja.com\/shqiptaret-preferojne-gjermanine-shifra-alarmante-te-emigrimit-te-te-rinjve\/"]}]},{"@type":"BreadcrumbList","@id":"https:\/\/permbledhja.com\/shqiptaret-preferojne-gjermanine-shifra-alarmante-te-emigrimit-te-te-rinjve\/#breadcrumb","itemListElement":[{"@type":"ListItem","position":1,"name":"Ballina","item":"https:\/\/permbledhja.com\/sq\/"},{"@type":"ListItem","position":2,"name":"Shqiptar\u00ebt preferojn\u00eb Gjermanin\u00eb, shifra alarmante t\u00eb emigrimit t\u00eb t\u00eb rinjve"}]},{"@type":"WebSite","@id":"https:\/\/permbledhja.com\/#website","url":"https:\/\/permbledhja.com\/","name":"Ve\u00e7 artikuj p\u00ebrmbledh\u00ebs","description":"","publisher":{"@id":"https:\/\/permbledhja.com\/#organization"},"potentialAction":[{"@type":"SearchAction","target":{"@type":"EntryPoint","urlTemplate":"https:\/\/permbledhja.com\/?s={search_term_string}"},"query-input":"required name=search_term_string"}],"inLanguage":"sq"},{"@type":"Organization","@id":"https:\/\/permbledhja.com\/#organization","name":"MK Media & Pr","url":"https:\/\/permbledhja.com\/","logo":{"@type":"ImageObject","inLanguage":"sq","@id":"https:\/\/permbledhja.com\/#\/schema\/logo\/image\/","url":"https:\/\/permbledhja.com\/wp-content\/uploads\/2021\/12\/07-Press-Logo.jpg","contentUrl":"https:\/\/permbledhja.com\/wp-content\/uploads\/2021\/12\/07-Press-Logo.jpg","width":512,"height":512,"caption":"MK Media & Pr"},"image":{"@id":"https:\/\/permbledhja.com\/#\/schema\/logo\/image\/"},"sameAs":["https:\/\/www.facebook.com\/press07\/"]},{"@type":"Person","@id":"https:\/\/permbledhja.com\/#\/schema\/person\/0d064377258d3221e50693947b9eb4fe","name":"P\u00ebrmbledhja","image":{"@type":"ImageObject","inLanguage":"sq","@id":"https:\/\/permbledhja.com\/#\/schema\/person\/image\/","url":"https:\/\/permbledhja.com\/wp-content\/uploads\/2026\/01\/452004717_1040944174702970_8932037511805513407_n-96x96.jpg","contentUrl":"https:\/\/permbledhja.com\/wp-content\/uploads\/2026\/01\/452004717_1040944174702970_8932037511805513407_n-96x96.jpg","caption":"P\u00ebrmbledhja"},"sameAs":["https:\/\/www.facebook.com\/kafexhiu.muharrem\/","https:\/\/www.instagram.com\/muharrem_kafexhiu\/"],"url":"https:\/\/permbledhja.com\/sq\/author\/admin\/"}]}},"_links":{"self":[{"href":"https:\/\/permbledhja.com\/sq\/wp-json\/wp\/v2\/posts\/13632"}],"collection":[{"href":"https:\/\/permbledhja.com\/sq\/wp-json\/wp\/v2\/posts"}],"about":[{"href":"https:\/\/permbledhja.com\/sq\/wp-json\/wp\/v2\/types\/post"}],"author":[{"embeddable":true,"href":"https:\/\/permbledhja.com\/sq\/wp-json\/wp\/v2\/users\/1"}],"replies":[{"embeddable":true,"href":"https:\/\/permbledhja.com\/sq\/wp-json\/wp\/v2\/comments?post=13632"}],"version-history":[{"count":1,"href":"https:\/\/permbledhja.com\/sq\/wp-json\/wp\/v2\/posts\/13632\/revisions"}],"predecessor-version":[{"id":13634,"href":"https:\/\/permbledhja.com\/sq\/wp-json\/wp\/v2\/posts\/13632\/revisions\/13634"}],"wp:featuredmedia":[{"embeddable":true,"href":"https:\/\/permbledhja.com\/sq\/wp-json\/wp\/v2\/media\/13633"}],"wp:attachment":[{"href":"https:\/\/permbledhja.com\/sq\/wp-json\/wp\/v2\/media?parent=13632"}],"wp:term":[{"taxonomy":"category","embeddable":true,"href":"https:\/\/permbledhja.com\/sq\/wp-json\/wp\/v2\/categories?post=13632"},{"taxonomy":"post_tag","embeddable":true,"href":"https:\/\/permbledhja.com\/sq\/wp-json\/wp\/v2\/tags?post=13632"}],"curies":[{"name":"wp","href":"https:\/\/api.w.org\/{rel}","templated":true}]}}