{"id":13625,"date":"2023-04-06T20:06:40","date_gmt":"2023-04-06T20:06:40","guid":{"rendered":"https:\/\/permbledhja.com\/?p=13625"},"modified":"2023-04-06T20:06:40","modified_gmt":"2023-04-06T20:06:40","slug":"krasniqi-fola-me-thacin-dhe-veselin-pas-marshit-u-ndjene-te-inkurajuar-nga-mbeshtetje-e-popullit","status":"publish","type":"post","link":"https:\/\/permbledhja.com\/sq\/krasniqi-fola-me-thacin-dhe-veselin-pas-marshit-u-ndjene-te-inkurajuar-nga-mbeshtetje-e-popullit\/","title":{"rendered":"Krasniqi: Fola me Tha\u00e7in dhe Veselin pas marshit, u ndjen\u00eb t\u00eb inkurajuar nga mb\u00ebshtetje e popullit"},"content":{"rendered":"<p><strong>Kryetari i PDK-s\u00eb, Memli Krasniqi, ka th\u00ebn\u00eb n\u00eb emisionin Pressing n\u00eb T7 se ish krer\u00ebt e Ushtris\u00eb \u00c7lirimtare t\u00eb Kosov\u00ebs kan\u00eb p\u00ebrcjell\u00eb marshin p\u00ebr drejt\u00ebsi t\u00eb organizuar n\u00eb Prishtin\u00eb.<\/strong><\/p>\n<p>Ai thot\u00eb se ata e kishin ndjer\u00eb p\u00ebrkrahjen e dh\u00ebn\u00eb nga populli para seanc\u00ebs s\u00eb par\u00eb t\u00eb gjykimit ndaj ish-krer\u00ebve t\u00eb U\u00c7K-s\u00eb n\u00eb Hag\u00eb, raporton <a href=\"https:\/\/www.gazetaexpress.com\/krasniqi-pas-marshit-fola-me-thacin-e-veselin-u-ndjene-shume-te-inkurajuar-nga-mbeshtetja-e-popullit\/\">Gazeta Express.<\/a><\/p>\n<p>\u201cN\u00eb fakt e kam dit\u00eb q\u00eb ata bashkarisht t\u00eb gjith\u00eb do ta p\u00ebrcjellin n\u00eba t\u00eb sallonin ku q\u00ebndroj\u00ebn gjat\u00eb dit\u00ebs\u201d, tha ai.<\/p>\n<p>\u201cIshte emocionuese se do ta dinim se do ta shihnin p\u00ebrkrahjen e madhe p\u00ebr ta. Me Uranin dhe Abelardin arrit\u00ebm t\u00eb ishim n\u00eb seanc\u00ebn e par\u00eb, p\u00ebrkund\u00ebr vonesave t\u00eb fluturimit. Pas marshit fola me Tha\u00e7in dhe Veselin. Jam d\u00ebgjuar n\u00eb telefon pas seanc\u00ebs s\u00eb dit\u00ebs s\u00eb par\u00eb dhe e kemi ndjer\u00eb se kan\u00eb qen\u00eb shum\u00eb t\u00eb inkurajuar dhe m\u00eb t\u00eb fort\u00eb n\u00eb at\u00eb dit\u00eb. N\u00eb fund kjo gjykat\u00eb, gjykimet i shpall n\u00eb em\u00ebr t\u00eb popullit, por populli ishte n\u00eb Prishtin\u00eb. Ishte nj\u00eb udh\u00ebtim jo fort i k\u00ebndsh\u00ebm p\u00ebr arsye q\u00eb ishim shkuar, por n\u00eb an\u00ebn tjet\u00ebr kishim nj\u00eb statisfaksion p\u00ebr at\u00eb q\u00eb kishim b\u00ebr\u00eb\u201d, shtoi Krasniqi.<\/p>\n","protected":false},"excerpt":{"rendered":"<p>Kryetari i PDK-s\u00eb, Memli Krasniqi, ka th\u00ebn\u00eb n\u00eb emisionin Pressing n\u00eb T7 se ish krer\u00ebt e Ushtris\u00eb \u00c7lirimtare t\u00eb Kosov\u00ebs kan\u00eb p\u00ebrcjell\u00eb marshin p\u00ebr drejt\u00ebsi t\u00eb organizuar n\u00eb Prishtin\u00eb. Ai thot\u00eb se ata e kishin ndjer\u00eb p\u00ebrkrahjen e dh\u00ebn\u00eb nga populli para seanc\u00ebs s\u00eb par\u00eb t\u00eb gjykimit ndaj ish-krer\u00ebve t\u00eb U\u00c7K-s\u00eb n\u00eb Hag\u00eb, raporton Gazeta [&hellip;]<\/p>\n","protected":false},"author":1,"featured_media":13626,"comment_status":"closed","ping_status":"closed","sticky":false,"template":"","format":"standard","meta":{"_monsterinsights_skip_tracking":false,"_monsterinsights_sitenote_active":false,"_monsterinsights_sitenote_note":"","_monsterinsights_sitenote_category":0,"_uf_show_specific_survey":0,"_uf_disable_surveys":false,"footnotes":""},"categories":[1146],"tags":[299,1470,137],"yoast_head":"<!-- This site is optimized with the Yoast SEO plugin v21.5 - https:\/\/yoast.com\/wordpress\/plugins\/seo\/ -->\n<title>Krasniqi: Fola me Tha\u00e7in dhe Veselin pas marshit, u ndjen\u00eb t\u00eb inkurajuar nga mb\u00ebshtetje e popullit<\/title>\n<meta name=\"robots\" content=\"index, follow, max-snippet:-1, max-image-preview:large, max-video-preview:-1\" \/>\n<link rel=\"canonical\" href=\"https:\/\/permbledhja.com\/sq\/krasniqi-fola-me-thacin-dhe-veselin-pas-marshit-u-ndjene-te-inkurajuar-nga-mbeshtetje-e-popullit\/\" \/>\n<meta property=\"og:locale\" content=\"sq_AL\" \/>\n<meta property=\"og:type\" content=\"article\" \/>\n<meta property=\"og:title\" content=\"Krasniqi: Fola me Tha\u00e7in dhe Veselin pas marshit, u ndjen\u00eb t\u00eb inkurajuar nga mb\u00ebshtetje e popullit\" \/>\n<meta property=\"og:description\" content=\"Kryetari i PDK-s\u00eb, Memli Krasniqi, ka th\u00ebn\u00eb n\u00eb emisionin Pressing n\u00eb T7 se ish krer\u00ebt e Ushtris\u00eb \u00c7lirimtare t\u00eb Kosov\u00ebs kan\u00eb p\u00ebrcjell\u00eb marshin p\u00ebr drejt\u00ebsi t\u00eb organizuar n\u00eb Prishtin\u00eb. Ai thot\u00eb se ata e kishin ndjer\u00eb p\u00ebrkrahjen e dh\u00ebn\u00eb nga populli para seanc\u00ebs s\u00eb par\u00eb t\u00eb gjykimit ndaj ish-krer\u00ebve t\u00eb U\u00c7K-s\u00eb n\u00eb Hag\u00eb, raporton Gazeta [&hellip;]\" \/>\n<meta property=\"og:url\" content=\"https:\/\/permbledhja.com\/sq\/krasniqi-fola-me-thacin-dhe-veselin-pas-marshit-u-ndjene-te-inkurajuar-nga-mbeshtetje-e-popullit\/\" \/>\n<meta property=\"og:site_name\" content=\"Ve\u00e7 artikuj p\u00ebrmbledh\u00ebs\" \/>\n<meta property=\"article:publisher\" content=\"https:\/\/www.facebook.com\/press07\/\" \/>\n<meta property=\"article:author\" content=\"https:\/\/www.facebook.com\/kafexhiu.muharrem\/\" \/>\n<meta property=\"article:published_time\" content=\"2023-04-06T20:06:40+00:00\" \/>\n<meta property=\"og:image\" content=\"https:\/\/permbledhja.com\/wp-content\/uploads\/2023\/04\/Screenshot-2023-04-06-220623.png\" \/>\n\t<meta property=\"og:image:width\" content=\"652\" \/>\n\t<meta property=\"og:image:height\" content=\"418\" \/>\n\t<meta property=\"og:image:type\" content=\"image\/png\" \/>\n<meta name=\"author\" content=\"P\u00ebrmbledhja\" \/>\n<meta name=\"twitter:card\" content=\"summary_large_image\" \/>\n<meta name=\"twitter:label1\" content=\"Written by\" \/>\n\t<meta name=\"twitter:data1\" content=\"P\u00ebrmbledhja\" \/>\n\t<meta name=\"twitter:label2\" content=\"Est. reading time\" \/>\n\t<meta name=\"twitter:data2\" content=\"1 minut\u00eb\" \/>\n<script type=\"application\/ld+json\" class=\"yoast-schema-graph\">{\"@context\":\"https:\/\/schema.org\",\"@graph\":[{\"@type\":\"Article\",\"@id\":\"https:\/\/permbledhja.com\/krasniqi-fola-me-thacin-dhe-veselin-pas-marshit-u-ndjene-te-inkurajuar-nga-mbeshtetje-e-popullit\/#article\",\"isPartOf\":{\"@id\":\"https:\/\/permbledhja.com\/krasniqi-fola-me-thacin-dhe-veselin-pas-marshit-u-ndjene-te-inkurajuar-nga-mbeshtetje-e-popullit\/\"},\"author\":{\"name\":\"P\u00ebrmbledhja\",\"@id\":\"https:\/\/permbledhja.com\/#\/schema\/person\/0d064377258d3221e50693947b9eb4fe\"},\"headline\":\"Krasniqi: Fola me Tha\u00e7in dhe Veselin pas marshit, u ndjen\u00eb t\u00eb inkurajuar nga mb\u00ebshtetje e popullit\",\"datePublished\":\"2023-04-06T20:06:40+00:00\",\"dateModified\":\"2023-04-06T20:06:40+00:00\",\"mainEntityOfPage\":{\"@id\":\"https:\/\/permbledhja.com\/krasniqi-fola-me-thacin-dhe-veselin-pas-marshit-u-ndjene-te-inkurajuar-nga-mbeshtetje-e-popullit\/\"},\"wordCount\":237,\"publisher\":{\"@id\":\"https:\/\/permbledhja.com\/#organization\"},\"keywords\":[\"Hashim Tha\u00e7i\",\"Kadri Veseli\",\"Memli Krasniqi\"],\"articleSection\":[\"Kryesoret\"],\"inLanguage\":\"sq\"},{\"@type\":\"WebPage\",\"@id\":\"https:\/\/permbledhja.com\/krasniqi-fola-me-thacin-dhe-veselin-pas-marshit-u-ndjene-te-inkurajuar-nga-mbeshtetje-e-popullit\/\",\"url\":\"https:\/\/permbledhja.com\/krasniqi-fola-me-thacin-dhe-veselin-pas-marshit-u-ndjene-te-inkurajuar-nga-mbeshtetje-e-popullit\/\",\"name\":\"Krasniqi: Fola me Tha\u00e7in dhe Veselin pas marshit, u ndjen\u00eb t\u00eb inkurajuar nga mb\u00ebshtetje e popullit\",\"isPartOf\":{\"@id\":\"https:\/\/permbledhja.com\/#website\"},\"datePublished\":\"2023-04-06T20:06:40+00:00\",\"dateModified\":\"2023-04-06T20:06:40+00:00\",\"breadcrumb\":{\"@id\":\"https:\/\/permbledhja.com\/krasniqi-fola-me-thacin-dhe-veselin-pas-marshit-u-ndjene-te-inkurajuar-nga-mbeshtetje-e-popullit\/#breadcrumb\"},\"inLanguage\":\"sq\",\"potentialAction\":[{\"@type\":\"ReadAction\",\"target\":[\"https:\/\/permbledhja.com\/krasniqi-fola-me-thacin-dhe-veselin-pas-marshit-u-ndjene-te-inkurajuar-nga-mbeshtetje-e-popullit\/\"]}]},{\"@type\":\"BreadcrumbList\",\"@id\":\"https:\/\/permbledhja.com\/krasniqi-fola-me-thacin-dhe-veselin-pas-marshit-u-ndjene-te-inkurajuar-nga-mbeshtetje-e-popullit\/#breadcrumb\",\"itemListElement\":[{\"@type\":\"ListItem\",\"position\":1,\"name\":\"Ballina\",\"item\":\"https:\/\/permbledhja.com\/sq\/\"},{\"@type\":\"ListItem\",\"position\":2,\"name\":\"Krasniqi: Fola me Tha\u00e7in dhe Veselin pas marshit, u ndjen\u00eb t\u00eb inkurajuar nga mb\u00ebshtetje e popullit\"}]},{\"@type\":\"WebSite\",\"@id\":\"https:\/\/permbledhja.com\/#website\",\"url\":\"https:\/\/permbledhja.com\/\",\"name\":\"Ve\u00e7 artikuj p\u00ebrmbledh\u00ebs\",\"description\":\"\",\"publisher\":{\"@id\":\"https:\/\/permbledhja.com\/#organization\"},\"potentialAction\":[{\"@type\":\"SearchAction\",\"target\":{\"@type\":\"EntryPoint\",\"urlTemplate\":\"https:\/\/permbledhja.com\/?s={search_term_string}\"},\"query-input\":\"required name=search_term_string\"}],\"inLanguage\":\"sq\"},{\"@type\":\"Organization\",\"@id\":\"https:\/\/permbledhja.com\/#organization\",\"name\":\"MK Media & Pr\",\"url\":\"https:\/\/permbledhja.com\/\",\"logo\":{\"@type\":\"ImageObject\",\"inLanguage\":\"sq\",\"@id\":\"https:\/\/permbledhja.com\/#\/schema\/logo\/image\/\",\"url\":\"https:\/\/permbledhja.com\/wp-content\/uploads\/2021\/12\/07-Press-Logo.jpg\",\"contentUrl\":\"https:\/\/permbledhja.com\/wp-content\/uploads\/2021\/12\/07-Press-Logo.jpg\",\"width\":512,\"height\":512,\"caption\":\"MK Media & Pr\"},\"image\":{\"@id\":\"https:\/\/permbledhja.com\/#\/schema\/logo\/image\/\"},\"sameAs\":[\"https:\/\/www.facebook.com\/press07\/\"]},{\"@type\":\"Person\",\"@id\":\"https:\/\/permbledhja.com\/#\/schema\/person\/0d064377258d3221e50693947b9eb4fe\",\"name\":\"P\u00ebrmbledhja\",\"image\":{\"@type\":\"ImageObject\",\"inLanguage\":\"sq\",\"@id\":\"https:\/\/permbledhja.com\/#\/schema\/person\/image\/\",\"url\":\"https:\/\/permbledhja.com\/wp-content\/uploads\/2026\/01\/452004717_1040944174702970_8932037511805513407_n-96x96.jpg\",\"contentUrl\":\"https:\/\/permbledhja.com\/wp-content\/uploads\/2026\/01\/452004717_1040944174702970_8932037511805513407_n-96x96.jpg\",\"caption\":\"P\u00ebrmbledhja\"},\"sameAs\":[\"https:\/\/www.facebook.com\/kafexhiu.muharrem\/\",\"https:\/\/www.instagram.com\/muharrem_kafexhiu\/\"],\"url\":\"https:\/\/permbledhja.com\/sq\/author\/admin\/\"}]}<\/script>\n<!-- \/ Yoast SEO plugin. -->","yoast_head_json":{"title":"Krasniqi: Fola me Tha\u00e7in dhe Veselin pas marshit, u ndjen\u00eb t\u00eb inkurajuar nga mb\u00ebshtetje e popullit","robots":{"index":"index","follow":"follow","max-snippet":"max-snippet:-1","max-image-preview":"max-image-preview:large","max-video-preview":"max-video-preview:-1"},"canonical":"https:\/\/permbledhja.com\/sq\/krasniqi-fola-me-thacin-dhe-veselin-pas-marshit-u-ndjene-te-inkurajuar-nga-mbeshtetje-e-popullit\/","og_locale":"sq_AL","og_type":"article","og_title":"Krasniqi: Fola me Tha\u00e7in dhe Veselin pas marshit, u ndjen\u00eb t\u00eb inkurajuar nga mb\u00ebshtetje e popullit","og_description":"Kryetari i PDK-s\u00eb, Memli Krasniqi, ka th\u00ebn\u00eb n\u00eb emisionin Pressing n\u00eb T7 se ish krer\u00ebt e Ushtris\u00eb \u00c7lirimtare t\u00eb Kosov\u00ebs kan\u00eb p\u00ebrcjell\u00eb marshin p\u00ebr drejt\u00ebsi t\u00eb organizuar n\u00eb Prishtin\u00eb. Ai thot\u00eb se ata e kishin ndjer\u00eb p\u00ebrkrahjen e dh\u00ebn\u00eb nga populli para seanc\u00ebs s\u00eb par\u00eb t\u00eb gjykimit ndaj ish-krer\u00ebve t\u00eb U\u00c7K-s\u00eb n\u00eb Hag\u00eb, raporton Gazeta [&hellip;]","og_url":"https:\/\/permbledhja.com\/sq\/krasniqi-fola-me-thacin-dhe-veselin-pas-marshit-u-ndjene-te-inkurajuar-nga-mbeshtetje-e-popullit\/","og_site_name":"Ve\u00e7 artikuj p\u00ebrmbledh\u00ebs","article_publisher":"https:\/\/www.facebook.com\/press07\/","article_author":"https:\/\/www.facebook.com\/kafexhiu.muharrem\/","article_published_time":"2023-04-06T20:06:40+00:00","og_image":[{"width":652,"height":418,"url":"https:\/\/permbledhja.com\/wp-content\/uploads\/2023\/04\/Screenshot-2023-04-06-220623.png","type":"image\/png"}],"author":"P\u00ebrmbledhja","twitter_card":"summary_large_image","twitter_misc":{"Written by":"P\u00ebrmbledhja","Est. reading time":"1 minut\u00eb"},"schema":{"@context":"https:\/\/schema.org","@graph":[{"@type":"Article","@id":"https:\/\/permbledhja.com\/krasniqi-fola-me-thacin-dhe-veselin-pas-marshit-u-ndjene-te-inkurajuar-nga-mbeshtetje-e-popullit\/#article","isPartOf":{"@id":"https:\/\/permbledhja.com\/krasniqi-fola-me-thacin-dhe-veselin-pas-marshit-u-ndjene-te-inkurajuar-nga-mbeshtetje-e-popullit\/"},"author":{"name":"P\u00ebrmbledhja","@id":"https:\/\/permbledhja.com\/#\/schema\/person\/0d064377258d3221e50693947b9eb4fe"},"headline":"Krasniqi: Fola me Tha\u00e7in dhe Veselin pas marshit, u ndjen\u00eb t\u00eb inkurajuar nga mb\u00ebshtetje e popullit","datePublished":"2023-04-06T20:06:40+00:00","dateModified":"2023-04-06T20:06:40+00:00","mainEntityOfPage":{"@id":"https:\/\/permbledhja.com\/krasniqi-fola-me-thacin-dhe-veselin-pas-marshit-u-ndjene-te-inkurajuar-nga-mbeshtetje-e-popullit\/"},"wordCount":237,"publisher":{"@id":"https:\/\/permbledhja.com\/#organization"},"keywords":["Hashim Tha\u00e7i","Kadri Veseli","Memli Krasniqi"],"articleSection":["Kryesoret"],"inLanguage":"sq"},{"@type":"WebPage","@id":"https:\/\/permbledhja.com\/krasniqi-fola-me-thacin-dhe-veselin-pas-marshit-u-ndjene-te-inkurajuar-nga-mbeshtetje-e-popullit\/","url":"https:\/\/permbledhja.com\/krasniqi-fola-me-thacin-dhe-veselin-pas-marshit-u-ndjene-te-inkurajuar-nga-mbeshtetje-e-popullit\/","name":"Krasniqi: Fola me Tha\u00e7in dhe Veselin pas marshit, u ndjen\u00eb t\u00eb inkurajuar nga mb\u00ebshtetje e popullit","isPartOf":{"@id":"https:\/\/permbledhja.com\/#website"},"datePublished":"2023-04-06T20:06:40+00:00","dateModified":"2023-04-06T20:06:40+00:00","breadcrumb":{"@id":"https:\/\/permbledhja.com\/krasniqi-fola-me-thacin-dhe-veselin-pas-marshit-u-ndjene-te-inkurajuar-nga-mbeshtetje-e-popullit\/#breadcrumb"},"inLanguage":"sq","potentialAction":[{"@type":"ReadAction","target":["https:\/\/permbledhja.com\/krasniqi-fola-me-thacin-dhe-veselin-pas-marshit-u-ndjene-te-inkurajuar-nga-mbeshtetje-e-popullit\/"]}]},{"@type":"BreadcrumbList","@id":"https:\/\/permbledhja.com\/krasniqi-fola-me-thacin-dhe-veselin-pas-marshit-u-ndjene-te-inkurajuar-nga-mbeshtetje-e-popullit\/#breadcrumb","itemListElement":[{"@type":"ListItem","position":1,"name":"Ballina","item":"https:\/\/permbledhja.com\/sq\/"},{"@type":"ListItem","position":2,"name":"Krasniqi: Fola me Tha\u00e7in dhe Veselin pas marshit, u ndjen\u00eb t\u00eb inkurajuar nga mb\u00ebshtetje e popullit"}]},{"@type":"WebSite","@id":"https:\/\/permbledhja.com\/#website","url":"https:\/\/permbledhja.com\/","name":"Ve\u00e7 artikuj p\u00ebrmbledh\u00ebs","description":"","publisher":{"@id":"https:\/\/permbledhja.com\/#organization"},"potentialAction":[{"@type":"SearchAction","target":{"@type":"EntryPoint","urlTemplate":"https:\/\/permbledhja.com\/?s={search_term_string}"},"query-input":"required name=search_term_string"}],"inLanguage":"sq"},{"@type":"Organization","@id":"https:\/\/permbledhja.com\/#organization","name":"MK Media & Pr","url":"https:\/\/permbledhja.com\/","logo":{"@type":"ImageObject","inLanguage":"sq","@id":"https:\/\/permbledhja.com\/#\/schema\/logo\/image\/","url":"https:\/\/permbledhja.com\/wp-content\/uploads\/2021\/12\/07-Press-Logo.jpg","contentUrl":"https:\/\/permbledhja.com\/wp-content\/uploads\/2021\/12\/07-Press-Logo.jpg","width":512,"height":512,"caption":"MK Media & Pr"},"image":{"@id":"https:\/\/permbledhja.com\/#\/schema\/logo\/image\/"},"sameAs":["https:\/\/www.facebook.com\/press07\/"]},{"@type":"Person","@id":"https:\/\/permbledhja.com\/#\/schema\/person\/0d064377258d3221e50693947b9eb4fe","name":"P\u00ebrmbledhja","image":{"@type":"ImageObject","inLanguage":"sq","@id":"https:\/\/permbledhja.com\/#\/schema\/person\/image\/","url":"https:\/\/permbledhja.com\/wp-content\/uploads\/2026\/01\/452004717_1040944174702970_8932037511805513407_n-96x96.jpg","contentUrl":"https:\/\/permbledhja.com\/wp-content\/uploads\/2026\/01\/452004717_1040944174702970_8932037511805513407_n-96x96.jpg","caption":"P\u00ebrmbledhja"},"sameAs":["https:\/\/www.facebook.com\/kafexhiu.muharrem\/","https:\/\/www.instagram.com\/muharrem_kafexhiu\/"],"url":"https:\/\/permbledhja.com\/sq\/author\/admin\/"}]}},"_links":{"self":[{"href":"https:\/\/permbledhja.com\/sq\/wp-json\/wp\/v2\/posts\/13625"}],"collection":[{"href":"https:\/\/permbledhja.com\/sq\/wp-json\/wp\/v2\/posts"}],"about":[{"href":"https:\/\/permbledhja.com\/sq\/wp-json\/wp\/v2\/types\/post"}],"author":[{"embeddable":true,"href":"https:\/\/permbledhja.com\/sq\/wp-json\/wp\/v2\/users\/1"}],"replies":[{"embeddable":true,"href":"https:\/\/permbledhja.com\/sq\/wp-json\/wp\/v2\/comments?post=13625"}],"version-history":[{"count":1,"href":"https:\/\/permbledhja.com\/sq\/wp-json\/wp\/v2\/posts\/13625\/revisions"}],"predecessor-version":[{"id":13627,"href":"https:\/\/permbledhja.com\/sq\/wp-json\/wp\/v2\/posts\/13625\/revisions\/13627"}],"wp:featuredmedia":[{"embeddable":true,"href":"https:\/\/permbledhja.com\/sq\/wp-json\/wp\/v2\/media\/13626"}],"wp:attachment":[{"href":"https:\/\/permbledhja.com\/sq\/wp-json\/wp\/v2\/media?parent=13625"}],"wp:term":[{"taxonomy":"category","embeddable":true,"href":"https:\/\/permbledhja.com\/sq\/wp-json\/wp\/v2\/categories?post=13625"},{"taxonomy":"post_tag","embeddable":true,"href":"https:\/\/permbledhja.com\/sq\/wp-json\/wp\/v2\/tags?post=13625"}],"curies":[{"name":"wp","href":"https:\/\/api.w.org\/{rel}","templated":true}]}}