{"id":13623,"date":"2023-04-06T19:53:38","date_gmt":"2023-04-06T19:53:38","guid":{"rendered":"https:\/\/permbledhja.com\/?p=13623"},"modified":"2023-04-06T20:14:31","modified_gmt":"2023-04-06T20:14:31","slug":"gastrologet-ne-qkuk-tregojne-se-cka-perpijne-me-se-shumti-kosovaret","status":"publish","type":"post","link":"https:\/\/permbledhja.com\/sq\/gastrologet-ne-qkuk-tregojne-se-cka-perpijne-me-se-shumti-kosovaret\/","title":{"rendered":"Gastrolog\u00ebt n\u00eb QKUK tregojn\u00eb se \u00e7ka p\u00ebrpijn\u00eb m\u00eb s\u00eb shumti kosovar\u00ebt"},"content":{"rendered":"<p><strong>Rastet e mbetjes s\u00eb ushqimit n\u00eb fyt jan\u00eb t\u00eb shpeshta tek qytetar\u00ebt, kryesisht llojet e mishrave.<\/strong><\/p>\n<p>Madje sipas gastrolog\u00ebve n\u00eb QKUK, ka edhe prej atyre q\u00eb k\u00ebsi ndodhi i p\u00ebrjetojn\u00eb disa her\u00eb p\u00ebr shkak t\u00eb ngushtimit apo problemeve tjera q\u00eb kan\u00eb me ezofagun dhe mos-kujdesin n\u00eb g\u00eblltitjen e ushqimeve.<\/p>\n<p>Zakonisht k\u00ebto urgjenca p\u00ebr largimin e trupave t\u00eb huaj ndodhin n\u00eb or\u00ebt e pasdites dhe t\u00eb vona, raporton <a href=\"https:\/\/klankosova.tv\/cka-perpijne-me-shume-kosovaret-tregojne-gastrologet-ne-qkuk-video\/\">Klan Kosova.<\/a><\/p>\n<p>Mir\u00ebpo t\u00eb rralla nuk jan\u00eb as ato t\u00eb protezave t\u00eb dh\u00ebmb\u00ebve q\u00eb qytetar\u00ebt i kap\u00ebrdijn\u00eb pa dashje, jo proteza t\u00eb plot\u00eb, por me dy, tre dhe deri kat\u00ebr ose pes\u00eb dh\u00ebmb\u00eb, t\u00eb cilat jan\u00eb larguar pa telashe nga klinicist\u00ebt e Gastroenterologjis\u00eb.<\/p>\n<p>Derisa ka raste edhe m\u00eb specifike, sikurse largimi i nj\u00eb telefoni nga lukthi.<\/p>\n<p>Gjat\u00eb pandemis\u00eb, nj\u00eb i burgosur g\u00eblltiti nj\u00eb telefon dhe e \u00e7oi deri n\u00eb lukth t\u00eb cilin e mbajti p\u00ebr tri dit\u00eb.<\/p>\n<p>Madje ky trup i huaj u b\u00eb i rrall\u00eb edhe p\u00ebr m\u00ebnyr\u00ebn e largimit, q\u00eb u b\u00eb p\u00ebrmes goj\u00ebs me procedur\u00eb endoskopike dhe jo me operacione.<\/p>\n<p>P\u00ebr largimin e trupave t\u00eb huaj, Klinika e Gastroenterologjis\u00eb n\u00eb QKUK ka nj\u00eb ekip gatishm\u00ebrie prej 4 specialist\u00ebve sa her\u00eb q\u00eb ka nevoj\u00eb.<\/p>\n<p>P\u00ebr m\u00eb shum\u00eb, kronika e edicionit t\u00eb lajmeve n\u00eb Klan Kosova:<\/p>\n<p><iframe loading=\"lazy\" title=\"\u00c7ka p\u00ebrpijn\u00eb m\u00eb shum\u00eb kosovar\u00ebt? - 06.04.2023 - Lajmet\" width=\"640\" height=\"360\" src=\"https:\/\/www.youtube.com\/embed\/Lu2JDtFqX04?feature=oembed\" frameborder=\"0\" allow=\"accelerometer; autoplay; clipboard-write; encrypted-media; gyroscope; picture-in-picture; web-share\" allowfullscreen><\/iframe><\/p>\n","protected":false},"excerpt":{"rendered":"<p>Rastet e mbetjes s\u00eb ushqimit n\u00eb fyt jan\u00eb t\u00eb shpeshta tek qytetar\u00ebt, kryesisht llojet e mishrave. Madje sipas gastrolog\u00ebve n\u00eb QKUK, ka edhe prej atyre q\u00eb k\u00ebsi ndodhi i p\u00ebrjetojn\u00eb disa her\u00eb p\u00ebr shkak t\u00eb ngushtimit apo problemeve tjera q\u00eb kan\u00eb me ezofagun dhe mos-kujdesin n\u00eb g\u00eblltitjen e ushqimeve. Zakonisht k\u00ebto urgjenca p\u00ebr largimin e [&hellip;]<\/p>\n","protected":false},"author":1,"featured_media":13039,"comment_status":"closed","ping_status":"closed","sticky":false,"template":"","format":"standard","meta":{"_monsterinsights_skip_tracking":false,"_monsterinsights_sitenote_active":false,"_monsterinsights_sitenote_note":"","_monsterinsights_sitenote_category":0,"_uf_show_specific_survey":0,"_uf_disable_surveys":false,"footnotes":""},"categories":[23],"tags":[214],"yoast_head":"<!-- This site is optimized with the Yoast SEO plugin v21.5 - https:\/\/yoast.com\/wordpress\/plugins\/seo\/ -->\n<title>Gastrolog\u00ebt n\u00eb QKUK tregojn\u00eb se \u00e7ka p\u00ebrpijn\u00eb m\u00eb s\u00eb shumti kosovar\u00ebt<\/title>\n<meta name=\"robots\" content=\"index, follow, max-snippet:-1, max-image-preview:large, max-video-preview:-1\" \/>\n<link rel=\"canonical\" href=\"https:\/\/permbledhja.com\/sq\/gastrologet-ne-qkuk-tregojne-se-cka-perpijne-me-se-shumti-kosovaret\/\" \/>\n<meta property=\"og:locale\" content=\"sq_AL\" \/>\n<meta property=\"og:type\" content=\"article\" \/>\n<meta property=\"og:title\" content=\"Gastrolog\u00ebt n\u00eb QKUK tregojn\u00eb se \u00e7ka p\u00ebrpijn\u00eb m\u00eb s\u00eb shumti kosovar\u00ebt\" \/>\n<meta property=\"og:description\" content=\"Rastet e mbetjes s\u00eb ushqimit n\u00eb fyt jan\u00eb t\u00eb shpeshta tek qytetar\u00ebt, kryesisht llojet e mishrave. Madje sipas gastrolog\u00ebve n\u00eb QKUK, ka edhe prej atyre q\u00eb k\u00ebsi ndodhi i p\u00ebrjetojn\u00eb disa her\u00eb p\u00ebr shkak t\u00eb ngushtimit apo problemeve tjera q\u00eb kan\u00eb me ezofagun dhe mos-kujdesin n\u00eb g\u00eblltitjen e ushqimeve. Zakonisht k\u00ebto urgjenca p\u00ebr largimin e [&hellip;]\" \/>\n<meta property=\"og:url\" content=\"https:\/\/permbledhja.com\/sq\/gastrologet-ne-qkuk-tregojne-se-cka-perpijne-me-se-shumti-kosovaret\/\" \/>\n<meta property=\"og:site_name\" content=\"Ve\u00e7 artikuj p\u00ebrmbledh\u00ebs\" \/>\n<meta property=\"article:publisher\" content=\"https:\/\/www.facebook.com\/press07\/\" \/>\n<meta property=\"article:author\" content=\"https:\/\/www.facebook.com\/kafexhiu.muharrem\/\" \/>\n<meta property=\"article:published_time\" content=\"2023-04-06T19:53:38+00:00\" \/>\n<meta property=\"article:modified_time\" content=\"2023-04-06T20:14:31+00:00\" \/>\n<meta property=\"og:image\" content=\"https:\/\/permbledhja.com\/wp-content\/uploads\/2023\/03\/Emergjenca-QKUK-14.jpg\" \/>\n\t<meta property=\"og:image:width\" content=\"900\" \/>\n\t<meta property=\"og:image:height\" content=\"600\" \/>\n\t<meta property=\"og:image:type\" content=\"image\/jpeg\" \/>\n<meta name=\"author\" content=\"P\u00ebrmbledhja\" \/>\n<meta name=\"twitter:card\" content=\"summary_large_image\" \/>\n<meta name=\"twitter:label1\" content=\"Written by\" \/>\n\t<meta name=\"twitter:data1\" content=\"P\u00ebrmbledhja\" \/>\n\t<meta name=\"twitter:label2\" content=\"Est. reading time\" \/>\n\t<meta name=\"twitter:data2\" content=\"1 minut\u00eb\" \/>\n<script type=\"application\/ld+json\" class=\"yoast-schema-graph\">{\"@context\":\"https:\/\/schema.org\",\"@graph\":[{\"@type\":\"Article\",\"@id\":\"https:\/\/permbledhja.com\/gastrologet-ne-qkuk-tregojne-se-cka-perpijne-me-se-shumti-kosovaret\/#article\",\"isPartOf\":{\"@id\":\"https:\/\/permbledhja.com\/gastrologet-ne-qkuk-tregojne-se-cka-perpijne-me-se-shumti-kosovaret\/\"},\"author\":{\"name\":\"P\u00ebrmbledhja\",\"@id\":\"https:\/\/permbledhja.com\/#\/schema\/person\/0d064377258d3221e50693947b9eb4fe\"},\"headline\":\"Gastrolog\u00ebt n\u00eb QKUK tregojn\u00eb se \u00e7ka p\u00ebrpijn\u00eb m\u00eb s\u00eb shumti kosovar\u00ebt\",\"datePublished\":\"2023-04-06T19:53:38+00:00\",\"dateModified\":\"2023-04-06T20:14:31+00:00\",\"mainEntityOfPage\":{\"@id\":\"https:\/\/permbledhja.com\/gastrologet-ne-qkuk-tregojne-se-cka-perpijne-me-se-shumti-kosovaret\/\"},\"wordCount\":253,\"publisher\":{\"@id\":\"https:\/\/permbledhja.com\/#organization\"},\"keywords\":[\"QKUK\"],\"articleSection\":[\"Komb\u00ebtare\"],\"inLanguage\":\"sq\"},{\"@type\":\"WebPage\",\"@id\":\"https:\/\/permbledhja.com\/gastrologet-ne-qkuk-tregojne-se-cka-perpijne-me-se-shumti-kosovaret\/\",\"url\":\"https:\/\/permbledhja.com\/gastrologet-ne-qkuk-tregojne-se-cka-perpijne-me-se-shumti-kosovaret\/\",\"name\":\"Gastrolog\u00ebt n\u00eb QKUK tregojn\u00eb se \u00e7ka p\u00ebrpijn\u00eb m\u00eb s\u00eb shumti kosovar\u00ebt\",\"isPartOf\":{\"@id\":\"https:\/\/permbledhja.com\/#website\"},\"datePublished\":\"2023-04-06T19:53:38+00:00\",\"dateModified\":\"2023-04-06T20:14:31+00:00\",\"breadcrumb\":{\"@id\":\"https:\/\/permbledhja.com\/gastrologet-ne-qkuk-tregojne-se-cka-perpijne-me-se-shumti-kosovaret\/#breadcrumb\"},\"inLanguage\":\"sq\",\"potentialAction\":[{\"@type\":\"ReadAction\",\"target\":[\"https:\/\/permbledhja.com\/gastrologet-ne-qkuk-tregojne-se-cka-perpijne-me-se-shumti-kosovaret\/\"]}]},{\"@type\":\"BreadcrumbList\",\"@id\":\"https:\/\/permbledhja.com\/gastrologet-ne-qkuk-tregojne-se-cka-perpijne-me-se-shumti-kosovaret\/#breadcrumb\",\"itemListElement\":[{\"@type\":\"ListItem\",\"position\":1,\"name\":\"Ballina\",\"item\":\"https:\/\/permbledhja.com\/sq\/\"},{\"@type\":\"ListItem\",\"position\":2,\"name\":\"Gastrolog\u00ebt n\u00eb QKUK tregojn\u00eb se \u00e7ka p\u00ebrpijn\u00eb m\u00eb s\u00eb shumti kosovar\u00ebt\"}]},{\"@type\":\"WebSite\",\"@id\":\"https:\/\/permbledhja.com\/#website\",\"url\":\"https:\/\/permbledhja.com\/\",\"name\":\"Ve\u00e7 artikuj p\u00ebrmbledh\u00ebs\",\"description\":\"\",\"publisher\":{\"@id\":\"https:\/\/permbledhja.com\/#organization\"},\"potentialAction\":[{\"@type\":\"SearchAction\",\"target\":{\"@type\":\"EntryPoint\",\"urlTemplate\":\"https:\/\/permbledhja.com\/?s={search_term_string}\"},\"query-input\":\"required name=search_term_string\"}],\"inLanguage\":\"sq\"},{\"@type\":\"Organization\",\"@id\":\"https:\/\/permbledhja.com\/#organization\",\"name\":\"MK Media & Pr\",\"url\":\"https:\/\/permbledhja.com\/\",\"logo\":{\"@type\":\"ImageObject\",\"inLanguage\":\"sq\",\"@id\":\"https:\/\/permbledhja.com\/#\/schema\/logo\/image\/\",\"url\":\"https:\/\/permbledhja.com\/wp-content\/uploads\/2021\/12\/07-Press-Logo.jpg\",\"contentUrl\":\"https:\/\/permbledhja.com\/wp-content\/uploads\/2021\/12\/07-Press-Logo.jpg\",\"width\":512,\"height\":512,\"caption\":\"MK Media & Pr\"},\"image\":{\"@id\":\"https:\/\/permbledhja.com\/#\/schema\/logo\/image\/\"},\"sameAs\":[\"https:\/\/www.facebook.com\/press07\/\"]},{\"@type\":\"Person\",\"@id\":\"https:\/\/permbledhja.com\/#\/schema\/person\/0d064377258d3221e50693947b9eb4fe\",\"name\":\"P\u00ebrmbledhja\",\"image\":{\"@type\":\"ImageObject\",\"inLanguage\":\"sq\",\"@id\":\"https:\/\/permbledhja.com\/#\/schema\/person\/image\/\",\"url\":\"https:\/\/permbledhja.com\/wp-content\/uploads\/2026\/01\/452004717_1040944174702970_8932037511805513407_n-96x96.jpg\",\"contentUrl\":\"https:\/\/permbledhja.com\/wp-content\/uploads\/2026\/01\/452004717_1040944174702970_8932037511805513407_n-96x96.jpg\",\"caption\":\"P\u00ebrmbledhja\"},\"sameAs\":[\"https:\/\/www.facebook.com\/kafexhiu.muharrem\/\",\"https:\/\/www.instagram.com\/muharrem_kafexhiu\/\"],\"url\":\"https:\/\/permbledhja.com\/sq\/author\/admin\/\"}]}<\/script>\n<!-- \/ Yoast SEO plugin. -->","yoast_head_json":{"title":"Gastrolog\u00ebt n\u00eb QKUK tregojn\u00eb se \u00e7ka p\u00ebrpijn\u00eb m\u00eb s\u00eb shumti kosovar\u00ebt","robots":{"index":"index","follow":"follow","max-snippet":"max-snippet:-1","max-image-preview":"max-image-preview:large","max-video-preview":"max-video-preview:-1"},"canonical":"https:\/\/permbledhja.com\/sq\/gastrologet-ne-qkuk-tregojne-se-cka-perpijne-me-se-shumti-kosovaret\/","og_locale":"sq_AL","og_type":"article","og_title":"Gastrolog\u00ebt n\u00eb QKUK tregojn\u00eb se \u00e7ka p\u00ebrpijn\u00eb m\u00eb s\u00eb shumti kosovar\u00ebt","og_description":"Rastet e mbetjes s\u00eb ushqimit n\u00eb fyt jan\u00eb t\u00eb shpeshta tek qytetar\u00ebt, kryesisht llojet e mishrave. Madje sipas gastrolog\u00ebve n\u00eb QKUK, ka edhe prej atyre q\u00eb k\u00ebsi ndodhi i p\u00ebrjetojn\u00eb disa her\u00eb p\u00ebr shkak t\u00eb ngushtimit apo problemeve tjera q\u00eb kan\u00eb me ezofagun dhe mos-kujdesin n\u00eb g\u00eblltitjen e ushqimeve. Zakonisht k\u00ebto urgjenca p\u00ebr largimin e [&hellip;]","og_url":"https:\/\/permbledhja.com\/sq\/gastrologet-ne-qkuk-tregojne-se-cka-perpijne-me-se-shumti-kosovaret\/","og_site_name":"Ve\u00e7 artikuj p\u00ebrmbledh\u00ebs","article_publisher":"https:\/\/www.facebook.com\/press07\/","article_author":"https:\/\/www.facebook.com\/kafexhiu.muharrem\/","article_published_time":"2023-04-06T19:53:38+00:00","article_modified_time":"2023-04-06T20:14:31+00:00","og_image":[{"width":900,"height":600,"url":"https:\/\/permbledhja.com\/wp-content\/uploads\/2023\/03\/Emergjenca-QKUK-14.jpg","type":"image\/jpeg"}],"author":"P\u00ebrmbledhja","twitter_card":"summary_large_image","twitter_misc":{"Written by":"P\u00ebrmbledhja","Est. reading time":"1 minut\u00eb"},"schema":{"@context":"https:\/\/schema.org","@graph":[{"@type":"Article","@id":"https:\/\/permbledhja.com\/gastrologet-ne-qkuk-tregojne-se-cka-perpijne-me-se-shumti-kosovaret\/#article","isPartOf":{"@id":"https:\/\/permbledhja.com\/gastrologet-ne-qkuk-tregojne-se-cka-perpijne-me-se-shumti-kosovaret\/"},"author":{"name":"P\u00ebrmbledhja","@id":"https:\/\/permbledhja.com\/#\/schema\/person\/0d064377258d3221e50693947b9eb4fe"},"headline":"Gastrolog\u00ebt n\u00eb QKUK tregojn\u00eb se \u00e7ka p\u00ebrpijn\u00eb m\u00eb s\u00eb shumti kosovar\u00ebt","datePublished":"2023-04-06T19:53:38+00:00","dateModified":"2023-04-06T20:14:31+00:00","mainEntityOfPage":{"@id":"https:\/\/permbledhja.com\/gastrologet-ne-qkuk-tregojne-se-cka-perpijne-me-se-shumti-kosovaret\/"},"wordCount":253,"publisher":{"@id":"https:\/\/permbledhja.com\/#organization"},"keywords":["QKUK"],"articleSection":["Komb\u00ebtare"],"inLanguage":"sq"},{"@type":"WebPage","@id":"https:\/\/permbledhja.com\/gastrologet-ne-qkuk-tregojne-se-cka-perpijne-me-se-shumti-kosovaret\/","url":"https:\/\/permbledhja.com\/gastrologet-ne-qkuk-tregojne-se-cka-perpijne-me-se-shumti-kosovaret\/","name":"Gastrolog\u00ebt n\u00eb QKUK tregojn\u00eb se \u00e7ka p\u00ebrpijn\u00eb m\u00eb s\u00eb shumti kosovar\u00ebt","isPartOf":{"@id":"https:\/\/permbledhja.com\/#website"},"datePublished":"2023-04-06T19:53:38+00:00","dateModified":"2023-04-06T20:14:31+00:00","breadcrumb":{"@id":"https:\/\/permbledhja.com\/gastrologet-ne-qkuk-tregojne-se-cka-perpijne-me-se-shumti-kosovaret\/#breadcrumb"},"inLanguage":"sq","potentialAction":[{"@type":"ReadAction","target":["https:\/\/permbledhja.com\/gastrologet-ne-qkuk-tregojne-se-cka-perpijne-me-se-shumti-kosovaret\/"]}]},{"@type":"BreadcrumbList","@id":"https:\/\/permbledhja.com\/gastrologet-ne-qkuk-tregojne-se-cka-perpijne-me-se-shumti-kosovaret\/#breadcrumb","itemListElement":[{"@type":"ListItem","position":1,"name":"Ballina","item":"https:\/\/permbledhja.com\/sq\/"},{"@type":"ListItem","position":2,"name":"Gastrolog\u00ebt n\u00eb QKUK tregojn\u00eb se \u00e7ka p\u00ebrpijn\u00eb m\u00eb s\u00eb shumti kosovar\u00ebt"}]},{"@type":"WebSite","@id":"https:\/\/permbledhja.com\/#website","url":"https:\/\/permbledhja.com\/","name":"Ve\u00e7 artikuj p\u00ebrmbledh\u00ebs","description":"","publisher":{"@id":"https:\/\/permbledhja.com\/#organization"},"potentialAction":[{"@type":"SearchAction","target":{"@type":"EntryPoint","urlTemplate":"https:\/\/permbledhja.com\/?s={search_term_string}"},"query-input":"required name=search_term_string"}],"inLanguage":"sq"},{"@type":"Organization","@id":"https:\/\/permbledhja.com\/#organization","name":"MK Media & Pr","url":"https:\/\/permbledhja.com\/","logo":{"@type":"ImageObject","inLanguage":"sq","@id":"https:\/\/permbledhja.com\/#\/schema\/logo\/image\/","url":"https:\/\/permbledhja.com\/wp-content\/uploads\/2021\/12\/07-Press-Logo.jpg","contentUrl":"https:\/\/permbledhja.com\/wp-content\/uploads\/2021\/12\/07-Press-Logo.jpg","width":512,"height":512,"caption":"MK Media & Pr"},"image":{"@id":"https:\/\/permbledhja.com\/#\/schema\/logo\/image\/"},"sameAs":["https:\/\/www.facebook.com\/press07\/"]},{"@type":"Person","@id":"https:\/\/permbledhja.com\/#\/schema\/person\/0d064377258d3221e50693947b9eb4fe","name":"P\u00ebrmbledhja","image":{"@type":"ImageObject","inLanguage":"sq","@id":"https:\/\/permbledhja.com\/#\/schema\/person\/image\/","url":"https:\/\/permbledhja.com\/wp-content\/uploads\/2026\/01\/452004717_1040944174702970_8932037511805513407_n-96x96.jpg","contentUrl":"https:\/\/permbledhja.com\/wp-content\/uploads\/2026\/01\/452004717_1040944174702970_8932037511805513407_n-96x96.jpg","caption":"P\u00ebrmbledhja"},"sameAs":["https:\/\/www.facebook.com\/kafexhiu.muharrem\/","https:\/\/www.instagram.com\/muharrem_kafexhiu\/"],"url":"https:\/\/permbledhja.com\/sq\/author\/admin\/"}]}},"_links":{"self":[{"href":"https:\/\/permbledhja.com\/sq\/wp-json\/wp\/v2\/posts\/13623"}],"collection":[{"href":"https:\/\/permbledhja.com\/sq\/wp-json\/wp\/v2\/posts"}],"about":[{"href":"https:\/\/permbledhja.com\/sq\/wp-json\/wp\/v2\/types\/post"}],"author":[{"embeddable":true,"href":"https:\/\/permbledhja.com\/sq\/wp-json\/wp\/v2\/users\/1"}],"replies":[{"embeddable":true,"href":"https:\/\/permbledhja.com\/sq\/wp-json\/wp\/v2\/comments?post=13623"}],"version-history":[{"count":2,"href":"https:\/\/permbledhja.com\/sq\/wp-json\/wp\/v2\/posts\/13623\/revisions"}],"predecessor-version":[{"id":13628,"href":"https:\/\/permbledhja.com\/sq\/wp-json\/wp\/v2\/posts\/13623\/revisions\/13628"}],"wp:featuredmedia":[{"embeddable":true,"href":"https:\/\/permbledhja.com\/sq\/wp-json\/wp\/v2\/media\/13039"}],"wp:attachment":[{"href":"https:\/\/permbledhja.com\/sq\/wp-json\/wp\/v2\/media?parent=13623"}],"wp:term":[{"taxonomy":"category","embeddable":true,"href":"https:\/\/permbledhja.com\/sq\/wp-json\/wp\/v2\/categories?post=13623"},{"taxonomy":"post_tag","embeddable":true,"href":"https:\/\/permbledhja.com\/sq\/wp-json\/wp\/v2\/tags?post=13623"}],"curies":[{"name":"wp","href":"https:\/\/api.w.org\/{rel}","templated":true}]}}