{"id":13581,"date":"2023-04-06T08:46:13","date_gmt":"2023-04-06T08:46:13","guid":{"rendered":"https:\/\/permbledhja.com\/?p=13581"},"modified":"2023-04-06T08:46:13","modified_gmt":"2023-04-06T08:46:13","slug":"bislimi-do-te-kete-pese-kritere-per-statutin-e-asociacionit-ka-dakordim-te-plote-ne-bruksel","status":"publish","type":"post","link":"https:\/\/permbledhja.com\/sq\/bislimi-do-te-kete-pese-kritere-per-statutin-e-asociacionit-ka-dakordim-te-plote-ne-bruksel\/","title":{"rendered":"Bislimi: Do t\u00eb ket\u00eb pes\u00eb kritere p\u00ebr statutin e Asociacionit, ka dakordim t\u00eb plot\u00eb n\u00eb Bruksel"},"content":{"rendered":"<p><strong>Z\u00ebvend\u00ebskryeministri i Kosov\u00ebs, Besnik Bislimi, tha se ka nj\u00eb pajtim t\u00eb plot\u00eb n\u00eb Bruksel q\u00eb do t\u00eb jen\u00eb pes\u00eb kritere p\u00ebrmes t\u00eb cilave do t\u00eb shihet se a \u00ebsht\u00eb i pranuesh\u00ebm si baz\u00eb p\u00ebr diskutim drafti i statutit q\u00eb propozohet nga ekipi menaxhues p\u00ebr formimin e Asociacionit t\u00eb komunave me shumic\u00eb serbe.<\/strong><\/p>\n<p>\u201cE para, a parasheh ky draft nj\u00eb shtres\u00eb t\u00eb re t\u00eb qeverisjes, e n\u00ebse e parasheh nuk konsiderohet i pranuesh\u00ebm p\u00ebr diskutim t\u00eb m\u00ebtejm\u00eb. E dyta, a parasheh t\u00eb drejta kolektive, n\u00ebse po, e merr epitetin e nj\u00eb drafti t\u00eb papranuesh\u00ebm\u201d, tha ai n\u00eb raportimin para Komisionit p\u00ebr Pun\u00eb t\u00eb Jashtme t\u00eb Kuvendit t\u00eb Kosov\u00ebs.<\/p>\n<p>Bislimi p\u00ebrmendi gjithashtu edhe tri kriteret tjera.<\/p>\n<p>\u201cN\u00eb \u00e7\u2019mas\u00eb \u00ebsht\u00eb [drafti i statutin] n\u00eb harmoni n\u00eb marr\u00ebveshjet e 2013 dhe 2015 [p\u00ebr Asociacionin]\u201d. Vendimin e Gjykat\u00ebs Kushtetuese t\u00eb vitit 2015 [p\u00ebr Asociacionin]. Si dhe, n\u00eb \u00e7\u2019mas\u00eb \u00ebsht\u00eb n\u00eb harmoni me letr\u00ebn q\u00eb [ish-P\u00ebrfaq\u00ebsuesja e Lart\u00eb, Federica] Mogherini, i ka d\u00ebrguar Qeveris\u00eb se \u00e7far\u00eb kompetenca mund t\u00eb ket\u00eb Asociacioni\u201d, tha ai.<\/p>\n<p>Z\u00ebvend\u00ebskryeministri i Kosov\u00ebs tha se k\u00ebto \u201cjan\u00eb pes\u00eb siguresa t\u00eb mjaftueshme q\u00eb tregon se ky mekaniz\u00ebm apo ky lloj i vet\u00ebmenaxhimi nuk ka asgj\u00eb nga ajo q\u00eb ne e kemi quajtur Zajednica [Asociacioni]\u201d.<\/p>\n<p>Kosova dhe Serbia kan\u00eb arritur marr\u00ebveshje p\u00ebr Asociacionin m\u00eb 2013 dhe m\u00eb pas m\u00eb 2015 mbi parimet p\u00ebr themelimin e tij.<\/p>\n<p>Po m\u00eb 2015, Gjykata Kushtetuese e Kosov\u00ebs ka gjetur se marr\u00ebveshja nuk \u00ebsht\u00eb n\u00eb harmoni t\u00eb plot\u00eb me Kushtetut\u00ebn. Por, kjo gjykat\u00eb ka th\u00ebn\u00eb se ky asociacion mund t\u00eb formohet n\u00ebse parimet q\u00eb nuk jan\u00eb n\u00eb harmonizim me Kushtetut\u00ebn, harmonizohen.<\/p>\n","protected":false},"excerpt":{"rendered":"<p>Z\u00ebvend\u00ebskryeministri i Kosov\u00ebs, Besnik Bislimi, tha se ka nj\u00eb pajtim t\u00eb plot\u00eb n\u00eb Bruksel q\u00eb do t\u00eb jen\u00eb pes\u00eb kritere p\u00ebrmes t\u00eb cilave do t\u00eb shihet se a \u00ebsht\u00eb i pranuesh\u00ebm si baz\u00eb p\u00ebr diskutim drafti i statutit q\u00eb propozohet nga ekipi menaxhues p\u00ebr formimin e Asociacionit t\u00eb komunave me shumic\u00eb serbe. \u201cE para, a [&hellip;]<\/p>\n","protected":false},"author":1,"featured_media":8647,"comment_status":"closed","ping_status":"closed","sticky":false,"template":"","format":"standard","meta":{"_monsterinsights_skip_tracking":false,"_monsterinsights_sitenote_active":false,"_monsterinsights_sitenote_note":"","_monsterinsights_sitenote_category":0,"_uf_show_specific_survey":0,"_uf_disable_surveys":false,"footnotes":""},"categories":[23,15],"tags":[1004],"yoast_head":"<!-- This site is optimized with the Yoast SEO plugin v21.5 - https:\/\/yoast.com\/wordpress\/plugins\/seo\/ -->\n<title>Bislimi: Do t\u00eb ket\u00eb pes\u00eb kritere p\u00ebr statutin e Asociacionit, ka dakordim t\u00eb plot\u00eb n\u00eb Bruksel<\/title>\n<meta name=\"robots\" content=\"index, follow, max-snippet:-1, max-image-preview:large, max-video-preview:-1\" \/>\n<link rel=\"canonical\" href=\"https:\/\/permbledhja.com\/sq\/bislimi-do-te-kete-pese-kritere-per-statutin-e-asociacionit-ka-dakordim-te-plote-ne-bruksel\/\" \/>\n<meta property=\"og:locale\" content=\"sq_AL\" \/>\n<meta property=\"og:type\" content=\"article\" \/>\n<meta property=\"og:title\" content=\"Bislimi: Do t\u00eb ket\u00eb pes\u00eb kritere p\u00ebr statutin e Asociacionit, ka dakordim t\u00eb plot\u00eb n\u00eb Bruksel\" \/>\n<meta property=\"og:description\" content=\"Z\u00ebvend\u00ebskryeministri i Kosov\u00ebs, Besnik Bislimi, tha se ka nj\u00eb pajtim t\u00eb plot\u00eb n\u00eb Bruksel q\u00eb do t\u00eb jen\u00eb pes\u00eb kritere p\u00ebrmes t\u00eb cilave do t\u00eb shihet se a \u00ebsht\u00eb i pranuesh\u00ebm si baz\u00eb p\u00ebr diskutim drafti i statutit q\u00eb propozohet nga ekipi menaxhues p\u00ebr formimin e Asociacionit t\u00eb komunave me shumic\u00eb serbe. \u201cE para, a [&hellip;]\" \/>\n<meta property=\"og:url\" content=\"https:\/\/permbledhja.com\/sq\/bislimi-do-te-kete-pese-kritere-per-statutin-e-asociacionit-ka-dakordim-te-plote-ne-bruksel\/\" \/>\n<meta property=\"og:site_name\" content=\"Ve\u00e7 artikuj p\u00ebrmbledh\u00ebs\" \/>\n<meta property=\"article:publisher\" content=\"https:\/\/www.facebook.com\/press07\/\" \/>\n<meta property=\"article:author\" content=\"https:\/\/www.facebook.com\/kafexhiu.muharrem\/\" \/>\n<meta property=\"article:published_time\" content=\"2023-04-06T08:46:13+00:00\" \/>\n<meta property=\"og:image\" content=\"https:\/\/permbledhja.com\/wp-content\/uploads\/2022\/10\/Besnik-Bislimi.jpg\" \/>\n\t<meta property=\"og:image:width\" content=\"600\" \/>\n\t<meta property=\"og:image:height\" content=\"360\" \/>\n\t<meta property=\"og:image:type\" content=\"image\/jpeg\" \/>\n<meta name=\"author\" content=\"P\u00ebrmbledhja\" \/>\n<meta name=\"twitter:card\" content=\"summary_large_image\" \/>\n<meta name=\"twitter:label1\" content=\"Written by\" \/>\n\t<meta name=\"twitter:data1\" content=\"P\u00ebrmbledhja\" \/>\n\t<meta name=\"twitter:label2\" content=\"Est. reading time\" \/>\n\t<meta name=\"twitter:data2\" content=\"1 minut\u00eb\" \/>\n<script type=\"application\/ld+json\" class=\"yoast-schema-graph\">{\"@context\":\"https:\/\/schema.org\",\"@graph\":[{\"@type\":\"Article\",\"@id\":\"https:\/\/permbledhja.com\/sq\/bislimi-do-te-kete-pese-kritere-per-statutin-e-asociacionit-ka-dakordim-te-plote-ne-bruksel\/#article\",\"isPartOf\":{\"@id\":\"https:\/\/permbledhja.com\/sq\/bislimi-do-te-kete-pese-kritere-per-statutin-e-asociacionit-ka-dakordim-te-plote-ne-bruksel\/\"},\"author\":{\"name\":\"P\u00ebrmbledhja\",\"@id\":\"https:\/\/permbledhja.com\/#\/schema\/person\/0d064377258d3221e50693947b9eb4fe\"},\"headline\":\"Bislimi: Do t\u00eb ket\u00eb pes\u00eb kritere p\u00ebr statutin e Asociacionit, ka dakordim t\u00eb plot\u00eb n\u00eb Bruksel\",\"datePublished\":\"2023-04-06T08:46:13+00:00\",\"dateModified\":\"2023-04-06T08:46:13+00:00\",\"mainEntityOfPage\":{\"@id\":\"https:\/\/permbledhja.com\/sq\/bislimi-do-te-kete-pese-kritere-per-statutin-e-asociacionit-ka-dakordim-te-plote-ne-bruksel\/\"},\"wordCount\":311,\"publisher\":{\"@id\":\"https:\/\/permbledhja.com\/#organization\"},\"keywords\":[\"Besnik Bislimi\"],\"articleSection\":[\"Komb\u00ebtare\",\"Lajme\"],\"inLanguage\":\"sq\"},{\"@type\":\"WebPage\",\"@id\":\"https:\/\/permbledhja.com\/sq\/bislimi-do-te-kete-pese-kritere-per-statutin-e-asociacionit-ka-dakordim-te-plote-ne-bruksel\/\",\"url\":\"https:\/\/permbledhja.com\/sq\/bislimi-do-te-kete-pese-kritere-per-statutin-e-asociacionit-ka-dakordim-te-plote-ne-bruksel\/\",\"name\":\"Bislimi: Do t\u00eb ket\u00eb pes\u00eb kritere p\u00ebr statutin e Asociacionit, ka dakordim t\u00eb plot\u00eb n\u00eb Bruksel\",\"isPartOf\":{\"@id\":\"https:\/\/permbledhja.com\/#website\"},\"datePublished\":\"2023-04-06T08:46:13+00:00\",\"dateModified\":\"2023-04-06T08:46:13+00:00\",\"breadcrumb\":{\"@id\":\"https:\/\/permbledhja.com\/sq\/bislimi-do-te-kete-pese-kritere-per-statutin-e-asociacionit-ka-dakordim-te-plote-ne-bruksel\/#breadcrumb\"},\"inLanguage\":\"sq\",\"potentialAction\":[{\"@type\":\"ReadAction\",\"target\":[\"https:\/\/permbledhja.com\/sq\/bislimi-do-te-kete-pese-kritere-per-statutin-e-asociacionit-ka-dakordim-te-plote-ne-bruksel\/\"]}]},{\"@type\":\"BreadcrumbList\",\"@id\":\"https:\/\/permbledhja.com\/sq\/bislimi-do-te-kete-pese-kritere-per-statutin-e-asociacionit-ka-dakordim-te-plote-ne-bruksel\/#breadcrumb\",\"itemListElement\":[{\"@type\":\"ListItem\",\"position\":1,\"name\":\"Ballina\",\"item\":\"https:\/\/permbledhja.com\/sq\/\"},{\"@type\":\"ListItem\",\"position\":2,\"name\":\"Bislimi: Do t\u00eb ket\u00eb pes\u00eb kritere p\u00ebr statutin e Asociacionit, ka dakordim t\u00eb plot\u00eb n\u00eb Bruksel\"}]},{\"@type\":\"WebSite\",\"@id\":\"https:\/\/permbledhja.com\/#website\",\"url\":\"https:\/\/permbledhja.com\/\",\"name\":\"Ve\u00e7 artikuj p\u00ebrmbledh\u00ebs\",\"description\":\"\",\"publisher\":{\"@id\":\"https:\/\/permbledhja.com\/#organization\"},\"potentialAction\":[{\"@type\":\"SearchAction\",\"target\":{\"@type\":\"EntryPoint\",\"urlTemplate\":\"https:\/\/permbledhja.com\/?s={search_term_string}\"},\"query-input\":\"required name=search_term_string\"}],\"inLanguage\":\"sq\"},{\"@type\":\"Organization\",\"@id\":\"https:\/\/permbledhja.com\/#organization\",\"name\":\"MK Media & Pr\",\"url\":\"https:\/\/permbledhja.com\/\",\"logo\":{\"@type\":\"ImageObject\",\"inLanguage\":\"sq\",\"@id\":\"https:\/\/permbledhja.com\/#\/schema\/logo\/image\/\",\"url\":\"https:\/\/permbledhja.com\/wp-content\/uploads\/2021\/12\/07-Press-Logo.jpg\",\"contentUrl\":\"https:\/\/permbledhja.com\/wp-content\/uploads\/2021\/12\/07-Press-Logo.jpg\",\"width\":512,\"height\":512,\"caption\":\"MK Media & Pr\"},\"image\":{\"@id\":\"https:\/\/permbledhja.com\/#\/schema\/logo\/image\/\"},\"sameAs\":[\"https:\/\/www.facebook.com\/press07\/\"]},{\"@type\":\"Person\",\"@id\":\"https:\/\/permbledhja.com\/#\/schema\/person\/0d064377258d3221e50693947b9eb4fe\",\"name\":\"P\u00ebrmbledhja\",\"image\":{\"@type\":\"ImageObject\",\"inLanguage\":\"sq\",\"@id\":\"https:\/\/permbledhja.com\/#\/schema\/person\/image\/\",\"url\":\"https:\/\/permbledhja.com\/wp-content\/uploads\/2026\/01\/452004717_1040944174702970_8932037511805513407_n-96x96.jpg\",\"contentUrl\":\"https:\/\/permbledhja.com\/wp-content\/uploads\/2026\/01\/452004717_1040944174702970_8932037511805513407_n-96x96.jpg\",\"caption\":\"P\u00ebrmbledhja\"},\"sameAs\":[\"https:\/\/www.facebook.com\/kafexhiu.muharrem\/\",\"https:\/\/www.instagram.com\/muharrem_kafexhiu\/\"],\"url\":\"https:\/\/permbledhja.com\/sq\/author\/admin\/\"}]}<\/script>\n<!-- \/ Yoast SEO plugin. -->","yoast_head_json":{"title":"Bislimi: Do t\u00eb ket\u00eb pes\u00eb kritere p\u00ebr statutin e Asociacionit, ka dakordim t\u00eb plot\u00eb n\u00eb Bruksel","robots":{"index":"index","follow":"follow","max-snippet":"max-snippet:-1","max-image-preview":"max-image-preview:large","max-video-preview":"max-video-preview:-1"},"canonical":"https:\/\/permbledhja.com\/sq\/bislimi-do-te-kete-pese-kritere-per-statutin-e-asociacionit-ka-dakordim-te-plote-ne-bruksel\/","og_locale":"sq_AL","og_type":"article","og_title":"Bislimi: Do t\u00eb ket\u00eb pes\u00eb kritere p\u00ebr statutin e Asociacionit, ka dakordim t\u00eb plot\u00eb n\u00eb Bruksel","og_description":"Z\u00ebvend\u00ebskryeministri i Kosov\u00ebs, Besnik Bislimi, tha se ka nj\u00eb pajtim t\u00eb plot\u00eb n\u00eb Bruksel q\u00eb do t\u00eb jen\u00eb pes\u00eb kritere p\u00ebrmes t\u00eb cilave do t\u00eb shihet se a \u00ebsht\u00eb i pranuesh\u00ebm si baz\u00eb p\u00ebr diskutim drafti i statutit q\u00eb propozohet nga ekipi menaxhues p\u00ebr formimin e Asociacionit t\u00eb komunave me shumic\u00eb serbe. \u201cE para, a [&hellip;]","og_url":"https:\/\/permbledhja.com\/sq\/bislimi-do-te-kete-pese-kritere-per-statutin-e-asociacionit-ka-dakordim-te-plote-ne-bruksel\/","og_site_name":"Ve\u00e7 artikuj p\u00ebrmbledh\u00ebs","article_publisher":"https:\/\/www.facebook.com\/press07\/","article_author":"https:\/\/www.facebook.com\/kafexhiu.muharrem\/","article_published_time":"2023-04-06T08:46:13+00:00","og_image":[{"width":600,"height":360,"url":"https:\/\/permbledhja.com\/wp-content\/uploads\/2022\/10\/Besnik-Bislimi.jpg","type":"image\/jpeg"}],"author":"P\u00ebrmbledhja","twitter_card":"summary_large_image","twitter_misc":{"Written by":"P\u00ebrmbledhja","Est. reading time":"1 minut\u00eb"},"schema":{"@context":"https:\/\/schema.org","@graph":[{"@type":"Article","@id":"https:\/\/permbledhja.com\/sq\/bislimi-do-te-kete-pese-kritere-per-statutin-e-asociacionit-ka-dakordim-te-plote-ne-bruksel\/#article","isPartOf":{"@id":"https:\/\/permbledhja.com\/sq\/bislimi-do-te-kete-pese-kritere-per-statutin-e-asociacionit-ka-dakordim-te-plote-ne-bruksel\/"},"author":{"name":"P\u00ebrmbledhja","@id":"https:\/\/permbledhja.com\/#\/schema\/person\/0d064377258d3221e50693947b9eb4fe"},"headline":"Bislimi: Do t\u00eb ket\u00eb pes\u00eb kritere p\u00ebr statutin e Asociacionit, ka dakordim t\u00eb plot\u00eb n\u00eb Bruksel","datePublished":"2023-04-06T08:46:13+00:00","dateModified":"2023-04-06T08:46:13+00:00","mainEntityOfPage":{"@id":"https:\/\/permbledhja.com\/sq\/bislimi-do-te-kete-pese-kritere-per-statutin-e-asociacionit-ka-dakordim-te-plote-ne-bruksel\/"},"wordCount":311,"publisher":{"@id":"https:\/\/permbledhja.com\/#organization"},"keywords":["Besnik Bislimi"],"articleSection":["Komb\u00ebtare","Lajme"],"inLanguage":"sq"},{"@type":"WebPage","@id":"https:\/\/permbledhja.com\/sq\/bislimi-do-te-kete-pese-kritere-per-statutin-e-asociacionit-ka-dakordim-te-plote-ne-bruksel\/","url":"https:\/\/permbledhja.com\/sq\/bislimi-do-te-kete-pese-kritere-per-statutin-e-asociacionit-ka-dakordim-te-plote-ne-bruksel\/","name":"Bislimi: Do t\u00eb ket\u00eb pes\u00eb kritere p\u00ebr statutin e Asociacionit, ka dakordim t\u00eb plot\u00eb n\u00eb Bruksel","isPartOf":{"@id":"https:\/\/permbledhja.com\/#website"},"datePublished":"2023-04-06T08:46:13+00:00","dateModified":"2023-04-06T08:46:13+00:00","breadcrumb":{"@id":"https:\/\/permbledhja.com\/sq\/bislimi-do-te-kete-pese-kritere-per-statutin-e-asociacionit-ka-dakordim-te-plote-ne-bruksel\/#breadcrumb"},"inLanguage":"sq","potentialAction":[{"@type":"ReadAction","target":["https:\/\/permbledhja.com\/sq\/bislimi-do-te-kete-pese-kritere-per-statutin-e-asociacionit-ka-dakordim-te-plote-ne-bruksel\/"]}]},{"@type":"BreadcrumbList","@id":"https:\/\/permbledhja.com\/sq\/bislimi-do-te-kete-pese-kritere-per-statutin-e-asociacionit-ka-dakordim-te-plote-ne-bruksel\/#breadcrumb","itemListElement":[{"@type":"ListItem","position":1,"name":"Ballina","item":"https:\/\/permbledhja.com\/sq\/"},{"@type":"ListItem","position":2,"name":"Bislimi: Do t\u00eb ket\u00eb pes\u00eb kritere p\u00ebr statutin e Asociacionit, ka dakordim t\u00eb plot\u00eb n\u00eb Bruksel"}]},{"@type":"WebSite","@id":"https:\/\/permbledhja.com\/#website","url":"https:\/\/permbledhja.com\/","name":"Ve\u00e7 artikuj p\u00ebrmbledh\u00ebs","description":"","publisher":{"@id":"https:\/\/permbledhja.com\/#organization"},"potentialAction":[{"@type":"SearchAction","target":{"@type":"EntryPoint","urlTemplate":"https:\/\/permbledhja.com\/?s={search_term_string}"},"query-input":"required name=search_term_string"}],"inLanguage":"sq"},{"@type":"Organization","@id":"https:\/\/permbledhja.com\/#organization","name":"MK Media & Pr","url":"https:\/\/permbledhja.com\/","logo":{"@type":"ImageObject","inLanguage":"sq","@id":"https:\/\/permbledhja.com\/#\/schema\/logo\/image\/","url":"https:\/\/permbledhja.com\/wp-content\/uploads\/2021\/12\/07-Press-Logo.jpg","contentUrl":"https:\/\/permbledhja.com\/wp-content\/uploads\/2021\/12\/07-Press-Logo.jpg","width":512,"height":512,"caption":"MK Media & Pr"},"image":{"@id":"https:\/\/permbledhja.com\/#\/schema\/logo\/image\/"},"sameAs":["https:\/\/www.facebook.com\/press07\/"]},{"@type":"Person","@id":"https:\/\/permbledhja.com\/#\/schema\/person\/0d064377258d3221e50693947b9eb4fe","name":"P\u00ebrmbledhja","image":{"@type":"ImageObject","inLanguage":"sq","@id":"https:\/\/permbledhja.com\/#\/schema\/person\/image\/","url":"https:\/\/permbledhja.com\/wp-content\/uploads\/2026\/01\/452004717_1040944174702970_8932037511805513407_n-96x96.jpg","contentUrl":"https:\/\/permbledhja.com\/wp-content\/uploads\/2026\/01\/452004717_1040944174702970_8932037511805513407_n-96x96.jpg","caption":"P\u00ebrmbledhja"},"sameAs":["https:\/\/www.facebook.com\/kafexhiu.muharrem\/","https:\/\/www.instagram.com\/muharrem_kafexhiu\/"],"url":"https:\/\/permbledhja.com\/sq\/author\/admin\/"}]}},"_links":{"self":[{"href":"https:\/\/permbledhja.com\/sq\/wp-json\/wp\/v2\/posts\/13581"}],"collection":[{"href":"https:\/\/permbledhja.com\/sq\/wp-json\/wp\/v2\/posts"}],"about":[{"href":"https:\/\/permbledhja.com\/sq\/wp-json\/wp\/v2\/types\/post"}],"author":[{"embeddable":true,"href":"https:\/\/permbledhja.com\/sq\/wp-json\/wp\/v2\/users\/1"}],"replies":[{"embeddable":true,"href":"https:\/\/permbledhja.com\/sq\/wp-json\/wp\/v2\/comments?post=13581"}],"version-history":[{"count":1,"href":"https:\/\/permbledhja.com\/sq\/wp-json\/wp\/v2\/posts\/13581\/revisions"}],"predecessor-version":[{"id":13582,"href":"https:\/\/permbledhja.com\/sq\/wp-json\/wp\/v2\/posts\/13581\/revisions\/13582"}],"wp:featuredmedia":[{"embeddable":true,"href":"https:\/\/permbledhja.com\/sq\/wp-json\/wp\/v2\/media\/8647"}],"wp:attachment":[{"href":"https:\/\/permbledhja.com\/sq\/wp-json\/wp\/v2\/media?parent=13581"}],"wp:term":[{"taxonomy":"category","embeddable":true,"href":"https:\/\/permbledhja.com\/sq\/wp-json\/wp\/v2\/categories?post=13581"},{"taxonomy":"post_tag","embeddable":true,"href":"https:\/\/permbledhja.com\/sq\/wp-json\/wp\/v2\/tags?post=13581"}],"curies":[{"name":"wp","href":"https:\/\/api.w.org\/{rel}","templated":true}]}}