{"id":13579,"date":"2023-04-06T08:45:15","date_gmt":"2023-04-06T08:45:15","guid":{"rendered":"https:\/\/permbledhja.com\/?p=13579"},"modified":"2023-04-06T08:45:15","modified_gmt":"2023-04-06T08:45:15","slug":"kurti-termi-i-marreveshjes-se-4-prillit-eshte-viktimat-e-zhdukura-me-dhune","status":"publish","type":"post","link":"https:\/\/permbledhja.com\/sq\/kurti-termi-i-marreveshjes-se-4-prillit-eshte-viktimat-e-zhdukura-me-dhune\/","title":{"rendered":"Kurti: Termi i marr\u00ebveshjes s\u00eb 4 prillit \u00ebsht\u00eb \u201cviktimat e zhdukura me dhun\u00eb\u201d"},"content":{"rendered":"<p><strong>Kryeministri i vendit, Albin Kurti, ka th\u00ebn\u00eb se termi i p\u00ebrdorur n\u00eb marr\u00ebveshjen e fundit n\u00eb Bruksel mes z\u00ebvend\u00ebskryeministrit Besnik Bislimi dhe Petar Petkoviqit \u00ebsht\u00eb \u201cviktimat e zhdukura me dhun\u00eb\u201d.<\/strong><\/p>\n<p>Kurti tha se ai \u00ebsht\u00eb termi i cili \u00ebsht\u00eb dakorduar dhe ndodhet n\u00eb p\u00ebrmbajtjen e marr\u00ebveshjes.<\/p>\n<p><em>\u201cPra, edhe at\u00ebher\u00eb kur do t\u00eb thuhet \u201cpersonat e pagjetur\u201d \u201ct\u00eb zhdukur\u201d, \u201cq\u00eb mungojn\u00eb\u201d<\/em>, gjithmon\u00eb b\u00ebhet fjal\u00eb p\u00ebr t\u00eb zhdukurit me dhun\u00eb\u201d, \u00ebsht\u00eb shprehur Kurti.<\/p>\n<p>Tutje, kreu i qeveris\u00eb tha se bashk\u00eb me Bislimin do t\u00eb analizojn\u00eb rezultatin e takimi m\u00eb 4 prill, teksa b\u00ebri t\u00eb ditur se p\u00ebr k\u00ebt\u00eb muaj ai \u00ebsht\u00eb i gatsh\u00ebm p\u00ebr takim me presidentin e Serbis\u00eb, Aleksandar Vu\u00e7iq.<\/p>\n<p><em>\u201cMir\u00ebpo, edhe nj\u00eb her\u00eb po e theksoj, duhet t\u00eb zbatohet e gjith\u00eb marr\u00ebveshja dhe n\u00eb kuad\u00ebr t\u00eb marr\u00ebveshjes kemi nj\u00eb nen, i 10-it, i cili \u00ebsht\u00eb p\u00ebr zbatimin e marr\u00ebveshjeve t\u00eb m\u00ebhershme\u201d.<\/em><\/p>\n<p><em>\u201cPor, si nj\u00eb \u00e7\u00ebshtje urgjente n\u00eb aneksin e zbatimit q\u00eb u dakordua n\u00eb Oh\u00ebr \u00ebsht\u00eb pik\u00ebrisht \u00e7\u00ebshtja e t\u00eb pagjeturve nga lufta, p\u00ebrkat\u00ebsisht t\u00eb zhdukurve me dhun\u00eb\u201d<\/em>, \u00ebsht\u00eb shprehur Kurti.<\/p>\n","protected":false},"excerpt":{"rendered":"<p>Kryeministri i vendit, Albin Kurti, ka th\u00ebn\u00eb se termi i p\u00ebrdorur n\u00eb marr\u00ebveshjen e fundit n\u00eb Bruksel mes z\u00ebvend\u00ebskryeministrit Besnik Bislimi dhe Petar Petkoviqit \u00ebsht\u00eb \u201cviktimat e zhdukura me dhun\u00eb\u201d. Kurti tha se ai \u00ebsht\u00eb termi i cili \u00ebsht\u00eb dakorduar dhe ndodhet n\u00eb p\u00ebrmbajtjen e marr\u00ebveshjes. \u201cPra, edhe at\u00ebher\u00eb kur do t\u00eb thuhet \u201cpersonat e [&hellip;]<\/p>\n","protected":false},"author":1,"featured_media":13141,"comment_status":"closed","ping_status":"closed","sticky":false,"template":"","format":"standard","meta":{"_monsterinsights_skip_tracking":false,"_monsterinsights_sitenote_active":false,"_monsterinsights_sitenote_note":"","_monsterinsights_sitenote_category":0,"_uf_show_specific_survey":0,"_uf_disable_surveys":false,"footnotes":""},"categories":[1146],"tags":[86],"yoast_head":"<!-- This site is optimized with the Yoast SEO plugin v21.5 - https:\/\/yoast.com\/wordpress\/plugins\/seo\/ -->\n<title>Kurti: Termi i marr\u00ebveshjes s\u00eb 4 prillit \u00ebsht\u00eb \u201cviktimat e zhdukura me dhun\u00eb\u201d<\/title>\n<meta name=\"robots\" content=\"index, follow, max-snippet:-1, max-image-preview:large, max-video-preview:-1\" \/>\n<link rel=\"canonical\" href=\"https:\/\/permbledhja.com\/sq\/kurti-termi-i-marreveshjes-se-4-prillit-eshte-viktimat-e-zhdukura-me-dhune\/\" \/>\n<meta property=\"og:locale\" content=\"sq_AL\" \/>\n<meta property=\"og:type\" content=\"article\" \/>\n<meta property=\"og:title\" content=\"Kurti: Termi i marr\u00ebveshjes s\u00eb 4 prillit \u00ebsht\u00eb \u201cviktimat e zhdukura me dhun\u00eb\u201d\" \/>\n<meta property=\"og:description\" content=\"Kryeministri i vendit, Albin Kurti, ka th\u00ebn\u00eb se termi i p\u00ebrdorur n\u00eb marr\u00ebveshjen e fundit n\u00eb Bruksel mes z\u00ebvend\u00ebskryeministrit Besnik Bislimi dhe Petar Petkoviqit \u00ebsht\u00eb \u201cviktimat e zhdukura me dhun\u00eb\u201d. Kurti tha se ai \u00ebsht\u00eb termi i cili \u00ebsht\u00eb dakorduar dhe ndodhet n\u00eb p\u00ebrmbajtjen e marr\u00ebveshjes. \u201cPra, edhe at\u00ebher\u00eb kur do t\u00eb thuhet \u201cpersonat e [&hellip;]\" \/>\n<meta property=\"og:url\" content=\"https:\/\/permbledhja.com\/sq\/kurti-termi-i-marreveshjes-se-4-prillit-eshte-viktimat-e-zhdukura-me-dhune\/\" \/>\n<meta property=\"og:site_name\" content=\"Ve\u00e7 artikuj p\u00ebrmbledh\u00ebs\" \/>\n<meta property=\"article:publisher\" content=\"https:\/\/www.facebook.com\/press07\/\" \/>\n<meta property=\"article:author\" content=\"https:\/\/www.facebook.com\/kafexhiu.muharrem\/\" \/>\n<meta property=\"article:published_time\" content=\"2023-04-06T08:45:15+00:00\" \/>\n<meta property=\"og:image\" content=\"https:\/\/permbledhja.com\/wp-content\/uploads\/2023\/03\/kurtii.jpg\" \/>\n\t<meta property=\"og:image:width\" content=\"599\" \/>\n\t<meta property=\"og:image:height\" content=\"381\" \/>\n\t<meta property=\"og:image:type\" content=\"image\/jpeg\" \/>\n<meta name=\"author\" content=\"P\u00ebrmbledhja\" \/>\n<meta name=\"twitter:card\" content=\"summary_large_image\" \/>\n<meta name=\"twitter:label1\" content=\"Written by\" \/>\n\t<meta name=\"twitter:data1\" content=\"P\u00ebrmbledhja\" \/>\n\t<meta name=\"twitter:label2\" content=\"Est. reading time\" \/>\n\t<meta name=\"twitter:data2\" content=\"1 minut\u00eb\" \/>\n<script type=\"application\/ld+json\" class=\"yoast-schema-graph\">{\"@context\":\"https:\/\/schema.org\",\"@graph\":[{\"@type\":\"Article\",\"@id\":\"https:\/\/permbledhja.com\/kurti-termi-i-marreveshjes-se-4-prillit-eshte-viktimat-e-zhdukura-me-dhune\/#article\",\"isPartOf\":{\"@id\":\"https:\/\/permbledhja.com\/kurti-termi-i-marreveshjes-se-4-prillit-eshte-viktimat-e-zhdukura-me-dhune\/\"},\"author\":{\"name\":\"P\u00ebrmbledhja\",\"@id\":\"https:\/\/permbledhja.com\/#\/schema\/person\/0d064377258d3221e50693947b9eb4fe\"},\"headline\":\"Kurti: Termi i marr\u00ebveshjes s\u00eb 4 prillit \u00ebsht\u00eb \u201cviktimat e zhdukura me dhun\u00eb\u201d\",\"datePublished\":\"2023-04-06T08:45:15+00:00\",\"dateModified\":\"2023-04-06T08:45:15+00:00\",\"mainEntityOfPage\":{\"@id\":\"https:\/\/permbledhja.com\/kurti-termi-i-marreveshjes-se-4-prillit-eshte-viktimat-e-zhdukura-me-dhune\/\"},\"wordCount\":210,\"publisher\":{\"@id\":\"https:\/\/permbledhja.com\/#organization\"},\"keywords\":[\"Albin Kurti\"],\"articleSection\":[\"Kryesoret\"],\"inLanguage\":\"sq\"},{\"@type\":\"WebPage\",\"@id\":\"https:\/\/permbledhja.com\/kurti-termi-i-marreveshjes-se-4-prillit-eshte-viktimat-e-zhdukura-me-dhune\/\",\"url\":\"https:\/\/permbledhja.com\/kurti-termi-i-marreveshjes-se-4-prillit-eshte-viktimat-e-zhdukura-me-dhune\/\",\"name\":\"Kurti: Termi i marr\u00ebveshjes s\u00eb 4 prillit \u00ebsht\u00eb \u201cviktimat e zhdukura me dhun\u00eb\u201d\",\"isPartOf\":{\"@id\":\"https:\/\/permbledhja.com\/#website\"},\"datePublished\":\"2023-04-06T08:45:15+00:00\",\"dateModified\":\"2023-04-06T08:45:15+00:00\",\"breadcrumb\":{\"@id\":\"https:\/\/permbledhja.com\/kurti-termi-i-marreveshjes-se-4-prillit-eshte-viktimat-e-zhdukura-me-dhune\/#breadcrumb\"},\"inLanguage\":\"sq\",\"potentialAction\":[{\"@type\":\"ReadAction\",\"target\":[\"https:\/\/permbledhja.com\/kurti-termi-i-marreveshjes-se-4-prillit-eshte-viktimat-e-zhdukura-me-dhune\/\"]}]},{\"@type\":\"BreadcrumbList\",\"@id\":\"https:\/\/permbledhja.com\/kurti-termi-i-marreveshjes-se-4-prillit-eshte-viktimat-e-zhdukura-me-dhune\/#breadcrumb\",\"itemListElement\":[{\"@type\":\"ListItem\",\"position\":1,\"name\":\"Ballina\",\"item\":\"https:\/\/permbledhja.com\/sq\/\"},{\"@type\":\"ListItem\",\"position\":2,\"name\":\"Kurti: Termi i marr\u00ebveshjes s\u00eb 4 prillit \u00ebsht\u00eb \u201cviktimat e zhdukura me dhun\u00eb\u201d\"}]},{\"@type\":\"WebSite\",\"@id\":\"https:\/\/permbledhja.com\/#website\",\"url\":\"https:\/\/permbledhja.com\/\",\"name\":\"Ve\u00e7 artikuj p\u00ebrmbledh\u00ebs\",\"description\":\"\",\"publisher\":{\"@id\":\"https:\/\/permbledhja.com\/#organization\"},\"potentialAction\":[{\"@type\":\"SearchAction\",\"target\":{\"@type\":\"EntryPoint\",\"urlTemplate\":\"https:\/\/permbledhja.com\/?s={search_term_string}\"},\"query-input\":\"required name=search_term_string\"}],\"inLanguage\":\"sq\"},{\"@type\":\"Organization\",\"@id\":\"https:\/\/permbledhja.com\/#organization\",\"name\":\"MK Media & Pr\",\"url\":\"https:\/\/permbledhja.com\/\",\"logo\":{\"@type\":\"ImageObject\",\"inLanguage\":\"sq\",\"@id\":\"https:\/\/permbledhja.com\/#\/schema\/logo\/image\/\",\"url\":\"https:\/\/permbledhja.com\/wp-content\/uploads\/2021\/12\/07-Press-Logo.jpg\",\"contentUrl\":\"https:\/\/permbledhja.com\/wp-content\/uploads\/2021\/12\/07-Press-Logo.jpg\",\"width\":512,\"height\":512,\"caption\":\"MK Media & Pr\"},\"image\":{\"@id\":\"https:\/\/permbledhja.com\/#\/schema\/logo\/image\/\"},\"sameAs\":[\"https:\/\/www.facebook.com\/press07\/\"]},{\"@type\":\"Person\",\"@id\":\"https:\/\/permbledhja.com\/#\/schema\/person\/0d064377258d3221e50693947b9eb4fe\",\"name\":\"P\u00ebrmbledhja\",\"image\":{\"@type\":\"ImageObject\",\"inLanguage\":\"sq\",\"@id\":\"https:\/\/permbledhja.com\/#\/schema\/person\/image\/\",\"url\":\"https:\/\/permbledhja.com\/wp-content\/uploads\/2026\/01\/452004717_1040944174702970_8932037511805513407_n-96x96.jpg\",\"contentUrl\":\"https:\/\/permbledhja.com\/wp-content\/uploads\/2026\/01\/452004717_1040944174702970_8932037511805513407_n-96x96.jpg\",\"caption\":\"P\u00ebrmbledhja\"},\"sameAs\":[\"https:\/\/www.facebook.com\/kafexhiu.muharrem\/\",\"https:\/\/www.instagram.com\/muharrem_kafexhiu\/\"],\"url\":\"https:\/\/permbledhja.com\/sq\/author\/admin\/\"}]}<\/script>\n<!-- \/ Yoast SEO plugin. -->","yoast_head_json":{"title":"Kurti: Termi i marr\u00ebveshjes s\u00eb 4 prillit \u00ebsht\u00eb \u201cviktimat e zhdukura me dhun\u00eb\u201d","robots":{"index":"index","follow":"follow","max-snippet":"max-snippet:-1","max-image-preview":"max-image-preview:large","max-video-preview":"max-video-preview:-1"},"canonical":"https:\/\/permbledhja.com\/sq\/kurti-termi-i-marreveshjes-se-4-prillit-eshte-viktimat-e-zhdukura-me-dhune\/","og_locale":"sq_AL","og_type":"article","og_title":"Kurti: Termi i marr\u00ebveshjes s\u00eb 4 prillit \u00ebsht\u00eb \u201cviktimat e zhdukura me dhun\u00eb\u201d","og_description":"Kryeministri i vendit, Albin Kurti, ka th\u00ebn\u00eb se termi i p\u00ebrdorur n\u00eb marr\u00ebveshjen e fundit n\u00eb Bruksel mes z\u00ebvend\u00ebskryeministrit Besnik Bislimi dhe Petar Petkoviqit \u00ebsht\u00eb \u201cviktimat e zhdukura me dhun\u00eb\u201d. Kurti tha se ai \u00ebsht\u00eb termi i cili \u00ebsht\u00eb dakorduar dhe ndodhet n\u00eb p\u00ebrmbajtjen e marr\u00ebveshjes. \u201cPra, edhe at\u00ebher\u00eb kur do t\u00eb thuhet \u201cpersonat e [&hellip;]","og_url":"https:\/\/permbledhja.com\/sq\/kurti-termi-i-marreveshjes-se-4-prillit-eshte-viktimat-e-zhdukura-me-dhune\/","og_site_name":"Ve\u00e7 artikuj p\u00ebrmbledh\u00ebs","article_publisher":"https:\/\/www.facebook.com\/press07\/","article_author":"https:\/\/www.facebook.com\/kafexhiu.muharrem\/","article_published_time":"2023-04-06T08:45:15+00:00","og_image":[{"width":599,"height":381,"url":"https:\/\/permbledhja.com\/wp-content\/uploads\/2023\/03\/kurtii.jpg","type":"image\/jpeg"}],"author":"P\u00ebrmbledhja","twitter_card":"summary_large_image","twitter_misc":{"Written by":"P\u00ebrmbledhja","Est. reading time":"1 minut\u00eb"},"schema":{"@context":"https:\/\/schema.org","@graph":[{"@type":"Article","@id":"https:\/\/permbledhja.com\/kurti-termi-i-marreveshjes-se-4-prillit-eshte-viktimat-e-zhdukura-me-dhune\/#article","isPartOf":{"@id":"https:\/\/permbledhja.com\/kurti-termi-i-marreveshjes-se-4-prillit-eshte-viktimat-e-zhdukura-me-dhune\/"},"author":{"name":"P\u00ebrmbledhja","@id":"https:\/\/permbledhja.com\/#\/schema\/person\/0d064377258d3221e50693947b9eb4fe"},"headline":"Kurti: Termi i marr\u00ebveshjes s\u00eb 4 prillit \u00ebsht\u00eb \u201cviktimat e zhdukura me dhun\u00eb\u201d","datePublished":"2023-04-06T08:45:15+00:00","dateModified":"2023-04-06T08:45:15+00:00","mainEntityOfPage":{"@id":"https:\/\/permbledhja.com\/kurti-termi-i-marreveshjes-se-4-prillit-eshte-viktimat-e-zhdukura-me-dhune\/"},"wordCount":210,"publisher":{"@id":"https:\/\/permbledhja.com\/#organization"},"keywords":["Albin Kurti"],"articleSection":["Kryesoret"],"inLanguage":"sq"},{"@type":"WebPage","@id":"https:\/\/permbledhja.com\/kurti-termi-i-marreveshjes-se-4-prillit-eshte-viktimat-e-zhdukura-me-dhune\/","url":"https:\/\/permbledhja.com\/kurti-termi-i-marreveshjes-se-4-prillit-eshte-viktimat-e-zhdukura-me-dhune\/","name":"Kurti: Termi i marr\u00ebveshjes s\u00eb 4 prillit \u00ebsht\u00eb \u201cviktimat e zhdukura me dhun\u00eb\u201d","isPartOf":{"@id":"https:\/\/permbledhja.com\/#website"},"datePublished":"2023-04-06T08:45:15+00:00","dateModified":"2023-04-06T08:45:15+00:00","breadcrumb":{"@id":"https:\/\/permbledhja.com\/kurti-termi-i-marreveshjes-se-4-prillit-eshte-viktimat-e-zhdukura-me-dhune\/#breadcrumb"},"inLanguage":"sq","potentialAction":[{"@type":"ReadAction","target":["https:\/\/permbledhja.com\/kurti-termi-i-marreveshjes-se-4-prillit-eshte-viktimat-e-zhdukura-me-dhune\/"]}]},{"@type":"BreadcrumbList","@id":"https:\/\/permbledhja.com\/kurti-termi-i-marreveshjes-se-4-prillit-eshte-viktimat-e-zhdukura-me-dhune\/#breadcrumb","itemListElement":[{"@type":"ListItem","position":1,"name":"Ballina","item":"https:\/\/permbledhja.com\/sq\/"},{"@type":"ListItem","position":2,"name":"Kurti: Termi i marr\u00ebveshjes s\u00eb 4 prillit \u00ebsht\u00eb \u201cviktimat e zhdukura me dhun\u00eb\u201d"}]},{"@type":"WebSite","@id":"https:\/\/permbledhja.com\/#website","url":"https:\/\/permbledhja.com\/","name":"Ve\u00e7 artikuj p\u00ebrmbledh\u00ebs","description":"","publisher":{"@id":"https:\/\/permbledhja.com\/#organization"},"potentialAction":[{"@type":"SearchAction","target":{"@type":"EntryPoint","urlTemplate":"https:\/\/permbledhja.com\/?s={search_term_string}"},"query-input":"required name=search_term_string"}],"inLanguage":"sq"},{"@type":"Organization","@id":"https:\/\/permbledhja.com\/#organization","name":"MK Media & Pr","url":"https:\/\/permbledhja.com\/","logo":{"@type":"ImageObject","inLanguage":"sq","@id":"https:\/\/permbledhja.com\/#\/schema\/logo\/image\/","url":"https:\/\/permbledhja.com\/wp-content\/uploads\/2021\/12\/07-Press-Logo.jpg","contentUrl":"https:\/\/permbledhja.com\/wp-content\/uploads\/2021\/12\/07-Press-Logo.jpg","width":512,"height":512,"caption":"MK Media & Pr"},"image":{"@id":"https:\/\/permbledhja.com\/#\/schema\/logo\/image\/"},"sameAs":["https:\/\/www.facebook.com\/press07\/"]},{"@type":"Person","@id":"https:\/\/permbledhja.com\/#\/schema\/person\/0d064377258d3221e50693947b9eb4fe","name":"P\u00ebrmbledhja","image":{"@type":"ImageObject","inLanguage":"sq","@id":"https:\/\/permbledhja.com\/#\/schema\/person\/image\/","url":"https:\/\/permbledhja.com\/wp-content\/uploads\/2026\/01\/452004717_1040944174702970_8932037511805513407_n-96x96.jpg","contentUrl":"https:\/\/permbledhja.com\/wp-content\/uploads\/2026\/01\/452004717_1040944174702970_8932037511805513407_n-96x96.jpg","caption":"P\u00ebrmbledhja"},"sameAs":["https:\/\/www.facebook.com\/kafexhiu.muharrem\/","https:\/\/www.instagram.com\/muharrem_kafexhiu\/"],"url":"https:\/\/permbledhja.com\/sq\/author\/admin\/"}]}},"_links":{"self":[{"href":"https:\/\/permbledhja.com\/sq\/wp-json\/wp\/v2\/posts\/13579"}],"collection":[{"href":"https:\/\/permbledhja.com\/sq\/wp-json\/wp\/v2\/posts"}],"about":[{"href":"https:\/\/permbledhja.com\/sq\/wp-json\/wp\/v2\/types\/post"}],"author":[{"embeddable":true,"href":"https:\/\/permbledhja.com\/sq\/wp-json\/wp\/v2\/users\/1"}],"replies":[{"embeddable":true,"href":"https:\/\/permbledhja.com\/sq\/wp-json\/wp\/v2\/comments?post=13579"}],"version-history":[{"count":1,"href":"https:\/\/permbledhja.com\/sq\/wp-json\/wp\/v2\/posts\/13579\/revisions"}],"predecessor-version":[{"id":13580,"href":"https:\/\/permbledhja.com\/sq\/wp-json\/wp\/v2\/posts\/13579\/revisions\/13580"}],"wp:featuredmedia":[{"embeddable":true,"href":"https:\/\/permbledhja.com\/sq\/wp-json\/wp\/v2\/media\/13141"}],"wp:attachment":[{"href":"https:\/\/permbledhja.com\/sq\/wp-json\/wp\/v2\/media?parent=13579"}],"wp:term":[{"taxonomy":"category","embeddable":true,"href":"https:\/\/permbledhja.com\/sq\/wp-json\/wp\/v2\/categories?post=13579"},{"taxonomy":"post_tag","embeddable":true,"href":"https:\/\/permbledhja.com\/sq\/wp-json\/wp\/v2\/tags?post=13579"}],"curies":[{"name":"wp","href":"https:\/\/api.w.org\/{rel}","templated":true}]}}