{"id":13380,"date":"2023-04-03T13:52:49","date_gmt":"2023-04-03T13:52:49","guid":{"rendered":"https:\/\/permbledhja.com\/?p=13380"},"modified":"2023-04-03T13:52:49","modified_gmt":"2023-04-03T13:52:49","slug":"prokuroria-publikon-fotografine-e-hashim-thacit-me-arme-afer-nje-qendre-te-ndalimit","status":"publish","type":"post","link":"https:\/\/permbledhja.com\/sq\/prokuroria-publikon-fotografine-e-hashim-thacit-me-arme-afer-nje-qendre-te-ndalimit\/","title":{"rendered":"Prokuroria publikon fotografin\u00eb e Hashim Tha\u00e7it me arm\u00eb af\u00ebr nj\u00eb qendre t\u00eb ndalimit"},"content":{"rendered":"<p><strong>Zyra e Prokurorit t\u00eb Specializuar ka vazhduar me prezantimin e fjal\u00ebs s\u00eb saj n\u00eb gjykimin ndaj krer\u00ebve t\u00eb U\u00c7K-s\u00eb.<\/strong><\/p>\n<p>S\u00eb fundmi, prokurori e ka publikuar nj\u00eb fotografi ku shihet Hashim Tha\u00e7i me arm\u00eb, bashk\u00eb me disa luft\u00ebtar\u00eb t\u00eb tjer\u00eb.<\/p>\n<p>Sipas Prokuroris\u00eb, kjo fotografi ishte b\u00ebr\u00eb af\u00ebr nj\u00eb qendre ndalimi ku keqtrajtoheshin civil\u00ebt.<\/p>\n<p>Prokuroria pretendon se qendra t\u00eb tilla ka pasur me dhjet\u00ebra, ku jan\u00eb ndaluar qindra qytetar\u00eb.<\/p>\n<p><img loading=\"lazy\" decoding=\"async\" src=\"https:\/\/permbledhja.com\/wp-content\/uploads\/2023\/04\/339139998_207586351893710_8869861782610084893_n.jpg\" alt=\"\" width=\"832\" height=\"727\" class=\"alignnone size-full wp-image-13381\" srcset=\"https:\/\/permbledhja.com\/wp-content\/uploads\/2023\/04\/339139998_207586351893710_8869861782610084893_n.jpg 832w, https:\/\/permbledhja.com\/wp-content\/uploads\/2023\/04\/339139998_207586351893710_8869861782610084893_n-300x262.jpg 300w, https:\/\/permbledhja.com\/wp-content\/uploads\/2023\/04\/339139998_207586351893710_8869861782610084893_n-768x671.jpg 768w, https:\/\/permbledhja.com\/wp-content\/uploads\/2023\/04\/339139998_207586351893710_8869861782610084893_n-14x12.jpg 14w\" sizes=\"(max-width: 832px) 100vw, 832px\" \/><\/p>\n","protected":false},"excerpt":{"rendered":"<p>Zyra e Prokurorit t\u00eb Specializuar ka vazhduar me prezantimin e fjal\u00ebs s\u00eb saj n\u00eb gjykimin ndaj krer\u00ebve t\u00eb U\u00c7K-s\u00eb. S\u00eb fundmi, prokurori e ka publikuar nj\u00eb fotografi ku shihet Hashim Tha\u00e7i me arm\u00eb, bashk\u00eb me disa luft\u00ebtar\u00eb t\u00eb tjer\u00eb. Sipas Prokuroris\u00eb, kjo fotografi ishte b\u00ebr\u00eb af\u00ebr nj\u00eb qendre ndalimi ku keqtrajtoheshin civil\u00ebt. Prokuroria pretendon se [&hellip;]<\/p>\n","protected":false},"author":1,"featured_media":13382,"comment_status":"closed","ping_status":"closed","sticky":false,"template":"","format":"standard","meta":{"_monsterinsights_skip_tracking":false,"_monsterinsights_sitenote_active":false,"_monsterinsights_sitenote_note":"","_monsterinsights_sitenote_category":0,"_uf_show_specific_survey":0,"_uf_disable_surveys":false,"footnotes":""},"categories":[23,15],"tags":[299],"yoast_head":"<!-- This site is optimized with the Yoast SEO plugin v21.5 - https:\/\/yoast.com\/wordpress\/plugins\/seo\/ -->\n<title>Prokuroria publikon fotografin\u00eb e Hashim Tha\u00e7it me arm\u00eb af\u00ebr nj\u00eb qendre t\u00eb ndalimit<\/title>\n<meta name=\"robots\" content=\"index, follow, max-snippet:-1, max-image-preview:large, max-video-preview:-1\" \/>\n<link rel=\"canonical\" href=\"https:\/\/permbledhja.com\/sq\/prokuroria-publikon-fotografine-e-hashim-thacit-me-arme-afer-nje-qendre-te-ndalimit\/\" \/>\n<meta property=\"og:locale\" content=\"sq_AL\" \/>\n<meta property=\"og:type\" content=\"article\" \/>\n<meta property=\"og:title\" content=\"Prokuroria publikon fotografin\u00eb e Hashim Tha\u00e7it me arm\u00eb af\u00ebr nj\u00eb qendre t\u00eb ndalimit\" \/>\n<meta property=\"og:description\" content=\"Zyra e Prokurorit t\u00eb Specializuar ka vazhduar me prezantimin e fjal\u00ebs s\u00eb saj n\u00eb gjykimin ndaj krer\u00ebve t\u00eb U\u00c7K-s\u00eb. S\u00eb fundmi, prokurori e ka publikuar nj\u00eb fotografi ku shihet Hashim Tha\u00e7i me arm\u00eb, bashk\u00eb me disa luft\u00ebtar\u00eb t\u00eb tjer\u00eb. Sipas Prokuroris\u00eb, kjo fotografi ishte b\u00ebr\u00eb af\u00ebr nj\u00eb qendre ndalimi ku keqtrajtoheshin civil\u00ebt. Prokuroria pretendon se [&hellip;]\" \/>\n<meta property=\"og:url\" content=\"https:\/\/permbledhja.com\/sq\/prokuroria-publikon-fotografine-e-hashim-thacit-me-arme-afer-nje-qendre-te-ndalimit\/\" \/>\n<meta property=\"og:site_name\" content=\"Ve\u00e7 artikuj p\u00ebrmbledh\u00ebs\" \/>\n<meta property=\"article:publisher\" content=\"https:\/\/www.facebook.com\/press07\/\" \/>\n<meta property=\"article:author\" content=\"https:\/\/www.facebook.com\/kafexhiu.muharrem\/\" \/>\n<meta property=\"article:published_time\" content=\"2023-04-03T13:52:49+00:00\" \/>\n<meta property=\"og:image\" content=\"https:\/\/permbledhja.com\/wp-content\/uploads\/2023\/04\/thaci.png\" \/>\n\t<meta property=\"og:image:width\" content=\"708\" \/>\n\t<meta property=\"og:image:height\" content=\"428\" \/>\n\t<meta property=\"og:image:type\" content=\"image\/png\" \/>\n<meta name=\"author\" content=\"P\u00ebrmbledhja\" \/>\n<meta name=\"twitter:card\" content=\"summary_large_image\" \/>\n<meta name=\"twitter:label1\" content=\"Written by\" \/>\n\t<meta name=\"twitter:data1\" content=\"P\u00ebrmbledhja\" \/>\n<script type=\"application\/ld+json\" class=\"yoast-schema-graph\">{\"@context\":\"https:\/\/schema.org\",\"@graph\":[{\"@type\":\"Article\",\"@id\":\"https:\/\/permbledhja.com\/prokuroria-publikon-fotografine-e-hashim-thacit-me-arme-afer-nje-qendre-te-ndalimit\/#article\",\"isPartOf\":{\"@id\":\"https:\/\/permbledhja.com\/prokuroria-publikon-fotografine-e-hashim-thacit-me-arme-afer-nje-qendre-te-ndalimit\/\"},\"author\":{\"name\":\"P\u00ebrmbledhja\",\"@id\":\"https:\/\/permbledhja.com\/#\/schema\/person\/0d064377258d3221e50693947b9eb4fe\"},\"headline\":\"Prokuroria publikon fotografin\u00eb e Hashim Tha\u00e7it me arm\u00eb af\u00ebr nj\u00eb qendre t\u00eb ndalimit\",\"datePublished\":\"2023-04-03T13:52:49+00:00\",\"dateModified\":\"2023-04-03T13:52:49+00:00\",\"mainEntityOfPage\":{\"@id\":\"https:\/\/permbledhja.com\/prokuroria-publikon-fotografine-e-hashim-thacit-me-arme-afer-nje-qendre-te-ndalimit\/\"},\"wordCount\":91,\"publisher\":{\"@id\":\"https:\/\/permbledhja.com\/#organization\"},\"keywords\":[\"Hashim Tha\u00e7i\"],\"articleSection\":[\"Komb\u00ebtare\",\"Lajme\"],\"inLanguage\":\"sq\"},{\"@type\":\"WebPage\",\"@id\":\"https:\/\/permbledhja.com\/prokuroria-publikon-fotografine-e-hashim-thacit-me-arme-afer-nje-qendre-te-ndalimit\/\",\"url\":\"https:\/\/permbledhja.com\/prokuroria-publikon-fotografine-e-hashim-thacit-me-arme-afer-nje-qendre-te-ndalimit\/\",\"name\":\"Prokuroria publikon fotografin\u00eb e Hashim Tha\u00e7it me arm\u00eb af\u00ebr nj\u00eb qendre t\u00eb ndalimit\",\"isPartOf\":{\"@id\":\"https:\/\/permbledhja.com\/#website\"},\"datePublished\":\"2023-04-03T13:52:49+00:00\",\"dateModified\":\"2023-04-03T13:52:49+00:00\",\"breadcrumb\":{\"@id\":\"https:\/\/permbledhja.com\/prokuroria-publikon-fotografine-e-hashim-thacit-me-arme-afer-nje-qendre-te-ndalimit\/#breadcrumb\"},\"inLanguage\":\"sq\",\"potentialAction\":[{\"@type\":\"ReadAction\",\"target\":[\"https:\/\/permbledhja.com\/prokuroria-publikon-fotografine-e-hashim-thacit-me-arme-afer-nje-qendre-te-ndalimit\/\"]}]},{\"@type\":\"BreadcrumbList\",\"@id\":\"https:\/\/permbledhja.com\/prokuroria-publikon-fotografine-e-hashim-thacit-me-arme-afer-nje-qendre-te-ndalimit\/#breadcrumb\",\"itemListElement\":[{\"@type\":\"ListItem\",\"position\":1,\"name\":\"Ballina\",\"item\":\"https:\/\/permbledhja.com\/sq\/\"},{\"@type\":\"ListItem\",\"position\":2,\"name\":\"Prokuroria publikon fotografin\u00eb e Hashim Tha\u00e7it me arm\u00eb af\u00ebr nj\u00eb qendre t\u00eb ndalimit\"}]},{\"@type\":\"WebSite\",\"@id\":\"https:\/\/permbledhja.com\/#website\",\"url\":\"https:\/\/permbledhja.com\/\",\"name\":\"Ve\u00e7 artikuj p\u00ebrmbledh\u00ebs\",\"description\":\"\",\"publisher\":{\"@id\":\"https:\/\/permbledhja.com\/#organization\"},\"potentialAction\":[{\"@type\":\"SearchAction\",\"target\":{\"@type\":\"EntryPoint\",\"urlTemplate\":\"https:\/\/permbledhja.com\/?s={search_term_string}\"},\"query-input\":\"required name=search_term_string\"}],\"inLanguage\":\"sq\"},{\"@type\":\"Organization\",\"@id\":\"https:\/\/permbledhja.com\/#organization\",\"name\":\"MK Media & Pr\",\"url\":\"https:\/\/permbledhja.com\/\",\"logo\":{\"@type\":\"ImageObject\",\"inLanguage\":\"sq\",\"@id\":\"https:\/\/permbledhja.com\/#\/schema\/logo\/image\/\",\"url\":\"https:\/\/permbledhja.com\/wp-content\/uploads\/2021\/12\/07-Press-Logo.jpg\",\"contentUrl\":\"https:\/\/permbledhja.com\/wp-content\/uploads\/2021\/12\/07-Press-Logo.jpg\",\"width\":512,\"height\":512,\"caption\":\"MK Media & Pr\"},\"image\":{\"@id\":\"https:\/\/permbledhja.com\/#\/schema\/logo\/image\/\"},\"sameAs\":[\"https:\/\/www.facebook.com\/press07\/\"]},{\"@type\":\"Person\",\"@id\":\"https:\/\/permbledhja.com\/#\/schema\/person\/0d064377258d3221e50693947b9eb4fe\",\"name\":\"P\u00ebrmbledhja\",\"image\":{\"@type\":\"ImageObject\",\"inLanguage\":\"sq\",\"@id\":\"https:\/\/permbledhja.com\/#\/schema\/person\/image\/\",\"url\":\"https:\/\/permbledhja.com\/wp-content\/uploads\/2026\/01\/452004717_1040944174702970_8932037511805513407_n-96x96.jpg\",\"contentUrl\":\"https:\/\/permbledhja.com\/wp-content\/uploads\/2026\/01\/452004717_1040944174702970_8932037511805513407_n-96x96.jpg\",\"caption\":\"P\u00ebrmbledhja\"},\"sameAs\":[\"https:\/\/www.facebook.com\/kafexhiu.muharrem\/\",\"https:\/\/www.instagram.com\/muharrem_kafexhiu\/\"],\"url\":\"https:\/\/permbledhja.com\/sq\/author\/admin\/\"}]}<\/script>\n<!-- \/ Yoast SEO plugin. -->","yoast_head_json":{"title":"Prokuroria publikon fotografin\u00eb e Hashim Tha\u00e7it me arm\u00eb af\u00ebr nj\u00eb qendre t\u00eb ndalimit","robots":{"index":"index","follow":"follow","max-snippet":"max-snippet:-1","max-image-preview":"max-image-preview:large","max-video-preview":"max-video-preview:-1"},"canonical":"https:\/\/permbledhja.com\/sq\/prokuroria-publikon-fotografine-e-hashim-thacit-me-arme-afer-nje-qendre-te-ndalimit\/","og_locale":"sq_AL","og_type":"article","og_title":"Prokuroria publikon fotografin\u00eb e Hashim Tha\u00e7it me arm\u00eb af\u00ebr nj\u00eb qendre t\u00eb ndalimit","og_description":"Zyra e Prokurorit t\u00eb Specializuar ka vazhduar me prezantimin e fjal\u00ebs s\u00eb saj n\u00eb gjykimin ndaj krer\u00ebve t\u00eb U\u00c7K-s\u00eb. S\u00eb fundmi, prokurori e ka publikuar nj\u00eb fotografi ku shihet Hashim Tha\u00e7i me arm\u00eb, bashk\u00eb me disa luft\u00ebtar\u00eb t\u00eb tjer\u00eb. Sipas Prokuroris\u00eb, kjo fotografi ishte b\u00ebr\u00eb af\u00ebr nj\u00eb qendre ndalimi ku keqtrajtoheshin civil\u00ebt. Prokuroria pretendon se [&hellip;]","og_url":"https:\/\/permbledhja.com\/sq\/prokuroria-publikon-fotografine-e-hashim-thacit-me-arme-afer-nje-qendre-te-ndalimit\/","og_site_name":"Ve\u00e7 artikuj p\u00ebrmbledh\u00ebs","article_publisher":"https:\/\/www.facebook.com\/press07\/","article_author":"https:\/\/www.facebook.com\/kafexhiu.muharrem\/","article_published_time":"2023-04-03T13:52:49+00:00","og_image":[{"width":708,"height":428,"url":"https:\/\/permbledhja.com\/wp-content\/uploads\/2023\/04\/thaci.png","type":"image\/png"}],"author":"P\u00ebrmbledhja","twitter_card":"summary_large_image","twitter_misc":{"Written by":"P\u00ebrmbledhja"},"schema":{"@context":"https:\/\/schema.org","@graph":[{"@type":"Article","@id":"https:\/\/permbledhja.com\/prokuroria-publikon-fotografine-e-hashim-thacit-me-arme-afer-nje-qendre-te-ndalimit\/#article","isPartOf":{"@id":"https:\/\/permbledhja.com\/prokuroria-publikon-fotografine-e-hashim-thacit-me-arme-afer-nje-qendre-te-ndalimit\/"},"author":{"name":"P\u00ebrmbledhja","@id":"https:\/\/permbledhja.com\/#\/schema\/person\/0d064377258d3221e50693947b9eb4fe"},"headline":"Prokuroria publikon fotografin\u00eb e Hashim Tha\u00e7it me arm\u00eb af\u00ebr nj\u00eb qendre t\u00eb ndalimit","datePublished":"2023-04-03T13:52:49+00:00","dateModified":"2023-04-03T13:52:49+00:00","mainEntityOfPage":{"@id":"https:\/\/permbledhja.com\/prokuroria-publikon-fotografine-e-hashim-thacit-me-arme-afer-nje-qendre-te-ndalimit\/"},"wordCount":91,"publisher":{"@id":"https:\/\/permbledhja.com\/#organization"},"keywords":["Hashim Tha\u00e7i"],"articleSection":["Komb\u00ebtare","Lajme"],"inLanguage":"sq"},{"@type":"WebPage","@id":"https:\/\/permbledhja.com\/prokuroria-publikon-fotografine-e-hashim-thacit-me-arme-afer-nje-qendre-te-ndalimit\/","url":"https:\/\/permbledhja.com\/prokuroria-publikon-fotografine-e-hashim-thacit-me-arme-afer-nje-qendre-te-ndalimit\/","name":"Prokuroria publikon fotografin\u00eb e Hashim Tha\u00e7it me arm\u00eb af\u00ebr nj\u00eb qendre t\u00eb ndalimit","isPartOf":{"@id":"https:\/\/permbledhja.com\/#website"},"datePublished":"2023-04-03T13:52:49+00:00","dateModified":"2023-04-03T13:52:49+00:00","breadcrumb":{"@id":"https:\/\/permbledhja.com\/prokuroria-publikon-fotografine-e-hashim-thacit-me-arme-afer-nje-qendre-te-ndalimit\/#breadcrumb"},"inLanguage":"sq","potentialAction":[{"@type":"ReadAction","target":["https:\/\/permbledhja.com\/prokuroria-publikon-fotografine-e-hashim-thacit-me-arme-afer-nje-qendre-te-ndalimit\/"]}]},{"@type":"BreadcrumbList","@id":"https:\/\/permbledhja.com\/prokuroria-publikon-fotografine-e-hashim-thacit-me-arme-afer-nje-qendre-te-ndalimit\/#breadcrumb","itemListElement":[{"@type":"ListItem","position":1,"name":"Ballina","item":"https:\/\/permbledhja.com\/sq\/"},{"@type":"ListItem","position":2,"name":"Prokuroria publikon fotografin\u00eb e Hashim Tha\u00e7it me arm\u00eb af\u00ebr nj\u00eb qendre t\u00eb ndalimit"}]},{"@type":"WebSite","@id":"https:\/\/permbledhja.com\/#website","url":"https:\/\/permbledhja.com\/","name":"Ve\u00e7 artikuj p\u00ebrmbledh\u00ebs","description":"","publisher":{"@id":"https:\/\/permbledhja.com\/#organization"},"potentialAction":[{"@type":"SearchAction","target":{"@type":"EntryPoint","urlTemplate":"https:\/\/permbledhja.com\/?s={search_term_string}"},"query-input":"required name=search_term_string"}],"inLanguage":"sq"},{"@type":"Organization","@id":"https:\/\/permbledhja.com\/#organization","name":"MK Media & Pr","url":"https:\/\/permbledhja.com\/","logo":{"@type":"ImageObject","inLanguage":"sq","@id":"https:\/\/permbledhja.com\/#\/schema\/logo\/image\/","url":"https:\/\/permbledhja.com\/wp-content\/uploads\/2021\/12\/07-Press-Logo.jpg","contentUrl":"https:\/\/permbledhja.com\/wp-content\/uploads\/2021\/12\/07-Press-Logo.jpg","width":512,"height":512,"caption":"MK Media & Pr"},"image":{"@id":"https:\/\/permbledhja.com\/#\/schema\/logo\/image\/"},"sameAs":["https:\/\/www.facebook.com\/press07\/"]},{"@type":"Person","@id":"https:\/\/permbledhja.com\/#\/schema\/person\/0d064377258d3221e50693947b9eb4fe","name":"P\u00ebrmbledhja","image":{"@type":"ImageObject","inLanguage":"sq","@id":"https:\/\/permbledhja.com\/#\/schema\/person\/image\/","url":"https:\/\/permbledhja.com\/wp-content\/uploads\/2026\/01\/452004717_1040944174702970_8932037511805513407_n-96x96.jpg","contentUrl":"https:\/\/permbledhja.com\/wp-content\/uploads\/2026\/01\/452004717_1040944174702970_8932037511805513407_n-96x96.jpg","caption":"P\u00ebrmbledhja"},"sameAs":["https:\/\/www.facebook.com\/kafexhiu.muharrem\/","https:\/\/www.instagram.com\/muharrem_kafexhiu\/"],"url":"https:\/\/permbledhja.com\/sq\/author\/admin\/"}]}},"_links":{"self":[{"href":"https:\/\/permbledhja.com\/sq\/wp-json\/wp\/v2\/posts\/13380"}],"collection":[{"href":"https:\/\/permbledhja.com\/sq\/wp-json\/wp\/v2\/posts"}],"about":[{"href":"https:\/\/permbledhja.com\/sq\/wp-json\/wp\/v2\/types\/post"}],"author":[{"embeddable":true,"href":"https:\/\/permbledhja.com\/sq\/wp-json\/wp\/v2\/users\/1"}],"replies":[{"embeddable":true,"href":"https:\/\/permbledhja.com\/sq\/wp-json\/wp\/v2\/comments?post=13380"}],"version-history":[{"count":1,"href":"https:\/\/permbledhja.com\/sq\/wp-json\/wp\/v2\/posts\/13380\/revisions"}],"predecessor-version":[{"id":13383,"href":"https:\/\/permbledhja.com\/sq\/wp-json\/wp\/v2\/posts\/13380\/revisions\/13383"}],"wp:featuredmedia":[{"embeddable":true,"href":"https:\/\/permbledhja.com\/sq\/wp-json\/wp\/v2\/media\/13382"}],"wp:attachment":[{"href":"https:\/\/permbledhja.com\/sq\/wp-json\/wp\/v2\/media?parent=13380"}],"wp:term":[{"taxonomy":"category","embeddable":true,"href":"https:\/\/permbledhja.com\/sq\/wp-json\/wp\/v2\/categories?post=13380"},{"taxonomy":"post_tag","embeddable":true,"href":"https:\/\/permbledhja.com\/sq\/wp-json\/wp\/v2\/tags?post=13380"}],"curies":[{"name":"wp","href":"https:\/\/api.w.org\/{rel}","templated":true}]}}