{"id":13377,"date":"2023-04-03T13:43:33","date_gmt":"2023-04-03T13:43:33","guid":{"rendered":"https:\/\/permbledhja.com\/?p=13377"},"modified":"2023-04-03T13:43:33","modified_gmt":"2023-04-03T13:43:33","slug":"shqiperia-mbledh-nenshkrimet-gati-mocioni-per-te-hedhur-poshte-rezoluten-e-dick-martyt-te-vitit-2011","status":"publish","type":"post","link":"https:\/\/permbledhja.com\/sq\/shqiperia-mbledh-nenshkrimet-gati-mocioni-per-te-hedhur-poshte-rezoluten-e-dick-martyt-te-vitit-2011\/","title":{"rendered":"Shqip\u00ebria mbledh n\u00ebnshkrimet, gati mocioni p\u00ebr t\u00eb hedhur posht\u00eb rezolut\u00ebn e Dick Martyt t\u00eb vitit 2011"},"content":{"rendered":"<p><strong>Kryeministri i Republik\u00ebs s\u00eb Shqip\u00ebris\u00eb, Edi Rama, ka b\u00ebr\u00eb nj\u00eb njoftim t\u00eb r\u00ebnd\u00ebsish\u00ebm pik\u00ebrisht n\u00eb dit\u00ebn kur nisi gjykimi n\u00eb Hag\u00eb ndaj ish-krer\u00ebve t\u00eb U\u00c7K-s\u00eb, e q\u00eb nd\u00ebrlidhet pik\u00ebrisht me nj\u00eb \u00e7\u00ebshtje t\u00eb till\u00eb.<\/strong><\/p>\n<p>Rama me shkronja t\u00eb m\u00ebdha shkroi se jan\u00eb mbledhur firmat (n\u00ebnshkrimet) n\u00eb Asamblen\u00eb e K\u00ebshillit t\u00eb Evrop\u00ebs p\u00ebr Mocionin p\u00ebr nj\u00eb rezolut\u00eb t\u00eb re mbi rezolut\u00ebn e vitit 2011 ku ngriteshin akuzat e r\u00ebnda ndaj U\u00c7K-s\u00eb, mes tjerash edhe p\u00ebr trafikim organesh.<\/p>\n<p>\u201cRruga e Drejt\u00ebsis\u00eb p\u00ebr Kosov\u00ebn, gjakun e derdhur p\u00ebr liri, d\u00ebshmor\u00ebt e U\u00c7K-s\u00eb dhe heronjt\u00eb e saj t\u00eb gjall\u00eb sot n\u00eb Hag\u00eb, do t\u00eb jet\u00eb e gjat\u00eb, e mundimshme, madje edhe fyese deri n\u00eb palc\u00eb, por drejt\u00ebsia do t\u00eb triumfoj\u00eb n\u00eb fund fare, sepse s\u2019ka forc\u00eb n\u00eb bot\u00eb q\u00eb ta damkos\u00eb si kriminale nj\u00eb luft\u00eb \u00e7lirimtare,\u201d \u2013 shkroi z. Rama n\u00eb profilin e tij n\u00eb Facebook.<\/p>\n<p><iframe loading=\"lazy\" src=\"https:\/\/www.facebook.com\/plugins\/post.php?href=https%3A%2F%2Fwww.facebook.com%2Fediramaal%2Fposts%2Fpfbid02cQH2UXcLKGJ3cQpbMeK38JfxUiN2rubAqWhLRtB6KopoS6G8vi88Q62beFBLM2GVl&#038;show_text=true&#038;width=500\" width=\"500\" height=\"769\" style=\"border:none;overflow:hidden\" scrolling=\"no\" frameborder=\"0\" allowfullscreen=\"true\" allow=\"autoplay; clipboard-write; encrypted-media; picture-in-picture; web-share\"><\/iframe><\/p>\n","protected":false},"excerpt":{"rendered":"<p>Kryeministri i Republik\u00ebs s\u00eb Shqip\u00ebris\u00eb, Edi Rama, ka b\u00ebr\u00eb nj\u00eb njoftim t\u00eb r\u00ebnd\u00ebsish\u00ebm pik\u00ebrisht n\u00eb dit\u00ebn kur nisi gjykimi n\u00eb Hag\u00eb ndaj ish-krer\u00ebve t\u00eb U\u00c7K-s\u00eb, e q\u00eb nd\u00ebrlidhet pik\u00ebrisht me nj\u00eb \u00e7\u00ebshtje t\u00eb till\u00eb. Rama me shkronja t\u00eb m\u00ebdha shkroi se jan\u00eb mbledhur firmat (n\u00ebnshkrimet) n\u00eb Asamblen\u00eb e K\u00ebshillit t\u00eb Evrop\u00ebs p\u00ebr Mocionin p\u00ebr nj\u00eb [&hellip;]<\/p>\n","protected":false},"author":1,"featured_media":13378,"comment_status":"closed","ping_status":"closed","sticky":false,"template":"","format":"standard","meta":{"_monsterinsights_skip_tracking":false,"_monsterinsights_sitenote_active":false,"_monsterinsights_sitenote_note":"","_monsterinsights_sitenote_category":0,"_uf_show_specific_survey":0,"_uf_disable_surveys":false,"footnotes":""},"categories":[23,15],"tags":[474],"yoast_head":"<!-- This site is optimized with the Yoast SEO plugin v21.5 - https:\/\/yoast.com\/wordpress\/plugins\/seo\/ -->\n<title>Shqip\u00ebria mbledh n\u00ebnshkrimet, gati mocioni p\u00ebr t\u00eb hedhur posht\u00eb rezolut\u00ebn e Dick Martyt t\u00eb vitit 2011<\/title>\n<meta name=\"robots\" content=\"index, follow, max-snippet:-1, max-image-preview:large, max-video-preview:-1\" \/>\n<link rel=\"canonical\" href=\"https:\/\/permbledhja.com\/sq\/shqiperia-mbledh-nenshkrimet-gati-mocioni-per-te-hedhur-poshte-rezoluten-e-dick-martyt-te-vitit-2011\/\" \/>\n<meta property=\"og:locale\" content=\"sq_AL\" \/>\n<meta property=\"og:type\" content=\"article\" \/>\n<meta property=\"og:title\" content=\"Shqip\u00ebria mbledh n\u00ebnshkrimet, gati mocioni p\u00ebr t\u00eb hedhur posht\u00eb rezolut\u00ebn e Dick Martyt t\u00eb vitit 2011\" \/>\n<meta property=\"og:description\" content=\"Kryeministri i Republik\u00ebs s\u00eb Shqip\u00ebris\u00eb, Edi Rama, ka b\u00ebr\u00eb nj\u00eb njoftim t\u00eb r\u00ebnd\u00ebsish\u00ebm pik\u00ebrisht n\u00eb dit\u00ebn kur nisi gjykimi n\u00eb Hag\u00eb ndaj ish-krer\u00ebve t\u00eb U\u00c7K-s\u00eb, e q\u00eb nd\u00ebrlidhet pik\u00ebrisht me nj\u00eb \u00e7\u00ebshtje t\u00eb till\u00eb. Rama me shkronja t\u00eb m\u00ebdha shkroi se jan\u00eb mbledhur firmat (n\u00ebnshkrimet) n\u00eb Asamblen\u00eb e K\u00ebshillit t\u00eb Evrop\u00ebs p\u00ebr Mocionin p\u00ebr nj\u00eb [&hellip;]\" \/>\n<meta property=\"og:url\" content=\"https:\/\/permbledhja.com\/sq\/shqiperia-mbledh-nenshkrimet-gati-mocioni-per-te-hedhur-poshte-rezoluten-e-dick-martyt-te-vitit-2011\/\" \/>\n<meta property=\"og:site_name\" content=\"Ve\u00e7 artikuj p\u00ebrmbledh\u00ebs\" \/>\n<meta property=\"article:publisher\" content=\"https:\/\/www.facebook.com\/press07\/\" \/>\n<meta property=\"article:author\" content=\"https:\/\/www.facebook.com\/kafexhiu.muharrem\/\" \/>\n<meta property=\"article:published_time\" content=\"2023-04-03T13:43:33+00:00\" \/>\n<meta property=\"og:image\" content=\"https:\/\/permbledhja.com\/wp-content\/uploads\/2023\/04\/edi-rama.png\" \/>\n\t<meta property=\"og:image:width\" content=\"460\" \/>\n\t<meta property=\"og:image:height\" content=\"321\" \/>\n\t<meta property=\"og:image:type\" content=\"image\/png\" \/>\n<meta name=\"author\" content=\"P\u00ebrmbledhja\" \/>\n<meta name=\"twitter:card\" content=\"summary_large_image\" \/>\n<meta name=\"twitter:label1\" content=\"Written by\" \/>\n\t<meta name=\"twitter:data1\" content=\"P\u00ebrmbledhja\" \/>\n\t<meta name=\"twitter:label2\" content=\"Est. reading time\" \/>\n\t<meta name=\"twitter:data2\" content=\"1 minut\u00eb\" \/>\n<script type=\"application\/ld+json\" class=\"yoast-schema-graph\">{\"@context\":\"https:\/\/schema.org\",\"@graph\":[{\"@type\":\"Article\",\"@id\":\"https:\/\/permbledhja.com\/shqiperia-mbledh-nenshkrimet-gati-mocioni-per-te-hedhur-poshte-rezoluten-e-dick-martyt-te-vitit-2011\/#article\",\"isPartOf\":{\"@id\":\"https:\/\/permbledhja.com\/shqiperia-mbledh-nenshkrimet-gati-mocioni-per-te-hedhur-poshte-rezoluten-e-dick-martyt-te-vitit-2011\/\"},\"author\":{\"name\":\"P\u00ebrmbledhja\",\"@id\":\"https:\/\/permbledhja.com\/#\/schema\/person\/0d064377258d3221e50693947b9eb4fe\"},\"headline\":\"Shqip\u00ebria mbledh n\u00ebnshkrimet, gati mocioni p\u00ebr t\u00eb hedhur posht\u00eb rezolut\u00ebn e Dick Martyt t\u00eb vitit 2011\",\"datePublished\":\"2023-04-03T13:43:33+00:00\",\"dateModified\":\"2023-04-03T13:43:33+00:00\",\"mainEntityOfPage\":{\"@id\":\"https:\/\/permbledhja.com\/shqiperia-mbledh-nenshkrimet-gati-mocioni-per-te-hedhur-poshte-rezoluten-e-dick-martyt-te-vitit-2011\/\"},\"wordCount\":190,\"publisher\":{\"@id\":\"https:\/\/permbledhja.com\/#organization\"},\"keywords\":[\"Edi Rama\"],\"articleSection\":[\"Komb\u00ebtare\",\"Lajme\"],\"inLanguage\":\"sq\"},{\"@type\":\"WebPage\",\"@id\":\"https:\/\/permbledhja.com\/shqiperia-mbledh-nenshkrimet-gati-mocioni-per-te-hedhur-poshte-rezoluten-e-dick-martyt-te-vitit-2011\/\",\"url\":\"https:\/\/permbledhja.com\/shqiperia-mbledh-nenshkrimet-gati-mocioni-per-te-hedhur-poshte-rezoluten-e-dick-martyt-te-vitit-2011\/\",\"name\":\"Shqip\u00ebria mbledh n\u00ebnshkrimet, gati mocioni p\u00ebr t\u00eb hedhur posht\u00eb rezolut\u00ebn e Dick Martyt t\u00eb vitit 2011\",\"isPartOf\":{\"@id\":\"https:\/\/permbledhja.com\/#website\"},\"datePublished\":\"2023-04-03T13:43:33+00:00\",\"dateModified\":\"2023-04-03T13:43:33+00:00\",\"breadcrumb\":{\"@id\":\"https:\/\/permbledhja.com\/shqiperia-mbledh-nenshkrimet-gati-mocioni-per-te-hedhur-poshte-rezoluten-e-dick-martyt-te-vitit-2011\/#breadcrumb\"},\"inLanguage\":\"sq\",\"potentialAction\":[{\"@type\":\"ReadAction\",\"target\":[\"https:\/\/permbledhja.com\/shqiperia-mbledh-nenshkrimet-gati-mocioni-per-te-hedhur-poshte-rezoluten-e-dick-martyt-te-vitit-2011\/\"]}]},{\"@type\":\"BreadcrumbList\",\"@id\":\"https:\/\/permbledhja.com\/shqiperia-mbledh-nenshkrimet-gati-mocioni-per-te-hedhur-poshte-rezoluten-e-dick-martyt-te-vitit-2011\/#breadcrumb\",\"itemListElement\":[{\"@type\":\"ListItem\",\"position\":1,\"name\":\"Ballina\",\"item\":\"https:\/\/permbledhja.com\/sq\/\"},{\"@type\":\"ListItem\",\"position\":2,\"name\":\"Shqip\u00ebria mbledh n\u00ebnshkrimet, gati mocioni p\u00ebr t\u00eb hedhur posht\u00eb rezolut\u00ebn e Dick Martyt t\u00eb vitit 2011\"}]},{\"@type\":\"WebSite\",\"@id\":\"https:\/\/permbledhja.com\/#website\",\"url\":\"https:\/\/permbledhja.com\/\",\"name\":\"Ve\u00e7 artikuj p\u00ebrmbledh\u00ebs\",\"description\":\"\",\"publisher\":{\"@id\":\"https:\/\/permbledhja.com\/#organization\"},\"potentialAction\":[{\"@type\":\"SearchAction\",\"target\":{\"@type\":\"EntryPoint\",\"urlTemplate\":\"https:\/\/permbledhja.com\/?s={search_term_string}\"},\"query-input\":\"required name=search_term_string\"}],\"inLanguage\":\"sq\"},{\"@type\":\"Organization\",\"@id\":\"https:\/\/permbledhja.com\/#organization\",\"name\":\"MK Media & Pr\",\"url\":\"https:\/\/permbledhja.com\/\",\"logo\":{\"@type\":\"ImageObject\",\"inLanguage\":\"sq\",\"@id\":\"https:\/\/permbledhja.com\/#\/schema\/logo\/image\/\",\"url\":\"https:\/\/permbledhja.com\/wp-content\/uploads\/2021\/12\/07-Press-Logo.jpg\",\"contentUrl\":\"https:\/\/permbledhja.com\/wp-content\/uploads\/2021\/12\/07-Press-Logo.jpg\",\"width\":512,\"height\":512,\"caption\":\"MK Media & Pr\"},\"image\":{\"@id\":\"https:\/\/permbledhja.com\/#\/schema\/logo\/image\/\"},\"sameAs\":[\"https:\/\/www.facebook.com\/press07\/\"]},{\"@type\":\"Person\",\"@id\":\"https:\/\/permbledhja.com\/#\/schema\/person\/0d064377258d3221e50693947b9eb4fe\",\"name\":\"P\u00ebrmbledhja\",\"image\":{\"@type\":\"ImageObject\",\"inLanguage\":\"sq\",\"@id\":\"https:\/\/permbledhja.com\/#\/schema\/person\/image\/\",\"url\":\"https:\/\/permbledhja.com\/wp-content\/uploads\/2026\/01\/452004717_1040944174702970_8932037511805513407_n-96x96.jpg\",\"contentUrl\":\"https:\/\/permbledhja.com\/wp-content\/uploads\/2026\/01\/452004717_1040944174702970_8932037511805513407_n-96x96.jpg\",\"caption\":\"P\u00ebrmbledhja\"},\"sameAs\":[\"https:\/\/www.facebook.com\/kafexhiu.muharrem\/\",\"https:\/\/www.instagram.com\/muharrem_kafexhiu\/\"],\"url\":\"https:\/\/permbledhja.com\/sq\/author\/admin\/\"}]}<\/script>\n<!-- \/ Yoast SEO plugin. -->","yoast_head_json":{"title":"Shqip\u00ebria mbledh n\u00ebnshkrimet, gati mocioni p\u00ebr t\u00eb hedhur posht\u00eb rezolut\u00ebn e Dick Martyt t\u00eb vitit 2011","robots":{"index":"index","follow":"follow","max-snippet":"max-snippet:-1","max-image-preview":"max-image-preview:large","max-video-preview":"max-video-preview:-1"},"canonical":"https:\/\/permbledhja.com\/sq\/shqiperia-mbledh-nenshkrimet-gati-mocioni-per-te-hedhur-poshte-rezoluten-e-dick-martyt-te-vitit-2011\/","og_locale":"sq_AL","og_type":"article","og_title":"Shqip\u00ebria mbledh n\u00ebnshkrimet, gati mocioni p\u00ebr t\u00eb hedhur posht\u00eb rezolut\u00ebn e Dick Martyt t\u00eb vitit 2011","og_description":"Kryeministri i Republik\u00ebs s\u00eb Shqip\u00ebris\u00eb, Edi Rama, ka b\u00ebr\u00eb nj\u00eb njoftim t\u00eb r\u00ebnd\u00ebsish\u00ebm pik\u00ebrisht n\u00eb dit\u00ebn kur nisi gjykimi n\u00eb Hag\u00eb ndaj ish-krer\u00ebve t\u00eb U\u00c7K-s\u00eb, e q\u00eb nd\u00ebrlidhet pik\u00ebrisht me nj\u00eb \u00e7\u00ebshtje t\u00eb till\u00eb. Rama me shkronja t\u00eb m\u00ebdha shkroi se jan\u00eb mbledhur firmat (n\u00ebnshkrimet) n\u00eb Asamblen\u00eb e K\u00ebshillit t\u00eb Evrop\u00ebs p\u00ebr Mocionin p\u00ebr nj\u00eb [&hellip;]","og_url":"https:\/\/permbledhja.com\/sq\/shqiperia-mbledh-nenshkrimet-gati-mocioni-per-te-hedhur-poshte-rezoluten-e-dick-martyt-te-vitit-2011\/","og_site_name":"Ve\u00e7 artikuj p\u00ebrmbledh\u00ebs","article_publisher":"https:\/\/www.facebook.com\/press07\/","article_author":"https:\/\/www.facebook.com\/kafexhiu.muharrem\/","article_published_time":"2023-04-03T13:43:33+00:00","og_image":[{"width":460,"height":321,"url":"https:\/\/permbledhja.com\/wp-content\/uploads\/2023\/04\/edi-rama.png","type":"image\/png"}],"author":"P\u00ebrmbledhja","twitter_card":"summary_large_image","twitter_misc":{"Written by":"P\u00ebrmbledhja","Est. reading time":"1 minut\u00eb"},"schema":{"@context":"https:\/\/schema.org","@graph":[{"@type":"Article","@id":"https:\/\/permbledhja.com\/shqiperia-mbledh-nenshkrimet-gati-mocioni-per-te-hedhur-poshte-rezoluten-e-dick-martyt-te-vitit-2011\/#article","isPartOf":{"@id":"https:\/\/permbledhja.com\/shqiperia-mbledh-nenshkrimet-gati-mocioni-per-te-hedhur-poshte-rezoluten-e-dick-martyt-te-vitit-2011\/"},"author":{"name":"P\u00ebrmbledhja","@id":"https:\/\/permbledhja.com\/#\/schema\/person\/0d064377258d3221e50693947b9eb4fe"},"headline":"Shqip\u00ebria mbledh n\u00ebnshkrimet, gati mocioni p\u00ebr t\u00eb hedhur posht\u00eb rezolut\u00ebn e Dick Martyt t\u00eb vitit 2011","datePublished":"2023-04-03T13:43:33+00:00","dateModified":"2023-04-03T13:43:33+00:00","mainEntityOfPage":{"@id":"https:\/\/permbledhja.com\/shqiperia-mbledh-nenshkrimet-gati-mocioni-per-te-hedhur-poshte-rezoluten-e-dick-martyt-te-vitit-2011\/"},"wordCount":190,"publisher":{"@id":"https:\/\/permbledhja.com\/#organization"},"keywords":["Edi Rama"],"articleSection":["Komb\u00ebtare","Lajme"],"inLanguage":"sq"},{"@type":"WebPage","@id":"https:\/\/permbledhja.com\/shqiperia-mbledh-nenshkrimet-gati-mocioni-per-te-hedhur-poshte-rezoluten-e-dick-martyt-te-vitit-2011\/","url":"https:\/\/permbledhja.com\/shqiperia-mbledh-nenshkrimet-gati-mocioni-per-te-hedhur-poshte-rezoluten-e-dick-martyt-te-vitit-2011\/","name":"Shqip\u00ebria mbledh n\u00ebnshkrimet, gati mocioni p\u00ebr t\u00eb hedhur posht\u00eb rezolut\u00ebn e Dick Martyt t\u00eb vitit 2011","isPartOf":{"@id":"https:\/\/permbledhja.com\/#website"},"datePublished":"2023-04-03T13:43:33+00:00","dateModified":"2023-04-03T13:43:33+00:00","breadcrumb":{"@id":"https:\/\/permbledhja.com\/shqiperia-mbledh-nenshkrimet-gati-mocioni-per-te-hedhur-poshte-rezoluten-e-dick-martyt-te-vitit-2011\/#breadcrumb"},"inLanguage":"sq","potentialAction":[{"@type":"ReadAction","target":["https:\/\/permbledhja.com\/shqiperia-mbledh-nenshkrimet-gati-mocioni-per-te-hedhur-poshte-rezoluten-e-dick-martyt-te-vitit-2011\/"]}]},{"@type":"BreadcrumbList","@id":"https:\/\/permbledhja.com\/shqiperia-mbledh-nenshkrimet-gati-mocioni-per-te-hedhur-poshte-rezoluten-e-dick-martyt-te-vitit-2011\/#breadcrumb","itemListElement":[{"@type":"ListItem","position":1,"name":"Ballina","item":"https:\/\/permbledhja.com\/sq\/"},{"@type":"ListItem","position":2,"name":"Shqip\u00ebria mbledh n\u00ebnshkrimet, gati mocioni p\u00ebr t\u00eb hedhur posht\u00eb rezolut\u00ebn e Dick Martyt t\u00eb vitit 2011"}]},{"@type":"WebSite","@id":"https:\/\/permbledhja.com\/#website","url":"https:\/\/permbledhja.com\/","name":"Ve\u00e7 artikuj p\u00ebrmbledh\u00ebs","description":"","publisher":{"@id":"https:\/\/permbledhja.com\/#organization"},"potentialAction":[{"@type":"SearchAction","target":{"@type":"EntryPoint","urlTemplate":"https:\/\/permbledhja.com\/?s={search_term_string}"},"query-input":"required name=search_term_string"}],"inLanguage":"sq"},{"@type":"Organization","@id":"https:\/\/permbledhja.com\/#organization","name":"MK Media & Pr","url":"https:\/\/permbledhja.com\/","logo":{"@type":"ImageObject","inLanguage":"sq","@id":"https:\/\/permbledhja.com\/#\/schema\/logo\/image\/","url":"https:\/\/permbledhja.com\/wp-content\/uploads\/2021\/12\/07-Press-Logo.jpg","contentUrl":"https:\/\/permbledhja.com\/wp-content\/uploads\/2021\/12\/07-Press-Logo.jpg","width":512,"height":512,"caption":"MK Media & Pr"},"image":{"@id":"https:\/\/permbledhja.com\/#\/schema\/logo\/image\/"},"sameAs":["https:\/\/www.facebook.com\/press07\/"]},{"@type":"Person","@id":"https:\/\/permbledhja.com\/#\/schema\/person\/0d064377258d3221e50693947b9eb4fe","name":"P\u00ebrmbledhja","image":{"@type":"ImageObject","inLanguage":"sq","@id":"https:\/\/permbledhja.com\/#\/schema\/person\/image\/","url":"https:\/\/permbledhja.com\/wp-content\/uploads\/2026\/01\/452004717_1040944174702970_8932037511805513407_n-96x96.jpg","contentUrl":"https:\/\/permbledhja.com\/wp-content\/uploads\/2026\/01\/452004717_1040944174702970_8932037511805513407_n-96x96.jpg","caption":"P\u00ebrmbledhja"},"sameAs":["https:\/\/www.facebook.com\/kafexhiu.muharrem\/","https:\/\/www.instagram.com\/muharrem_kafexhiu\/"],"url":"https:\/\/permbledhja.com\/sq\/author\/admin\/"}]}},"_links":{"self":[{"href":"https:\/\/permbledhja.com\/sq\/wp-json\/wp\/v2\/posts\/13377"}],"collection":[{"href":"https:\/\/permbledhja.com\/sq\/wp-json\/wp\/v2\/posts"}],"about":[{"href":"https:\/\/permbledhja.com\/sq\/wp-json\/wp\/v2\/types\/post"}],"author":[{"embeddable":true,"href":"https:\/\/permbledhja.com\/sq\/wp-json\/wp\/v2\/users\/1"}],"replies":[{"embeddable":true,"href":"https:\/\/permbledhja.com\/sq\/wp-json\/wp\/v2\/comments?post=13377"}],"version-history":[{"count":1,"href":"https:\/\/permbledhja.com\/sq\/wp-json\/wp\/v2\/posts\/13377\/revisions"}],"predecessor-version":[{"id":13379,"href":"https:\/\/permbledhja.com\/sq\/wp-json\/wp\/v2\/posts\/13377\/revisions\/13379"}],"wp:featuredmedia":[{"embeddable":true,"href":"https:\/\/permbledhja.com\/sq\/wp-json\/wp\/v2\/media\/13378"}],"wp:attachment":[{"href":"https:\/\/permbledhja.com\/sq\/wp-json\/wp\/v2\/media?parent=13377"}],"wp:term":[{"taxonomy":"category","embeddable":true,"href":"https:\/\/permbledhja.com\/sq\/wp-json\/wp\/v2\/categories?post=13377"},{"taxonomy":"post_tag","embeddable":true,"href":"https:\/\/permbledhja.com\/sq\/wp-json\/wp\/v2\/tags?post=13377"}],"curies":[{"name":"wp","href":"https:\/\/api.w.org\/{rel}","templated":true}]}}