{"id":13349,"date":"2023-04-03T10:15:41","date_gmt":"2023-04-03T10:15:41","guid":{"rendered":"https:\/\/permbledhja.com\/?p=13349"},"modified":"2023-04-03T10:15:41","modified_gmt":"2023-04-03T10:15:41","slug":"policia-pergenjeshtron-listen-serbe-per-akuzat-se-zyrtaret-policore-kosovare-kane-shqetesuar-nje-grua-me-femije","status":"publish","type":"post","link":"https:\/\/permbledhja.com\/sq\/policia-pergenjeshtron-listen-serbe-per-akuzat-se-zyrtaret-policore-kosovare-kane-shqetesuar-nje-grua-me-femije\/","title":{"rendered":"Policia p\u00ebrg\u00ebnjeshtron List\u00ebn Serbe p\u00ebr akuzat se zyrtar\u00ebt policor\u00eb kosovar\u00eb kan\u00eb shqet\u00ebsuar nj\u00eb grua me f\u00ebmij\u00eb"},"content":{"rendered":"<p><strong>Policia e Kosov\u00ebs ka dal\u00eb me nj\u00eb komunikat\u00eb ku ka mohuar akuzat e List\u00ebs Serbe se zyrtar\u00ebt policor\u00eb kan\u00eb shqet\u00ebsuar nj\u00eb grua serbe.<\/strong><\/p>\n<p>P\u00ebrmes k\u00ebtij njoftimi, policia ka th\u00ebn\u00eb se gruaja ka ardhur me gjas\u00eb me q\u00ebllim pran\u00eb, vet\u00ebm sa p\u00ebr t\u00eb b\u00ebr\u00eb videon, nd\u00ebrsa zyrtar\u00ebt policor\u00eb kosovar\u00eb me mir\u00ebsjellje i kan\u00eb orientuar te organet kompetente.<\/p>\n<p><em>\u201cP\u00ebrgjat\u00eb realizimit t\u00eb pik\u00ebs s\u00eb kontrollit, diku rreth or\u00ebs 21:45 af\u00ebr nj\u00ebsis\u00eb policore ka shkuar nj\u00eb fem\u00ebr (grua) me nj\u00eb f\u00ebmij\u00eb n\u00eb dor\u00eb, bazuar n\u00eb gjuh\u00ebn e folur, mund t\u2019i p\u00ebrket komunitetit serb, e cila iu ka adresuar zyrtar\u00ebve policor\u00eb me pyetjet se pse po mbani pika kontrolli, pse po i ndaloni veturat, pse po na shqet\u00ebsoni, kinse edhe burri i saj ka ardhur i shqet\u00ebsuar n\u00eb sht\u00ebpi kur ka kaluar me automjet k\u00ebndej pari pran\u00eb patrull\u00ebs policore etj. Zyrtar\u00ebt policor\u00eb me mir\u00ebsjellje i jan\u00eb p\u00ebrgjigjur gruas, duke e njoftuar at\u00eb se ata jan\u00eb aty p\u00ebr t\u00eb ofruar siguri dhe se jan\u00eb n\u00eb sh\u00ebrbim t\u00eb t\u00eb gjith\u00eb qytetar\u00ebve\/banor\u00ebve t\u00eb Zve\u00e7anit pa dallim dhe se nuk ka asnj\u00eb ankes\u00eb ndaj pun\u00ebs, prezenc\u00ebs apo sjelljes s\u00eb zyrtar\u00ebve policor\u00eb dhe se n\u00ebse ju keni ndonj\u00eb ankes\u00eb p\u00ebr sjelljen e zyrtar\u00ebve mund t\u00eb adresoni ankes\u00eb n\u00eb stacion policor apo edhe te institucionet kompetente\u201d<\/em>, shkruan n\u00eb komunikat\u00eb.<\/p>\n<p>Tutje, thuhet se n\u00eb raportet zyrtare, v\u00ebrtetohet q\u00eb Policia e Kosov\u00ebs p\u00ebrmes sjelljes profesionale vazhdon t\u00eb mbetet e p\u00ebrkushtuar n\u00eb realizimin e detyrave dhe autorizimeve.<\/p>\n<p><em>\u201cAndaj, bazuar n\u00eb raportet zyrtare, v\u00ebrtetohet se Policia e Kosov\u00ebs p\u00ebrmes sjelljes profesionale vazhdon t\u00eb mbetet e p\u00ebrkushtuar n\u00eb realizimin e detyrave dhe autorizimeve ligjore, n\u00eb interes t\u00eb ruajtjes s\u00eb rendit dhe siguris\u00eb publike si dhe ofrimit t\u00eb siguris\u00eb ndaj t\u00eb gjith\u00eb qytetar\u00ebve pa dallim, dhe nj\u00ebkoh\u00ebsisht fton t\u00eb gjith\u00eb qytetar\u00ebt q\u00eb p\u00ebr \u00e7far\u00ebdo rasti apo k\u00ebrkese t\u2019i adresohen institucionit policor p\u00ebr trajtimin e tyre. Po ashtu ftojm\u00eb edhe mediat q\u00eb p\u00ebr informacione zyrtare t\u2019i adresohen Policis\u00eb s\u00eb Kosov\u00ebs\u201d<\/em>, thuhet tutje n\u00eb njoftim.<\/p>\n","protected":false},"excerpt":{"rendered":"<p>Policia e Kosov\u00ebs ka dal\u00eb me nj\u00eb komunikat\u00eb ku ka mohuar akuzat e List\u00ebs Serbe se zyrtar\u00ebt policor\u00eb kan\u00eb shqet\u00ebsuar nj\u00eb grua serbe. P\u00ebrmes k\u00ebtij njoftimi, policia ka th\u00ebn\u00eb se gruaja ka ardhur me gjas\u00eb me q\u00ebllim pran\u00eb, vet\u00ebm sa p\u00ebr t\u00eb b\u00ebr\u00eb videon, nd\u00ebrsa zyrtar\u00ebt policor\u00eb kosovar\u00eb me mir\u00ebsjellje i kan\u00eb orientuar te organet [&hellip;]<\/p>\n","protected":false},"author":1,"featured_media":1078,"comment_status":"closed","ping_status":"closed","sticky":false,"template":"","format":"standard","meta":{"_monsterinsights_skip_tracking":false,"_monsterinsights_sitenote_active":false,"_monsterinsights_sitenote_note":"","_monsterinsights_sitenote_category":0,"_uf_show_specific_survey":0,"_uf_disable_surveys":false,"footnotes":""},"categories":[23,15],"tags":[1005,50],"yoast_head":"<!-- This site is optimized with the Yoast SEO plugin v21.5 - https:\/\/yoast.com\/wordpress\/plugins\/seo\/ -->\n<title>Policia p\u00ebrg\u00ebnjeshtron List\u00ebn Serbe p\u00ebr akuzat se zyrtar\u00ebt policor\u00eb kosovar\u00eb kan\u00eb shqet\u00ebsuar nj\u00eb grua me f\u00ebmij\u00eb<\/title>\n<meta name=\"robots\" content=\"index, follow, max-snippet:-1, max-image-preview:large, max-video-preview:-1\" \/>\n<link rel=\"canonical\" href=\"https:\/\/permbledhja.com\/sq\/policia-pergenjeshtron-listen-serbe-per-akuzat-se-zyrtaret-policore-kosovare-kane-shqetesuar-nje-grua-me-femije\/\" \/>\n<meta property=\"og:locale\" content=\"sq_AL\" \/>\n<meta property=\"og:type\" content=\"article\" \/>\n<meta property=\"og:title\" content=\"Policia p\u00ebrg\u00ebnjeshtron List\u00ebn Serbe p\u00ebr akuzat se zyrtar\u00ebt policor\u00eb kosovar\u00eb kan\u00eb shqet\u00ebsuar nj\u00eb grua me f\u00ebmij\u00eb\" \/>\n<meta property=\"og:description\" content=\"Policia e Kosov\u00ebs ka dal\u00eb me nj\u00eb komunikat\u00eb ku ka mohuar akuzat e List\u00ebs Serbe se zyrtar\u00ebt policor\u00eb kan\u00eb shqet\u00ebsuar nj\u00eb grua serbe. P\u00ebrmes k\u00ebtij njoftimi, policia ka th\u00ebn\u00eb se gruaja ka ardhur me gjas\u00eb me q\u00ebllim pran\u00eb, vet\u00ebm sa p\u00ebr t\u00eb b\u00ebr\u00eb videon, nd\u00ebrsa zyrtar\u00ebt policor\u00eb kosovar\u00eb me mir\u00ebsjellje i kan\u00eb orientuar te organet [&hellip;]\" \/>\n<meta property=\"og:url\" content=\"https:\/\/permbledhja.com\/sq\/policia-pergenjeshtron-listen-serbe-per-akuzat-se-zyrtaret-policore-kosovare-kane-shqetesuar-nje-grua-me-femije\/\" \/>\n<meta property=\"og:site_name\" content=\"Ve\u00e7 artikuj p\u00ebrmbledh\u00ebs\" \/>\n<meta property=\"article:publisher\" content=\"https:\/\/www.facebook.com\/press07\/\" \/>\n<meta property=\"article:author\" content=\"https:\/\/www.facebook.com\/kafexhiu.muharrem\/\" \/>\n<meta property=\"article:published_time\" content=\"2023-04-03T10:15:41+00:00\" \/>\n<meta property=\"og:image\" content=\"https:\/\/permbledhja.com\/wp-content\/uploads\/2022\/07\/Policia-e-Kosoves-2-of-2.jpg\" \/>\n\t<meta property=\"og:image:width\" content=\"900\" \/>\n\t<meta property=\"og:image:height\" content=\"600\" \/>\n\t<meta property=\"og:image:type\" content=\"image\/jpeg\" \/>\n<meta name=\"author\" content=\"P\u00ebrmbledhja\" \/>\n<meta name=\"twitter:card\" content=\"summary_large_image\" \/>\n<meta name=\"twitter:label1\" content=\"Written by\" \/>\n\t<meta name=\"twitter:data1\" content=\"P\u00ebrmbledhja\" \/>\n\t<meta name=\"twitter:label2\" content=\"Est. reading time\" \/>\n\t<meta name=\"twitter:data2\" content=\"2 minuta\" \/>\n<script type=\"application\/ld+json\" class=\"yoast-schema-graph\">{\"@context\":\"https:\/\/schema.org\",\"@graph\":[{\"@type\":\"Article\",\"@id\":\"https:\/\/permbledhja.com\/policia-pergenjeshtron-listen-serbe-per-akuzat-se-zyrtaret-policore-kosovare-kane-shqetesuar-nje-grua-me-femije\/#article\",\"isPartOf\":{\"@id\":\"https:\/\/permbledhja.com\/policia-pergenjeshtron-listen-serbe-per-akuzat-se-zyrtaret-policore-kosovare-kane-shqetesuar-nje-grua-me-femije\/\"},\"author\":{\"name\":\"P\u00ebrmbledhja\",\"@id\":\"https:\/\/permbledhja.com\/#\/schema\/person\/0d064377258d3221e50693947b9eb4fe\"},\"headline\":\"Policia p\u00ebrg\u00ebnjeshtron List\u00ebn Serbe p\u00ebr akuzat se zyrtar\u00ebt policor\u00eb kosovar\u00eb kan\u00eb shqet\u00ebsuar nj\u00eb grua me f\u00ebmij\u00eb\",\"datePublished\":\"2023-04-03T10:15:41+00:00\",\"dateModified\":\"2023-04-03T10:15:41+00:00\",\"mainEntityOfPage\":{\"@id\":\"https:\/\/permbledhja.com\/policia-pergenjeshtron-listen-serbe-per-akuzat-se-zyrtaret-policore-kosovare-kane-shqetesuar-nje-grua-me-femije\/\"},\"wordCount\":403,\"publisher\":{\"@id\":\"https:\/\/permbledhja.com\/#organization\"},\"keywords\":[\"Lista Serbe\",\"Policia\"],\"articleSection\":[\"Komb\u00ebtare\",\"Lajme\"],\"inLanguage\":\"sq\"},{\"@type\":\"WebPage\",\"@id\":\"https:\/\/permbledhja.com\/policia-pergenjeshtron-listen-serbe-per-akuzat-se-zyrtaret-policore-kosovare-kane-shqetesuar-nje-grua-me-femije\/\",\"url\":\"https:\/\/permbledhja.com\/policia-pergenjeshtron-listen-serbe-per-akuzat-se-zyrtaret-policore-kosovare-kane-shqetesuar-nje-grua-me-femije\/\",\"name\":\"Policia p\u00ebrg\u00ebnjeshtron List\u00ebn Serbe p\u00ebr akuzat se zyrtar\u00ebt policor\u00eb kosovar\u00eb kan\u00eb shqet\u00ebsuar nj\u00eb grua me f\u00ebmij\u00eb\",\"isPartOf\":{\"@id\":\"https:\/\/permbledhja.com\/#website\"},\"datePublished\":\"2023-04-03T10:15:41+00:00\",\"dateModified\":\"2023-04-03T10:15:41+00:00\",\"breadcrumb\":{\"@id\":\"https:\/\/permbledhja.com\/policia-pergenjeshtron-listen-serbe-per-akuzat-se-zyrtaret-policore-kosovare-kane-shqetesuar-nje-grua-me-femije\/#breadcrumb\"},\"inLanguage\":\"sq\",\"potentialAction\":[{\"@type\":\"ReadAction\",\"target\":[\"https:\/\/permbledhja.com\/policia-pergenjeshtron-listen-serbe-per-akuzat-se-zyrtaret-policore-kosovare-kane-shqetesuar-nje-grua-me-femije\/\"]}]},{\"@type\":\"BreadcrumbList\",\"@id\":\"https:\/\/permbledhja.com\/policia-pergenjeshtron-listen-serbe-per-akuzat-se-zyrtaret-policore-kosovare-kane-shqetesuar-nje-grua-me-femije\/#breadcrumb\",\"itemListElement\":[{\"@type\":\"ListItem\",\"position\":1,\"name\":\"Ballina\",\"item\":\"https:\/\/permbledhja.com\/sq\/\"},{\"@type\":\"ListItem\",\"position\":2,\"name\":\"Policia p\u00ebrg\u00ebnjeshtron List\u00ebn Serbe p\u00ebr akuzat se zyrtar\u00ebt policor\u00eb kosovar\u00eb kan\u00eb shqet\u00ebsuar nj\u00eb grua me f\u00ebmij\u00eb\"}]},{\"@type\":\"WebSite\",\"@id\":\"https:\/\/permbledhja.com\/#website\",\"url\":\"https:\/\/permbledhja.com\/\",\"name\":\"Ve\u00e7 artikuj p\u00ebrmbledh\u00ebs\",\"description\":\"\",\"publisher\":{\"@id\":\"https:\/\/permbledhja.com\/#organization\"},\"potentialAction\":[{\"@type\":\"SearchAction\",\"target\":{\"@type\":\"EntryPoint\",\"urlTemplate\":\"https:\/\/permbledhja.com\/?s={search_term_string}\"},\"query-input\":\"required name=search_term_string\"}],\"inLanguage\":\"sq\"},{\"@type\":\"Organization\",\"@id\":\"https:\/\/permbledhja.com\/#organization\",\"name\":\"MK Media & Pr\",\"url\":\"https:\/\/permbledhja.com\/\",\"logo\":{\"@type\":\"ImageObject\",\"inLanguage\":\"sq\",\"@id\":\"https:\/\/permbledhja.com\/#\/schema\/logo\/image\/\",\"url\":\"https:\/\/permbledhja.com\/wp-content\/uploads\/2021\/12\/07-Press-Logo.jpg\",\"contentUrl\":\"https:\/\/permbledhja.com\/wp-content\/uploads\/2021\/12\/07-Press-Logo.jpg\",\"width\":512,\"height\":512,\"caption\":\"MK Media & Pr\"},\"image\":{\"@id\":\"https:\/\/permbledhja.com\/#\/schema\/logo\/image\/\"},\"sameAs\":[\"https:\/\/www.facebook.com\/press07\/\"]},{\"@type\":\"Person\",\"@id\":\"https:\/\/permbledhja.com\/#\/schema\/person\/0d064377258d3221e50693947b9eb4fe\",\"name\":\"P\u00ebrmbledhja\",\"image\":{\"@type\":\"ImageObject\",\"inLanguage\":\"sq\",\"@id\":\"https:\/\/permbledhja.com\/#\/schema\/person\/image\/\",\"url\":\"https:\/\/permbledhja.com\/wp-content\/uploads\/2026\/01\/452004717_1040944174702970_8932037511805513407_n-96x96.jpg\",\"contentUrl\":\"https:\/\/permbledhja.com\/wp-content\/uploads\/2026\/01\/452004717_1040944174702970_8932037511805513407_n-96x96.jpg\",\"caption\":\"P\u00ebrmbledhja\"},\"sameAs\":[\"https:\/\/www.facebook.com\/kafexhiu.muharrem\/\",\"https:\/\/www.instagram.com\/muharrem_kafexhiu\/\"],\"url\":\"https:\/\/permbledhja.com\/sq\/author\/admin\/\"}]}<\/script>\n<!-- \/ Yoast SEO plugin. -->","yoast_head_json":{"title":"Policia p\u00ebrg\u00ebnjeshtron List\u00ebn Serbe p\u00ebr akuzat se zyrtar\u00ebt policor\u00eb kosovar\u00eb kan\u00eb shqet\u00ebsuar nj\u00eb grua me f\u00ebmij\u00eb","robots":{"index":"index","follow":"follow","max-snippet":"max-snippet:-1","max-image-preview":"max-image-preview:large","max-video-preview":"max-video-preview:-1"},"canonical":"https:\/\/permbledhja.com\/sq\/policia-pergenjeshtron-listen-serbe-per-akuzat-se-zyrtaret-policore-kosovare-kane-shqetesuar-nje-grua-me-femije\/","og_locale":"sq_AL","og_type":"article","og_title":"Policia p\u00ebrg\u00ebnjeshtron List\u00ebn Serbe p\u00ebr akuzat se zyrtar\u00ebt policor\u00eb kosovar\u00eb kan\u00eb shqet\u00ebsuar nj\u00eb grua me f\u00ebmij\u00eb","og_description":"Policia e Kosov\u00ebs ka dal\u00eb me nj\u00eb komunikat\u00eb ku ka mohuar akuzat e List\u00ebs Serbe se zyrtar\u00ebt policor\u00eb kan\u00eb shqet\u00ebsuar nj\u00eb grua serbe. P\u00ebrmes k\u00ebtij njoftimi, policia ka th\u00ebn\u00eb se gruaja ka ardhur me gjas\u00eb me q\u00ebllim pran\u00eb, vet\u00ebm sa p\u00ebr t\u00eb b\u00ebr\u00eb videon, nd\u00ebrsa zyrtar\u00ebt policor\u00eb kosovar\u00eb me mir\u00ebsjellje i kan\u00eb orientuar te organet [&hellip;]","og_url":"https:\/\/permbledhja.com\/sq\/policia-pergenjeshtron-listen-serbe-per-akuzat-se-zyrtaret-policore-kosovare-kane-shqetesuar-nje-grua-me-femije\/","og_site_name":"Ve\u00e7 artikuj p\u00ebrmbledh\u00ebs","article_publisher":"https:\/\/www.facebook.com\/press07\/","article_author":"https:\/\/www.facebook.com\/kafexhiu.muharrem\/","article_published_time":"2023-04-03T10:15:41+00:00","og_image":[{"width":900,"height":600,"url":"https:\/\/permbledhja.com\/wp-content\/uploads\/2022\/07\/Policia-e-Kosoves-2-of-2.jpg","type":"image\/jpeg"}],"author":"P\u00ebrmbledhja","twitter_card":"summary_large_image","twitter_misc":{"Written by":"P\u00ebrmbledhja","Est. reading time":"2 minuta"},"schema":{"@context":"https:\/\/schema.org","@graph":[{"@type":"Article","@id":"https:\/\/permbledhja.com\/policia-pergenjeshtron-listen-serbe-per-akuzat-se-zyrtaret-policore-kosovare-kane-shqetesuar-nje-grua-me-femije\/#article","isPartOf":{"@id":"https:\/\/permbledhja.com\/policia-pergenjeshtron-listen-serbe-per-akuzat-se-zyrtaret-policore-kosovare-kane-shqetesuar-nje-grua-me-femije\/"},"author":{"name":"P\u00ebrmbledhja","@id":"https:\/\/permbledhja.com\/#\/schema\/person\/0d064377258d3221e50693947b9eb4fe"},"headline":"Policia p\u00ebrg\u00ebnjeshtron List\u00ebn Serbe p\u00ebr akuzat se zyrtar\u00ebt policor\u00eb kosovar\u00eb kan\u00eb shqet\u00ebsuar nj\u00eb grua me f\u00ebmij\u00eb","datePublished":"2023-04-03T10:15:41+00:00","dateModified":"2023-04-03T10:15:41+00:00","mainEntityOfPage":{"@id":"https:\/\/permbledhja.com\/policia-pergenjeshtron-listen-serbe-per-akuzat-se-zyrtaret-policore-kosovare-kane-shqetesuar-nje-grua-me-femije\/"},"wordCount":403,"publisher":{"@id":"https:\/\/permbledhja.com\/#organization"},"keywords":["Lista Serbe","Policia"],"articleSection":["Komb\u00ebtare","Lajme"],"inLanguage":"sq"},{"@type":"WebPage","@id":"https:\/\/permbledhja.com\/policia-pergenjeshtron-listen-serbe-per-akuzat-se-zyrtaret-policore-kosovare-kane-shqetesuar-nje-grua-me-femije\/","url":"https:\/\/permbledhja.com\/policia-pergenjeshtron-listen-serbe-per-akuzat-se-zyrtaret-policore-kosovare-kane-shqetesuar-nje-grua-me-femije\/","name":"Policia p\u00ebrg\u00ebnjeshtron List\u00ebn Serbe p\u00ebr akuzat se zyrtar\u00ebt policor\u00eb kosovar\u00eb kan\u00eb shqet\u00ebsuar nj\u00eb grua me f\u00ebmij\u00eb","isPartOf":{"@id":"https:\/\/permbledhja.com\/#website"},"datePublished":"2023-04-03T10:15:41+00:00","dateModified":"2023-04-03T10:15:41+00:00","breadcrumb":{"@id":"https:\/\/permbledhja.com\/policia-pergenjeshtron-listen-serbe-per-akuzat-se-zyrtaret-policore-kosovare-kane-shqetesuar-nje-grua-me-femije\/#breadcrumb"},"inLanguage":"sq","potentialAction":[{"@type":"ReadAction","target":["https:\/\/permbledhja.com\/policia-pergenjeshtron-listen-serbe-per-akuzat-se-zyrtaret-policore-kosovare-kane-shqetesuar-nje-grua-me-femije\/"]}]},{"@type":"BreadcrumbList","@id":"https:\/\/permbledhja.com\/policia-pergenjeshtron-listen-serbe-per-akuzat-se-zyrtaret-policore-kosovare-kane-shqetesuar-nje-grua-me-femije\/#breadcrumb","itemListElement":[{"@type":"ListItem","position":1,"name":"Ballina","item":"https:\/\/permbledhja.com\/sq\/"},{"@type":"ListItem","position":2,"name":"Policia p\u00ebrg\u00ebnjeshtron List\u00ebn Serbe p\u00ebr akuzat se zyrtar\u00ebt policor\u00eb kosovar\u00eb kan\u00eb shqet\u00ebsuar nj\u00eb grua me f\u00ebmij\u00eb"}]},{"@type":"WebSite","@id":"https:\/\/permbledhja.com\/#website","url":"https:\/\/permbledhja.com\/","name":"Ve\u00e7 artikuj p\u00ebrmbledh\u00ebs","description":"","publisher":{"@id":"https:\/\/permbledhja.com\/#organization"},"potentialAction":[{"@type":"SearchAction","target":{"@type":"EntryPoint","urlTemplate":"https:\/\/permbledhja.com\/?s={search_term_string}"},"query-input":"required name=search_term_string"}],"inLanguage":"sq"},{"@type":"Organization","@id":"https:\/\/permbledhja.com\/#organization","name":"MK Media & Pr","url":"https:\/\/permbledhja.com\/","logo":{"@type":"ImageObject","inLanguage":"sq","@id":"https:\/\/permbledhja.com\/#\/schema\/logo\/image\/","url":"https:\/\/permbledhja.com\/wp-content\/uploads\/2021\/12\/07-Press-Logo.jpg","contentUrl":"https:\/\/permbledhja.com\/wp-content\/uploads\/2021\/12\/07-Press-Logo.jpg","width":512,"height":512,"caption":"MK Media & Pr"},"image":{"@id":"https:\/\/permbledhja.com\/#\/schema\/logo\/image\/"},"sameAs":["https:\/\/www.facebook.com\/press07\/"]},{"@type":"Person","@id":"https:\/\/permbledhja.com\/#\/schema\/person\/0d064377258d3221e50693947b9eb4fe","name":"P\u00ebrmbledhja","image":{"@type":"ImageObject","inLanguage":"sq","@id":"https:\/\/permbledhja.com\/#\/schema\/person\/image\/","url":"https:\/\/permbledhja.com\/wp-content\/uploads\/2026\/01\/452004717_1040944174702970_8932037511805513407_n-96x96.jpg","contentUrl":"https:\/\/permbledhja.com\/wp-content\/uploads\/2026\/01\/452004717_1040944174702970_8932037511805513407_n-96x96.jpg","caption":"P\u00ebrmbledhja"},"sameAs":["https:\/\/www.facebook.com\/kafexhiu.muharrem\/","https:\/\/www.instagram.com\/muharrem_kafexhiu\/"],"url":"https:\/\/permbledhja.com\/sq\/author\/admin\/"}]}},"_links":{"self":[{"href":"https:\/\/permbledhja.com\/sq\/wp-json\/wp\/v2\/posts\/13349"}],"collection":[{"href":"https:\/\/permbledhja.com\/sq\/wp-json\/wp\/v2\/posts"}],"about":[{"href":"https:\/\/permbledhja.com\/sq\/wp-json\/wp\/v2\/types\/post"}],"author":[{"embeddable":true,"href":"https:\/\/permbledhja.com\/sq\/wp-json\/wp\/v2\/users\/1"}],"replies":[{"embeddable":true,"href":"https:\/\/permbledhja.com\/sq\/wp-json\/wp\/v2\/comments?post=13349"}],"version-history":[{"count":2,"href":"https:\/\/permbledhja.com\/sq\/wp-json\/wp\/v2\/posts\/13349\/revisions"}],"predecessor-version":[{"id":13351,"href":"https:\/\/permbledhja.com\/sq\/wp-json\/wp\/v2\/posts\/13349\/revisions\/13351"}],"wp:featuredmedia":[{"embeddable":true,"href":"https:\/\/permbledhja.com\/sq\/wp-json\/wp\/v2\/media\/1078"}],"wp:attachment":[{"href":"https:\/\/permbledhja.com\/sq\/wp-json\/wp\/v2\/media?parent=13349"}],"wp:term":[{"taxonomy":"category","embeddable":true,"href":"https:\/\/permbledhja.com\/sq\/wp-json\/wp\/v2\/categories?post=13349"},{"taxonomy":"post_tag","embeddable":true,"href":"https:\/\/permbledhja.com\/sq\/wp-json\/wp\/v2\/tags?post=13349"}],"curies":[{"name":"wp","href":"https:\/\/api.w.org\/{rel}","templated":true}]}}