{"id":13144,"date":"2023-03-30T19:42:15","date_gmt":"2023-03-30T19:42:15","guid":{"rendered":"https:\/\/permbledhja.com\/?p=13144"},"modified":"2023-03-30T19:42:15","modified_gmt":"2023-03-30T19:42:15","slug":"kurti-veshtire-eshte-qe-pernjehere-te-zvogelohet-migrimi","status":"publish","type":"post","link":"https:\/\/permbledhja.com\/sq\/kurti-veshtire-eshte-qe-pernjehere-te-zvogelohet-migrimi\/","title":{"rendered":"Kurti: V\u00ebshtir\u00eb \u00ebsht\u00eb q\u00eb p\u00ebrnj\u00ebher\u00eb t\u00eb zvog\u00eblohet migrimi"},"content":{"rendered":"<p><strong>Sonte, n\u00eb edicionin e emisionit Rubikon n\u00eb Klan Kosova, p\u00ebrball\u00eb Adriatik Kelmendit, kryeministri i Kosov\u00ebs, Albin Kurti, foli rreth qeverisjes s\u00eb tij dyvje\u00e7are.<\/strong><\/p>\n<p>Kurti tha se \u00ebsht\u00eb e v\u00ebshtir\u00eb q\u00eb p\u00ebrnj\u00ebher\u00eb t\u00eb zvog\u00eblohet migrimi i popullsis\u00eb.<\/p>\n<p>\u201cNuk mundemi q\u00eb p\u00ebrnj\u00ebher\u00eb, madje as shpejt, q\u00eb migrimin ta zvog\u00eblojm\u00eb deri n\u00eb mas\u00ebn q\u00eb pun\u00ebsimi t\u00eb jet\u00eb m\u00eb i madh se ai\u201d, tha Kurti.<\/p>\n<p>Ai theksoi se nuk i ndihmohet atyre q\u00eb e kan\u00eb humbur shpres\u00ebn duke iu th\u00ebn\u00eb se e \u201ckan\u00eb humbur shpres\u00ebn\u201d.<\/p>\n<p>\u201cN\u00ebse \u00ebsht\u00eb dikush af\u00ebr humbjes s\u00eb shpres\u00ebs se ka edhe t\u00eb till\u00eb, nuk ndihmon t\u2019ju themi se po e humbin shpres\u00ebn. \u00cbsht\u00eb e r\u00ebnd\u00ebsishme edhe ky aspekt. N\u00eb thelb t\u00eb \u00e7\u00ebshtjes \u00ebsht\u00eb mungesa e prodhimtaris\u00eb vendore, struktura e ekonomis\u00eb tek ne, e cila \u00ebsht\u00eb bazuar shum\u00eb n\u00eb import, konsum, n\u00eb financa por jo n\u00eb p\u00ebrpunim dhe prodhim. Dhe, vet\u00ebm tash m\u00eb n\u00eb fund kan\u00eb filluar t\u00eb rriten eksportet dhe t\u00eb hapen vendet e reja t\u00eb pun\u00ebs\u201d, tha ai\/ <a href=\"https:\/\/klankosova.tv\/kurti-eshte-e-veshtire-qe-pernjehere-ta-zvogelojme-migrimin-video\/\">Klankosova.tv<\/a><\/p>\n<p>&nbsp;<\/p>\n","protected":false},"excerpt":{"rendered":"<p>Sonte, n\u00eb edicionin e emisionit Rubikon n\u00eb Klan Kosova, p\u00ebrball\u00eb Adriatik Kelmendit, kryeministri i Kosov\u00ebs, Albin Kurti, foli rreth qeverisjes s\u00eb tij dyvje\u00e7are. Kurti tha se \u00ebsht\u00eb e v\u00ebshtir\u00eb q\u00eb p\u00ebrnj\u00ebher\u00eb t\u00eb zvog\u00eblohet migrimi i popullsis\u00eb. \u201cNuk mundemi q\u00eb p\u00ebrnj\u00ebher\u00eb, madje as shpejt, q\u00eb migrimin ta zvog\u00eblojm\u00eb deri n\u00eb mas\u00ebn q\u00eb pun\u00ebsimi t\u00eb jet\u00eb m\u00eb [&hellip;]<\/p>\n","protected":false},"author":1,"featured_media":13145,"comment_status":"closed","ping_status":"closed","sticky":false,"template":"","format":"standard","meta":{"_monsterinsights_skip_tracking":false,"_monsterinsights_sitenote_active":false,"_monsterinsights_sitenote_note":"","_monsterinsights_sitenote_category":0,"_uf_show_specific_survey":0,"_uf_disable_surveys":false,"footnotes":""},"categories":[1146],"tags":[],"yoast_head":"<!-- This site is optimized with the Yoast SEO plugin v21.5 - https:\/\/yoast.com\/wordpress\/plugins\/seo\/ -->\n<title>Kurti: V\u00ebshtir\u00eb \u00ebsht\u00eb q\u00eb p\u00ebrnj\u00ebher\u00eb t\u00eb zvog\u00eblohet migrimi<\/title>\n<meta name=\"robots\" content=\"index, follow, max-snippet:-1, max-image-preview:large, max-video-preview:-1\" \/>\n<link rel=\"canonical\" href=\"https:\/\/permbledhja.com\/sq\/kurti-veshtire-eshte-qe-pernjehere-te-zvogelohet-migrimi\/\" \/>\n<meta property=\"og:locale\" content=\"sq_AL\" \/>\n<meta property=\"og:type\" content=\"article\" \/>\n<meta property=\"og:title\" content=\"Kurti: V\u00ebshtir\u00eb \u00ebsht\u00eb q\u00eb p\u00ebrnj\u00ebher\u00eb t\u00eb zvog\u00eblohet migrimi\" \/>\n<meta property=\"og:description\" content=\"Sonte, n\u00eb edicionin e emisionit Rubikon n\u00eb Klan Kosova, p\u00ebrball\u00eb Adriatik Kelmendit, kryeministri i Kosov\u00ebs, Albin Kurti, foli rreth qeverisjes s\u00eb tij dyvje\u00e7are. Kurti tha se \u00ebsht\u00eb e v\u00ebshtir\u00eb q\u00eb p\u00ebrnj\u00ebher\u00eb t\u00eb zvog\u00eblohet migrimi i popullsis\u00eb. \u201cNuk mundemi q\u00eb p\u00ebrnj\u00ebher\u00eb, madje as shpejt, q\u00eb migrimin ta zvog\u00eblojm\u00eb deri n\u00eb mas\u00ebn q\u00eb pun\u00ebsimi t\u00eb jet\u00eb m\u00eb [&hellip;]\" \/>\n<meta property=\"og:url\" content=\"https:\/\/permbledhja.com\/sq\/kurti-veshtire-eshte-qe-pernjehere-te-zvogelohet-migrimi\/\" \/>\n<meta property=\"og:site_name\" content=\"Ve\u00e7 artikuj p\u00ebrmbledh\u00ebs\" \/>\n<meta property=\"article:publisher\" content=\"https:\/\/www.facebook.com\/press07\/\" \/>\n<meta property=\"article:author\" content=\"https:\/\/www.facebook.com\/kafexhiu.muharrem\/\" \/>\n<meta property=\"article:published_time\" content=\"2023-03-30T19:42:15+00:00\" \/>\n<meta property=\"og:image\" content=\"https:\/\/permbledhja.com\/wp-content\/uploads\/2023\/03\/Screenshot-2023-03-30-214133.png\" \/>\n\t<meta property=\"og:image:width\" content=\"1381\" \/>\n\t<meta property=\"og:image:height\" content=\"834\" \/>\n\t<meta property=\"og:image:type\" content=\"image\/png\" \/>\n<meta name=\"author\" content=\"P\u00ebrmbledhja\" \/>\n<meta name=\"twitter:card\" content=\"summary_large_image\" \/>\n<meta name=\"twitter:label1\" content=\"Written by\" \/>\n\t<meta name=\"twitter:data1\" content=\"P\u00ebrmbledhja\" \/>\n\t<meta name=\"twitter:label2\" content=\"Est. reading time\" \/>\n\t<meta name=\"twitter:data2\" content=\"1 minut\u00eb\" \/>\n<script type=\"application\/ld+json\" class=\"yoast-schema-graph\">{\"@context\":\"https:\/\/schema.org\",\"@graph\":[{\"@type\":\"Article\",\"@id\":\"https:\/\/permbledhja.com\/kurti-veshtire-eshte-qe-pernjehere-te-zvogelohet-migrimi\/#article\",\"isPartOf\":{\"@id\":\"https:\/\/permbledhja.com\/kurti-veshtire-eshte-qe-pernjehere-te-zvogelohet-migrimi\/\"},\"author\":{\"name\":\"P\u00ebrmbledhja\",\"@id\":\"https:\/\/permbledhja.com\/#\/schema\/person\/0d064377258d3221e50693947b9eb4fe\"},\"headline\":\"Kurti: V\u00ebshtir\u00eb \u00ebsht\u00eb q\u00eb p\u00ebrnj\u00ebher\u00eb t\u00eb zvog\u00eblohet migrimi\",\"datePublished\":\"2023-03-30T19:42:15+00:00\",\"dateModified\":\"2023-03-30T19:42:15+00:00\",\"mainEntityOfPage\":{\"@id\":\"https:\/\/permbledhja.com\/kurti-veshtire-eshte-qe-pernjehere-te-zvogelohet-migrimi\/\"},\"wordCount\":199,\"publisher\":{\"@id\":\"https:\/\/permbledhja.com\/#organization\"},\"articleSection\":[\"Kryesoret\"],\"inLanguage\":\"sq\"},{\"@type\":\"WebPage\",\"@id\":\"https:\/\/permbledhja.com\/kurti-veshtire-eshte-qe-pernjehere-te-zvogelohet-migrimi\/\",\"url\":\"https:\/\/permbledhja.com\/kurti-veshtire-eshte-qe-pernjehere-te-zvogelohet-migrimi\/\",\"name\":\"Kurti: V\u00ebshtir\u00eb \u00ebsht\u00eb q\u00eb p\u00ebrnj\u00ebher\u00eb t\u00eb zvog\u00eblohet migrimi\",\"isPartOf\":{\"@id\":\"https:\/\/permbledhja.com\/#website\"},\"datePublished\":\"2023-03-30T19:42:15+00:00\",\"dateModified\":\"2023-03-30T19:42:15+00:00\",\"breadcrumb\":{\"@id\":\"https:\/\/permbledhja.com\/kurti-veshtire-eshte-qe-pernjehere-te-zvogelohet-migrimi\/#breadcrumb\"},\"inLanguage\":\"sq\",\"potentialAction\":[{\"@type\":\"ReadAction\",\"target\":[\"https:\/\/permbledhja.com\/kurti-veshtire-eshte-qe-pernjehere-te-zvogelohet-migrimi\/\"]}]},{\"@type\":\"BreadcrumbList\",\"@id\":\"https:\/\/permbledhja.com\/kurti-veshtire-eshte-qe-pernjehere-te-zvogelohet-migrimi\/#breadcrumb\",\"itemListElement\":[{\"@type\":\"ListItem\",\"position\":1,\"name\":\"Ballina\",\"item\":\"https:\/\/permbledhja.com\/sq\/\"},{\"@type\":\"ListItem\",\"position\":2,\"name\":\"Kurti: V\u00ebshtir\u00eb \u00ebsht\u00eb q\u00eb p\u00ebrnj\u00ebher\u00eb t\u00eb zvog\u00eblohet migrimi\"}]},{\"@type\":\"WebSite\",\"@id\":\"https:\/\/permbledhja.com\/#website\",\"url\":\"https:\/\/permbledhja.com\/\",\"name\":\"Ve\u00e7 artikuj p\u00ebrmbledh\u00ebs\",\"description\":\"\",\"publisher\":{\"@id\":\"https:\/\/permbledhja.com\/#organization\"},\"potentialAction\":[{\"@type\":\"SearchAction\",\"target\":{\"@type\":\"EntryPoint\",\"urlTemplate\":\"https:\/\/permbledhja.com\/?s={search_term_string}\"},\"query-input\":\"required name=search_term_string\"}],\"inLanguage\":\"sq\"},{\"@type\":\"Organization\",\"@id\":\"https:\/\/permbledhja.com\/#organization\",\"name\":\"MK Media & Pr\",\"url\":\"https:\/\/permbledhja.com\/\",\"logo\":{\"@type\":\"ImageObject\",\"inLanguage\":\"sq\",\"@id\":\"https:\/\/permbledhja.com\/#\/schema\/logo\/image\/\",\"url\":\"https:\/\/permbledhja.com\/wp-content\/uploads\/2021\/12\/07-Press-Logo.jpg\",\"contentUrl\":\"https:\/\/permbledhja.com\/wp-content\/uploads\/2021\/12\/07-Press-Logo.jpg\",\"width\":512,\"height\":512,\"caption\":\"MK Media & Pr\"},\"image\":{\"@id\":\"https:\/\/permbledhja.com\/#\/schema\/logo\/image\/\"},\"sameAs\":[\"https:\/\/www.facebook.com\/press07\/\"]},{\"@type\":\"Person\",\"@id\":\"https:\/\/permbledhja.com\/#\/schema\/person\/0d064377258d3221e50693947b9eb4fe\",\"name\":\"P\u00ebrmbledhja\",\"image\":{\"@type\":\"ImageObject\",\"inLanguage\":\"sq\",\"@id\":\"https:\/\/permbledhja.com\/#\/schema\/person\/image\/\",\"url\":\"https:\/\/permbledhja.com\/wp-content\/uploads\/2026\/01\/452004717_1040944174702970_8932037511805513407_n-96x96.jpg\",\"contentUrl\":\"https:\/\/permbledhja.com\/wp-content\/uploads\/2026\/01\/452004717_1040944174702970_8932037511805513407_n-96x96.jpg\",\"caption\":\"P\u00ebrmbledhja\"},\"sameAs\":[\"https:\/\/www.facebook.com\/kafexhiu.muharrem\/\",\"https:\/\/www.instagram.com\/muharrem_kafexhiu\/\"],\"url\":\"https:\/\/permbledhja.com\/sq\/author\/admin\/\"}]}<\/script>\n<!-- \/ Yoast SEO plugin. -->","yoast_head_json":{"title":"Kurti: V\u00ebshtir\u00eb \u00ebsht\u00eb q\u00eb p\u00ebrnj\u00ebher\u00eb t\u00eb zvog\u00eblohet migrimi","robots":{"index":"index","follow":"follow","max-snippet":"max-snippet:-1","max-image-preview":"max-image-preview:large","max-video-preview":"max-video-preview:-1"},"canonical":"https:\/\/permbledhja.com\/sq\/kurti-veshtire-eshte-qe-pernjehere-te-zvogelohet-migrimi\/","og_locale":"sq_AL","og_type":"article","og_title":"Kurti: V\u00ebshtir\u00eb \u00ebsht\u00eb q\u00eb p\u00ebrnj\u00ebher\u00eb t\u00eb zvog\u00eblohet migrimi","og_description":"Sonte, n\u00eb edicionin e emisionit Rubikon n\u00eb Klan Kosova, p\u00ebrball\u00eb Adriatik Kelmendit, kryeministri i Kosov\u00ebs, Albin Kurti, foli rreth qeverisjes s\u00eb tij dyvje\u00e7are. Kurti tha se \u00ebsht\u00eb e v\u00ebshtir\u00eb q\u00eb p\u00ebrnj\u00ebher\u00eb t\u00eb zvog\u00eblohet migrimi i popullsis\u00eb. \u201cNuk mundemi q\u00eb p\u00ebrnj\u00ebher\u00eb, madje as shpejt, q\u00eb migrimin ta zvog\u00eblojm\u00eb deri n\u00eb mas\u00ebn q\u00eb pun\u00ebsimi t\u00eb jet\u00eb m\u00eb [&hellip;]","og_url":"https:\/\/permbledhja.com\/sq\/kurti-veshtire-eshte-qe-pernjehere-te-zvogelohet-migrimi\/","og_site_name":"Ve\u00e7 artikuj p\u00ebrmbledh\u00ebs","article_publisher":"https:\/\/www.facebook.com\/press07\/","article_author":"https:\/\/www.facebook.com\/kafexhiu.muharrem\/","article_published_time":"2023-03-30T19:42:15+00:00","og_image":[{"width":1381,"height":834,"url":"https:\/\/permbledhja.com\/wp-content\/uploads\/2023\/03\/Screenshot-2023-03-30-214133.png","type":"image\/png"}],"author":"P\u00ebrmbledhja","twitter_card":"summary_large_image","twitter_misc":{"Written by":"P\u00ebrmbledhja","Est. reading time":"1 minut\u00eb"},"schema":{"@context":"https:\/\/schema.org","@graph":[{"@type":"Article","@id":"https:\/\/permbledhja.com\/kurti-veshtire-eshte-qe-pernjehere-te-zvogelohet-migrimi\/#article","isPartOf":{"@id":"https:\/\/permbledhja.com\/kurti-veshtire-eshte-qe-pernjehere-te-zvogelohet-migrimi\/"},"author":{"name":"P\u00ebrmbledhja","@id":"https:\/\/permbledhja.com\/#\/schema\/person\/0d064377258d3221e50693947b9eb4fe"},"headline":"Kurti: V\u00ebshtir\u00eb \u00ebsht\u00eb q\u00eb p\u00ebrnj\u00ebher\u00eb t\u00eb zvog\u00eblohet migrimi","datePublished":"2023-03-30T19:42:15+00:00","dateModified":"2023-03-30T19:42:15+00:00","mainEntityOfPage":{"@id":"https:\/\/permbledhja.com\/kurti-veshtire-eshte-qe-pernjehere-te-zvogelohet-migrimi\/"},"wordCount":199,"publisher":{"@id":"https:\/\/permbledhja.com\/#organization"},"articleSection":["Kryesoret"],"inLanguage":"sq"},{"@type":"WebPage","@id":"https:\/\/permbledhja.com\/kurti-veshtire-eshte-qe-pernjehere-te-zvogelohet-migrimi\/","url":"https:\/\/permbledhja.com\/kurti-veshtire-eshte-qe-pernjehere-te-zvogelohet-migrimi\/","name":"Kurti: V\u00ebshtir\u00eb \u00ebsht\u00eb q\u00eb p\u00ebrnj\u00ebher\u00eb t\u00eb zvog\u00eblohet migrimi","isPartOf":{"@id":"https:\/\/permbledhja.com\/#website"},"datePublished":"2023-03-30T19:42:15+00:00","dateModified":"2023-03-30T19:42:15+00:00","breadcrumb":{"@id":"https:\/\/permbledhja.com\/kurti-veshtire-eshte-qe-pernjehere-te-zvogelohet-migrimi\/#breadcrumb"},"inLanguage":"sq","potentialAction":[{"@type":"ReadAction","target":["https:\/\/permbledhja.com\/kurti-veshtire-eshte-qe-pernjehere-te-zvogelohet-migrimi\/"]}]},{"@type":"BreadcrumbList","@id":"https:\/\/permbledhja.com\/kurti-veshtire-eshte-qe-pernjehere-te-zvogelohet-migrimi\/#breadcrumb","itemListElement":[{"@type":"ListItem","position":1,"name":"Ballina","item":"https:\/\/permbledhja.com\/sq\/"},{"@type":"ListItem","position":2,"name":"Kurti: V\u00ebshtir\u00eb \u00ebsht\u00eb q\u00eb p\u00ebrnj\u00ebher\u00eb t\u00eb zvog\u00eblohet migrimi"}]},{"@type":"WebSite","@id":"https:\/\/permbledhja.com\/#website","url":"https:\/\/permbledhja.com\/","name":"Ve\u00e7 artikuj p\u00ebrmbledh\u00ebs","description":"","publisher":{"@id":"https:\/\/permbledhja.com\/#organization"},"potentialAction":[{"@type":"SearchAction","target":{"@type":"EntryPoint","urlTemplate":"https:\/\/permbledhja.com\/?s={search_term_string}"},"query-input":"required name=search_term_string"}],"inLanguage":"sq"},{"@type":"Organization","@id":"https:\/\/permbledhja.com\/#organization","name":"MK Media & Pr","url":"https:\/\/permbledhja.com\/","logo":{"@type":"ImageObject","inLanguage":"sq","@id":"https:\/\/permbledhja.com\/#\/schema\/logo\/image\/","url":"https:\/\/permbledhja.com\/wp-content\/uploads\/2021\/12\/07-Press-Logo.jpg","contentUrl":"https:\/\/permbledhja.com\/wp-content\/uploads\/2021\/12\/07-Press-Logo.jpg","width":512,"height":512,"caption":"MK Media & Pr"},"image":{"@id":"https:\/\/permbledhja.com\/#\/schema\/logo\/image\/"},"sameAs":["https:\/\/www.facebook.com\/press07\/"]},{"@type":"Person","@id":"https:\/\/permbledhja.com\/#\/schema\/person\/0d064377258d3221e50693947b9eb4fe","name":"P\u00ebrmbledhja","image":{"@type":"ImageObject","inLanguage":"sq","@id":"https:\/\/permbledhja.com\/#\/schema\/person\/image\/","url":"https:\/\/permbledhja.com\/wp-content\/uploads\/2026\/01\/452004717_1040944174702970_8932037511805513407_n-96x96.jpg","contentUrl":"https:\/\/permbledhja.com\/wp-content\/uploads\/2026\/01\/452004717_1040944174702970_8932037511805513407_n-96x96.jpg","caption":"P\u00ebrmbledhja"},"sameAs":["https:\/\/www.facebook.com\/kafexhiu.muharrem\/","https:\/\/www.instagram.com\/muharrem_kafexhiu\/"],"url":"https:\/\/permbledhja.com\/sq\/author\/admin\/"}]}},"_links":{"self":[{"href":"https:\/\/permbledhja.com\/sq\/wp-json\/wp\/v2\/posts\/13144"}],"collection":[{"href":"https:\/\/permbledhja.com\/sq\/wp-json\/wp\/v2\/posts"}],"about":[{"href":"https:\/\/permbledhja.com\/sq\/wp-json\/wp\/v2\/types\/post"}],"author":[{"embeddable":true,"href":"https:\/\/permbledhja.com\/sq\/wp-json\/wp\/v2\/users\/1"}],"replies":[{"embeddable":true,"href":"https:\/\/permbledhja.com\/sq\/wp-json\/wp\/v2\/comments?post=13144"}],"version-history":[{"count":1,"href":"https:\/\/permbledhja.com\/sq\/wp-json\/wp\/v2\/posts\/13144\/revisions"}],"predecessor-version":[{"id":13146,"href":"https:\/\/permbledhja.com\/sq\/wp-json\/wp\/v2\/posts\/13144\/revisions\/13146"}],"wp:featuredmedia":[{"embeddable":true,"href":"https:\/\/permbledhja.com\/sq\/wp-json\/wp\/v2\/media\/13145"}],"wp:attachment":[{"href":"https:\/\/permbledhja.com\/sq\/wp-json\/wp\/v2\/media?parent=13144"}],"wp:term":[{"taxonomy":"category","embeddable":true,"href":"https:\/\/permbledhja.com\/sq\/wp-json\/wp\/v2\/categories?post=13144"},{"taxonomy":"post_tag","embeddable":true,"href":"https:\/\/permbledhja.com\/sq\/wp-json\/wp\/v2\/tags?post=13144"}],"curies":[{"name":"wp","href":"https:\/\/api.w.org\/{rel}","templated":true}]}}