{"id":13099,"date":"2023-03-30T06:51:13","date_gmt":"2023-03-30T06:51:13","guid":{"rendered":"https:\/\/permbledhja.com\/?p=13099"},"modified":"2023-03-30T06:51:13","modified_gmt":"2023-03-30T06:51:13","slug":"valdete-daka-presidentja-mund-te-rrezohet","status":"publish","type":"post","link":"https:\/\/permbledhja.com\/sq\/valdete-daka-presidentja-mund-te-rrezohet\/","title":{"rendered":"Valdete Daka: Presidentja mund t\u00eb rr\u00ebzohet"},"content":{"rendered":"<p>Ish-kryetarja e KQZ-s\u00eb Valdete Daka ka th\u00ebn\u00eb se Presidentja e Kosov\u00ebs Vjosa Osmani mund t\u00eb rr\u00ebzohet.<\/p>\n<p>Krejt kjo varet nga p\u00ebrgjigja q\u00eb ish-kandidati p\u00ebr deputet nga Partia Liberale Egjiptiane, Veton Berisha po e pret nga Gjykata Kushtetuese n\u00eb ankes\u00ebn me pretendime se i jan\u00eb shkelur te drejtat gjat\u00eb zgjedhjeve t\u00eb vitit 2021.<\/p>\n<p>Sipas Dak\u00ebs, Kur nj\u00eb autoritet shteti merr detyr\u00ebn e p\u00ebrcaktuar n\u00eb Kushtetut\u00eb dhe deputet\u00ebt t\u00eb cil\u00ebt kan\u00eb votuar nuk kan\u00eb legalitet dhe legjitimitet t\u00eb plot\u00eb, at\u00ebher\u00eb detyra e tyre \u00ebsht\u00eb e p\u00ebrkohshme.<\/p>\n<p>\u201cN\u00ebse rastin konkret, kandidati p\u00ebr deputet e fiton, presidentja e shtetit duhet t\u00eb jap dor\u00ebheqje\u201d.<\/p>\n<p>\u201cNe kemi pasur tashm\u00eb nj\u00eb situat\u00eb t\u00eb till\u00eb, apo pak a shum\u00eb t\u00eb ngjashme me k\u00ebt\u00eb, rasti i ish-kryeministrit Avdullah Hoti dhe besoj q\u00eb kjo situat\u00eb do t\u00eb ishte bukur shum\u00eb e ngjashme edhe me at\u00eb situat\u00eb dhe me siguri q\u00eb at\u00ebher\u00eb presidentja aktuale do t\u00eb duhej t\u00eb shkonte n\u00eb rivotim apo konkretisht do ta humbte mandatin e presidentes sepse nuk do t\u00eb ishte sigurt a i kishte ato vota t\u00eb cilat i ka marr\u00eb kur \u00ebsht\u00eb votuar para dy viteve, dhe pastaj do t\u00eb duhej t\u00eb shkohej n\u00eb rivotim\u201d, ka deklaruar Valdete Daka, ish-kryetare e KQZ-s\u00eb.<\/p>\n<p>Gjykata Kushtetuese q\u00eb dy vite ka n\u00eb trajtim nj\u00eb l\u00ebnd\u00eb t\u00eb paraqitur nga kryetari i Partis\u00eb Liberale Egjiptiane, Veton Berisha. Ai shprehet i shqet\u00ebsuar q\u00eb gjat\u00eb k\u00ebsaj periudhe nuk ka akoma nj\u00eb vendim n\u00eb pretendimet se i jan\u00eb shkelur t\u00eb drejtat gjat\u00eb kandidimit p\u00ebr deputet m\u00eb 2021.<\/p>\n<p>Tash e dy vjet, ish-kandidati p\u00ebr deputet nga Partia Liberale Egjiptiane, Veton Berisha pret p\u00ebrgjigje nga Gjykata Kushtetuese n\u00eb ankes\u00ebn me pretendime se i jan\u00eb shkelur te drejtat gjat\u00eb zgjedhjeve t\u00eb vitit 2021.<\/p>\n<p>Berisha pretendon se n\u00eb k\u00ebt\u00eb proces, p\u00ebr shkak t\u00eb orkestrimit t\u00eb votave, kandidat\u00ebt e \u201cIniciativ\u00ebs Rome\u201d jan\u00eb zgjedhur deputet\u00eb n\u00eb m\u00ebnyr\u00eb t\u00eb kund\u00ebrligjshme, kurse ai ka mbetur jasht\u00eb Kuvendit.<\/p>\n<p>Por, Berisha nuk i ka t\u00eb qarta arsyet e zvarritjes s\u00eb vendimit nga Kushtetuesja.<\/p>\n<p>\u201cNuk mendoj q\u00eb ka pasur ndonj\u00eb arsye t\u00eb madhe p\u00ebr faktin se \u00e7\u00ebshtja ka qen\u00eb shum\u00eb e leht\u00eb p\u00ebr tu gjykuar, thjesht\u00eb me u konstatu Gjykata Supreme a ka ba shkelje kushtetuese n\u00eb momentin q\u00eb ka marr\u00eb vendimin n\u00eb at\u00eb koh\u00eb p\u00ebr orkestrim t\u00eb votave, p\u00ebr faktin q\u00eb ndryshe ka vendosur p\u00ebr ne, ndryshe ka vendosur p\u00ebr krejt t\u00eb tjer\u00ebt. P\u00ebrve\u00e7 ne q\u00eb jemi d\u00ebmtuar prej atij vendimi, t\u00eb tjer\u00ebve u \u00ebsht\u00eb konfirmuar ajo \u00e7ka kan\u00eb pretenduar\u201d, ka deklaruar ai.<\/p>\n<p>Kushtetuesja, q\u00eb po e trajton k\u00ebt\u00eb l\u00ebnd\u00eb nga 2021-ta, thot\u00eb se \u00ebsht\u00eb duke e trajtuar me seriozitet t\u00eb lart\u00eb k\u00ebt\u00eb l\u00ebnd\u00eb, por q\u00eb nuk ka ndonj\u00eb afat t\u00eb caktuar kushtetues-ligjor p\u00ebr vendimmarrje n\u00eb k\u00ebt\u00eb rast.<\/p>\n<p>\u201cGjykata i trajton t\u00eb gjitha k\u00ebrkesat n\u00eb baz\u00eb t\u00eb procedurave standarde t\u00eb parashikuara p\u00ebr shqyrtimin e tyre dhe koh\u00ebzgjatja e vendimmarrjes n\u00eb k\u00ebrkesat e parashtruara nuk varet detyrimisht nga koha e regjistrimit t\u00eb tyre, por nga kompleksiteti i \u00e7\u00ebshtjes q\u00eb mund t\u00eb ng\u00ebrthej\u00eb nj\u00eb rast konkret. Si \u00e7do k\u00ebrkes\u00eb individuale\u201d.<\/p>\n<p>N\u00ebse Berisha fiton rastin n\u00eb Kushtetuese, ai pretendon se nj\u00eb deputet nga komunitetet joserb do ta humb mandatin.<\/p>\n<p>Nj\u00eb precedent i ngjash\u00ebm kur nj\u00eb deputet ka humbur pozit\u00ebn gjat\u00eb mandatit, \u00ebsht\u00eb ai i Ethem Arifit.<\/p>\n<p>Megjith\u00ebk\u00ebt\u00eb, n\u00eb rastin e tij vota ka qen\u00eb p\u00ebrcaktuese p\u00ebr zgjedhjen e Qeveris\u00eb s\u00eb udh\u00ebhequr nga Avdullah Hoti, \u00e7ka kishte \u00e7uar n\u00eb shpalljen e zgjedhjeve t\u00eb jasht\u00ebzakonshme.<\/p>\n<p>N\u00eb rastin aktual t\u00eb ngritur para Gjykat\u00ebs nga Berisha, deputet\u00ebt mandati i t\u00eb cil\u00ebve kontestohet gjithashtu kan\u00eb marr pjes\u00eb n\u00eb votime t\u00eb r\u00ebnd\u00ebsishme sikur t\u00eb Qeveris\u00eb dhe zgjedhjes s\u00eb Presidentes, por dallimi tani \u00ebsht\u00eb se ato nuk jan\u00eb vota p\u00ebrcaktuese n\u00eb asnj\u00ebrin rast.<\/p>\n<p>Pavar\u00ebsisht k\u00ebsaj, njoh\u00ebs t\u00eb \u00e7\u00ebshtjeve ligjore ngritin pik\u00ebpyetje se mund t\u00eb ket\u00eb implikime n\u00eb legjitimitet t\u00eb k\u00ebtyre votave.<\/p>\n<p>\u201cKur nj\u00eb autoritet shteti merr detyr\u00ebn e p\u00ebrcaktuar n\u00eb Kushtetut\u00eb dhe deputet\u00ebt t\u00eb cil\u00ebt kan\u00eb votuar nuk kan\u00eb legalitet dhe legjitimitet t\u00eb plot\u00eb, at\u00ebher\u00eb detyra e tyre \u00ebsht\u00eb e p\u00ebrkohshme. N\u00ebse rastin konkret, kandidati p\u00ebr deputet e fiton, presidentja e shtetit duhet t\u00eb jap dor\u00ebheqje\u201d, ka th\u00ebn\u00eb Kadri Kryeziu, ish-n\u00ebnkryetar i Kushtetueses.<\/p>\n<p>Vjosa Osmani \u00ebsht\u00eb zgjedhur Presidente n\u00eb rundin e tret\u00eb t\u00eb votimit me 71 vota p\u00ebr, derisa n\u00eb votim kan\u00eb marr\u00eb pjes\u00eb 82 deputet\u00eb.\/Dukagjini<\/p>\n","protected":false},"excerpt":{"rendered":"<p>Ish-kryetarja e KQZ-s\u00eb Valdete Daka ka th\u00ebn\u00eb se Presidentja e Kosov\u00ebs Vjosa Osmani mund t\u00eb rr\u00ebzohet. Krejt kjo varet nga p\u00ebrgjigja q\u00eb ish-kandidati p\u00ebr deputet nga Partia Liberale Egjiptiane, Veton Berisha po e pret nga Gjykata Kushtetuese n\u00eb ankes\u00ebn me pretendime se i jan\u00eb shkelur te drejtat gjat\u00eb zgjedhjeve t\u00eb vitit 2021. Sipas Dak\u00ebs, Kur [&hellip;]<\/p>\n","protected":false},"author":1,"featured_media":13100,"comment_status":"closed","ping_status":"closed","sticky":false,"template":"","format":"standard","meta":{"_monsterinsights_skip_tracking":false,"_monsterinsights_sitenote_active":false,"_monsterinsights_sitenote_note":"","_monsterinsights_sitenote_category":0,"_uf_show_specific_survey":0,"_uf_disable_surveys":false,"footnotes":""},"categories":[1146],"tags":[1563,163],"yoast_head":"<!-- This site is optimized with the Yoast SEO plugin v21.5 - https:\/\/yoast.com\/wordpress\/plugins\/seo\/ -->\n<title>Valdete Daka: Presidentja mund t\u00eb rr\u00ebzohet<\/title>\n<meta name=\"robots\" content=\"index, follow, max-snippet:-1, max-image-preview:large, max-video-preview:-1\" \/>\n<link rel=\"canonical\" href=\"https:\/\/permbledhja.com\/sq\/valdete-daka-presidentja-mund-te-rrezohet\/\" \/>\n<meta property=\"og:locale\" content=\"sq_AL\" \/>\n<meta property=\"og:type\" content=\"article\" \/>\n<meta property=\"og:title\" content=\"Valdete Daka: Presidentja mund t\u00eb rr\u00ebzohet\" \/>\n<meta property=\"og:description\" content=\"Ish-kryetarja e KQZ-s\u00eb Valdete Daka ka th\u00ebn\u00eb se Presidentja e Kosov\u00ebs Vjosa Osmani mund t\u00eb rr\u00ebzohet. Krejt kjo varet nga p\u00ebrgjigja q\u00eb ish-kandidati p\u00ebr deputet nga Partia Liberale Egjiptiane, Veton Berisha po e pret nga Gjykata Kushtetuese n\u00eb ankes\u00ebn me pretendime se i jan\u00eb shkelur te drejtat gjat\u00eb zgjedhjeve t\u00eb vitit 2021. Sipas Dak\u00ebs, Kur [&hellip;]\" \/>\n<meta property=\"og:url\" content=\"https:\/\/permbledhja.com\/sq\/valdete-daka-presidentja-mund-te-rrezohet\/\" \/>\n<meta property=\"og:site_name\" content=\"Ve\u00e7 artikuj p\u00ebrmbledh\u00ebs\" \/>\n<meta property=\"article:publisher\" content=\"https:\/\/www.facebook.com\/press07\/\" \/>\n<meta property=\"article:author\" content=\"https:\/\/www.facebook.com\/kafexhiu.muharrem\/\" \/>\n<meta property=\"article:published_time\" content=\"2023-03-30T06:51:13+00:00\" \/>\n<meta property=\"og:image\" content=\"https:\/\/permbledhja.com\/wp-content\/uploads\/2023\/03\/87D1F32D-8CB5-492D-8498-0CF1FE847D83.webp\" \/>\n\t<meta property=\"og:image:width\" content=\"600\" \/>\n\t<meta property=\"og:image:height\" content=\"360\" \/>\n\t<meta property=\"og:image:type\" content=\"image\/webp\" \/>\n<meta name=\"author\" content=\"P\u00ebrmbledhja\" \/>\n<meta name=\"twitter:card\" content=\"summary_large_image\" \/>\n<meta name=\"twitter:label1\" content=\"Written by\" \/>\n\t<meta name=\"twitter:data1\" content=\"P\u00ebrmbledhja\" \/>\n\t<meta name=\"twitter:label2\" content=\"Est. reading time\" \/>\n\t<meta name=\"twitter:data2\" content=\"4 minuta\" \/>\n<script type=\"application\/ld+json\" class=\"yoast-schema-graph\">{\"@context\":\"https:\/\/schema.org\",\"@graph\":[{\"@type\":\"Article\",\"@id\":\"https:\/\/permbledhja.com\/valdete-daka-presidentja-mund-te-rrezohet\/#article\",\"isPartOf\":{\"@id\":\"https:\/\/permbledhja.com\/valdete-daka-presidentja-mund-te-rrezohet\/\"},\"author\":{\"name\":\"P\u00ebrmbledhja\",\"@id\":\"https:\/\/permbledhja.com\/#\/schema\/person\/0d064377258d3221e50693947b9eb4fe\"},\"headline\":\"Valdete Daka: Presidentja mund t\u00eb rr\u00ebzohet\",\"datePublished\":\"2023-03-30T06:51:13+00:00\",\"dateModified\":\"2023-03-30T06:51:13+00:00\",\"mainEntityOfPage\":{\"@id\":\"https:\/\/permbledhja.com\/valdete-daka-presidentja-mund-te-rrezohet\/\"},\"wordCount\":771,\"publisher\":{\"@id\":\"https:\/\/permbledhja.com\/#organization\"},\"keywords\":[\"Valdete Daka\",\"Vjosa Osmani\"],\"articleSection\":[\"Kryesoret\"],\"inLanguage\":\"sq\"},{\"@type\":\"WebPage\",\"@id\":\"https:\/\/permbledhja.com\/valdete-daka-presidentja-mund-te-rrezohet\/\",\"url\":\"https:\/\/permbledhja.com\/valdete-daka-presidentja-mund-te-rrezohet\/\",\"name\":\"Valdete Daka: Presidentja mund t\u00eb rr\u00ebzohet\",\"isPartOf\":{\"@id\":\"https:\/\/permbledhja.com\/#website\"},\"datePublished\":\"2023-03-30T06:51:13+00:00\",\"dateModified\":\"2023-03-30T06:51:13+00:00\",\"breadcrumb\":{\"@id\":\"https:\/\/permbledhja.com\/valdete-daka-presidentja-mund-te-rrezohet\/#breadcrumb\"},\"inLanguage\":\"sq\",\"potentialAction\":[{\"@type\":\"ReadAction\",\"target\":[\"https:\/\/permbledhja.com\/valdete-daka-presidentja-mund-te-rrezohet\/\"]}]},{\"@type\":\"BreadcrumbList\",\"@id\":\"https:\/\/permbledhja.com\/valdete-daka-presidentja-mund-te-rrezohet\/#breadcrumb\",\"itemListElement\":[{\"@type\":\"ListItem\",\"position\":1,\"name\":\"Ballina\",\"item\":\"https:\/\/permbledhja.com\/sq\/\"},{\"@type\":\"ListItem\",\"position\":2,\"name\":\"Valdete Daka: Presidentja mund t\u00eb rr\u00ebzohet\"}]},{\"@type\":\"WebSite\",\"@id\":\"https:\/\/permbledhja.com\/#website\",\"url\":\"https:\/\/permbledhja.com\/\",\"name\":\"Ve\u00e7 artikuj p\u00ebrmbledh\u00ebs\",\"description\":\"\",\"publisher\":{\"@id\":\"https:\/\/permbledhja.com\/#organization\"},\"potentialAction\":[{\"@type\":\"SearchAction\",\"target\":{\"@type\":\"EntryPoint\",\"urlTemplate\":\"https:\/\/permbledhja.com\/?s={search_term_string}\"},\"query-input\":\"required name=search_term_string\"}],\"inLanguage\":\"sq\"},{\"@type\":\"Organization\",\"@id\":\"https:\/\/permbledhja.com\/#organization\",\"name\":\"MK Media & Pr\",\"url\":\"https:\/\/permbledhja.com\/\",\"logo\":{\"@type\":\"ImageObject\",\"inLanguage\":\"sq\",\"@id\":\"https:\/\/permbledhja.com\/#\/schema\/logo\/image\/\",\"url\":\"https:\/\/permbledhja.com\/wp-content\/uploads\/2021\/12\/07-Press-Logo.jpg\",\"contentUrl\":\"https:\/\/permbledhja.com\/wp-content\/uploads\/2021\/12\/07-Press-Logo.jpg\",\"width\":512,\"height\":512,\"caption\":\"MK Media & Pr\"},\"image\":{\"@id\":\"https:\/\/permbledhja.com\/#\/schema\/logo\/image\/\"},\"sameAs\":[\"https:\/\/www.facebook.com\/press07\/\"]},{\"@type\":\"Person\",\"@id\":\"https:\/\/permbledhja.com\/#\/schema\/person\/0d064377258d3221e50693947b9eb4fe\",\"name\":\"P\u00ebrmbledhja\",\"image\":{\"@type\":\"ImageObject\",\"inLanguage\":\"sq\",\"@id\":\"https:\/\/permbledhja.com\/#\/schema\/person\/image\/\",\"url\":\"https:\/\/permbledhja.com\/wp-content\/uploads\/2026\/01\/452004717_1040944174702970_8932037511805513407_n-96x96.jpg\",\"contentUrl\":\"https:\/\/permbledhja.com\/wp-content\/uploads\/2026\/01\/452004717_1040944174702970_8932037511805513407_n-96x96.jpg\",\"caption\":\"P\u00ebrmbledhja\"},\"sameAs\":[\"https:\/\/www.facebook.com\/kafexhiu.muharrem\/\",\"https:\/\/www.instagram.com\/muharrem_kafexhiu\/\"],\"url\":\"https:\/\/permbledhja.com\/sq\/author\/admin\/\"}]}<\/script>\n<!-- \/ Yoast SEO plugin. -->","yoast_head_json":{"title":"Valdete Daka: Presidentja mund t\u00eb rr\u00ebzohet","robots":{"index":"index","follow":"follow","max-snippet":"max-snippet:-1","max-image-preview":"max-image-preview:large","max-video-preview":"max-video-preview:-1"},"canonical":"https:\/\/permbledhja.com\/sq\/valdete-daka-presidentja-mund-te-rrezohet\/","og_locale":"sq_AL","og_type":"article","og_title":"Valdete Daka: Presidentja mund t\u00eb rr\u00ebzohet","og_description":"Ish-kryetarja e KQZ-s\u00eb Valdete Daka ka th\u00ebn\u00eb se Presidentja e Kosov\u00ebs Vjosa Osmani mund t\u00eb rr\u00ebzohet. Krejt kjo varet nga p\u00ebrgjigja q\u00eb ish-kandidati p\u00ebr deputet nga Partia Liberale Egjiptiane, Veton Berisha po e pret nga Gjykata Kushtetuese n\u00eb ankes\u00ebn me pretendime se i jan\u00eb shkelur te drejtat gjat\u00eb zgjedhjeve t\u00eb vitit 2021. Sipas Dak\u00ebs, Kur [&hellip;]","og_url":"https:\/\/permbledhja.com\/sq\/valdete-daka-presidentja-mund-te-rrezohet\/","og_site_name":"Ve\u00e7 artikuj p\u00ebrmbledh\u00ebs","article_publisher":"https:\/\/www.facebook.com\/press07\/","article_author":"https:\/\/www.facebook.com\/kafexhiu.muharrem\/","article_published_time":"2023-03-30T06:51:13+00:00","og_image":[{"width":600,"height":360,"url":"https:\/\/permbledhja.com\/wp-content\/uploads\/2023\/03\/87D1F32D-8CB5-492D-8498-0CF1FE847D83.webp","type":"image\/webp"}],"author":"P\u00ebrmbledhja","twitter_card":"summary_large_image","twitter_misc":{"Written by":"P\u00ebrmbledhja","Est. reading time":"4 minuta"},"schema":{"@context":"https:\/\/schema.org","@graph":[{"@type":"Article","@id":"https:\/\/permbledhja.com\/valdete-daka-presidentja-mund-te-rrezohet\/#article","isPartOf":{"@id":"https:\/\/permbledhja.com\/valdete-daka-presidentja-mund-te-rrezohet\/"},"author":{"name":"P\u00ebrmbledhja","@id":"https:\/\/permbledhja.com\/#\/schema\/person\/0d064377258d3221e50693947b9eb4fe"},"headline":"Valdete Daka: Presidentja mund t\u00eb rr\u00ebzohet","datePublished":"2023-03-30T06:51:13+00:00","dateModified":"2023-03-30T06:51:13+00:00","mainEntityOfPage":{"@id":"https:\/\/permbledhja.com\/valdete-daka-presidentja-mund-te-rrezohet\/"},"wordCount":771,"publisher":{"@id":"https:\/\/permbledhja.com\/#organization"},"keywords":["Valdete Daka","Vjosa Osmani"],"articleSection":["Kryesoret"],"inLanguage":"sq"},{"@type":"WebPage","@id":"https:\/\/permbledhja.com\/valdete-daka-presidentja-mund-te-rrezohet\/","url":"https:\/\/permbledhja.com\/valdete-daka-presidentja-mund-te-rrezohet\/","name":"Valdete Daka: Presidentja mund t\u00eb rr\u00ebzohet","isPartOf":{"@id":"https:\/\/permbledhja.com\/#website"},"datePublished":"2023-03-30T06:51:13+00:00","dateModified":"2023-03-30T06:51:13+00:00","breadcrumb":{"@id":"https:\/\/permbledhja.com\/valdete-daka-presidentja-mund-te-rrezohet\/#breadcrumb"},"inLanguage":"sq","potentialAction":[{"@type":"ReadAction","target":["https:\/\/permbledhja.com\/valdete-daka-presidentja-mund-te-rrezohet\/"]}]},{"@type":"BreadcrumbList","@id":"https:\/\/permbledhja.com\/valdete-daka-presidentja-mund-te-rrezohet\/#breadcrumb","itemListElement":[{"@type":"ListItem","position":1,"name":"Ballina","item":"https:\/\/permbledhja.com\/sq\/"},{"@type":"ListItem","position":2,"name":"Valdete Daka: Presidentja mund t\u00eb rr\u00ebzohet"}]},{"@type":"WebSite","@id":"https:\/\/permbledhja.com\/#website","url":"https:\/\/permbledhja.com\/","name":"Ve\u00e7 artikuj p\u00ebrmbledh\u00ebs","description":"","publisher":{"@id":"https:\/\/permbledhja.com\/#organization"},"potentialAction":[{"@type":"SearchAction","target":{"@type":"EntryPoint","urlTemplate":"https:\/\/permbledhja.com\/?s={search_term_string}"},"query-input":"required name=search_term_string"}],"inLanguage":"sq"},{"@type":"Organization","@id":"https:\/\/permbledhja.com\/#organization","name":"MK Media & Pr","url":"https:\/\/permbledhja.com\/","logo":{"@type":"ImageObject","inLanguage":"sq","@id":"https:\/\/permbledhja.com\/#\/schema\/logo\/image\/","url":"https:\/\/permbledhja.com\/wp-content\/uploads\/2021\/12\/07-Press-Logo.jpg","contentUrl":"https:\/\/permbledhja.com\/wp-content\/uploads\/2021\/12\/07-Press-Logo.jpg","width":512,"height":512,"caption":"MK Media & Pr"},"image":{"@id":"https:\/\/permbledhja.com\/#\/schema\/logo\/image\/"},"sameAs":["https:\/\/www.facebook.com\/press07\/"]},{"@type":"Person","@id":"https:\/\/permbledhja.com\/#\/schema\/person\/0d064377258d3221e50693947b9eb4fe","name":"P\u00ebrmbledhja","image":{"@type":"ImageObject","inLanguage":"sq","@id":"https:\/\/permbledhja.com\/#\/schema\/person\/image\/","url":"https:\/\/permbledhja.com\/wp-content\/uploads\/2026\/01\/452004717_1040944174702970_8932037511805513407_n-96x96.jpg","contentUrl":"https:\/\/permbledhja.com\/wp-content\/uploads\/2026\/01\/452004717_1040944174702970_8932037511805513407_n-96x96.jpg","caption":"P\u00ebrmbledhja"},"sameAs":["https:\/\/www.facebook.com\/kafexhiu.muharrem\/","https:\/\/www.instagram.com\/muharrem_kafexhiu\/"],"url":"https:\/\/permbledhja.com\/sq\/author\/admin\/"}]}},"_links":{"self":[{"href":"https:\/\/permbledhja.com\/sq\/wp-json\/wp\/v2\/posts\/13099"}],"collection":[{"href":"https:\/\/permbledhja.com\/sq\/wp-json\/wp\/v2\/posts"}],"about":[{"href":"https:\/\/permbledhja.com\/sq\/wp-json\/wp\/v2\/types\/post"}],"author":[{"embeddable":true,"href":"https:\/\/permbledhja.com\/sq\/wp-json\/wp\/v2\/users\/1"}],"replies":[{"embeddable":true,"href":"https:\/\/permbledhja.com\/sq\/wp-json\/wp\/v2\/comments?post=13099"}],"version-history":[{"count":1,"href":"https:\/\/permbledhja.com\/sq\/wp-json\/wp\/v2\/posts\/13099\/revisions"}],"predecessor-version":[{"id":13101,"href":"https:\/\/permbledhja.com\/sq\/wp-json\/wp\/v2\/posts\/13099\/revisions\/13101"}],"wp:featuredmedia":[{"embeddable":true,"href":"https:\/\/permbledhja.com\/sq\/wp-json\/wp\/v2\/media\/13100"}],"wp:attachment":[{"href":"https:\/\/permbledhja.com\/sq\/wp-json\/wp\/v2\/media?parent=13099"}],"wp:term":[{"taxonomy":"category","embeddable":true,"href":"https:\/\/permbledhja.com\/sq\/wp-json\/wp\/v2\/categories?post=13099"},{"taxonomy":"post_tag","embeddable":true,"href":"https:\/\/permbledhja.com\/sq\/wp-json\/wp\/v2\/tags?post=13099"}],"curies":[{"name":"wp","href":"https:\/\/api.w.org\/{rel}","templated":true}]}}