{"id":1303,"date":"2022-07-05T07:13:15","date_gmt":"2022-07-05T07:13:15","guid":{"rendered":"https:\/\/permbledhja.com\/?p=1303"},"modified":"2022-07-05T07:13:15","modified_gmt":"2022-07-05T07:13:15","slug":"ngjarje-e-rende-ne-artane-27-vjecari-ther-veten-8-here-me-thike-tenton-ti-jap-fund-jetes","status":"publish","type":"post","link":"https:\/\/permbledhja.com\/sq\/ngjarje-e-rende-ne-artane-27-vjecari-ther-veten-8-here-me-thike-tenton-ti-jap-fund-jetes\/","title":{"rendered":"Ngjarje e r\u00ebnd\u00eb n\u00eb Artan\u00eb: 27-vje\u00e7ari ther veten 8 her\u00eb me thik\u00eb, tenton t\u2019i jap fund jet\u00ebs"},"content":{"rendered":"<p>Nj\u00eb ngjarje e r\u00ebnd\u00eb ka ndodhur mbr\u00ebm\u00eb n\u00eb Artan\u00eb, ku nj\u00eb 27-vje\u00e7ar ka tentuar t\u2019i jap fund jet\u00ebs s\u00eb tij, duke therur veten me thik\u00eb.<\/p>\n<p>Burime nga Emergjenca n\u00eb QKUK kan\u00eb b\u00ebr\u00eb t\u00eb ditur p\u00ebr Sinjalin se viktima \u00ebsht\u00eb d\u00ebrguar n\u00eb k\u00ebt\u00eb qend\u00ebr p\u00ebr shkak t\u00eb gjendjes sh\u00ebndet\u00ebsore. <\/p>\n<p>I riu po dyshohet se ka tentuar t\u00eb b\u00ebj\u00eb vet\u00ebvrasje duke goditur veten 8 here me thik\u00eb n\u00eb stomak.<\/p>\n<p>Spitalin e Policin\u00eb i njoftoi babai i tij, i cili i shqet\u00ebsuar k\u00ebrkoi ndihm\u00eb p\u00ebr t\u00eb birin.<\/p>\n<p>Sinjali m\u00ebson se nj\u00ebsit\u00eb policore kan\u00eb intervenuar n\u00eb vendin e ngjarjes, ku jan\u00eb b\u00ebr\u00eb ekzaminimet e nevojshme, nd\u00ebrkoh\u00eb q\u00eb me urdh\u00ebr t\u00eb Prokurorit kan\u00eb nisur hetimet p\u00ebr rastin.<\/p>\n","protected":false},"excerpt":{"rendered":"<p>Nj\u00eb ngjarje e r\u00ebnd\u00eb ka ndodhur mbr\u00ebm\u00eb n\u00eb Artan\u00eb, ku nj\u00eb 27-vje\u00e7ar ka tentuar t\u2019i jap fund jet\u00ebs s\u00eb tij, duke therur veten me thik\u00eb. Burime nga Emergjenca n\u00eb QKUK kan\u00eb b\u00ebr\u00eb t\u00eb ditur p\u00ebr Sinjalin se viktima \u00ebsht\u00eb d\u00ebrguar n\u00eb k\u00ebt\u00eb qend\u00ebr p\u00ebr shkak t\u00eb gjendjes sh\u00ebndet\u00ebsore. I riu po dyshohet se ka tentuar [&hellip;]<\/p>\n","protected":false},"author":1,"featured_media":1304,"comment_status":"closed","ping_status":"closed","sticky":false,"template":"","format":"standard","meta":{"_monsterinsights_skip_tracking":false,"_monsterinsights_sitenote_active":false,"_monsterinsights_sitenote_note":"","_monsterinsights_sitenote_category":0,"_uf_show_specific_survey":0,"_uf_disable_surveys":false,"footnotes":""},"categories":[23,15],"tags":[188],"yoast_head":"<!-- This site is optimized with the Yoast SEO plugin v21.5 - https:\/\/yoast.com\/wordpress\/plugins\/seo\/ -->\n<title>Ngjarje e r\u00ebnd\u00eb n\u00eb Artan\u00eb: 27-vje\u00e7ari ther veten 8 her\u00eb me thik\u00eb, tenton t\u2019i jap fund jet\u00ebs<\/title>\n<meta name=\"robots\" content=\"index, follow, max-snippet:-1, max-image-preview:large, max-video-preview:-1\" \/>\n<link rel=\"canonical\" href=\"https:\/\/permbledhja.com\/sq\/ngjarje-e-rende-ne-artane-27-vjecari-ther-veten-8-here-me-thike-tenton-ti-jap-fund-jetes\/\" \/>\n<meta property=\"og:locale\" content=\"sq_AL\" \/>\n<meta property=\"og:type\" content=\"article\" \/>\n<meta property=\"og:title\" content=\"Ngjarje e r\u00ebnd\u00eb n\u00eb Artan\u00eb: 27-vje\u00e7ari ther veten 8 her\u00eb me thik\u00eb, tenton t\u2019i jap fund jet\u00ebs\" \/>\n<meta property=\"og:description\" content=\"Nj\u00eb ngjarje e r\u00ebnd\u00eb ka ndodhur mbr\u00ebm\u00eb n\u00eb Artan\u00eb, ku nj\u00eb 27-vje\u00e7ar ka tentuar t\u2019i jap fund jet\u00ebs s\u00eb tij, duke therur veten me thik\u00eb. Burime nga Emergjenca n\u00eb QKUK kan\u00eb b\u00ebr\u00eb t\u00eb ditur p\u00ebr Sinjalin se viktima \u00ebsht\u00eb d\u00ebrguar n\u00eb k\u00ebt\u00eb qend\u00ebr p\u00ebr shkak t\u00eb gjendjes sh\u00ebndet\u00ebsore. I riu po dyshohet se ka tentuar [&hellip;]\" \/>\n<meta property=\"og:url\" content=\"https:\/\/permbledhja.com\/sq\/ngjarje-e-rende-ne-artane-27-vjecari-ther-veten-8-here-me-thike-tenton-ti-jap-fund-jetes\/\" \/>\n<meta property=\"og:site_name\" content=\"Ve\u00e7 artikuj p\u00ebrmbledh\u00ebs\" \/>\n<meta property=\"article:publisher\" content=\"https:\/\/www.facebook.com\/press07\/\" \/>\n<meta property=\"article:author\" content=\"https:\/\/www.facebook.com\/kafexhiu.muharrem\/\" \/>\n<meta property=\"article:published_time\" content=\"2022-07-05T07:13:15+00:00\" \/>\n<meta property=\"og:image\" content=\"https:\/\/permbledhja.com\/wp-content\/uploads\/2022\/07\/54A913D2-FBAB-44BC-B0CF-D0E0FF4FE3DE.jpeg\" \/>\n\t<meta property=\"og:image:width\" content=\"1800\" \/>\n\t<meta property=\"og:image:height\" content=\"1040\" \/>\n\t<meta property=\"og:image:type\" content=\"image\/jpeg\" \/>\n<meta name=\"author\" content=\"P\u00ebrmbledhja\" \/>\n<meta name=\"twitter:card\" content=\"summary_large_image\" \/>\n<meta name=\"twitter:label1\" content=\"Written by\" \/>\n\t<meta name=\"twitter:data1\" content=\"P\u00ebrmbledhja\" \/>\n\t<meta name=\"twitter:label2\" content=\"Est. reading time\" \/>\n\t<meta name=\"twitter:data2\" content=\"1 minut\u00eb\" \/>\n<script type=\"application\/ld+json\" class=\"yoast-schema-graph\">{\"@context\":\"https:\/\/schema.org\",\"@graph\":[{\"@type\":\"Article\",\"@id\":\"https:\/\/permbledhja.com\/ngjarje-e-rende-ne-artane-27-vjecari-ther-veten-8-here-me-thike-tenton-ti-jap-fund-jetes\/#article\",\"isPartOf\":{\"@id\":\"https:\/\/permbledhja.com\/ngjarje-e-rende-ne-artane-27-vjecari-ther-veten-8-here-me-thike-tenton-ti-jap-fund-jetes\/\"},\"author\":{\"name\":\"P\u00ebrmbledhja\",\"@id\":\"https:\/\/permbledhja.com\/#\/schema\/person\/0d064377258d3221e50693947b9eb4fe\"},\"headline\":\"Ngjarje e r\u00ebnd\u00eb n\u00eb Artan\u00eb: 27-vje\u00e7ari ther veten 8 her\u00eb me thik\u00eb, tenton t\u2019i jap fund jet\u00ebs\",\"datePublished\":\"2022-07-05T07:13:15+00:00\",\"dateModified\":\"2022-07-05T07:13:15+00:00\",\"mainEntityOfPage\":{\"@id\":\"https:\/\/permbledhja.com\/ngjarje-e-rende-ne-artane-27-vjecari-ther-veten-8-here-me-thike-tenton-ti-jap-fund-jetes\/\"},\"wordCount\":155,\"publisher\":{\"@id\":\"https:\/\/permbledhja.com\/#organization\"},\"keywords\":[\"Artan\u00eb\"],\"articleSection\":[\"Komb\u00ebtare\",\"Lajme\"],\"inLanguage\":\"sq\"},{\"@type\":\"WebPage\",\"@id\":\"https:\/\/permbledhja.com\/ngjarje-e-rende-ne-artane-27-vjecari-ther-veten-8-here-me-thike-tenton-ti-jap-fund-jetes\/\",\"url\":\"https:\/\/permbledhja.com\/ngjarje-e-rende-ne-artane-27-vjecari-ther-veten-8-here-me-thike-tenton-ti-jap-fund-jetes\/\",\"name\":\"Ngjarje e r\u00ebnd\u00eb n\u00eb Artan\u00eb: 27-vje\u00e7ari ther veten 8 her\u00eb me thik\u00eb, tenton t\u2019i jap fund jet\u00ebs\",\"isPartOf\":{\"@id\":\"https:\/\/permbledhja.com\/#website\"},\"datePublished\":\"2022-07-05T07:13:15+00:00\",\"dateModified\":\"2022-07-05T07:13:15+00:00\",\"breadcrumb\":{\"@id\":\"https:\/\/permbledhja.com\/ngjarje-e-rende-ne-artane-27-vjecari-ther-veten-8-here-me-thike-tenton-ti-jap-fund-jetes\/#breadcrumb\"},\"inLanguage\":\"sq\",\"potentialAction\":[{\"@type\":\"ReadAction\",\"target\":[\"https:\/\/permbledhja.com\/ngjarje-e-rende-ne-artane-27-vjecari-ther-veten-8-here-me-thike-tenton-ti-jap-fund-jetes\/\"]}]},{\"@type\":\"BreadcrumbList\",\"@id\":\"https:\/\/permbledhja.com\/ngjarje-e-rende-ne-artane-27-vjecari-ther-veten-8-here-me-thike-tenton-ti-jap-fund-jetes\/#breadcrumb\",\"itemListElement\":[{\"@type\":\"ListItem\",\"position\":1,\"name\":\"Ballina\",\"item\":\"https:\/\/permbledhja.com\/sq\/\"},{\"@type\":\"ListItem\",\"position\":2,\"name\":\"Ngjarje e r\u00ebnd\u00eb n\u00eb Artan\u00eb: 27-vje\u00e7ari ther veten 8 her\u00eb me thik\u00eb, tenton t\u2019i jap fund jet\u00ebs\"}]},{\"@type\":\"WebSite\",\"@id\":\"https:\/\/permbledhja.com\/#website\",\"url\":\"https:\/\/permbledhja.com\/\",\"name\":\"Ve\u00e7 artikuj p\u00ebrmbledh\u00ebs\",\"description\":\"\",\"publisher\":{\"@id\":\"https:\/\/permbledhja.com\/#organization\"},\"potentialAction\":[{\"@type\":\"SearchAction\",\"target\":{\"@type\":\"EntryPoint\",\"urlTemplate\":\"https:\/\/permbledhja.com\/?s={search_term_string}\"},\"query-input\":\"required name=search_term_string\"}],\"inLanguage\":\"sq\"},{\"@type\":\"Organization\",\"@id\":\"https:\/\/permbledhja.com\/#organization\",\"name\":\"MK Media & Pr\",\"url\":\"https:\/\/permbledhja.com\/\",\"logo\":{\"@type\":\"ImageObject\",\"inLanguage\":\"sq\",\"@id\":\"https:\/\/permbledhja.com\/#\/schema\/logo\/image\/\",\"url\":\"https:\/\/permbledhja.com\/wp-content\/uploads\/2021\/12\/07-Press-Logo.jpg\",\"contentUrl\":\"https:\/\/permbledhja.com\/wp-content\/uploads\/2021\/12\/07-Press-Logo.jpg\",\"width\":512,\"height\":512,\"caption\":\"MK Media & Pr\"},\"image\":{\"@id\":\"https:\/\/permbledhja.com\/#\/schema\/logo\/image\/\"},\"sameAs\":[\"https:\/\/www.facebook.com\/press07\/\"]},{\"@type\":\"Person\",\"@id\":\"https:\/\/permbledhja.com\/#\/schema\/person\/0d064377258d3221e50693947b9eb4fe\",\"name\":\"P\u00ebrmbledhja\",\"image\":{\"@type\":\"ImageObject\",\"inLanguage\":\"sq\",\"@id\":\"https:\/\/permbledhja.com\/#\/schema\/person\/image\/\",\"url\":\"https:\/\/permbledhja.com\/wp-content\/uploads\/2026\/01\/452004717_1040944174702970_8932037511805513407_n-96x96.jpg\",\"contentUrl\":\"https:\/\/permbledhja.com\/wp-content\/uploads\/2026\/01\/452004717_1040944174702970_8932037511805513407_n-96x96.jpg\",\"caption\":\"P\u00ebrmbledhja\"},\"sameAs\":[\"https:\/\/www.facebook.com\/kafexhiu.muharrem\/\",\"https:\/\/www.instagram.com\/muharrem_kafexhiu\/\"],\"url\":\"https:\/\/permbledhja.com\/sq\/author\/admin\/\"}]}<\/script>\n<!-- \/ Yoast SEO plugin. -->","yoast_head_json":{"title":"Ngjarje e r\u00ebnd\u00eb n\u00eb Artan\u00eb: 27-vje\u00e7ari ther veten 8 her\u00eb me thik\u00eb, tenton t\u2019i jap fund jet\u00ebs","robots":{"index":"index","follow":"follow","max-snippet":"max-snippet:-1","max-image-preview":"max-image-preview:large","max-video-preview":"max-video-preview:-1"},"canonical":"https:\/\/permbledhja.com\/sq\/ngjarje-e-rende-ne-artane-27-vjecari-ther-veten-8-here-me-thike-tenton-ti-jap-fund-jetes\/","og_locale":"sq_AL","og_type":"article","og_title":"Ngjarje e r\u00ebnd\u00eb n\u00eb Artan\u00eb: 27-vje\u00e7ari ther veten 8 her\u00eb me thik\u00eb, tenton t\u2019i jap fund jet\u00ebs","og_description":"Nj\u00eb ngjarje e r\u00ebnd\u00eb ka ndodhur mbr\u00ebm\u00eb n\u00eb Artan\u00eb, ku nj\u00eb 27-vje\u00e7ar ka tentuar t\u2019i jap fund jet\u00ebs s\u00eb tij, duke therur veten me thik\u00eb. Burime nga Emergjenca n\u00eb QKUK kan\u00eb b\u00ebr\u00eb t\u00eb ditur p\u00ebr Sinjalin se viktima \u00ebsht\u00eb d\u00ebrguar n\u00eb k\u00ebt\u00eb qend\u00ebr p\u00ebr shkak t\u00eb gjendjes sh\u00ebndet\u00ebsore. I riu po dyshohet se ka tentuar [&hellip;]","og_url":"https:\/\/permbledhja.com\/sq\/ngjarje-e-rende-ne-artane-27-vjecari-ther-veten-8-here-me-thike-tenton-ti-jap-fund-jetes\/","og_site_name":"Ve\u00e7 artikuj p\u00ebrmbledh\u00ebs","article_publisher":"https:\/\/www.facebook.com\/press07\/","article_author":"https:\/\/www.facebook.com\/kafexhiu.muharrem\/","article_published_time":"2022-07-05T07:13:15+00:00","og_image":[{"width":1800,"height":1040,"url":"https:\/\/permbledhja.com\/wp-content\/uploads\/2022\/07\/54A913D2-FBAB-44BC-B0CF-D0E0FF4FE3DE.jpeg","type":"image\/jpeg"}],"author":"P\u00ebrmbledhja","twitter_card":"summary_large_image","twitter_misc":{"Written by":"P\u00ebrmbledhja","Est. reading time":"1 minut\u00eb"},"schema":{"@context":"https:\/\/schema.org","@graph":[{"@type":"Article","@id":"https:\/\/permbledhja.com\/ngjarje-e-rende-ne-artane-27-vjecari-ther-veten-8-here-me-thike-tenton-ti-jap-fund-jetes\/#article","isPartOf":{"@id":"https:\/\/permbledhja.com\/ngjarje-e-rende-ne-artane-27-vjecari-ther-veten-8-here-me-thike-tenton-ti-jap-fund-jetes\/"},"author":{"name":"P\u00ebrmbledhja","@id":"https:\/\/permbledhja.com\/#\/schema\/person\/0d064377258d3221e50693947b9eb4fe"},"headline":"Ngjarje e r\u00ebnd\u00eb n\u00eb Artan\u00eb: 27-vje\u00e7ari ther veten 8 her\u00eb me thik\u00eb, tenton t\u2019i jap fund jet\u00ebs","datePublished":"2022-07-05T07:13:15+00:00","dateModified":"2022-07-05T07:13:15+00:00","mainEntityOfPage":{"@id":"https:\/\/permbledhja.com\/ngjarje-e-rende-ne-artane-27-vjecari-ther-veten-8-here-me-thike-tenton-ti-jap-fund-jetes\/"},"wordCount":155,"publisher":{"@id":"https:\/\/permbledhja.com\/#organization"},"keywords":["Artan\u00eb"],"articleSection":["Komb\u00ebtare","Lajme"],"inLanguage":"sq"},{"@type":"WebPage","@id":"https:\/\/permbledhja.com\/ngjarje-e-rende-ne-artane-27-vjecari-ther-veten-8-here-me-thike-tenton-ti-jap-fund-jetes\/","url":"https:\/\/permbledhja.com\/ngjarje-e-rende-ne-artane-27-vjecari-ther-veten-8-here-me-thike-tenton-ti-jap-fund-jetes\/","name":"Ngjarje e r\u00ebnd\u00eb n\u00eb Artan\u00eb: 27-vje\u00e7ari ther veten 8 her\u00eb me thik\u00eb, tenton t\u2019i jap fund jet\u00ebs","isPartOf":{"@id":"https:\/\/permbledhja.com\/#website"},"datePublished":"2022-07-05T07:13:15+00:00","dateModified":"2022-07-05T07:13:15+00:00","breadcrumb":{"@id":"https:\/\/permbledhja.com\/ngjarje-e-rende-ne-artane-27-vjecari-ther-veten-8-here-me-thike-tenton-ti-jap-fund-jetes\/#breadcrumb"},"inLanguage":"sq","potentialAction":[{"@type":"ReadAction","target":["https:\/\/permbledhja.com\/ngjarje-e-rende-ne-artane-27-vjecari-ther-veten-8-here-me-thike-tenton-ti-jap-fund-jetes\/"]}]},{"@type":"BreadcrumbList","@id":"https:\/\/permbledhja.com\/ngjarje-e-rende-ne-artane-27-vjecari-ther-veten-8-here-me-thike-tenton-ti-jap-fund-jetes\/#breadcrumb","itemListElement":[{"@type":"ListItem","position":1,"name":"Ballina","item":"https:\/\/permbledhja.com\/sq\/"},{"@type":"ListItem","position":2,"name":"Ngjarje e r\u00ebnd\u00eb n\u00eb Artan\u00eb: 27-vje\u00e7ari ther veten 8 her\u00eb me thik\u00eb, tenton t\u2019i jap fund jet\u00ebs"}]},{"@type":"WebSite","@id":"https:\/\/permbledhja.com\/#website","url":"https:\/\/permbledhja.com\/","name":"Ve\u00e7 artikuj p\u00ebrmbledh\u00ebs","description":"","publisher":{"@id":"https:\/\/permbledhja.com\/#organization"},"potentialAction":[{"@type":"SearchAction","target":{"@type":"EntryPoint","urlTemplate":"https:\/\/permbledhja.com\/?s={search_term_string}"},"query-input":"required name=search_term_string"}],"inLanguage":"sq"},{"@type":"Organization","@id":"https:\/\/permbledhja.com\/#organization","name":"MK Media & Pr","url":"https:\/\/permbledhja.com\/","logo":{"@type":"ImageObject","inLanguage":"sq","@id":"https:\/\/permbledhja.com\/#\/schema\/logo\/image\/","url":"https:\/\/permbledhja.com\/wp-content\/uploads\/2021\/12\/07-Press-Logo.jpg","contentUrl":"https:\/\/permbledhja.com\/wp-content\/uploads\/2021\/12\/07-Press-Logo.jpg","width":512,"height":512,"caption":"MK Media & Pr"},"image":{"@id":"https:\/\/permbledhja.com\/#\/schema\/logo\/image\/"},"sameAs":["https:\/\/www.facebook.com\/press07\/"]},{"@type":"Person","@id":"https:\/\/permbledhja.com\/#\/schema\/person\/0d064377258d3221e50693947b9eb4fe","name":"P\u00ebrmbledhja","image":{"@type":"ImageObject","inLanguage":"sq","@id":"https:\/\/permbledhja.com\/#\/schema\/person\/image\/","url":"https:\/\/permbledhja.com\/wp-content\/uploads\/2026\/01\/452004717_1040944174702970_8932037511805513407_n-96x96.jpg","contentUrl":"https:\/\/permbledhja.com\/wp-content\/uploads\/2026\/01\/452004717_1040944174702970_8932037511805513407_n-96x96.jpg","caption":"P\u00ebrmbledhja"},"sameAs":["https:\/\/www.facebook.com\/kafexhiu.muharrem\/","https:\/\/www.instagram.com\/muharrem_kafexhiu\/"],"url":"https:\/\/permbledhja.com\/sq\/author\/admin\/"}]}},"_links":{"self":[{"href":"https:\/\/permbledhja.com\/sq\/wp-json\/wp\/v2\/posts\/1303"}],"collection":[{"href":"https:\/\/permbledhja.com\/sq\/wp-json\/wp\/v2\/posts"}],"about":[{"href":"https:\/\/permbledhja.com\/sq\/wp-json\/wp\/v2\/types\/post"}],"author":[{"embeddable":true,"href":"https:\/\/permbledhja.com\/sq\/wp-json\/wp\/v2\/users\/1"}],"replies":[{"embeddable":true,"href":"https:\/\/permbledhja.com\/sq\/wp-json\/wp\/v2\/comments?post=1303"}],"version-history":[{"count":1,"href":"https:\/\/permbledhja.com\/sq\/wp-json\/wp\/v2\/posts\/1303\/revisions"}],"predecessor-version":[{"id":1305,"href":"https:\/\/permbledhja.com\/sq\/wp-json\/wp\/v2\/posts\/1303\/revisions\/1305"}],"wp:featuredmedia":[{"embeddable":true,"href":"https:\/\/permbledhja.com\/sq\/wp-json\/wp\/v2\/media\/1304"}],"wp:attachment":[{"href":"https:\/\/permbledhja.com\/sq\/wp-json\/wp\/v2\/media?parent=1303"}],"wp:term":[{"taxonomy":"category","embeddable":true,"href":"https:\/\/permbledhja.com\/sq\/wp-json\/wp\/v2\/categories?post=1303"},{"taxonomy":"post_tag","embeddable":true,"href":"https:\/\/permbledhja.com\/sq\/wp-json\/wp\/v2\/tags?post=1303"}],"curies":[{"name":"wp","href":"https:\/\/api.w.org\/{rel}","templated":true}]}}