{"id":1300,"date":"2022-07-05T06:52:21","date_gmt":"2022-07-05T06:52:21","guid":{"rendered":"https:\/\/permbledhja.com\/?p=1300"},"modified":"2022-07-05T06:52:21","modified_gmt":"2022-07-05T06:52:21","slug":"nga-norvegjia-erdhi-per-pushime-vdes-ne-kosove-kjo-eshte-arsyeja","status":"publish","type":"post","link":"https:\/\/permbledhja.com\/sq\/nga-norvegjia-erdhi-per-pushime-vdes-ne-kosove-kjo-eshte-arsyeja\/","title":{"rendered":"Nga Norvegjia erdhi p\u00ebr pushime, vdes n\u00eb Kosov\u00eb &#8211; Kjo \u00ebsht\u00eb arsyeja"},"content":{"rendered":"<p>Nj\u00eb vajz\u00eb \u00ebsht\u00eb d\u00ebrguar pa shenja jete nga prind\u00ebrit e saj n\u00eb Spitalin e Pej\u00ebs.<\/p>\n<p>Sipas prind\u00ebrve t\u00eb viktim\u00ebs, vajza kishte pasur probleme me frym\u00ebmarrje dhe t\u00eb nj\u00ebjtit kishin ardhur p\u00ebr vizit\u00eb n\u00eb Kosov\u00eb, nga Norvegjia.<\/p>\n<p>Me vendim t\u00eb prokurorit, trupi i pajet\u00eb i viktim\u00ebs \u00ebsht\u00eb d\u00ebrguar p\u00ebr obduksion.<\/p>\n<p>Njoftimi i plot\u00eb i policis\u00eb:<\/p>\n<p>HETIM I VDEKJES\/ Spitali Rajonal, Pej\u00eb 04.07.2022 \u2013 19:06. Viktima fem\u00ebr shtetase e Norvegjis\u00eb \u00ebsht\u00eb sjell\u00eb nga prind\u00ebrit e saj n\u00eb spital ku sipas mjek\u00ebve ishte pa shenja jete. Sipas prind\u00ebrve t\u00eb viktim\u00ebs e nj\u00ebjta ka pasur problem me frym\u00ebmarrje (astm\u00eb) dhe n\u00eb Kosov\u00eb kan\u00eb ardhur p\u00ebr vizit\u00eb. Me vendim t\u00eb prokurorit trupi i pajet\u00eb \u00ebsht\u00eb d\u00ebrguar n\u00eb obduksion.<\/p>\n","protected":false},"excerpt":{"rendered":"<p>Nj\u00eb vajz\u00eb \u00ebsht\u00eb d\u00ebrguar pa shenja jete nga prind\u00ebrit e saj n\u00eb Spitalin e Pej\u00ebs. Sipas prind\u00ebrve t\u00eb viktim\u00ebs, vajza kishte pasur probleme me frym\u00ebmarrje dhe t\u00eb nj\u00ebjtit kishin ardhur p\u00ebr vizit\u00eb n\u00eb Kosov\u00eb, nga Norvegjia. Me vendim t\u00eb prokurorit, trupi i pajet\u00eb i viktim\u00ebs \u00ebsht\u00eb d\u00ebrguar p\u00ebr obduksion. Njoftimi i plot\u00eb i policis\u00eb: HETIM [&hellip;]<\/p>\n","protected":false},"author":1,"featured_media":1301,"comment_status":"closed","ping_status":"closed","sticky":false,"template":"","format":"standard","meta":{"_monsterinsights_skip_tracking":false,"_monsterinsights_sitenote_active":false,"_monsterinsights_sitenote_note":"","_monsterinsights_sitenote_category":0,"_uf_show_specific_survey":0,"_uf_disable_surveys":false,"footnotes":""},"categories":[23,15],"tags":[120],"yoast_head":"<!-- This site is optimized with the Yoast SEO plugin v21.5 - https:\/\/yoast.com\/wordpress\/plugins\/seo\/ -->\n<title>Nga Norvegjia erdhi p\u00ebr pushime, vdes n\u00eb Kosov\u00eb - Kjo \u00ebsht\u00eb arsyeja<\/title>\n<meta name=\"robots\" content=\"index, follow, max-snippet:-1, max-image-preview:large, max-video-preview:-1\" \/>\n<link rel=\"canonical\" href=\"https:\/\/permbledhja.com\/sq\/nga-norvegjia-erdhi-per-pushime-vdes-ne-kosove-kjo-eshte-arsyeja\/\" \/>\n<meta property=\"og:locale\" content=\"sq_AL\" \/>\n<meta property=\"og:type\" content=\"article\" \/>\n<meta property=\"og:title\" content=\"Nga Norvegjia erdhi p\u00ebr pushime, vdes n\u00eb Kosov\u00eb - Kjo \u00ebsht\u00eb arsyeja\" \/>\n<meta property=\"og:description\" content=\"Nj\u00eb vajz\u00eb \u00ebsht\u00eb d\u00ebrguar pa shenja jete nga prind\u00ebrit e saj n\u00eb Spitalin e Pej\u00ebs. Sipas prind\u00ebrve t\u00eb viktim\u00ebs, vajza kishte pasur probleme me frym\u00ebmarrje dhe t\u00eb nj\u00ebjtit kishin ardhur p\u00ebr vizit\u00eb n\u00eb Kosov\u00eb, nga Norvegjia. Me vendim t\u00eb prokurorit, trupi i pajet\u00eb i viktim\u00ebs \u00ebsht\u00eb d\u00ebrguar p\u00ebr obduksion. Njoftimi i plot\u00eb i policis\u00eb: HETIM [&hellip;]\" \/>\n<meta property=\"og:url\" content=\"https:\/\/permbledhja.com\/sq\/nga-norvegjia-erdhi-per-pushime-vdes-ne-kosove-kjo-eshte-arsyeja\/\" \/>\n<meta property=\"og:site_name\" content=\"Ve\u00e7 artikuj p\u00ebrmbledh\u00ebs\" \/>\n<meta property=\"article:publisher\" content=\"https:\/\/www.facebook.com\/press07\/\" \/>\n<meta property=\"article:author\" content=\"https:\/\/www.facebook.com\/kafexhiu.muharrem\/\" \/>\n<meta property=\"article:published_time\" content=\"2022-07-05T06:52:21+00:00\" \/>\n<meta property=\"og:image\" content=\"https:\/\/permbledhja.com\/wp-content\/uploads\/2022\/07\/47F605E5-874D-46F2-9BAA-D47EB69252AE.jpeg\" \/>\n\t<meta property=\"og:image:width\" content=\"686\" \/>\n\t<meta property=\"og:image:height\" content=\"455\" \/>\n\t<meta property=\"og:image:type\" content=\"image\/jpeg\" \/>\n<meta name=\"author\" content=\"P\u00ebrmbledhja\" \/>\n<meta name=\"twitter:card\" content=\"summary_large_image\" \/>\n<meta name=\"twitter:label1\" content=\"Written by\" \/>\n\t<meta name=\"twitter:data1\" content=\"P\u00ebrmbledhja\" \/>\n\t<meta name=\"twitter:label2\" content=\"Est. reading time\" \/>\n\t<meta name=\"twitter:data2\" content=\"1 minut\u00eb\" \/>\n<script type=\"application\/ld+json\" class=\"yoast-schema-graph\">{\"@context\":\"https:\/\/schema.org\",\"@graph\":[{\"@type\":\"Article\",\"@id\":\"https:\/\/permbledhja.com\/nga-norvegjia-erdhi-per-pushime-vdes-ne-kosove-kjo-eshte-arsyeja\/#article\",\"isPartOf\":{\"@id\":\"https:\/\/permbledhja.com\/nga-norvegjia-erdhi-per-pushime-vdes-ne-kosove-kjo-eshte-arsyeja\/\"},\"author\":{\"name\":\"P\u00ebrmbledhja\",\"@id\":\"https:\/\/permbledhja.com\/#\/schema\/person\/0d064377258d3221e50693947b9eb4fe\"},\"headline\":\"Nga Norvegjia erdhi p\u00ebr pushime, vdes n\u00eb Kosov\u00eb &#8211; Kjo \u00ebsht\u00eb arsyeja\",\"datePublished\":\"2022-07-05T06:52:21+00:00\",\"dateModified\":\"2022-07-05T06:52:21+00:00\",\"mainEntityOfPage\":{\"@id\":\"https:\/\/permbledhja.com\/nga-norvegjia-erdhi-per-pushime-vdes-ne-kosove-kjo-eshte-arsyeja\/\"},\"wordCount\":143,\"publisher\":{\"@id\":\"https:\/\/permbledhja.com\/#organization\"},\"keywords\":[\"Pej\u00eb\"],\"articleSection\":[\"Komb\u00ebtare\",\"Lajme\"],\"inLanguage\":\"sq\"},{\"@type\":\"WebPage\",\"@id\":\"https:\/\/permbledhja.com\/nga-norvegjia-erdhi-per-pushime-vdes-ne-kosove-kjo-eshte-arsyeja\/\",\"url\":\"https:\/\/permbledhja.com\/nga-norvegjia-erdhi-per-pushime-vdes-ne-kosove-kjo-eshte-arsyeja\/\",\"name\":\"Nga Norvegjia erdhi p\u00ebr pushime, vdes n\u00eb Kosov\u00eb - Kjo \u00ebsht\u00eb arsyeja\",\"isPartOf\":{\"@id\":\"https:\/\/permbledhja.com\/#website\"},\"datePublished\":\"2022-07-05T06:52:21+00:00\",\"dateModified\":\"2022-07-05T06:52:21+00:00\",\"breadcrumb\":{\"@id\":\"https:\/\/permbledhja.com\/nga-norvegjia-erdhi-per-pushime-vdes-ne-kosove-kjo-eshte-arsyeja\/#breadcrumb\"},\"inLanguage\":\"sq\",\"potentialAction\":[{\"@type\":\"ReadAction\",\"target\":[\"https:\/\/permbledhja.com\/nga-norvegjia-erdhi-per-pushime-vdes-ne-kosove-kjo-eshte-arsyeja\/\"]}]},{\"@type\":\"BreadcrumbList\",\"@id\":\"https:\/\/permbledhja.com\/nga-norvegjia-erdhi-per-pushime-vdes-ne-kosove-kjo-eshte-arsyeja\/#breadcrumb\",\"itemListElement\":[{\"@type\":\"ListItem\",\"position\":1,\"name\":\"Ballina\",\"item\":\"https:\/\/permbledhja.com\/sq\/\"},{\"@type\":\"ListItem\",\"position\":2,\"name\":\"Nga Norvegjia erdhi p\u00ebr pushime, vdes n\u00eb Kosov\u00eb &#8211; Kjo \u00ebsht\u00eb arsyeja\"}]},{\"@type\":\"WebSite\",\"@id\":\"https:\/\/permbledhja.com\/#website\",\"url\":\"https:\/\/permbledhja.com\/\",\"name\":\"Ve\u00e7 artikuj p\u00ebrmbledh\u00ebs\",\"description\":\"\",\"publisher\":{\"@id\":\"https:\/\/permbledhja.com\/#organization\"},\"potentialAction\":[{\"@type\":\"SearchAction\",\"target\":{\"@type\":\"EntryPoint\",\"urlTemplate\":\"https:\/\/permbledhja.com\/?s={search_term_string}\"},\"query-input\":\"required name=search_term_string\"}],\"inLanguage\":\"sq\"},{\"@type\":\"Organization\",\"@id\":\"https:\/\/permbledhja.com\/#organization\",\"name\":\"MK Media & Pr\",\"url\":\"https:\/\/permbledhja.com\/\",\"logo\":{\"@type\":\"ImageObject\",\"inLanguage\":\"sq\",\"@id\":\"https:\/\/permbledhja.com\/#\/schema\/logo\/image\/\",\"url\":\"https:\/\/permbledhja.com\/wp-content\/uploads\/2021\/12\/07-Press-Logo.jpg\",\"contentUrl\":\"https:\/\/permbledhja.com\/wp-content\/uploads\/2021\/12\/07-Press-Logo.jpg\",\"width\":512,\"height\":512,\"caption\":\"MK Media & Pr\"},\"image\":{\"@id\":\"https:\/\/permbledhja.com\/#\/schema\/logo\/image\/\"},\"sameAs\":[\"https:\/\/www.facebook.com\/press07\/\"]},{\"@type\":\"Person\",\"@id\":\"https:\/\/permbledhja.com\/#\/schema\/person\/0d064377258d3221e50693947b9eb4fe\",\"name\":\"P\u00ebrmbledhja\",\"image\":{\"@type\":\"ImageObject\",\"inLanguage\":\"sq\",\"@id\":\"https:\/\/permbledhja.com\/#\/schema\/person\/image\/\",\"url\":\"https:\/\/permbledhja.com\/wp-content\/uploads\/2026\/01\/452004717_1040944174702970_8932037511805513407_n-96x96.jpg\",\"contentUrl\":\"https:\/\/permbledhja.com\/wp-content\/uploads\/2026\/01\/452004717_1040944174702970_8932037511805513407_n-96x96.jpg\",\"caption\":\"P\u00ebrmbledhja\"},\"sameAs\":[\"https:\/\/www.facebook.com\/kafexhiu.muharrem\/\",\"https:\/\/www.instagram.com\/muharrem_kafexhiu\/\"],\"url\":\"https:\/\/permbledhja.com\/sq\/author\/admin\/\"}]}<\/script>\n<!-- \/ Yoast SEO plugin. -->","yoast_head_json":{"title":"Nga Norvegjia erdhi p\u00ebr pushime, vdes n\u00eb Kosov\u00eb - Kjo \u00ebsht\u00eb arsyeja","robots":{"index":"index","follow":"follow","max-snippet":"max-snippet:-1","max-image-preview":"max-image-preview:large","max-video-preview":"max-video-preview:-1"},"canonical":"https:\/\/permbledhja.com\/sq\/nga-norvegjia-erdhi-per-pushime-vdes-ne-kosove-kjo-eshte-arsyeja\/","og_locale":"sq_AL","og_type":"article","og_title":"Nga Norvegjia erdhi p\u00ebr pushime, vdes n\u00eb Kosov\u00eb - Kjo \u00ebsht\u00eb arsyeja","og_description":"Nj\u00eb vajz\u00eb \u00ebsht\u00eb d\u00ebrguar pa shenja jete nga prind\u00ebrit e saj n\u00eb Spitalin e Pej\u00ebs. Sipas prind\u00ebrve t\u00eb viktim\u00ebs, vajza kishte pasur probleme me frym\u00ebmarrje dhe t\u00eb nj\u00ebjtit kishin ardhur p\u00ebr vizit\u00eb n\u00eb Kosov\u00eb, nga Norvegjia. Me vendim t\u00eb prokurorit, trupi i pajet\u00eb i viktim\u00ebs \u00ebsht\u00eb d\u00ebrguar p\u00ebr obduksion. Njoftimi i plot\u00eb i policis\u00eb: HETIM [&hellip;]","og_url":"https:\/\/permbledhja.com\/sq\/nga-norvegjia-erdhi-per-pushime-vdes-ne-kosove-kjo-eshte-arsyeja\/","og_site_name":"Ve\u00e7 artikuj p\u00ebrmbledh\u00ebs","article_publisher":"https:\/\/www.facebook.com\/press07\/","article_author":"https:\/\/www.facebook.com\/kafexhiu.muharrem\/","article_published_time":"2022-07-05T06:52:21+00:00","og_image":[{"width":686,"height":455,"url":"https:\/\/permbledhja.com\/wp-content\/uploads\/2022\/07\/47F605E5-874D-46F2-9BAA-D47EB69252AE.jpeg","type":"image\/jpeg"}],"author":"P\u00ebrmbledhja","twitter_card":"summary_large_image","twitter_misc":{"Written by":"P\u00ebrmbledhja","Est. reading time":"1 minut\u00eb"},"schema":{"@context":"https:\/\/schema.org","@graph":[{"@type":"Article","@id":"https:\/\/permbledhja.com\/nga-norvegjia-erdhi-per-pushime-vdes-ne-kosove-kjo-eshte-arsyeja\/#article","isPartOf":{"@id":"https:\/\/permbledhja.com\/nga-norvegjia-erdhi-per-pushime-vdes-ne-kosove-kjo-eshte-arsyeja\/"},"author":{"name":"P\u00ebrmbledhja","@id":"https:\/\/permbledhja.com\/#\/schema\/person\/0d064377258d3221e50693947b9eb4fe"},"headline":"Nga Norvegjia erdhi p\u00ebr pushime, vdes n\u00eb Kosov\u00eb &#8211; Kjo \u00ebsht\u00eb arsyeja","datePublished":"2022-07-05T06:52:21+00:00","dateModified":"2022-07-05T06:52:21+00:00","mainEntityOfPage":{"@id":"https:\/\/permbledhja.com\/nga-norvegjia-erdhi-per-pushime-vdes-ne-kosove-kjo-eshte-arsyeja\/"},"wordCount":143,"publisher":{"@id":"https:\/\/permbledhja.com\/#organization"},"keywords":["Pej\u00eb"],"articleSection":["Komb\u00ebtare","Lajme"],"inLanguage":"sq"},{"@type":"WebPage","@id":"https:\/\/permbledhja.com\/nga-norvegjia-erdhi-per-pushime-vdes-ne-kosove-kjo-eshte-arsyeja\/","url":"https:\/\/permbledhja.com\/nga-norvegjia-erdhi-per-pushime-vdes-ne-kosove-kjo-eshte-arsyeja\/","name":"Nga Norvegjia erdhi p\u00ebr pushime, vdes n\u00eb Kosov\u00eb - Kjo \u00ebsht\u00eb arsyeja","isPartOf":{"@id":"https:\/\/permbledhja.com\/#website"},"datePublished":"2022-07-05T06:52:21+00:00","dateModified":"2022-07-05T06:52:21+00:00","breadcrumb":{"@id":"https:\/\/permbledhja.com\/nga-norvegjia-erdhi-per-pushime-vdes-ne-kosove-kjo-eshte-arsyeja\/#breadcrumb"},"inLanguage":"sq","potentialAction":[{"@type":"ReadAction","target":["https:\/\/permbledhja.com\/nga-norvegjia-erdhi-per-pushime-vdes-ne-kosove-kjo-eshte-arsyeja\/"]}]},{"@type":"BreadcrumbList","@id":"https:\/\/permbledhja.com\/nga-norvegjia-erdhi-per-pushime-vdes-ne-kosove-kjo-eshte-arsyeja\/#breadcrumb","itemListElement":[{"@type":"ListItem","position":1,"name":"Ballina","item":"https:\/\/permbledhja.com\/sq\/"},{"@type":"ListItem","position":2,"name":"Nga Norvegjia erdhi p\u00ebr pushime, vdes n\u00eb Kosov\u00eb &#8211; Kjo \u00ebsht\u00eb arsyeja"}]},{"@type":"WebSite","@id":"https:\/\/permbledhja.com\/#website","url":"https:\/\/permbledhja.com\/","name":"Ve\u00e7 artikuj p\u00ebrmbledh\u00ebs","description":"","publisher":{"@id":"https:\/\/permbledhja.com\/#organization"},"potentialAction":[{"@type":"SearchAction","target":{"@type":"EntryPoint","urlTemplate":"https:\/\/permbledhja.com\/?s={search_term_string}"},"query-input":"required name=search_term_string"}],"inLanguage":"sq"},{"@type":"Organization","@id":"https:\/\/permbledhja.com\/#organization","name":"MK Media & Pr","url":"https:\/\/permbledhja.com\/","logo":{"@type":"ImageObject","inLanguage":"sq","@id":"https:\/\/permbledhja.com\/#\/schema\/logo\/image\/","url":"https:\/\/permbledhja.com\/wp-content\/uploads\/2021\/12\/07-Press-Logo.jpg","contentUrl":"https:\/\/permbledhja.com\/wp-content\/uploads\/2021\/12\/07-Press-Logo.jpg","width":512,"height":512,"caption":"MK Media & Pr"},"image":{"@id":"https:\/\/permbledhja.com\/#\/schema\/logo\/image\/"},"sameAs":["https:\/\/www.facebook.com\/press07\/"]},{"@type":"Person","@id":"https:\/\/permbledhja.com\/#\/schema\/person\/0d064377258d3221e50693947b9eb4fe","name":"P\u00ebrmbledhja","image":{"@type":"ImageObject","inLanguage":"sq","@id":"https:\/\/permbledhja.com\/#\/schema\/person\/image\/","url":"https:\/\/permbledhja.com\/wp-content\/uploads\/2026\/01\/452004717_1040944174702970_8932037511805513407_n-96x96.jpg","contentUrl":"https:\/\/permbledhja.com\/wp-content\/uploads\/2026\/01\/452004717_1040944174702970_8932037511805513407_n-96x96.jpg","caption":"P\u00ebrmbledhja"},"sameAs":["https:\/\/www.facebook.com\/kafexhiu.muharrem\/","https:\/\/www.instagram.com\/muharrem_kafexhiu\/"],"url":"https:\/\/permbledhja.com\/sq\/author\/admin\/"}]}},"_links":{"self":[{"href":"https:\/\/permbledhja.com\/sq\/wp-json\/wp\/v2\/posts\/1300"}],"collection":[{"href":"https:\/\/permbledhja.com\/sq\/wp-json\/wp\/v2\/posts"}],"about":[{"href":"https:\/\/permbledhja.com\/sq\/wp-json\/wp\/v2\/types\/post"}],"author":[{"embeddable":true,"href":"https:\/\/permbledhja.com\/sq\/wp-json\/wp\/v2\/users\/1"}],"replies":[{"embeddable":true,"href":"https:\/\/permbledhja.com\/sq\/wp-json\/wp\/v2\/comments?post=1300"}],"version-history":[{"count":1,"href":"https:\/\/permbledhja.com\/sq\/wp-json\/wp\/v2\/posts\/1300\/revisions"}],"predecessor-version":[{"id":1302,"href":"https:\/\/permbledhja.com\/sq\/wp-json\/wp\/v2\/posts\/1300\/revisions\/1302"}],"wp:featuredmedia":[{"embeddable":true,"href":"https:\/\/permbledhja.com\/sq\/wp-json\/wp\/v2\/media\/1301"}],"wp:attachment":[{"href":"https:\/\/permbledhja.com\/sq\/wp-json\/wp\/v2\/media?parent=1300"}],"wp:term":[{"taxonomy":"category","embeddable":true,"href":"https:\/\/permbledhja.com\/sq\/wp-json\/wp\/v2\/categories?post=1300"},{"taxonomy":"post_tag","embeddable":true,"href":"https:\/\/permbledhja.com\/sq\/wp-json\/wp\/v2\/tags?post=1300"}],"curies":[{"name":"wp","href":"https:\/\/api.w.org\/{rel}","templated":true}]}}