{"id":12923,"date":"2023-03-26T22:40:53","date_gmt":"2023-03-26T22:40:53","guid":{"rendered":"https:\/\/permbledhja.com\/?p=12923"},"modified":"2023-03-26T22:40:53","modified_gmt":"2023-03-26T22:40:53","slug":"cmime-te-larta-te-iftareve-ne-restorantet-e-kosoves","status":"publish","type":"post","link":"https:\/\/permbledhja.com\/sq\/cmime-te-larta-te-iftareve-ne-restorantet-e-kosoves\/","title":{"rendered":"\u00c7mime t\u00eb larta t\u00eb iftareve n\u00eb restorantet e Kosov\u00ebs"},"content":{"rendered":"<p><strong>Muaji i shenjt\u00eb i Ramazanit erdhi t\u00eb enjten e bashk\u00eb me t\u00eb edhe ofertat e restoranteve p\u00ebr iftar.<\/strong><\/p>\n<p>Por ndryshe nga vitet paraprake, sivjet ofertat p\u00ebr nj\u00eb person gufuan me \u00e7mime duke kapur shuma t\u00eb larta dyshifrore deri n\u00eb 20 euro. Qytetar\u00ebt thon\u00eb se gastronomet \u00e7doher\u00eb shfryt\u00ebzojn\u00eb rastin n\u00eb k\u00ebso periudha p\u00ebr t\u00eb p\u00ebrfituar.<\/p>\n<p>P\u00ebr dik\u00eb edhe ajo q\u00eb ofrohet nuk p\u00ebrkon me \u00e7mimin e menys\u00eb. N\u00eb tjetr\u00ebn an\u00eb, ka t\u00eb tjer\u00eb q\u00eb mir\u00ebkuptojn\u00eb k\u00ebt\u00eb bazuar n\u00eb shtrenjtimet e b\u00ebra.<\/p>\n<p>E nj\u00eb biznes n\u00eb sheshin e kryeqytetit thot\u00eb se k\u00ebt\u00eb ramazan nxor\u00ebn oferta simbolike. Ata q\u00eb e teprojn\u00eb me \u00e7mime sipas k\u00ebtij, jan\u00eb biznese q\u00eb punojn\u00eb ve\u00e7 me ushqime.<\/p>\n<p><iframe loading=\"lazy\" width=\"770\" height=\"450\" src=\"https:\/\/www.youtube.com\/embed\/-MXflsvncFk\" title=\"\u00c7mime t\u00eb larta t\u00eb iftareve n\u00eb restorante - 26.03.2023 - Lajmet\" frameborder=\"0\" allow=\"accelerometer; autoplay; clipboard-write; encrypted-media; gyroscope; picture-in-picture; web-share\" allowfullscreen><\/iframe><\/p>\n","protected":false},"excerpt":{"rendered":"<p>Muaji i shenjt\u00eb i Ramazanit erdhi t\u00eb enjten e bashk\u00eb me t\u00eb edhe ofertat e restoranteve p\u00ebr iftar. Por ndryshe nga vitet paraprake, sivjet ofertat p\u00ebr nj\u00eb person gufuan me \u00e7mime duke kapur shuma t\u00eb larta dyshifrore deri n\u00eb 20 euro. Qytetar\u00ebt thon\u00eb se gastronomet \u00e7doher\u00eb shfryt\u00ebzojn\u00eb rastin n\u00eb k\u00ebso periudha p\u00ebr t\u00eb p\u00ebrfituar. P\u00ebr [&hellip;]<\/p>\n","protected":false},"author":1,"featured_media":12924,"comment_status":"closed","ping_status":"closed","sticky":false,"template":"","format":"standard","meta":{"_monsterinsights_skip_tracking":false,"_monsterinsights_sitenote_active":false,"_monsterinsights_sitenote_note":"","_monsterinsights_sitenote_category":0,"_uf_show_specific_survey":0,"_uf_disable_surveys":false,"footnotes":""},"categories":[23,15],"tags":[100,1542],"yoast_head":"<!-- This site is optimized with the Yoast SEO plugin v21.5 - https:\/\/yoast.com\/wordpress\/plugins\/seo\/ -->\n<title>\u00c7mime t\u00eb larta t\u00eb iftareve n\u00eb restorantet e Kosov\u00ebs<\/title>\n<meta name=\"robots\" content=\"index, follow, max-snippet:-1, max-image-preview:large, max-video-preview:-1\" \/>\n<link rel=\"canonical\" href=\"https:\/\/permbledhja.com\/sq\/cmime-te-larta-te-iftareve-ne-restorantet-e-kosoves\/\" \/>\n<meta property=\"og:locale\" content=\"sq_AL\" \/>\n<meta property=\"og:type\" content=\"article\" \/>\n<meta property=\"og:title\" content=\"\u00c7mime t\u00eb larta t\u00eb iftareve n\u00eb restorantet e Kosov\u00ebs\" \/>\n<meta property=\"og:description\" content=\"Muaji i shenjt\u00eb i Ramazanit erdhi t\u00eb enjten e bashk\u00eb me t\u00eb edhe ofertat e restoranteve p\u00ebr iftar. Por ndryshe nga vitet paraprake, sivjet ofertat p\u00ebr nj\u00eb person gufuan me \u00e7mime duke kapur shuma t\u00eb larta dyshifrore deri n\u00eb 20 euro. Qytetar\u00ebt thon\u00eb se gastronomet \u00e7doher\u00eb shfryt\u00ebzojn\u00eb rastin n\u00eb k\u00ebso periudha p\u00ebr t\u00eb p\u00ebrfituar. P\u00ebr [&hellip;]\" \/>\n<meta property=\"og:url\" content=\"https:\/\/permbledhja.com\/sq\/cmime-te-larta-te-iftareve-ne-restorantet-e-kosoves\/\" \/>\n<meta property=\"og:site_name\" content=\"Ve\u00e7 artikuj p\u00ebrmbledh\u00ebs\" \/>\n<meta property=\"article:publisher\" content=\"https:\/\/www.facebook.com\/press07\/\" \/>\n<meta property=\"article:author\" content=\"https:\/\/www.facebook.com\/kafexhiu.muharrem\/\" \/>\n<meta property=\"article:published_time\" content=\"2023-03-26T22:40:53+00:00\" \/>\n<meta property=\"og:image\" content=\"https:\/\/permbledhja.com\/wp-content\/uploads\/2023\/03\/iftarreeee.png\" \/>\n\t<meta property=\"og:image:width\" content=\"690\" \/>\n\t<meta property=\"og:image:height\" content=\"403\" \/>\n\t<meta property=\"og:image:type\" content=\"image\/png\" \/>\n<meta name=\"author\" content=\"P\u00ebrmbledhja\" \/>\n<meta name=\"twitter:card\" content=\"summary_large_image\" \/>\n<meta name=\"twitter:label1\" content=\"Written by\" \/>\n\t<meta name=\"twitter:data1\" content=\"P\u00ebrmbledhja\" \/>\n\t<meta name=\"twitter:label2\" content=\"Est. reading time\" \/>\n\t<meta name=\"twitter:data2\" content=\"1 minut\u00eb\" \/>\n<script type=\"application\/ld+json\" class=\"yoast-schema-graph\">{\"@context\":\"https:\/\/schema.org\",\"@graph\":[{\"@type\":\"Article\",\"@id\":\"https:\/\/permbledhja.com\/sq\/cmime-te-larta-te-iftareve-ne-restorantet-e-kosoves\/#article\",\"isPartOf\":{\"@id\":\"https:\/\/permbledhja.com\/sq\/cmime-te-larta-te-iftareve-ne-restorantet-e-kosoves\/\"},\"author\":{\"name\":\"P\u00ebrmbledhja\",\"@id\":\"https:\/\/permbledhja.com\/#\/schema\/person\/0d064377258d3221e50693947b9eb4fe\"},\"headline\":\"\u00c7mime t\u00eb larta t\u00eb iftareve n\u00eb restorantet e Kosov\u00ebs\",\"datePublished\":\"2023-03-26T22:40:53+00:00\",\"dateModified\":\"2023-03-26T22:40:53+00:00\",\"mainEntityOfPage\":{\"@id\":\"https:\/\/permbledhja.com\/sq\/cmime-te-larta-te-iftareve-ne-restorantet-e-kosoves\/\"},\"wordCount\":134,\"publisher\":{\"@id\":\"https:\/\/permbledhja.com\/#organization\"},\"keywords\":[\"Kosov\u00eb\",\"Restorante\"],\"articleSection\":[\"Komb\u00ebtare\",\"Lajme\"],\"inLanguage\":\"sq\"},{\"@type\":\"WebPage\",\"@id\":\"https:\/\/permbledhja.com\/sq\/cmime-te-larta-te-iftareve-ne-restorantet-e-kosoves\/\",\"url\":\"https:\/\/permbledhja.com\/sq\/cmime-te-larta-te-iftareve-ne-restorantet-e-kosoves\/\",\"name\":\"\u00c7mime t\u00eb larta t\u00eb iftareve n\u00eb restorantet e Kosov\u00ebs\",\"isPartOf\":{\"@id\":\"https:\/\/permbledhja.com\/#website\"},\"datePublished\":\"2023-03-26T22:40:53+00:00\",\"dateModified\":\"2023-03-26T22:40:53+00:00\",\"breadcrumb\":{\"@id\":\"https:\/\/permbledhja.com\/sq\/cmime-te-larta-te-iftareve-ne-restorantet-e-kosoves\/#breadcrumb\"},\"inLanguage\":\"sq\",\"potentialAction\":[{\"@type\":\"ReadAction\",\"target\":[\"https:\/\/permbledhja.com\/sq\/cmime-te-larta-te-iftareve-ne-restorantet-e-kosoves\/\"]}]},{\"@type\":\"BreadcrumbList\",\"@id\":\"https:\/\/permbledhja.com\/sq\/cmime-te-larta-te-iftareve-ne-restorantet-e-kosoves\/#breadcrumb\",\"itemListElement\":[{\"@type\":\"ListItem\",\"position\":1,\"name\":\"Ballina\",\"item\":\"https:\/\/permbledhja.com\/sq\/\"},{\"@type\":\"ListItem\",\"position\":2,\"name\":\"\u00c7mime t\u00eb larta t\u00eb iftareve n\u00eb restorantet e Kosov\u00ebs\"}]},{\"@type\":\"WebSite\",\"@id\":\"https:\/\/permbledhja.com\/#website\",\"url\":\"https:\/\/permbledhja.com\/\",\"name\":\"Ve\u00e7 artikuj p\u00ebrmbledh\u00ebs\",\"description\":\"\",\"publisher\":{\"@id\":\"https:\/\/permbledhja.com\/#organization\"},\"potentialAction\":[{\"@type\":\"SearchAction\",\"target\":{\"@type\":\"EntryPoint\",\"urlTemplate\":\"https:\/\/permbledhja.com\/?s={search_term_string}\"},\"query-input\":\"required name=search_term_string\"}],\"inLanguage\":\"sq\"},{\"@type\":\"Organization\",\"@id\":\"https:\/\/permbledhja.com\/#organization\",\"name\":\"MK Media & Pr\",\"url\":\"https:\/\/permbledhja.com\/\",\"logo\":{\"@type\":\"ImageObject\",\"inLanguage\":\"sq\",\"@id\":\"https:\/\/permbledhja.com\/#\/schema\/logo\/image\/\",\"url\":\"https:\/\/permbledhja.com\/wp-content\/uploads\/2021\/12\/07-Press-Logo.jpg\",\"contentUrl\":\"https:\/\/permbledhja.com\/wp-content\/uploads\/2021\/12\/07-Press-Logo.jpg\",\"width\":512,\"height\":512,\"caption\":\"MK Media & Pr\"},\"image\":{\"@id\":\"https:\/\/permbledhja.com\/#\/schema\/logo\/image\/\"},\"sameAs\":[\"https:\/\/www.facebook.com\/press07\/\"]},{\"@type\":\"Person\",\"@id\":\"https:\/\/permbledhja.com\/#\/schema\/person\/0d064377258d3221e50693947b9eb4fe\",\"name\":\"P\u00ebrmbledhja\",\"image\":{\"@type\":\"ImageObject\",\"inLanguage\":\"sq\",\"@id\":\"https:\/\/permbledhja.com\/#\/schema\/person\/image\/\",\"url\":\"https:\/\/permbledhja.com\/wp-content\/uploads\/2026\/01\/452004717_1040944174702970_8932037511805513407_n-96x96.jpg\",\"contentUrl\":\"https:\/\/permbledhja.com\/wp-content\/uploads\/2026\/01\/452004717_1040944174702970_8932037511805513407_n-96x96.jpg\",\"caption\":\"P\u00ebrmbledhja\"},\"sameAs\":[\"https:\/\/www.facebook.com\/kafexhiu.muharrem\/\",\"https:\/\/www.instagram.com\/muharrem_kafexhiu\/\"],\"url\":\"https:\/\/permbledhja.com\/sq\/author\/admin\/\"}]}<\/script>\n<!-- \/ Yoast SEO plugin. -->","yoast_head_json":{"title":"\u00c7mime t\u00eb larta t\u00eb iftareve n\u00eb restorantet e Kosov\u00ebs","robots":{"index":"index","follow":"follow","max-snippet":"max-snippet:-1","max-image-preview":"max-image-preview:large","max-video-preview":"max-video-preview:-1"},"canonical":"https:\/\/permbledhja.com\/sq\/cmime-te-larta-te-iftareve-ne-restorantet-e-kosoves\/","og_locale":"sq_AL","og_type":"article","og_title":"\u00c7mime t\u00eb larta t\u00eb iftareve n\u00eb restorantet e Kosov\u00ebs","og_description":"Muaji i shenjt\u00eb i Ramazanit erdhi t\u00eb enjten e bashk\u00eb me t\u00eb edhe ofertat e restoranteve p\u00ebr iftar. Por ndryshe nga vitet paraprake, sivjet ofertat p\u00ebr nj\u00eb person gufuan me \u00e7mime duke kapur shuma t\u00eb larta dyshifrore deri n\u00eb 20 euro. Qytetar\u00ebt thon\u00eb se gastronomet \u00e7doher\u00eb shfryt\u00ebzojn\u00eb rastin n\u00eb k\u00ebso periudha p\u00ebr t\u00eb p\u00ebrfituar. P\u00ebr [&hellip;]","og_url":"https:\/\/permbledhja.com\/sq\/cmime-te-larta-te-iftareve-ne-restorantet-e-kosoves\/","og_site_name":"Ve\u00e7 artikuj p\u00ebrmbledh\u00ebs","article_publisher":"https:\/\/www.facebook.com\/press07\/","article_author":"https:\/\/www.facebook.com\/kafexhiu.muharrem\/","article_published_time":"2023-03-26T22:40:53+00:00","og_image":[{"width":690,"height":403,"url":"https:\/\/permbledhja.com\/wp-content\/uploads\/2023\/03\/iftarreeee.png","type":"image\/png"}],"author":"P\u00ebrmbledhja","twitter_card":"summary_large_image","twitter_misc":{"Written by":"P\u00ebrmbledhja","Est. reading time":"1 minut\u00eb"},"schema":{"@context":"https:\/\/schema.org","@graph":[{"@type":"Article","@id":"https:\/\/permbledhja.com\/sq\/cmime-te-larta-te-iftareve-ne-restorantet-e-kosoves\/#article","isPartOf":{"@id":"https:\/\/permbledhja.com\/sq\/cmime-te-larta-te-iftareve-ne-restorantet-e-kosoves\/"},"author":{"name":"P\u00ebrmbledhja","@id":"https:\/\/permbledhja.com\/#\/schema\/person\/0d064377258d3221e50693947b9eb4fe"},"headline":"\u00c7mime t\u00eb larta t\u00eb iftareve n\u00eb restorantet e Kosov\u00ebs","datePublished":"2023-03-26T22:40:53+00:00","dateModified":"2023-03-26T22:40:53+00:00","mainEntityOfPage":{"@id":"https:\/\/permbledhja.com\/sq\/cmime-te-larta-te-iftareve-ne-restorantet-e-kosoves\/"},"wordCount":134,"publisher":{"@id":"https:\/\/permbledhja.com\/#organization"},"keywords":["Kosov\u00eb","Restorante"],"articleSection":["Komb\u00ebtare","Lajme"],"inLanguage":"sq"},{"@type":"WebPage","@id":"https:\/\/permbledhja.com\/sq\/cmime-te-larta-te-iftareve-ne-restorantet-e-kosoves\/","url":"https:\/\/permbledhja.com\/sq\/cmime-te-larta-te-iftareve-ne-restorantet-e-kosoves\/","name":"\u00c7mime t\u00eb larta t\u00eb iftareve n\u00eb restorantet e Kosov\u00ebs","isPartOf":{"@id":"https:\/\/permbledhja.com\/#website"},"datePublished":"2023-03-26T22:40:53+00:00","dateModified":"2023-03-26T22:40:53+00:00","breadcrumb":{"@id":"https:\/\/permbledhja.com\/sq\/cmime-te-larta-te-iftareve-ne-restorantet-e-kosoves\/#breadcrumb"},"inLanguage":"sq","potentialAction":[{"@type":"ReadAction","target":["https:\/\/permbledhja.com\/sq\/cmime-te-larta-te-iftareve-ne-restorantet-e-kosoves\/"]}]},{"@type":"BreadcrumbList","@id":"https:\/\/permbledhja.com\/sq\/cmime-te-larta-te-iftareve-ne-restorantet-e-kosoves\/#breadcrumb","itemListElement":[{"@type":"ListItem","position":1,"name":"Ballina","item":"https:\/\/permbledhja.com\/sq\/"},{"@type":"ListItem","position":2,"name":"\u00c7mime t\u00eb larta t\u00eb iftareve n\u00eb restorantet e Kosov\u00ebs"}]},{"@type":"WebSite","@id":"https:\/\/permbledhja.com\/#website","url":"https:\/\/permbledhja.com\/","name":"Ve\u00e7 artikuj p\u00ebrmbledh\u00ebs","description":"","publisher":{"@id":"https:\/\/permbledhja.com\/#organization"},"potentialAction":[{"@type":"SearchAction","target":{"@type":"EntryPoint","urlTemplate":"https:\/\/permbledhja.com\/?s={search_term_string}"},"query-input":"required name=search_term_string"}],"inLanguage":"sq"},{"@type":"Organization","@id":"https:\/\/permbledhja.com\/#organization","name":"MK Media & Pr","url":"https:\/\/permbledhja.com\/","logo":{"@type":"ImageObject","inLanguage":"sq","@id":"https:\/\/permbledhja.com\/#\/schema\/logo\/image\/","url":"https:\/\/permbledhja.com\/wp-content\/uploads\/2021\/12\/07-Press-Logo.jpg","contentUrl":"https:\/\/permbledhja.com\/wp-content\/uploads\/2021\/12\/07-Press-Logo.jpg","width":512,"height":512,"caption":"MK Media & Pr"},"image":{"@id":"https:\/\/permbledhja.com\/#\/schema\/logo\/image\/"},"sameAs":["https:\/\/www.facebook.com\/press07\/"]},{"@type":"Person","@id":"https:\/\/permbledhja.com\/#\/schema\/person\/0d064377258d3221e50693947b9eb4fe","name":"P\u00ebrmbledhja","image":{"@type":"ImageObject","inLanguage":"sq","@id":"https:\/\/permbledhja.com\/#\/schema\/person\/image\/","url":"https:\/\/permbledhja.com\/wp-content\/uploads\/2026\/01\/452004717_1040944174702970_8932037511805513407_n-96x96.jpg","contentUrl":"https:\/\/permbledhja.com\/wp-content\/uploads\/2026\/01\/452004717_1040944174702970_8932037511805513407_n-96x96.jpg","caption":"P\u00ebrmbledhja"},"sameAs":["https:\/\/www.facebook.com\/kafexhiu.muharrem\/","https:\/\/www.instagram.com\/muharrem_kafexhiu\/"],"url":"https:\/\/permbledhja.com\/sq\/author\/admin\/"}]}},"_links":{"self":[{"href":"https:\/\/permbledhja.com\/sq\/wp-json\/wp\/v2\/posts\/12923"}],"collection":[{"href":"https:\/\/permbledhja.com\/sq\/wp-json\/wp\/v2\/posts"}],"about":[{"href":"https:\/\/permbledhja.com\/sq\/wp-json\/wp\/v2\/types\/post"}],"author":[{"embeddable":true,"href":"https:\/\/permbledhja.com\/sq\/wp-json\/wp\/v2\/users\/1"}],"replies":[{"embeddable":true,"href":"https:\/\/permbledhja.com\/sq\/wp-json\/wp\/v2\/comments?post=12923"}],"version-history":[{"count":1,"href":"https:\/\/permbledhja.com\/sq\/wp-json\/wp\/v2\/posts\/12923\/revisions"}],"predecessor-version":[{"id":12925,"href":"https:\/\/permbledhja.com\/sq\/wp-json\/wp\/v2\/posts\/12923\/revisions\/12925"}],"wp:featuredmedia":[{"embeddable":true,"href":"https:\/\/permbledhja.com\/sq\/wp-json\/wp\/v2\/media\/12924"}],"wp:attachment":[{"href":"https:\/\/permbledhja.com\/sq\/wp-json\/wp\/v2\/media?parent=12923"}],"wp:term":[{"taxonomy":"category","embeddable":true,"href":"https:\/\/permbledhja.com\/sq\/wp-json\/wp\/v2\/categories?post=12923"},{"taxonomy":"post_tag","embeddable":true,"href":"https:\/\/permbledhja.com\/sq\/wp-json\/wp\/v2\/tags?post=12923"}],"curies":[{"name":"wp","href":"https:\/\/api.w.org\/{rel}","templated":true}]}}