{"id":12921,"date":"2023-03-26T22:23:25","date_gmt":"2023-03-26T22:23:25","guid":{"rendered":"https:\/\/permbledhja.com\/?p=12921"},"modified":"2023-03-26T22:23:25","modified_gmt":"2023-03-26T22:23:25","slug":"u-gjet-me-plumb-ne-koke-shefi-i-emergjences-jep-detaje-te-trishta-per-rastin-e-dumnices","status":"publish","type":"post","link":"https:\/\/permbledhja.com\/sq\/u-gjet-me-plumb-ne-koke-shefi-i-emergjences-jep-detaje-te-trishta-per-rastin-e-dumnices\/","title":{"rendered":"\u201cU gjet me plumb n\u00eb kok\u00eb\u201d \u2013 Shefi i Emergjenc\u00ebs jep detaje t\u00eb trishta p\u00ebr rastin e Dumnic\u00ebs"},"content":{"rendered":"<p><strong>M\u00eb par\u00eb u raportua se n\u00eb Dumnic\u00eb t\u00eb Podujev\u00ebs, \u00ebsht\u00eb gjetur i vdekur Sali Salihu i mosh\u00ebs rreth 65 vje\u00e7ar, sot rrerh or\u00eb 18:00.<\/strong><\/p>\n<p>Rastin e ka konfirmuar edhe z\u00ebdh\u00ebn\u00ebsja e Policis\u00eb s\u00eb Kosov\u00eb, Flora Ahmeti.<\/p>\n<p>\u201cSot rreth or\u00ebs 18:00, kemi marr\u00eb informat\u00ebn p\u00ebr nj\u00eb person t\u00eb l\u00ebnduar, n\u00eb fshatin Dumnic\u00eb t\u00eb Podujev\u00ebs.Menj\u00ebher\u00eb pas marrjes s\u00eb informat\u00ebs n\u00eb vendin e ngjarjes kan\u00eb dal\u00eb nj\u00ebsitet e nevojshme policore dhe ekipi mjek\u00ebsor, t\u00eb cil\u00ebt kan\u00eb konstatuar vdekjen e viktim\u00ebs.<\/p>\n<p>Aktualisht zyrtar\u00ebt policor, n\u00eb koordinim me prokurorin e shtetit jan\u00eb duke punuar p\u00ebr t\u00eb ndri\u00e7uar dhe sqaruar t\u00eb gjitha rrethanat q\u00eb kan\u00eb t\u00eb b\u00ebjn\u00eb me k\u00ebt\u00eb rast\u201d, ka th\u00ebn\u00eb Florije Ahmeti.<\/p>\n<p>Edhe shefi i Emergjenc\u00ebs n\u00eb Podujev\u00eb, Arben Beqiri, e ka konfirmuar rastin p\u00ebr Raporto24.<\/p>\n<p>\u201cNj\u00eb person \u00ebsht\u00eb gjetur me plumb n\u00eb kok\u00eb, dhe si pasoj\u00eb e plag\u00ebve t\u00eb marra ka nd\u00ebrruar jet\u00eb\u201d, ka th\u00ebn\u00eb Beqiri.<\/p>\n","protected":false},"excerpt":{"rendered":"<p>M\u00eb par\u00eb u raportua se n\u00eb Dumnic\u00eb t\u00eb Podujev\u00ebs, \u00ebsht\u00eb gjetur i vdekur Sali Salihu i mosh\u00ebs rreth 65 vje\u00e7ar, sot rrerh or\u00eb 18:00. Rastin e ka konfirmuar edhe z\u00ebdh\u00ebn\u00ebsja e Policis\u00eb s\u00eb Kosov\u00eb, Flora Ahmeti. \u201cSot rreth or\u00ebs 18:00, kemi marr\u00eb informat\u00ebn p\u00ebr nj\u00eb person t\u00eb l\u00ebnduar, n\u00eb fshatin Dumnic\u00eb t\u00eb Podujev\u00ebs.Menj\u00ebher\u00eb pas marrjes [&hellip;]<\/p>\n","protected":false},"author":1,"featured_media":967,"comment_status":"closed","ping_status":"closed","sticky":false,"template":"","format":"standard","meta":{"_monsterinsights_skip_tracking":false,"_monsterinsights_sitenote_active":false,"_monsterinsights_sitenote_note":"","_monsterinsights_sitenote_category":0,"_uf_show_specific_survey":0,"_uf_disable_surveys":false,"footnotes":""},"categories":[1],"tags":[102],"yoast_head":"<!-- This site is optimized with the Yoast SEO plugin v21.5 - https:\/\/yoast.com\/wordpress\/plugins\/seo\/ -->\n<title>\u201cU gjet me plumb n\u00eb kok\u00eb\u201d \u2013 Shefi i Emergjenc\u00ebs jep detaje t\u00eb trishta p\u00ebr rastin e Dumnic\u00ebs<\/title>\n<meta name=\"robots\" content=\"index, follow, max-snippet:-1, max-image-preview:large, max-video-preview:-1\" \/>\n<link rel=\"canonical\" href=\"https:\/\/permbledhja.com\/sq\/u-gjet-me-plumb-ne-koke-shefi-i-emergjences-jep-detaje-te-trishta-per-rastin-e-dumnices\/\" \/>\n<meta property=\"og:locale\" content=\"sq_AL\" \/>\n<meta property=\"og:type\" content=\"article\" \/>\n<meta property=\"og:title\" content=\"\u201cU gjet me plumb n\u00eb kok\u00eb\u201d \u2013 Shefi i Emergjenc\u00ebs jep detaje t\u00eb trishta p\u00ebr rastin e Dumnic\u00ebs\" \/>\n<meta property=\"og:description\" content=\"M\u00eb par\u00eb u raportua se n\u00eb Dumnic\u00eb t\u00eb Podujev\u00ebs, \u00ebsht\u00eb gjetur i vdekur Sali Salihu i mosh\u00ebs rreth 65 vje\u00e7ar, sot rrerh or\u00eb 18:00. Rastin e ka konfirmuar edhe z\u00ebdh\u00ebn\u00ebsja e Policis\u00eb s\u00eb Kosov\u00eb, Flora Ahmeti. \u201cSot rreth or\u00ebs 18:00, kemi marr\u00eb informat\u00ebn p\u00ebr nj\u00eb person t\u00eb l\u00ebnduar, n\u00eb fshatin Dumnic\u00eb t\u00eb Podujev\u00ebs.Menj\u00ebher\u00eb pas marrjes [&hellip;]\" \/>\n<meta property=\"og:url\" content=\"https:\/\/permbledhja.com\/sq\/u-gjet-me-plumb-ne-koke-shefi-i-emergjences-jep-detaje-te-trishta-per-rastin-e-dumnices\/\" \/>\n<meta property=\"og:site_name\" content=\"Ve\u00e7 artikuj p\u00ebrmbledh\u00ebs\" \/>\n<meta property=\"article:publisher\" content=\"https:\/\/www.facebook.com\/press07\/\" \/>\n<meta property=\"article:author\" content=\"https:\/\/www.facebook.com\/kafexhiu.muharrem\/\" \/>\n<meta property=\"article:published_time\" content=\"2023-03-26T22:23:25+00:00\" \/>\n<meta property=\"og:image\" content=\"https:\/\/permbledhja.com\/wp-content\/uploads\/2022\/07\/policia-e-kosoves-naten.png\" \/>\n\t<meta property=\"og:image:width\" content=\"600\" \/>\n\t<meta property=\"og:image:height\" content=\"360\" \/>\n\t<meta property=\"og:image:type\" content=\"image\/png\" \/>\n<meta name=\"author\" content=\"P\u00ebrmbledhja\" \/>\n<meta name=\"twitter:card\" content=\"summary_large_image\" \/>\n<meta name=\"twitter:label1\" content=\"Written by\" \/>\n\t<meta name=\"twitter:data1\" content=\"P\u00ebrmbledhja\" \/>\n\t<meta name=\"twitter:label2\" content=\"Est. reading time\" \/>\n\t<meta name=\"twitter:data2\" content=\"1 minut\u00eb\" \/>\n<script type=\"application\/ld+json\" class=\"yoast-schema-graph\">{\"@context\":\"https:\/\/schema.org\",\"@graph\":[{\"@type\":\"Article\",\"@id\":\"https:\/\/permbledhja.com\/sq\/u-gjet-me-plumb-ne-koke-shefi-i-emergjences-jep-detaje-te-trishta-per-rastin-e-dumnices\/#article\",\"isPartOf\":{\"@id\":\"https:\/\/permbledhja.com\/sq\/u-gjet-me-plumb-ne-koke-shefi-i-emergjences-jep-detaje-te-trishta-per-rastin-e-dumnices\/\"},\"author\":{\"name\":\"P\u00ebrmbledhja\",\"@id\":\"https:\/\/permbledhja.com\/#\/schema\/person\/0d064377258d3221e50693947b9eb4fe\"},\"headline\":\"\u201cU gjet me plumb n\u00eb kok\u00eb\u201d \u2013 Shefi i Emergjenc\u00ebs jep detaje t\u00eb trishta p\u00ebr rastin e Dumnic\u00ebs\",\"datePublished\":\"2023-03-26T22:23:25+00:00\",\"dateModified\":\"2023-03-26T22:23:25+00:00\",\"mainEntityOfPage\":{\"@id\":\"https:\/\/permbledhja.com\/sq\/u-gjet-me-plumb-ne-koke-shefi-i-emergjences-jep-detaje-te-trishta-per-rastin-e-dumnices\/\"},\"wordCount\":189,\"publisher\":{\"@id\":\"https:\/\/permbledhja.com\/#organization\"},\"keywords\":[\"Policia e Kosov\u00ebs\"],\"articleSection\":[\"Breaking News\"],\"inLanguage\":\"sq\"},{\"@type\":\"WebPage\",\"@id\":\"https:\/\/permbledhja.com\/sq\/u-gjet-me-plumb-ne-koke-shefi-i-emergjences-jep-detaje-te-trishta-per-rastin-e-dumnices\/\",\"url\":\"https:\/\/permbledhja.com\/sq\/u-gjet-me-plumb-ne-koke-shefi-i-emergjences-jep-detaje-te-trishta-per-rastin-e-dumnices\/\",\"name\":\"\u201cU gjet me plumb n\u00eb kok\u00eb\u201d \u2013 Shefi i Emergjenc\u00ebs jep detaje t\u00eb trishta p\u00ebr rastin e Dumnic\u00ebs\",\"isPartOf\":{\"@id\":\"https:\/\/permbledhja.com\/#website\"},\"datePublished\":\"2023-03-26T22:23:25+00:00\",\"dateModified\":\"2023-03-26T22:23:25+00:00\",\"breadcrumb\":{\"@id\":\"https:\/\/permbledhja.com\/sq\/u-gjet-me-plumb-ne-koke-shefi-i-emergjences-jep-detaje-te-trishta-per-rastin-e-dumnices\/#breadcrumb\"},\"inLanguage\":\"sq\",\"potentialAction\":[{\"@type\":\"ReadAction\",\"target\":[\"https:\/\/permbledhja.com\/sq\/u-gjet-me-plumb-ne-koke-shefi-i-emergjences-jep-detaje-te-trishta-per-rastin-e-dumnices\/\"]}]},{\"@type\":\"BreadcrumbList\",\"@id\":\"https:\/\/permbledhja.com\/sq\/u-gjet-me-plumb-ne-koke-shefi-i-emergjences-jep-detaje-te-trishta-per-rastin-e-dumnices\/#breadcrumb\",\"itemListElement\":[{\"@type\":\"ListItem\",\"position\":1,\"name\":\"Ballina\",\"item\":\"https:\/\/permbledhja.com\/sq\/\"},{\"@type\":\"ListItem\",\"position\":2,\"name\":\"\u201cU gjet me plumb n\u00eb kok\u00eb\u201d \u2013 Shefi i Emergjenc\u00ebs jep detaje t\u00eb trishta p\u00ebr rastin e Dumnic\u00ebs\"}]},{\"@type\":\"WebSite\",\"@id\":\"https:\/\/permbledhja.com\/#website\",\"url\":\"https:\/\/permbledhja.com\/\",\"name\":\"Ve\u00e7 artikuj p\u00ebrmbledh\u00ebs\",\"description\":\"\",\"publisher\":{\"@id\":\"https:\/\/permbledhja.com\/#organization\"},\"potentialAction\":[{\"@type\":\"SearchAction\",\"target\":{\"@type\":\"EntryPoint\",\"urlTemplate\":\"https:\/\/permbledhja.com\/?s={search_term_string}\"},\"query-input\":\"required name=search_term_string\"}],\"inLanguage\":\"sq\"},{\"@type\":\"Organization\",\"@id\":\"https:\/\/permbledhja.com\/#organization\",\"name\":\"MK Media & Pr\",\"url\":\"https:\/\/permbledhja.com\/\",\"logo\":{\"@type\":\"ImageObject\",\"inLanguage\":\"sq\",\"@id\":\"https:\/\/permbledhja.com\/#\/schema\/logo\/image\/\",\"url\":\"https:\/\/permbledhja.com\/wp-content\/uploads\/2021\/12\/07-Press-Logo.jpg\",\"contentUrl\":\"https:\/\/permbledhja.com\/wp-content\/uploads\/2021\/12\/07-Press-Logo.jpg\",\"width\":512,\"height\":512,\"caption\":\"MK Media & Pr\"},\"image\":{\"@id\":\"https:\/\/permbledhja.com\/#\/schema\/logo\/image\/\"},\"sameAs\":[\"https:\/\/www.facebook.com\/press07\/\"]},{\"@type\":\"Person\",\"@id\":\"https:\/\/permbledhja.com\/#\/schema\/person\/0d064377258d3221e50693947b9eb4fe\",\"name\":\"P\u00ebrmbledhja\",\"image\":{\"@type\":\"ImageObject\",\"inLanguage\":\"sq\",\"@id\":\"https:\/\/permbledhja.com\/#\/schema\/person\/image\/\",\"url\":\"https:\/\/permbledhja.com\/wp-content\/uploads\/2026\/01\/452004717_1040944174702970_8932037511805513407_n-96x96.jpg\",\"contentUrl\":\"https:\/\/permbledhja.com\/wp-content\/uploads\/2026\/01\/452004717_1040944174702970_8932037511805513407_n-96x96.jpg\",\"caption\":\"P\u00ebrmbledhja\"},\"sameAs\":[\"https:\/\/www.facebook.com\/kafexhiu.muharrem\/\",\"https:\/\/www.instagram.com\/muharrem_kafexhiu\/\"],\"url\":\"https:\/\/permbledhja.com\/sq\/author\/admin\/\"}]}<\/script>\n<!-- \/ Yoast SEO plugin. -->","yoast_head_json":{"title":"\u201cU gjet me plumb n\u00eb kok\u00eb\u201d \u2013 Shefi i Emergjenc\u00ebs jep detaje t\u00eb trishta p\u00ebr rastin e Dumnic\u00ebs","robots":{"index":"index","follow":"follow","max-snippet":"max-snippet:-1","max-image-preview":"max-image-preview:large","max-video-preview":"max-video-preview:-1"},"canonical":"https:\/\/permbledhja.com\/sq\/u-gjet-me-plumb-ne-koke-shefi-i-emergjences-jep-detaje-te-trishta-per-rastin-e-dumnices\/","og_locale":"sq_AL","og_type":"article","og_title":"\u201cU gjet me plumb n\u00eb kok\u00eb\u201d \u2013 Shefi i Emergjenc\u00ebs jep detaje t\u00eb trishta p\u00ebr rastin e Dumnic\u00ebs","og_description":"M\u00eb par\u00eb u raportua se n\u00eb Dumnic\u00eb t\u00eb Podujev\u00ebs, \u00ebsht\u00eb gjetur i vdekur Sali Salihu i mosh\u00ebs rreth 65 vje\u00e7ar, sot rrerh or\u00eb 18:00. Rastin e ka konfirmuar edhe z\u00ebdh\u00ebn\u00ebsja e Policis\u00eb s\u00eb Kosov\u00eb, Flora Ahmeti. \u201cSot rreth or\u00ebs 18:00, kemi marr\u00eb informat\u00ebn p\u00ebr nj\u00eb person t\u00eb l\u00ebnduar, n\u00eb fshatin Dumnic\u00eb t\u00eb Podujev\u00ebs.Menj\u00ebher\u00eb pas marrjes [&hellip;]","og_url":"https:\/\/permbledhja.com\/sq\/u-gjet-me-plumb-ne-koke-shefi-i-emergjences-jep-detaje-te-trishta-per-rastin-e-dumnices\/","og_site_name":"Ve\u00e7 artikuj p\u00ebrmbledh\u00ebs","article_publisher":"https:\/\/www.facebook.com\/press07\/","article_author":"https:\/\/www.facebook.com\/kafexhiu.muharrem\/","article_published_time":"2023-03-26T22:23:25+00:00","og_image":[{"width":600,"height":360,"url":"https:\/\/permbledhja.com\/wp-content\/uploads\/2022\/07\/policia-e-kosoves-naten.png","type":"image\/png"}],"author":"P\u00ebrmbledhja","twitter_card":"summary_large_image","twitter_misc":{"Written by":"P\u00ebrmbledhja","Est. reading time":"1 minut\u00eb"},"schema":{"@context":"https:\/\/schema.org","@graph":[{"@type":"Article","@id":"https:\/\/permbledhja.com\/sq\/u-gjet-me-plumb-ne-koke-shefi-i-emergjences-jep-detaje-te-trishta-per-rastin-e-dumnices\/#article","isPartOf":{"@id":"https:\/\/permbledhja.com\/sq\/u-gjet-me-plumb-ne-koke-shefi-i-emergjences-jep-detaje-te-trishta-per-rastin-e-dumnices\/"},"author":{"name":"P\u00ebrmbledhja","@id":"https:\/\/permbledhja.com\/#\/schema\/person\/0d064377258d3221e50693947b9eb4fe"},"headline":"\u201cU gjet me plumb n\u00eb kok\u00eb\u201d \u2013 Shefi i Emergjenc\u00ebs jep detaje t\u00eb trishta p\u00ebr rastin e Dumnic\u00ebs","datePublished":"2023-03-26T22:23:25+00:00","dateModified":"2023-03-26T22:23:25+00:00","mainEntityOfPage":{"@id":"https:\/\/permbledhja.com\/sq\/u-gjet-me-plumb-ne-koke-shefi-i-emergjences-jep-detaje-te-trishta-per-rastin-e-dumnices\/"},"wordCount":189,"publisher":{"@id":"https:\/\/permbledhja.com\/#organization"},"keywords":["Policia e Kosov\u00ebs"],"articleSection":["Breaking News"],"inLanguage":"sq"},{"@type":"WebPage","@id":"https:\/\/permbledhja.com\/sq\/u-gjet-me-plumb-ne-koke-shefi-i-emergjences-jep-detaje-te-trishta-per-rastin-e-dumnices\/","url":"https:\/\/permbledhja.com\/sq\/u-gjet-me-plumb-ne-koke-shefi-i-emergjences-jep-detaje-te-trishta-per-rastin-e-dumnices\/","name":"\u201cU gjet me plumb n\u00eb kok\u00eb\u201d \u2013 Shefi i Emergjenc\u00ebs jep detaje t\u00eb trishta p\u00ebr rastin e Dumnic\u00ebs","isPartOf":{"@id":"https:\/\/permbledhja.com\/#website"},"datePublished":"2023-03-26T22:23:25+00:00","dateModified":"2023-03-26T22:23:25+00:00","breadcrumb":{"@id":"https:\/\/permbledhja.com\/sq\/u-gjet-me-plumb-ne-koke-shefi-i-emergjences-jep-detaje-te-trishta-per-rastin-e-dumnices\/#breadcrumb"},"inLanguage":"sq","potentialAction":[{"@type":"ReadAction","target":["https:\/\/permbledhja.com\/sq\/u-gjet-me-plumb-ne-koke-shefi-i-emergjences-jep-detaje-te-trishta-per-rastin-e-dumnices\/"]}]},{"@type":"BreadcrumbList","@id":"https:\/\/permbledhja.com\/sq\/u-gjet-me-plumb-ne-koke-shefi-i-emergjences-jep-detaje-te-trishta-per-rastin-e-dumnices\/#breadcrumb","itemListElement":[{"@type":"ListItem","position":1,"name":"Ballina","item":"https:\/\/permbledhja.com\/sq\/"},{"@type":"ListItem","position":2,"name":"\u201cU gjet me plumb n\u00eb kok\u00eb\u201d \u2013 Shefi i Emergjenc\u00ebs jep detaje t\u00eb trishta p\u00ebr rastin e Dumnic\u00ebs"}]},{"@type":"WebSite","@id":"https:\/\/permbledhja.com\/#website","url":"https:\/\/permbledhja.com\/","name":"Ve\u00e7 artikuj p\u00ebrmbledh\u00ebs","description":"","publisher":{"@id":"https:\/\/permbledhja.com\/#organization"},"potentialAction":[{"@type":"SearchAction","target":{"@type":"EntryPoint","urlTemplate":"https:\/\/permbledhja.com\/?s={search_term_string}"},"query-input":"required name=search_term_string"}],"inLanguage":"sq"},{"@type":"Organization","@id":"https:\/\/permbledhja.com\/#organization","name":"MK Media & Pr","url":"https:\/\/permbledhja.com\/","logo":{"@type":"ImageObject","inLanguage":"sq","@id":"https:\/\/permbledhja.com\/#\/schema\/logo\/image\/","url":"https:\/\/permbledhja.com\/wp-content\/uploads\/2021\/12\/07-Press-Logo.jpg","contentUrl":"https:\/\/permbledhja.com\/wp-content\/uploads\/2021\/12\/07-Press-Logo.jpg","width":512,"height":512,"caption":"MK Media & Pr"},"image":{"@id":"https:\/\/permbledhja.com\/#\/schema\/logo\/image\/"},"sameAs":["https:\/\/www.facebook.com\/press07\/"]},{"@type":"Person","@id":"https:\/\/permbledhja.com\/#\/schema\/person\/0d064377258d3221e50693947b9eb4fe","name":"P\u00ebrmbledhja","image":{"@type":"ImageObject","inLanguage":"sq","@id":"https:\/\/permbledhja.com\/#\/schema\/person\/image\/","url":"https:\/\/permbledhja.com\/wp-content\/uploads\/2026\/01\/452004717_1040944174702970_8932037511805513407_n-96x96.jpg","contentUrl":"https:\/\/permbledhja.com\/wp-content\/uploads\/2026\/01\/452004717_1040944174702970_8932037511805513407_n-96x96.jpg","caption":"P\u00ebrmbledhja"},"sameAs":["https:\/\/www.facebook.com\/kafexhiu.muharrem\/","https:\/\/www.instagram.com\/muharrem_kafexhiu\/"],"url":"https:\/\/permbledhja.com\/sq\/author\/admin\/"}]}},"_links":{"self":[{"href":"https:\/\/permbledhja.com\/sq\/wp-json\/wp\/v2\/posts\/12921"}],"collection":[{"href":"https:\/\/permbledhja.com\/sq\/wp-json\/wp\/v2\/posts"}],"about":[{"href":"https:\/\/permbledhja.com\/sq\/wp-json\/wp\/v2\/types\/post"}],"author":[{"embeddable":true,"href":"https:\/\/permbledhja.com\/sq\/wp-json\/wp\/v2\/users\/1"}],"replies":[{"embeddable":true,"href":"https:\/\/permbledhja.com\/sq\/wp-json\/wp\/v2\/comments?post=12921"}],"version-history":[{"count":1,"href":"https:\/\/permbledhja.com\/sq\/wp-json\/wp\/v2\/posts\/12921\/revisions"}],"predecessor-version":[{"id":12922,"href":"https:\/\/permbledhja.com\/sq\/wp-json\/wp\/v2\/posts\/12921\/revisions\/12922"}],"wp:featuredmedia":[{"embeddable":true,"href":"https:\/\/permbledhja.com\/sq\/wp-json\/wp\/v2\/media\/967"}],"wp:attachment":[{"href":"https:\/\/permbledhja.com\/sq\/wp-json\/wp\/v2\/media?parent=12921"}],"wp:term":[{"taxonomy":"category","embeddable":true,"href":"https:\/\/permbledhja.com\/sq\/wp-json\/wp\/v2\/categories?post=12921"},{"taxonomy":"post_tag","embeddable":true,"href":"https:\/\/permbledhja.com\/sq\/wp-json\/wp\/v2\/tags?post=12921"}],"curies":[{"name":"wp","href":"https:\/\/api.w.org\/{rel}","templated":true}]}}