{"id":12917,"date":"2023-03-26T22:00:55","date_gmt":"2023-03-26T22:00:55","guid":{"rendered":"https:\/\/permbledhja.com\/?p=12917"},"modified":"2023-03-26T22:00:55","modified_gmt":"2023-03-26T22:00:55","slug":"klasa-ne-nje-shkolle-te-prishtines-me-vetem-nje-nxenes","status":"publish","type":"post","link":"https:\/\/permbledhja.com\/sq\/klasa-ne-nje-shkolle-te-prishtines-me-vetem-nje-nxenes\/","title":{"rendered":"Klasa n\u00eb nj\u00eb shkoll\u00eb t\u00eb Prishtin\u00ebs me vet\u00ebm nj\u00eb nx\u00ebn\u00ebs"},"content":{"rendered":"<p>Klasa me nj\u00eb nx\u00ebn\u00ebs, n\u00eb fshatin Keqekoll\u00eb.\u00cbsht\u00eb vet\u00ebm nj\u00eb nx\u00ebn\u00ebs q\u00eb ndjek m\u00ebsimet n\u00eb klas\u00ebn e par\u00eb t\u00eb Shkoll\u00ebs Fillore \u201cRilindja\u201d n\u00eb fshatin Keqekoll\u00eb t\u00eb Komun\u00ebs s\u00eb Prishtin\u00ebs.<\/p>\n<p>Klasa e dyt\u00eb nuk ka asnj\u00eb, nd\u00ebrsa t\u00eb tjerat kan\u00eb nga dy deri n\u00eb kat\u00ebr nx\u00ebn\u00ebs.\u201cP\u00ebr \u00e7do vit ka r\u00ebnie t\u00eb numrit [t\u00eb nx\u00ebn\u00ebsve]. Shkolla \u00ebsht\u00eb m\u00eb e heshtur\u201d, thot\u00eb drejtoresha Qamile Gashi.Kur n\u00eb vitin 2015 mori k\u00ebt\u00eb pozit\u00eb, ajo tregon se shkolla i kishte 60 nx\u00ebn\u00ebs \u2013 sot i ka 19.<\/p>\n<p>\u201cDisponimi i f\u00ebmij\u00ebve nuk \u00ebsht\u00eb edhe aq n\u00eb nivel, sepse nuk ka konkurrenc\u00eb n\u00eb klas\u00eb, nuk kan\u00eb shok\u00eb mjaftuesh\u00ebm. Me padurim presin t\u00eb vij\u00eb pushimi apo ndonj\u00eb aktivitet, n\u00eb m\u00ebnyr\u00eb q\u00eb t\u00eb takohen s\u00eb bashku\u201d, thot\u00eb Gashi p\u00ebr Radion Evropa e Lir\u00eb.Gjasht\u00eb kilometra larg Keqekoll\u00ebs me rreth 120 banor\u00eb gjendet fshati malor i Prapashtic\u00ebs, i populluar me mbi 150 banor\u00eb.N\u00eb Shkoll\u00ebn Fillore atje \u201cD\u00ebshmor\u00ebt 1921\u201d, procesin m\u00ebsimor e ndjekin 12 nx\u00ebn\u00ebs.Sipas drejtorit Fatmir Zhdrella, klasat \u2013 nga e para deri n\u00eb t\u00eb n\u00ebnt\u00ebn \u2013 kan\u00eb kryesisht nga nj\u00eb nx\u00ebn\u00ebs, vet\u00ebm n\u00eb disa raste nga dy.Ekspert\u00eb t\u00eb arsimit thon\u00eb se r\u00ebnia e numrit t\u00eb nx\u00ebn\u00ebsve, sidomos n\u00eb viset rurale, \u00ebsht\u00eb shnd\u00ebrruar n\u00eb dukuri viteve t\u00eb fundit.Nehat Mustafa, nga Qendra p\u00ebr Avancimin e Performanc\u00ebs s\u00eb Arsimit n\u00eb Kosov\u00eb, thot\u00eb se kjo ndodh si pasoj\u00eb e braktisjes s\u00eb fshatrave dhe emigrimit nd\u00ebrkomb\u00ebtar.<\/p>\n<p>Sipas t\u00eb dh\u00ebnave t\u00eb Agjencis\u00eb s\u00eb Statistikave t\u00eb Kosov\u00ebs, numri i nx\u00ebn\u00ebsve n\u00eb arsimin fillor ka r\u00ebn\u00eb nga mbi 247 mij\u00eb, sa ka qen\u00eb n\u00eb vitin shkollor 2017\/2018, n\u00eb mbi 220 mij\u00eb n\u00eb vitin shkollor 2022\/2023.T\u00eb dh\u00ebnat e ASK-s\u00eb p\u00ebr vitin 2021 tregojn\u00eb se 7.363 banor\u00eb kan\u00eb nd\u00ebrruar vendbanim brenda Kosov\u00ebs \u2013 kryesisht nga fshatrat n\u00eb qytete \u2013 nd\u00ebrsa mbi 42 mij\u00eb kan\u00eb emigruar \u2013 pjesa m\u00eb e madhe drejt vendeve t\u00eb Bashkimit Evropian.Mustafa thot\u00eb se institucionet arsimore duhet t\u00eb gjejn\u00eb forma q\u00eb nx\u00ebn\u00ebsit e shkollave jo t\u00eb populluara t\u00eb sistemohen n\u00eb shkolla t\u00eb tjera, p\u00ebr shkak t\u00eb, si\u00e7 thot\u00eb, socializmit, cil\u00ebsis\u00eb s\u00eb arsimit dhe konkurrenc\u00ebs.Sipas tij, ndjekja e m\u00ebsimeve n\u00eb klas\u00eb pothuajse t\u00eb zbraz\u00ebt l\u00eb pasoja t\u00eb m\u00ebdha p\u00ebr nx\u00ebn\u00ebsit.\u201cF\u00ebmij\u00ebt e k\u00ebtyre viseve sigurisht q\u00eb mbesin shum\u00eb mbrapa moshatar\u00ebve t\u00eb tyre n\u00ebp\u00ebr shkolla, ku m\u00ebsimi organizohet n\u00eb m\u00ebnyr\u00eb t\u00eb rregullt dhe ku konkurrenca \u00ebsht\u00eb m\u00eb e madhe. Sepse, ndryshe \u00ebsht\u00eb konkurrenca n\u00eb nj\u00eb klas\u00eb me 15-20 ose m\u00eb shum\u00eb nx\u00ebn\u00ebs\u201d, thot\u00eb Mustafa p\u00ebr Radion Evropa e Lir\u00eb.<\/p>\n<p>Kjo problematik\u00eb \u00ebsht\u00eb e kamotshme dhe Radio Evropa e Lir\u00eb pyeti Ministrin\u00eb e Arsimit, Shkenc\u00ebs, Teknologjis\u00eb dhe Inovacionit (MASHTI) n\u00ebse i ka identifikuar shkollat me pak nx\u00ebn\u00ebs dhe n\u00ebse planifikon t\u2019i sistemoj\u00eb ata, por nuk mori p\u00ebrgjigje konkrete.N\u00eb vitin 2021, Instituti p\u00ebr Studime t\u00eb Avancuara n\u00eb Kosov\u00eb, GAP, ka publikuar nj\u00eb raport me t\u00eb dh\u00ebna nga 19 komuna. <\/p>\n<p>Sipas tyre, 340 klasa n\u00eb Kosov\u00eb kan\u00eb pasur pes\u00eb e m\u00eb pak nx\u00ebn\u00ebs, nd\u00ebrsa 642 klasa kan\u00eb pasur m\u00eb pak se dhjet\u00eb nx\u00ebn\u00ebs.Asokohe, Agron Demi, nga ky institut, ka th\u00ebn\u00eb p\u00ebr Radion Evropa e Lir\u00eb se Kamenica, Vitia, Rahoveci, Dragashi dhe De\u00e7ani kan\u00eb p\u00ebsuar r\u00ebnien m\u00eb t\u00eb madhe t\u00eb numrit t\u00eb nx\u00ebn\u00ebsve, si pasoj\u00eb e r\u00ebnies s\u00eb natalitetit dhe emigracionit.<\/p>\n<p>Mustafa, nga Qendra p\u00ebr Avancimin e Performanc\u00ebs s\u00eb Arsimit n\u00eb Kosov\u00eb, thot\u00eb se ka raste kur shkollat me pak nx\u00ebn\u00ebs, i bashkojn\u00eb klasat e ndryshme n\u00eb nj\u00eb. Kjo, sipas tij, nuk \u00ebsht\u00eb efektive, sa do t\u00eb ishte bartja e nx\u00ebn\u00ebsve n\u00eb shkollat e zonave m\u00eb t\u00eb af\u00ebrta, ku do t\u00eb kishin mund\u00ebsi t\u2019i ndiqnin m\u00ebsimet me bashk\u00ebmoshatar\u00eb.<\/p>\n<p>E pyetur p\u00ebr mund\u00ebsin\u00eb e rrjet\u00ebzimit t\u00eb shkollave, Ministria e Arsimit i tha REL-it n\u00eb nj\u00eb p\u00ebrgjigje me shkrim se \u201cka b\u00ebr\u00eb nj\u00eb analiz\u00eb rreth shkollave me pak nx\u00ebn\u00ebs\u201d si dhe ka formuar nj\u00eb \u201cgrup punues t\u00eb p\u00ebrb\u00ebr\u00eb nga p\u00ebrfaq\u00ebsues t\u00eb komunave, shkollave dhe prind\u00ebrve\u201d p\u00ebr t\u2019u marr\u00eb me k\u00ebt\u00eb \u00e7\u00ebshtje.Se ku ka arritur me vler\u00ebsimet ky grup punues, nuk \u00ebsht\u00eb e qart\u00eb.N\u00eb vitin 2019, Komuna e Kamenic\u00ebs \u2013 n\u00eb pjes\u00ebn lindore t\u00eb Kosov\u00ebs \u2013 ka mbyllur 19 shkolla nga 29 sa i ka pasur, p\u00ebr shkak t\u00eb numrit t\u00eb vog\u00ebl t\u00eb nx\u00ebn\u00ebsve.\u201cN\u00eb klasat ku ka m\u00eb pak se 15 nx\u00ebn\u00ebs, \u00ebsht\u00eb v\u00ebshtir\u00eb q\u00eb t\u00eb organizohet m\u00ebsimi grupor me nx\u00ebn\u00ebs. Numri i vog\u00ebl i nx\u00ebn\u00ebsve pamund\u00ebson edhe socializimin dhe t\u00eb m\u00ebsuarit nga nd\u00ebrveprimi me bashk\u00ebmoshatar\u00eb\u201d, \u00ebsht\u00eb th\u00ebn\u00eb n\u00eb arsyetimin e komun\u00ebs, e cila at\u00ebbot\u00eb udh\u00ebhiqej nga Q\u00ebndron Kastrati.<\/p>\n<p>Nx\u00ebn\u00ebsit e shkollave t\u00eb mbyllura n\u00eb Kamenic\u00eb jan\u00eb d\u00ebrguar n\u00eb shkolla t\u00eb tjera me transport t\u00eb organizuar nga komuna.P\u00ebr arsye t\u00eb ngjashme, n\u00eb vitin 2018, edhe Komuna e Drenasit \u2013 n\u00eb pjes\u00ebn qendrore t\u00eb Kosov\u00ebs \u2013 ka mbyllur tri shkolla n\u00eb tri fshatra.Drejtori i Arsimit n\u00eb Komun\u00ebn e Drenasit, Muhamet Gjoka, thot\u00eb p\u00ebr Radion Evropa e Lir\u00eb se edhe dy shkolla t\u00eb tjera n\u00eb dy fshatra t\u00eb k\u00ebsaj komune pritet t\u00eb mbyllen.<\/p>\n<p>Si arsye p\u00ebr k\u00ebt\u00eb vendim, ai p\u00ebrmend: numrin e vog\u00ebl t\u00eb nx\u00ebn\u00ebseve, numrin e madh t\u00eb m\u00ebsimdh\u00ebn\u00ebseve dhe shpenzimet p\u00ebr mir\u00ebmbajtjen e objekteve.<\/p>\n<p>Me Ligjin p\u00ebr vet\u00ebqeverisje lokale, komunat kan\u00eb t\u00eb drejt\u00eb n\u00eb vendimmarrje sa i p\u00ebrket arsimit publik fillor dhe t\u00eb mes\u00ebm dhe n\u00eb kuad\u00ebr t\u00eb k\u00ebsaj kompetence mund ta riorganizojn\u00eb at\u00eb. Me ligj, transporti \u00ebsht\u00eb po ashtu i siguruar.N\u00eb Sindikat\u00ebn p\u00ebr Arsim, Shkenc\u00eb dhe Kultur\u00eb t\u00eb Kosov\u00ebs (SBASHK) pranojn\u00eb se n\u00eb shkollat me num\u00ebr t\u00eb vog\u00ebl nx\u00ebn\u00ebsish, cil\u00ebsia e arsimit nuk \u00ebsht\u00eb e k\u00ebnaqshme.Por, kryetari Rrahman Jasharaj thot\u00eb se zgjidhja e k\u00ebtij problemi k\u00ebrkon analiz\u00eb t\u00eb mir\u00ebfillt\u00eb.\u201cN\u00eb k\u00ebt\u00eb analiz\u00eb duhet t\u00eb marrin pjes\u00eb t\u00eb gjith\u00eb faktor\u00ebt ky\u00e7\u00eb, MASHTI, SBASHK-u, prind\u00ebrit dhe t\u00eb tjer\u00eb, n\u00eb m\u00ebnyr\u00eb q\u00eb t\u00eb gjendet nj\u00eb zgjidhje e pranueshme. <\/p>\n<p>Sepse, \u00ebsht\u00eb nj\u00eb \u00e7\u00ebshtje e ndjeshme dhe vendimet duhet t\u00eb merren bashk\u00ebrisht n\u00eb favor t\u00eb nx\u00ebn\u00ebsve, por duke menduar edhe t\u00eb pun\u00ebsuarit n\u00eb sektorin e arsimit\u201d, thot\u00eb Jasharaj.Sipas t\u00eb dh\u00ebnave t\u00eb Agjencis\u00eb s\u00eb Statistikave, Kosova ka mbi 300.000 nx\u00ebn\u00ebs q\u00eb vijojn\u00eb shkollimin fillor dhe t\u00eb mes\u00ebm n\u00eb mbi 1.000 shkolla.Cil\u00ebsia e arsimit n\u00eb sistemin parauniversitar t\u00eb vendit \u00ebsht\u00eb kritikuar shpesh edhe nga institucionet nd\u00ebrkomb\u00ebtare.N\u00eb nj\u00eb raport q\u00eb ka publikuar Banka Bot\u00ebrore n\u00eb vitin 2020, \u00ebsht\u00eb th\u00ebn\u00eb se nx\u00ebn\u00ebsit n\u00eb Kosov\u00eb \u201ckan\u00eb ngecje t\u00eb madhe n\u00eb m\u00ebsimnx\u00ebnie\u201d.<\/p>\n<p>N\u00eb dy teste t\u00eb PISA-s \u2013 program nd\u00ebrkomb\u00ebtare p\u00ebr vler\u00ebsimin e nx\u00ebn\u00ebsve \u2013 Kosova ka dal\u00eb gati n\u00eb fund t\u00eb list\u00ebs bot\u00ebrore.<\/p>\n","protected":false},"excerpt":{"rendered":"<p>Klasa me nj\u00eb nx\u00ebn\u00ebs, n\u00eb fshatin Keqekoll\u00eb.\u00cbsht\u00eb vet\u00ebm nj\u00eb nx\u00ebn\u00ebs q\u00eb ndjek m\u00ebsimet n\u00eb klas\u00ebn e par\u00eb t\u00eb Shkoll\u00ebs Fillore \u201cRilindja\u201d n\u00eb fshatin Keqekoll\u00eb t\u00eb Komun\u00ebs s\u00eb Prishtin\u00ebs. Klasa e dyt\u00eb nuk ka asnj\u00eb, nd\u00ebrsa t\u00eb tjerat kan\u00eb nga dy deri n\u00eb kat\u00ebr nx\u00ebn\u00ebs.\u201cP\u00ebr \u00e7do vit ka r\u00ebnie t\u00eb numrit [t\u00eb nx\u00ebn\u00ebsve]. Shkolla \u00ebsht\u00eb m\u00eb [&hellip;]<\/p>\n","protected":false},"author":1,"featured_media":12918,"comment_status":"closed","ping_status":"closed","sticky":false,"template":"","format":"standard","meta":{"_monsterinsights_skip_tracking":false,"_monsterinsights_sitenote_active":false,"_monsterinsights_sitenote_note":"","_monsterinsights_sitenote_category":0,"_uf_show_specific_survey":0,"_uf_disable_surveys":false,"footnotes":""},"categories":[1146],"tags":[1540,1541],"yoast_head":"<!-- This site is optimized with the Yoast SEO plugin v21.5 - https:\/\/yoast.com\/wordpress\/plugins\/seo\/ -->\n<title>Klasa n\u00eb nj\u00eb shkoll\u00eb t\u00eb Prishtin\u00ebs me vet\u00ebm nj\u00eb nx\u00ebn\u00ebs<\/title>\n<meta name=\"robots\" content=\"index, follow, max-snippet:-1, max-image-preview:large, max-video-preview:-1\" \/>\n<link rel=\"canonical\" href=\"https:\/\/permbledhja.com\/sq\/klasa-ne-nje-shkolle-te-prishtines-me-vetem-nje-nxenes\/\" \/>\n<meta property=\"og:locale\" content=\"sq_AL\" \/>\n<meta property=\"og:type\" content=\"article\" \/>\n<meta property=\"og:title\" content=\"Klasa n\u00eb nj\u00eb shkoll\u00eb t\u00eb Prishtin\u00ebs me vet\u00ebm nj\u00eb nx\u00ebn\u00ebs\" \/>\n<meta property=\"og:description\" content=\"Klasa me nj\u00eb nx\u00ebn\u00ebs, n\u00eb fshatin Keqekoll\u00eb.\u00cbsht\u00eb vet\u00ebm nj\u00eb nx\u00ebn\u00ebs q\u00eb ndjek m\u00ebsimet n\u00eb klas\u00ebn e par\u00eb t\u00eb Shkoll\u00ebs Fillore \u201cRilindja\u201d n\u00eb fshatin Keqekoll\u00eb t\u00eb Komun\u00ebs s\u00eb Prishtin\u00ebs. Klasa e dyt\u00eb nuk ka asnj\u00eb, nd\u00ebrsa t\u00eb tjerat kan\u00eb nga dy deri n\u00eb kat\u00ebr nx\u00ebn\u00ebs.\u201cP\u00ebr \u00e7do vit ka r\u00ebnie t\u00eb numrit [t\u00eb nx\u00ebn\u00ebsve]. Shkolla \u00ebsht\u00eb m\u00eb [&hellip;]\" \/>\n<meta property=\"og:url\" content=\"https:\/\/permbledhja.com\/sq\/klasa-ne-nje-shkolle-te-prishtines-me-vetem-nje-nxenes\/\" \/>\n<meta property=\"og:site_name\" content=\"Ve\u00e7 artikuj p\u00ebrmbledh\u00ebs\" \/>\n<meta property=\"article:publisher\" content=\"https:\/\/www.facebook.com\/press07\/\" \/>\n<meta property=\"article:author\" content=\"https:\/\/www.facebook.com\/kafexhiu.muharrem\/\" \/>\n<meta property=\"article:published_time\" content=\"2023-03-26T22:00:55+00:00\" \/>\n<meta property=\"og:image\" content=\"https:\/\/permbledhja.com\/wp-content\/uploads\/2023\/03\/76855BA9-AB3D-49A1-A8CE-4A06DE990AEB.jpeg\" \/>\n\t<meta property=\"og:image:width\" content=\"800\" \/>\n\t<meta property=\"og:image:height\" content=\"492\" \/>\n\t<meta property=\"og:image:type\" content=\"image\/jpeg\" \/>\n<meta name=\"author\" content=\"P\u00ebrmbledhja\" \/>\n<meta name=\"twitter:card\" content=\"summary_large_image\" \/>\n<meta name=\"twitter:label1\" content=\"Written by\" \/>\n\t<meta name=\"twitter:data1\" content=\"P\u00ebrmbledhja\" \/>\n\t<meta name=\"twitter:label2\" content=\"Est. reading time\" \/>\n\t<meta name=\"twitter:data2\" content=\"6 minuta\" \/>\n<script type=\"application\/ld+json\" class=\"yoast-schema-graph\">{\"@context\":\"https:\/\/schema.org\",\"@graph\":[{\"@type\":\"Article\",\"@id\":\"https:\/\/permbledhja.com\/klasa-ne-nje-shkolle-te-prishtines-me-vetem-nje-nxenes\/#article\",\"isPartOf\":{\"@id\":\"https:\/\/permbledhja.com\/klasa-ne-nje-shkolle-te-prishtines-me-vetem-nje-nxenes\/\"},\"author\":{\"name\":\"P\u00ebrmbledhja\",\"@id\":\"https:\/\/permbledhja.com\/#\/schema\/person\/0d064377258d3221e50693947b9eb4fe\"},\"headline\":\"Klasa n\u00eb nj\u00eb shkoll\u00eb t\u00eb Prishtin\u00ebs me vet\u00ebm nj\u00eb nx\u00ebn\u00ebs\",\"datePublished\":\"2023-03-26T22:00:55+00:00\",\"dateModified\":\"2023-03-26T22:00:55+00:00\",\"mainEntityOfPage\":{\"@id\":\"https:\/\/permbledhja.com\/klasa-ne-nje-shkolle-te-prishtines-me-vetem-nje-nxenes\/\"},\"wordCount\":1225,\"publisher\":{\"@id\":\"https:\/\/permbledhja.com\/#organization\"},\"keywords\":[\"Klasa\",\"Nx\u00ebn\u00ebs\"],\"articleSection\":[\"Kryesoret\"],\"inLanguage\":\"sq\"},{\"@type\":\"WebPage\",\"@id\":\"https:\/\/permbledhja.com\/klasa-ne-nje-shkolle-te-prishtines-me-vetem-nje-nxenes\/\",\"url\":\"https:\/\/permbledhja.com\/klasa-ne-nje-shkolle-te-prishtines-me-vetem-nje-nxenes\/\",\"name\":\"Klasa n\u00eb nj\u00eb shkoll\u00eb t\u00eb Prishtin\u00ebs me vet\u00ebm nj\u00eb nx\u00ebn\u00ebs\",\"isPartOf\":{\"@id\":\"https:\/\/permbledhja.com\/#website\"},\"datePublished\":\"2023-03-26T22:00:55+00:00\",\"dateModified\":\"2023-03-26T22:00:55+00:00\",\"breadcrumb\":{\"@id\":\"https:\/\/permbledhja.com\/klasa-ne-nje-shkolle-te-prishtines-me-vetem-nje-nxenes\/#breadcrumb\"},\"inLanguage\":\"sq\",\"potentialAction\":[{\"@type\":\"ReadAction\",\"target\":[\"https:\/\/permbledhja.com\/klasa-ne-nje-shkolle-te-prishtines-me-vetem-nje-nxenes\/\"]}]},{\"@type\":\"BreadcrumbList\",\"@id\":\"https:\/\/permbledhja.com\/klasa-ne-nje-shkolle-te-prishtines-me-vetem-nje-nxenes\/#breadcrumb\",\"itemListElement\":[{\"@type\":\"ListItem\",\"position\":1,\"name\":\"Ballina\",\"item\":\"https:\/\/permbledhja.com\/sq\/\"},{\"@type\":\"ListItem\",\"position\":2,\"name\":\"Klasa n\u00eb nj\u00eb shkoll\u00eb t\u00eb Prishtin\u00ebs me vet\u00ebm nj\u00eb nx\u00ebn\u00ebs\"}]},{\"@type\":\"WebSite\",\"@id\":\"https:\/\/permbledhja.com\/#website\",\"url\":\"https:\/\/permbledhja.com\/\",\"name\":\"Ve\u00e7 artikuj p\u00ebrmbledh\u00ebs\",\"description\":\"\",\"publisher\":{\"@id\":\"https:\/\/permbledhja.com\/#organization\"},\"potentialAction\":[{\"@type\":\"SearchAction\",\"target\":{\"@type\":\"EntryPoint\",\"urlTemplate\":\"https:\/\/permbledhja.com\/?s={search_term_string}\"},\"query-input\":\"required name=search_term_string\"}],\"inLanguage\":\"sq\"},{\"@type\":\"Organization\",\"@id\":\"https:\/\/permbledhja.com\/#organization\",\"name\":\"MK Media & Pr\",\"url\":\"https:\/\/permbledhja.com\/\",\"logo\":{\"@type\":\"ImageObject\",\"inLanguage\":\"sq\",\"@id\":\"https:\/\/permbledhja.com\/#\/schema\/logo\/image\/\",\"url\":\"https:\/\/permbledhja.com\/wp-content\/uploads\/2021\/12\/07-Press-Logo.jpg\",\"contentUrl\":\"https:\/\/permbledhja.com\/wp-content\/uploads\/2021\/12\/07-Press-Logo.jpg\",\"width\":512,\"height\":512,\"caption\":\"MK Media & Pr\"},\"image\":{\"@id\":\"https:\/\/permbledhja.com\/#\/schema\/logo\/image\/\"},\"sameAs\":[\"https:\/\/www.facebook.com\/press07\/\"]},{\"@type\":\"Person\",\"@id\":\"https:\/\/permbledhja.com\/#\/schema\/person\/0d064377258d3221e50693947b9eb4fe\",\"name\":\"P\u00ebrmbledhja\",\"image\":{\"@type\":\"ImageObject\",\"inLanguage\":\"sq\",\"@id\":\"https:\/\/permbledhja.com\/#\/schema\/person\/image\/\",\"url\":\"https:\/\/permbledhja.com\/wp-content\/uploads\/2026\/01\/452004717_1040944174702970_8932037511805513407_n-96x96.jpg\",\"contentUrl\":\"https:\/\/permbledhja.com\/wp-content\/uploads\/2026\/01\/452004717_1040944174702970_8932037511805513407_n-96x96.jpg\",\"caption\":\"P\u00ebrmbledhja\"},\"sameAs\":[\"https:\/\/www.facebook.com\/kafexhiu.muharrem\/\",\"https:\/\/www.instagram.com\/muharrem_kafexhiu\/\"],\"url\":\"https:\/\/permbledhja.com\/sq\/author\/admin\/\"}]}<\/script>\n<!-- \/ Yoast SEO plugin. -->","yoast_head_json":{"title":"Klasa n\u00eb nj\u00eb shkoll\u00eb t\u00eb Prishtin\u00ebs me vet\u00ebm nj\u00eb nx\u00ebn\u00ebs","robots":{"index":"index","follow":"follow","max-snippet":"max-snippet:-1","max-image-preview":"max-image-preview:large","max-video-preview":"max-video-preview:-1"},"canonical":"https:\/\/permbledhja.com\/sq\/klasa-ne-nje-shkolle-te-prishtines-me-vetem-nje-nxenes\/","og_locale":"sq_AL","og_type":"article","og_title":"Klasa n\u00eb nj\u00eb shkoll\u00eb t\u00eb Prishtin\u00ebs me vet\u00ebm nj\u00eb nx\u00ebn\u00ebs","og_description":"Klasa me nj\u00eb nx\u00ebn\u00ebs, n\u00eb fshatin Keqekoll\u00eb.\u00cbsht\u00eb vet\u00ebm nj\u00eb nx\u00ebn\u00ebs q\u00eb ndjek m\u00ebsimet n\u00eb klas\u00ebn e par\u00eb t\u00eb Shkoll\u00ebs Fillore \u201cRilindja\u201d n\u00eb fshatin Keqekoll\u00eb t\u00eb Komun\u00ebs s\u00eb Prishtin\u00ebs. Klasa e dyt\u00eb nuk ka asnj\u00eb, nd\u00ebrsa t\u00eb tjerat kan\u00eb nga dy deri n\u00eb kat\u00ebr nx\u00ebn\u00ebs.\u201cP\u00ebr \u00e7do vit ka r\u00ebnie t\u00eb numrit [t\u00eb nx\u00ebn\u00ebsve]. Shkolla \u00ebsht\u00eb m\u00eb [&hellip;]","og_url":"https:\/\/permbledhja.com\/sq\/klasa-ne-nje-shkolle-te-prishtines-me-vetem-nje-nxenes\/","og_site_name":"Ve\u00e7 artikuj p\u00ebrmbledh\u00ebs","article_publisher":"https:\/\/www.facebook.com\/press07\/","article_author":"https:\/\/www.facebook.com\/kafexhiu.muharrem\/","article_published_time":"2023-03-26T22:00:55+00:00","og_image":[{"width":800,"height":492,"url":"https:\/\/permbledhja.com\/wp-content\/uploads\/2023\/03\/76855BA9-AB3D-49A1-A8CE-4A06DE990AEB.jpeg","type":"image\/jpeg"}],"author":"P\u00ebrmbledhja","twitter_card":"summary_large_image","twitter_misc":{"Written by":"P\u00ebrmbledhja","Est. reading time":"6 minuta"},"schema":{"@context":"https:\/\/schema.org","@graph":[{"@type":"Article","@id":"https:\/\/permbledhja.com\/klasa-ne-nje-shkolle-te-prishtines-me-vetem-nje-nxenes\/#article","isPartOf":{"@id":"https:\/\/permbledhja.com\/klasa-ne-nje-shkolle-te-prishtines-me-vetem-nje-nxenes\/"},"author":{"name":"P\u00ebrmbledhja","@id":"https:\/\/permbledhja.com\/#\/schema\/person\/0d064377258d3221e50693947b9eb4fe"},"headline":"Klasa n\u00eb nj\u00eb shkoll\u00eb t\u00eb Prishtin\u00ebs me vet\u00ebm nj\u00eb nx\u00ebn\u00ebs","datePublished":"2023-03-26T22:00:55+00:00","dateModified":"2023-03-26T22:00:55+00:00","mainEntityOfPage":{"@id":"https:\/\/permbledhja.com\/klasa-ne-nje-shkolle-te-prishtines-me-vetem-nje-nxenes\/"},"wordCount":1225,"publisher":{"@id":"https:\/\/permbledhja.com\/#organization"},"keywords":["Klasa","Nx\u00ebn\u00ebs"],"articleSection":["Kryesoret"],"inLanguage":"sq"},{"@type":"WebPage","@id":"https:\/\/permbledhja.com\/klasa-ne-nje-shkolle-te-prishtines-me-vetem-nje-nxenes\/","url":"https:\/\/permbledhja.com\/klasa-ne-nje-shkolle-te-prishtines-me-vetem-nje-nxenes\/","name":"Klasa n\u00eb nj\u00eb shkoll\u00eb t\u00eb Prishtin\u00ebs me vet\u00ebm nj\u00eb nx\u00ebn\u00ebs","isPartOf":{"@id":"https:\/\/permbledhja.com\/#website"},"datePublished":"2023-03-26T22:00:55+00:00","dateModified":"2023-03-26T22:00:55+00:00","breadcrumb":{"@id":"https:\/\/permbledhja.com\/klasa-ne-nje-shkolle-te-prishtines-me-vetem-nje-nxenes\/#breadcrumb"},"inLanguage":"sq","potentialAction":[{"@type":"ReadAction","target":["https:\/\/permbledhja.com\/klasa-ne-nje-shkolle-te-prishtines-me-vetem-nje-nxenes\/"]}]},{"@type":"BreadcrumbList","@id":"https:\/\/permbledhja.com\/klasa-ne-nje-shkolle-te-prishtines-me-vetem-nje-nxenes\/#breadcrumb","itemListElement":[{"@type":"ListItem","position":1,"name":"Ballina","item":"https:\/\/permbledhja.com\/sq\/"},{"@type":"ListItem","position":2,"name":"Klasa n\u00eb nj\u00eb shkoll\u00eb t\u00eb Prishtin\u00ebs me vet\u00ebm nj\u00eb nx\u00ebn\u00ebs"}]},{"@type":"WebSite","@id":"https:\/\/permbledhja.com\/#website","url":"https:\/\/permbledhja.com\/","name":"Ve\u00e7 artikuj p\u00ebrmbledh\u00ebs","description":"","publisher":{"@id":"https:\/\/permbledhja.com\/#organization"},"potentialAction":[{"@type":"SearchAction","target":{"@type":"EntryPoint","urlTemplate":"https:\/\/permbledhja.com\/?s={search_term_string}"},"query-input":"required name=search_term_string"}],"inLanguage":"sq"},{"@type":"Organization","@id":"https:\/\/permbledhja.com\/#organization","name":"MK Media & Pr","url":"https:\/\/permbledhja.com\/","logo":{"@type":"ImageObject","inLanguage":"sq","@id":"https:\/\/permbledhja.com\/#\/schema\/logo\/image\/","url":"https:\/\/permbledhja.com\/wp-content\/uploads\/2021\/12\/07-Press-Logo.jpg","contentUrl":"https:\/\/permbledhja.com\/wp-content\/uploads\/2021\/12\/07-Press-Logo.jpg","width":512,"height":512,"caption":"MK Media & Pr"},"image":{"@id":"https:\/\/permbledhja.com\/#\/schema\/logo\/image\/"},"sameAs":["https:\/\/www.facebook.com\/press07\/"]},{"@type":"Person","@id":"https:\/\/permbledhja.com\/#\/schema\/person\/0d064377258d3221e50693947b9eb4fe","name":"P\u00ebrmbledhja","image":{"@type":"ImageObject","inLanguage":"sq","@id":"https:\/\/permbledhja.com\/#\/schema\/person\/image\/","url":"https:\/\/permbledhja.com\/wp-content\/uploads\/2026\/01\/452004717_1040944174702970_8932037511805513407_n-96x96.jpg","contentUrl":"https:\/\/permbledhja.com\/wp-content\/uploads\/2026\/01\/452004717_1040944174702970_8932037511805513407_n-96x96.jpg","caption":"P\u00ebrmbledhja"},"sameAs":["https:\/\/www.facebook.com\/kafexhiu.muharrem\/","https:\/\/www.instagram.com\/muharrem_kafexhiu\/"],"url":"https:\/\/permbledhja.com\/sq\/author\/admin\/"}]}},"_links":{"self":[{"href":"https:\/\/permbledhja.com\/sq\/wp-json\/wp\/v2\/posts\/12917"}],"collection":[{"href":"https:\/\/permbledhja.com\/sq\/wp-json\/wp\/v2\/posts"}],"about":[{"href":"https:\/\/permbledhja.com\/sq\/wp-json\/wp\/v2\/types\/post"}],"author":[{"embeddable":true,"href":"https:\/\/permbledhja.com\/sq\/wp-json\/wp\/v2\/users\/1"}],"replies":[{"embeddable":true,"href":"https:\/\/permbledhja.com\/sq\/wp-json\/wp\/v2\/comments?post=12917"}],"version-history":[{"count":1,"href":"https:\/\/permbledhja.com\/sq\/wp-json\/wp\/v2\/posts\/12917\/revisions"}],"predecessor-version":[{"id":12919,"href":"https:\/\/permbledhja.com\/sq\/wp-json\/wp\/v2\/posts\/12917\/revisions\/12919"}],"wp:featuredmedia":[{"embeddable":true,"href":"https:\/\/permbledhja.com\/sq\/wp-json\/wp\/v2\/media\/12918"}],"wp:attachment":[{"href":"https:\/\/permbledhja.com\/sq\/wp-json\/wp\/v2\/media?parent=12917"}],"wp:term":[{"taxonomy":"category","embeddable":true,"href":"https:\/\/permbledhja.com\/sq\/wp-json\/wp\/v2\/categories?post=12917"},{"taxonomy":"post_tag","embeddable":true,"href":"https:\/\/permbledhja.com\/sq\/wp-json\/wp\/v2\/tags?post=12917"}],"curies":[{"name":"wp","href":"https:\/\/api.w.org\/{rel}","templated":true}]}}