{"id":12905,"date":"2023-03-26T13:04:32","date_gmt":"2023-03-26T13:04:32","guid":{"rendered":"https:\/\/permbledhja.com\/?p=12905"},"modified":"2023-03-26T13:04:32","modified_gmt":"2023-03-26T13:04:32","slug":"shenjat-e-para-te-semundjes-alzheimer-shfaqen-ne-sy","status":"publish","type":"post","link":"https:\/\/permbledhja.com\/sq\/shenjat-e-para-te-semundjes-alzheimer-shfaqen-ne-sy\/","title":{"rendered":"Shenjat e para t\u00eb s\u00ebmundjes Alzheimer shfaqen n\u00eb sy"},"content":{"rendered":"<p>Syt\u00eb p\u00ebrve\u00e7 se jan\u00eb nj\u00eb dritare p\u00ebr shpirtin, si\u00e7 thuhet, jan\u00eb edhe pasqyr\u00eb e sh\u00ebndetit mendor.<\/p>\n<p>\u201cSyt\u00eb jan\u00eb dritarja e trurit. Ju mund t\u00eb shihni drejtp\u00ebrdrejt n\u00eb sistemin nervor duke par\u00eb n\u00eb pjes\u00ebn e prapme t\u00eb syrit, drejt nervit optik dhe retin\u00ebs\u201d, thot\u00eb okulisti Dr. Christine Greer, drejtore e edukimit mjek\u00ebsor n\u00eb Institutin e S\u00ebmundjeve Neurodegjenerative n\u00eb Boca Raton, Florida.<\/p>\n<p>Tani, k\u00ebrkimet shkencore po shqyrtojn\u00eb n\u00ebse syt\u00eb dhe ekzaminimi i tyre mund t\u00eb ndihmojn\u00eb n\u00eb diagnostikimin e Alzheimerit p\u00ebrpara se t\u00eb shfaqen simptomat e para.<\/p>\n<p>\u201cS\u00ebmundja e Alzheimerit fillon n\u00eb tru disa dekada p\u00ebrpara simptomave t\u00eb para t\u00eb humbjes s\u00eb kujtes\u00ebs\u201d, shpjegon neurologu Dr. Richard Isaacson.<\/p>\n<p>Por sa her\u00ebt mund t\u00eb shfaqen shenjat e s\u00ebmundjes? P\u00ebr t\u00eb zbuluar k\u00ebt\u00eb, shkenc\u00ebtar\u00ebt ekzaminuan indet e retin\u00ebs dhe trurin e 86 njer\u00ebzve me shkall\u00eb t\u00eb ndryshme t\u00eb prapambetjes mendore.<\/p>\n<p>\u201cK\u00ebrkimi yn\u00eb \u00ebsht\u00eb i pari q\u00eb ofron analiza t\u00eb detajuara t\u00eb profileve t\u00eb proteinave dhe efekteve molekulare, qelizore dhe strukturore t\u00eb s\u00ebmundjes s\u00eb Alzheimerit n\u00eb retin\u00ebn e njeriut dhe d\u00ebshmi se si k\u00ebto reagojn\u00eb ndaj ndryshimeve n\u00eb tru dhe funksionin kognitiv,\u201d thekson kreu i hulumtimit Maya Coronio-Hamaoui, profesoresh\u00eb e neurokirurgjis\u00eb n\u00eb Cedars-Sinai n\u00eb Los Angeles.<\/p>\n<p>\u201cK\u00ebto ndryshime n\u00eb retin\u00eb u shoq\u00ebruan me ndryshime n\u00eb pjes\u00eb t\u00eb trurit, n\u00eb korteksin entorhinal dhe temporal\u201d, shton ajo.<\/p>\n<p>Shkenc\u00ebtar\u00ebt mblodh\u00ebn mostra t\u00eb retin\u00ebs dhe indeve t\u00eb trurit gjat\u00eb 14 viteve nga 86 donator\u00eb me s\u00ebmundjen e Alzheimerit, numri m\u00eb i madh i mostrave t\u00eb retin\u00ebs t\u00eb studiuara ndonj\u00ebher\u00eb.<\/p>\n<p>Hulumtimi, i publikuar n\u00eb shkurt n\u00eb Acta Neuropathologica, zbuloi rritje t\u00eb m\u00ebdha n\u00eb proteinat \u201cbeta-amiloide\u201d, nj\u00eb sh\u00ebnues ky\u00e7 i s\u00ebmundjes, te njer\u00ebzit me Alzheimer dhe r\u00ebnie t\u00eb hershme njoh\u00ebse.<\/p>\n<p>Sipas studimit, qelizat mikrogliale u reduktuan me 80% te njer\u00ebzit me d\u00ebmtim njoh\u00ebs. K\u00ebto qeliza jan\u00eb p\u00ebrgjegj\u00ebse p\u00ebr mbrojtjen, restaurimin dhe mir\u00ebmbajtjen e qelizave t\u00eb tjera, por edhe heqjen e \u03b2-amiloidit nga truri dhe retina.<\/p>\n<p>\u201cJan\u00eb konstatuar edhe tregues t\u00eb inflamacionit, t\u00eb cil\u00ebt mund t\u00eb jen\u00eb nj\u00eb tregues po aq i r\u00ebnd\u00ebsish\u00ebm p\u00ebr ecurin\u00eb e s\u00ebmundjes\u201d, v\u00eb n\u00eb dukje neurologja dr. Richard Isaacson.<\/p>\n<p>\u201cGjetjet ishin gjithashtu t\u00eb dukshme te njer\u00ebzit pa simptoma ose me simptoma minimale njoh\u00ebse, duke sugjeruar q\u00eb k\u00ebto teste t\u00eb reja t\u00eb syve mund t\u00eb ndihmojn\u00eb me diagnoz\u00ebn e hershme,\u201d shton ai.<\/p>\n<p>Atrofia e indeve dhe inflamacioni n\u00eb qelizat n\u00eb periferi t\u00eb retin\u00ebs ishin treguesit m\u00eb t\u00eb qart\u00eb t\u00eb s\u00ebmundjes, sipas studimit.<\/p>\n<p>\u201cK\u00ebto gjetje mund t\u00eb \u00e7ojn\u00eb p\u00ebrfundimisht n\u00eb zhvillimin e teknikave imazherike q\u00eb do t\u00eb na lejojn\u00eb t\u00eb diagnostikojm\u00eb s\u00ebmundjen e Alzheimerit m\u00eb her\u00ebt dhe m\u00eb sakt\u00eb, por edhe t\u00eb monitorojm\u00eb p\u00ebrparimin e saj n\u00eb m\u00ebnyr\u00eb jo invazive duke ekzaminuar syt\u00eb\u201d, p\u00ebrfundoi Isaacson. <\/p>\n","protected":false},"excerpt":{"rendered":"<p>Syt\u00eb p\u00ebrve\u00e7 se jan\u00eb nj\u00eb dritare p\u00ebr shpirtin, si\u00e7 thuhet, jan\u00eb edhe pasqyr\u00eb e sh\u00ebndetit mendor. \u201cSyt\u00eb jan\u00eb dritarja e trurit. Ju mund t\u00eb shihni drejtp\u00ebrdrejt n\u00eb sistemin nervor duke par\u00eb n\u00eb pjes\u00ebn e prapme t\u00eb syrit, drejt nervit optik dhe retin\u00ebs\u201d, thot\u00eb okulisti Dr. Christine Greer, drejtore e edukimit mjek\u00ebsor n\u00eb Institutin e S\u00ebmundjeve [&hellip;]<\/p>\n","protected":false},"author":1,"featured_media":12906,"comment_status":"closed","ping_status":"closed","sticky":false,"template":"","format":"standard","meta":{"_monsterinsights_skip_tracking":false,"_monsterinsights_sitenote_active":false,"_monsterinsights_sitenote_note":"","_monsterinsights_sitenote_category":0,"_uf_show_specific_survey":0,"_uf_disable_surveys":false,"footnotes":""},"categories":[1],"tags":[1538,1537],"yoast_head":"<!-- This site is optimized with the Yoast SEO plugin v21.5 - https:\/\/yoast.com\/wordpress\/plugins\/seo\/ -->\n<title>Shenjat e para t\u00eb s\u00ebmundjes Alzheimer shfaqen n\u00eb sy<\/title>\n<meta name=\"robots\" content=\"index, follow, max-snippet:-1, max-image-preview:large, max-video-preview:-1\" \/>\n<link rel=\"canonical\" href=\"https:\/\/permbledhja.com\/sq\/shenjat-e-para-te-semundjes-alzheimer-shfaqen-ne-sy\/\" \/>\n<meta property=\"og:locale\" content=\"sq_AL\" \/>\n<meta property=\"og:type\" content=\"article\" \/>\n<meta property=\"og:title\" content=\"Shenjat e para t\u00eb s\u00ebmundjes Alzheimer shfaqen n\u00eb sy\" \/>\n<meta property=\"og:description\" content=\"Syt\u00eb p\u00ebrve\u00e7 se jan\u00eb nj\u00eb dritare p\u00ebr shpirtin, si\u00e7 thuhet, jan\u00eb edhe pasqyr\u00eb e sh\u00ebndetit mendor. \u201cSyt\u00eb jan\u00eb dritarja e trurit. Ju mund t\u00eb shihni drejtp\u00ebrdrejt n\u00eb sistemin nervor duke par\u00eb n\u00eb pjes\u00ebn e prapme t\u00eb syrit, drejt nervit optik dhe retin\u00ebs\u201d, thot\u00eb okulisti Dr. Christine Greer, drejtore e edukimit mjek\u00ebsor n\u00eb Institutin e S\u00ebmundjeve [&hellip;]\" \/>\n<meta property=\"og:url\" content=\"https:\/\/permbledhja.com\/sq\/shenjat-e-para-te-semundjes-alzheimer-shfaqen-ne-sy\/\" \/>\n<meta property=\"og:site_name\" content=\"Ve\u00e7 artikuj p\u00ebrmbledh\u00ebs\" \/>\n<meta property=\"article:publisher\" content=\"https:\/\/www.facebook.com\/press07\/\" \/>\n<meta property=\"article:author\" content=\"https:\/\/www.facebook.com\/kafexhiu.muharrem\/\" \/>\n<meta property=\"article:published_time\" content=\"2023-03-26T13:04:32+00:00\" \/>\n<meta property=\"og:image\" content=\"https:\/\/permbledhja.com\/wp-content\/uploads\/2023\/03\/BE52D80A-8D43-4CFB-8FAE-49B31969E9DF.jpeg\" \/>\n\t<meta property=\"og:image:width\" content=\"1284\" \/>\n\t<meta property=\"og:image:height\" content=\"692\" \/>\n\t<meta property=\"og:image:type\" content=\"image\/jpeg\" \/>\n<meta name=\"author\" content=\"P\u00ebrmbledhja\" \/>\n<meta name=\"twitter:card\" content=\"summary_large_image\" \/>\n<meta name=\"twitter:label1\" content=\"Written by\" \/>\n\t<meta name=\"twitter:data1\" content=\"P\u00ebrmbledhja\" \/>\n\t<meta name=\"twitter:label2\" content=\"Est. reading time\" \/>\n\t<meta name=\"twitter:data2\" content=\"2 minuta\" \/>\n<script type=\"application\/ld+json\" class=\"yoast-schema-graph\">{\"@context\":\"https:\/\/schema.org\",\"@graph\":[{\"@type\":\"Article\",\"@id\":\"https:\/\/permbledhja.com\/shenjat-e-para-te-semundjes-alzheimer-shfaqen-ne-sy\/#article\",\"isPartOf\":{\"@id\":\"https:\/\/permbledhja.com\/shenjat-e-para-te-semundjes-alzheimer-shfaqen-ne-sy\/\"},\"author\":{\"name\":\"P\u00ebrmbledhja\",\"@id\":\"https:\/\/permbledhja.com\/#\/schema\/person\/0d064377258d3221e50693947b9eb4fe\"},\"headline\":\"Shenjat e para t\u00eb s\u00ebmundjes Alzheimer shfaqen n\u00eb sy\",\"datePublished\":\"2023-03-26T13:04:32+00:00\",\"dateModified\":\"2023-03-26T13:04:32+00:00\",\"mainEntityOfPage\":{\"@id\":\"https:\/\/permbledhja.com\/shenjat-e-para-te-semundjes-alzheimer-shfaqen-ne-sy\/\"},\"wordCount\":501,\"publisher\":{\"@id\":\"https:\/\/permbledhja.com\/#organization\"},\"keywords\":[\"Alzhemeir\",\"Sy\"],\"articleSection\":[\"Breaking News\"],\"inLanguage\":\"sq\"},{\"@type\":\"WebPage\",\"@id\":\"https:\/\/permbledhja.com\/shenjat-e-para-te-semundjes-alzheimer-shfaqen-ne-sy\/\",\"url\":\"https:\/\/permbledhja.com\/shenjat-e-para-te-semundjes-alzheimer-shfaqen-ne-sy\/\",\"name\":\"Shenjat e para t\u00eb s\u00ebmundjes Alzheimer shfaqen n\u00eb sy\",\"isPartOf\":{\"@id\":\"https:\/\/permbledhja.com\/#website\"},\"datePublished\":\"2023-03-26T13:04:32+00:00\",\"dateModified\":\"2023-03-26T13:04:32+00:00\",\"breadcrumb\":{\"@id\":\"https:\/\/permbledhja.com\/shenjat-e-para-te-semundjes-alzheimer-shfaqen-ne-sy\/#breadcrumb\"},\"inLanguage\":\"sq\",\"potentialAction\":[{\"@type\":\"ReadAction\",\"target\":[\"https:\/\/permbledhja.com\/shenjat-e-para-te-semundjes-alzheimer-shfaqen-ne-sy\/\"]}]},{\"@type\":\"BreadcrumbList\",\"@id\":\"https:\/\/permbledhja.com\/shenjat-e-para-te-semundjes-alzheimer-shfaqen-ne-sy\/#breadcrumb\",\"itemListElement\":[{\"@type\":\"ListItem\",\"position\":1,\"name\":\"Ballina\",\"item\":\"https:\/\/permbledhja.com\/sq\/\"},{\"@type\":\"ListItem\",\"position\":2,\"name\":\"Shenjat e para t\u00eb s\u00ebmundjes Alzheimer shfaqen n\u00eb sy\"}]},{\"@type\":\"WebSite\",\"@id\":\"https:\/\/permbledhja.com\/#website\",\"url\":\"https:\/\/permbledhja.com\/\",\"name\":\"Ve\u00e7 artikuj p\u00ebrmbledh\u00ebs\",\"description\":\"\",\"publisher\":{\"@id\":\"https:\/\/permbledhja.com\/#organization\"},\"potentialAction\":[{\"@type\":\"SearchAction\",\"target\":{\"@type\":\"EntryPoint\",\"urlTemplate\":\"https:\/\/permbledhja.com\/?s={search_term_string}\"},\"query-input\":\"required name=search_term_string\"}],\"inLanguage\":\"sq\"},{\"@type\":\"Organization\",\"@id\":\"https:\/\/permbledhja.com\/#organization\",\"name\":\"MK Media & Pr\",\"url\":\"https:\/\/permbledhja.com\/\",\"logo\":{\"@type\":\"ImageObject\",\"inLanguage\":\"sq\",\"@id\":\"https:\/\/permbledhja.com\/#\/schema\/logo\/image\/\",\"url\":\"https:\/\/permbledhja.com\/wp-content\/uploads\/2021\/12\/07-Press-Logo.jpg\",\"contentUrl\":\"https:\/\/permbledhja.com\/wp-content\/uploads\/2021\/12\/07-Press-Logo.jpg\",\"width\":512,\"height\":512,\"caption\":\"MK Media & Pr\"},\"image\":{\"@id\":\"https:\/\/permbledhja.com\/#\/schema\/logo\/image\/\"},\"sameAs\":[\"https:\/\/www.facebook.com\/press07\/\"]},{\"@type\":\"Person\",\"@id\":\"https:\/\/permbledhja.com\/#\/schema\/person\/0d064377258d3221e50693947b9eb4fe\",\"name\":\"P\u00ebrmbledhja\",\"image\":{\"@type\":\"ImageObject\",\"inLanguage\":\"sq\",\"@id\":\"https:\/\/permbledhja.com\/#\/schema\/person\/image\/\",\"url\":\"https:\/\/permbledhja.com\/wp-content\/uploads\/2026\/01\/452004717_1040944174702970_8932037511805513407_n-96x96.jpg\",\"contentUrl\":\"https:\/\/permbledhja.com\/wp-content\/uploads\/2026\/01\/452004717_1040944174702970_8932037511805513407_n-96x96.jpg\",\"caption\":\"P\u00ebrmbledhja\"},\"sameAs\":[\"https:\/\/www.facebook.com\/kafexhiu.muharrem\/\",\"https:\/\/www.instagram.com\/muharrem_kafexhiu\/\"],\"url\":\"https:\/\/permbledhja.com\/sq\/author\/admin\/\"}]}<\/script>\n<!-- \/ Yoast SEO plugin. -->","yoast_head_json":{"title":"Shenjat e para t\u00eb s\u00ebmundjes Alzheimer shfaqen n\u00eb sy","robots":{"index":"index","follow":"follow","max-snippet":"max-snippet:-1","max-image-preview":"max-image-preview:large","max-video-preview":"max-video-preview:-1"},"canonical":"https:\/\/permbledhja.com\/sq\/shenjat-e-para-te-semundjes-alzheimer-shfaqen-ne-sy\/","og_locale":"sq_AL","og_type":"article","og_title":"Shenjat e para t\u00eb s\u00ebmundjes Alzheimer shfaqen n\u00eb sy","og_description":"Syt\u00eb p\u00ebrve\u00e7 se jan\u00eb nj\u00eb dritare p\u00ebr shpirtin, si\u00e7 thuhet, jan\u00eb edhe pasqyr\u00eb e sh\u00ebndetit mendor. \u201cSyt\u00eb jan\u00eb dritarja e trurit. Ju mund t\u00eb shihni drejtp\u00ebrdrejt n\u00eb sistemin nervor duke par\u00eb n\u00eb pjes\u00ebn e prapme t\u00eb syrit, drejt nervit optik dhe retin\u00ebs\u201d, thot\u00eb okulisti Dr. Christine Greer, drejtore e edukimit mjek\u00ebsor n\u00eb Institutin e S\u00ebmundjeve [&hellip;]","og_url":"https:\/\/permbledhja.com\/sq\/shenjat-e-para-te-semundjes-alzheimer-shfaqen-ne-sy\/","og_site_name":"Ve\u00e7 artikuj p\u00ebrmbledh\u00ebs","article_publisher":"https:\/\/www.facebook.com\/press07\/","article_author":"https:\/\/www.facebook.com\/kafexhiu.muharrem\/","article_published_time":"2023-03-26T13:04:32+00:00","og_image":[{"width":1284,"height":692,"url":"https:\/\/permbledhja.com\/wp-content\/uploads\/2023\/03\/BE52D80A-8D43-4CFB-8FAE-49B31969E9DF.jpeg","type":"image\/jpeg"}],"author":"P\u00ebrmbledhja","twitter_card":"summary_large_image","twitter_misc":{"Written by":"P\u00ebrmbledhja","Est. reading time":"2 minuta"},"schema":{"@context":"https:\/\/schema.org","@graph":[{"@type":"Article","@id":"https:\/\/permbledhja.com\/shenjat-e-para-te-semundjes-alzheimer-shfaqen-ne-sy\/#article","isPartOf":{"@id":"https:\/\/permbledhja.com\/shenjat-e-para-te-semundjes-alzheimer-shfaqen-ne-sy\/"},"author":{"name":"P\u00ebrmbledhja","@id":"https:\/\/permbledhja.com\/#\/schema\/person\/0d064377258d3221e50693947b9eb4fe"},"headline":"Shenjat e para t\u00eb s\u00ebmundjes Alzheimer shfaqen n\u00eb sy","datePublished":"2023-03-26T13:04:32+00:00","dateModified":"2023-03-26T13:04:32+00:00","mainEntityOfPage":{"@id":"https:\/\/permbledhja.com\/shenjat-e-para-te-semundjes-alzheimer-shfaqen-ne-sy\/"},"wordCount":501,"publisher":{"@id":"https:\/\/permbledhja.com\/#organization"},"keywords":["Alzhemeir","Sy"],"articleSection":["Breaking News"],"inLanguage":"sq"},{"@type":"WebPage","@id":"https:\/\/permbledhja.com\/shenjat-e-para-te-semundjes-alzheimer-shfaqen-ne-sy\/","url":"https:\/\/permbledhja.com\/shenjat-e-para-te-semundjes-alzheimer-shfaqen-ne-sy\/","name":"Shenjat e para t\u00eb s\u00ebmundjes Alzheimer shfaqen n\u00eb sy","isPartOf":{"@id":"https:\/\/permbledhja.com\/#website"},"datePublished":"2023-03-26T13:04:32+00:00","dateModified":"2023-03-26T13:04:32+00:00","breadcrumb":{"@id":"https:\/\/permbledhja.com\/shenjat-e-para-te-semundjes-alzheimer-shfaqen-ne-sy\/#breadcrumb"},"inLanguage":"sq","potentialAction":[{"@type":"ReadAction","target":["https:\/\/permbledhja.com\/shenjat-e-para-te-semundjes-alzheimer-shfaqen-ne-sy\/"]}]},{"@type":"BreadcrumbList","@id":"https:\/\/permbledhja.com\/shenjat-e-para-te-semundjes-alzheimer-shfaqen-ne-sy\/#breadcrumb","itemListElement":[{"@type":"ListItem","position":1,"name":"Ballina","item":"https:\/\/permbledhja.com\/sq\/"},{"@type":"ListItem","position":2,"name":"Shenjat e para t\u00eb s\u00ebmundjes Alzheimer shfaqen n\u00eb sy"}]},{"@type":"WebSite","@id":"https:\/\/permbledhja.com\/#website","url":"https:\/\/permbledhja.com\/","name":"Ve\u00e7 artikuj p\u00ebrmbledh\u00ebs","description":"","publisher":{"@id":"https:\/\/permbledhja.com\/#organization"},"potentialAction":[{"@type":"SearchAction","target":{"@type":"EntryPoint","urlTemplate":"https:\/\/permbledhja.com\/?s={search_term_string}"},"query-input":"required name=search_term_string"}],"inLanguage":"sq"},{"@type":"Organization","@id":"https:\/\/permbledhja.com\/#organization","name":"MK Media & Pr","url":"https:\/\/permbledhja.com\/","logo":{"@type":"ImageObject","inLanguage":"sq","@id":"https:\/\/permbledhja.com\/#\/schema\/logo\/image\/","url":"https:\/\/permbledhja.com\/wp-content\/uploads\/2021\/12\/07-Press-Logo.jpg","contentUrl":"https:\/\/permbledhja.com\/wp-content\/uploads\/2021\/12\/07-Press-Logo.jpg","width":512,"height":512,"caption":"MK Media & Pr"},"image":{"@id":"https:\/\/permbledhja.com\/#\/schema\/logo\/image\/"},"sameAs":["https:\/\/www.facebook.com\/press07\/"]},{"@type":"Person","@id":"https:\/\/permbledhja.com\/#\/schema\/person\/0d064377258d3221e50693947b9eb4fe","name":"P\u00ebrmbledhja","image":{"@type":"ImageObject","inLanguage":"sq","@id":"https:\/\/permbledhja.com\/#\/schema\/person\/image\/","url":"https:\/\/permbledhja.com\/wp-content\/uploads\/2026\/01\/452004717_1040944174702970_8932037511805513407_n-96x96.jpg","contentUrl":"https:\/\/permbledhja.com\/wp-content\/uploads\/2026\/01\/452004717_1040944174702970_8932037511805513407_n-96x96.jpg","caption":"P\u00ebrmbledhja"},"sameAs":["https:\/\/www.facebook.com\/kafexhiu.muharrem\/","https:\/\/www.instagram.com\/muharrem_kafexhiu\/"],"url":"https:\/\/permbledhja.com\/sq\/author\/admin\/"}]}},"_links":{"self":[{"href":"https:\/\/permbledhja.com\/sq\/wp-json\/wp\/v2\/posts\/12905"}],"collection":[{"href":"https:\/\/permbledhja.com\/sq\/wp-json\/wp\/v2\/posts"}],"about":[{"href":"https:\/\/permbledhja.com\/sq\/wp-json\/wp\/v2\/types\/post"}],"author":[{"embeddable":true,"href":"https:\/\/permbledhja.com\/sq\/wp-json\/wp\/v2\/users\/1"}],"replies":[{"embeddable":true,"href":"https:\/\/permbledhja.com\/sq\/wp-json\/wp\/v2\/comments?post=12905"}],"version-history":[{"count":1,"href":"https:\/\/permbledhja.com\/sq\/wp-json\/wp\/v2\/posts\/12905\/revisions"}],"predecessor-version":[{"id":12907,"href":"https:\/\/permbledhja.com\/sq\/wp-json\/wp\/v2\/posts\/12905\/revisions\/12907"}],"wp:featuredmedia":[{"embeddable":true,"href":"https:\/\/permbledhja.com\/sq\/wp-json\/wp\/v2\/media\/12906"}],"wp:attachment":[{"href":"https:\/\/permbledhja.com\/sq\/wp-json\/wp\/v2\/media?parent=12905"}],"wp:term":[{"taxonomy":"category","embeddable":true,"href":"https:\/\/permbledhja.com\/sq\/wp-json\/wp\/v2\/categories?post=12905"},{"taxonomy":"post_tag","embeddable":true,"href":"https:\/\/permbledhja.com\/sq\/wp-json\/wp\/v2\/tags?post=12905"}],"curies":[{"name":"wp","href":"https:\/\/api.w.org\/{rel}","templated":true}]}}