{"id":12845,"date":"2023-03-25T10:32:53","date_gmt":"2023-03-25T10:32:53","guid":{"rendered":"https:\/\/permbledhja.com\/?p=12845"},"modified":"2023-03-25T10:32:53","modified_gmt":"2023-03-25T10:32:53","slug":"kelmendi-hyra-per-ta-fikur-zjarrin-per-pak-e-pesova-edhe-vete","status":"publish","type":"post","link":"https:\/\/permbledhja.com\/sq\/kelmendi-hyra-per-ta-fikur-zjarrin-per-pak-e-pesova-edhe-vete\/","title":{"rendered":"Kelmendi: Hyra p\u00ebr ta fikur zjarrin, p\u00ebr pak e p\u00ebsova edhe vet\u00eb"},"content":{"rendered":"<p><strong>Nj\u00eb zjarr i madh ka kapluar sot depon qendrore t\u00eb kompanis\u00eb Elkos e cila \u00ebsht\u00eb n\u00eb pron\u00ebsi t\u00eb biznesmenit Ramiz Kelmendi. D\u00ebmet llogariten t\u00eb jen\u00eb t\u00eb m\u00ebdha. E nga zjarri thot\u00eb se ka mundur t\u00eb p\u00ebsoj edhe vet afaristi Kelmendi. Ai ka shpjeguar se si hyri n\u00eb depo p\u00ebr ta shuar zjarrin, e q\u00eb gati e p\u00ebsoi edhe vet. E l\u00ebndime nga zjarri kan\u00eb marr\u00eb tet\u00eb persona.<\/strong><\/p>\n<p>\u201cUn\u00eb edhe vet hyna me intervenu, gati mbeta brenda. Kur e pash gjendjen, hyra me intervenu me aparatat me ato gjanat, por ve\u00e7se ishte e kote. Depoja- magazina \u00ebsht\u00eb 200 mij\u00eb metra katror\u00eb. M\u00eb e madhja n\u00eb Kosov\u00eb e n\u00eb regjion. N\u00eb momentin kur zjarri ka kapluar depon, nuk ka qen\u00eb askush,\u201d- ka th\u00ebn\u00eb Kelmendi.<\/p>\n<p>Tutje ai ka treguar se n\u00eb momentin kur depo \u00ebsht\u00eb kapluar nga zjarri, brenda nuk ka qen\u00eb askush.<\/p>\n<p>\u201cEnde nuk po e dim\u00eb shkaktarin. K\u00ebta personat q\u00eb jan\u00eb l\u00ebndu kan\u00eb qen\u00eb prej objekteve tjera q\u00eb kan\u00eb hy me e ndal\u00eb zjarrin, q\u00eb kan\u00eb tentu me vepru,\u201d- ka th\u00ebn\u00eb Kelmendi p\u00ebr Nacionalen.<\/p>\n<p>E nga Policia e Kosov\u00ebs p\u00ebr rajonin e Pej\u00ebs than\u00eb se n\u00eb vendngjarje ka dal\u00eb policia e zjarrfik\u00ebsit.<\/p>\n<p>\u201cNj\u00eb depo prapa kompanis\u00eb s\u00eb ELKOS-it \u00ebsht\u00eb p\u00ebrfshir\u00eb nga zjarri, mir\u00ebpo ende nuk dihet n\u00ebse ka persona t\u00eb l\u00ebnduar. N\u00eb vend ngjarje kan\u00eb dal\u00eb policia dhe zjarrfik\u00ebsit. Ende asgj\u00eb nuk dim\u00eb n\u00ebse ka persona t\u00eb l\u00ebnduar\u201d, ka th\u00ebn\u00eb z\u00ebdh\u00ebn\u00ebsi i policis\u00eb Fadil Gashi.<\/p>\n<p>Tutje nga Spitali i Pej\u00ebs kan\u00eb njoftuar se si pasoj\u00eb e zjarrit n\u00eb depon e ELKOS-it p\u00ebr momentin jan\u00eb duke u trajtuar tet\u00eb pacient\u00eb.<\/p>\n<p>Sipas njoftimit, pacient\u00ebt jan\u00eb jasht\u00eb rrezikut p\u00ebr jet\u00eb.<\/p>\n<p>\u201cN\u00eb Spitalin e P\u00ebrgjithsh\u00ebm n\u00eb Pej\u00eb deri m\u00eb tani jan\u00eb duke u trajtuar 8 pacient\u00eb nga rasti i djegies s\u00eb nj\u00eb objekti n\u00eb Pej\u00eb. Pacient\u00ebt jan\u00eb duke u trajtuar tek Spitali yn\u00eb dhe gjendja e tyre \u00ebsht\u00eb stabile dhe jasht\u00eb rrezikut p\u00ebr jet\u00eb dhe jan\u00eb raste kryesisht t\u00eb helmuar nga tymi.\u201d<\/p>\n<p>E drejtori i emergjenc\u00ebs s\u00eb Spitalit t\u00eb Pej\u00ebs, Besnik Ibraj, ka shpjeguar se p\u00ebr momentin kat\u00ebr persona po trajtohen n\u00eb Emergjenc\u00ebn e k\u00ebtij spitali pas helmimit nga monoksidi i karbonit si pasoj\u00eb e zjarrit t\u00eb madh.<\/p>\n<p>Nd\u00ebrkoh\u00eb sipas tij, nj\u00eb person \u00ebsht\u00eb shtruar n\u00eb kujdesin intensiv t\u00eb k\u00ebtij spitali e nj\u00eb tjet\u00ebr poashtu po trajtohet n\u00eb klinik\u00eb.<\/p>\n<p>\u201cPacient\u00ebt jan\u00eb n\u00eb gjendje stabile. Gjasht\u00eb persona p\u00ebr momentin po i trajtojm\u00eb n\u00eb Emergjenc\u00eb. Nj\u00eb e kemi n\u00ebn kujdesin intensiv,\u201d- tha doktor Ibraj.<\/p>\n<p>Ai tha se gjendja e tyre p\u00ebr momentin \u00ebsht\u00eb stabile.<\/p>\n","protected":false},"excerpt":{"rendered":"<p>Nj\u00eb zjarr i madh ka kapluar sot depon qendrore t\u00eb kompanis\u00eb Elkos e cila \u00ebsht\u00eb n\u00eb pron\u00ebsi t\u00eb biznesmenit Ramiz Kelmendi. D\u00ebmet llogariten t\u00eb jen\u00eb t\u00eb m\u00ebdha. E nga zjarri thot\u00eb se ka mundur t\u00eb p\u00ebsoj edhe vet afaristi Kelmendi. Ai ka shpjeguar se si hyri n\u00eb depo p\u00ebr ta shuar zjarrin, e q\u00eb gati [&hellip;]<\/p>\n","protected":false},"author":1,"featured_media":12846,"comment_status":"closed","ping_status":"closed","sticky":false,"template":"","format":"standard","meta":{"_monsterinsights_skip_tracking":false,"_monsterinsights_sitenote_active":false,"_monsterinsights_sitenote_note":"","_monsterinsights_sitenote_category":0,"_uf_show_specific_survey":0,"_uf_disable_surveys":false,"footnotes":""},"categories":[23,15],"tags":[1523],"yoast_head":"<!-- This site is optimized with the Yoast SEO plugin v21.5 - https:\/\/yoast.com\/wordpress\/plugins\/seo\/ -->\n<title>Kelmendi: Hyra p\u00ebr ta fikur zjarrin, p\u00ebr pak e p\u00ebsova edhe vet\u00eb<\/title>\n<meta name=\"robots\" content=\"index, follow, max-snippet:-1, max-image-preview:large, max-video-preview:-1\" \/>\n<link rel=\"canonical\" href=\"https:\/\/permbledhja.com\/sq\/kelmendi-hyra-per-ta-fikur-zjarrin-per-pak-e-pesova-edhe-vete\/\" \/>\n<meta property=\"og:locale\" content=\"sq_AL\" \/>\n<meta property=\"og:type\" content=\"article\" \/>\n<meta property=\"og:title\" content=\"Kelmendi: Hyra p\u00ebr ta fikur zjarrin, p\u00ebr pak e p\u00ebsova edhe vet\u00eb\" \/>\n<meta property=\"og:description\" content=\"Nj\u00eb zjarr i madh ka kapluar sot depon qendrore t\u00eb kompanis\u00eb Elkos e cila \u00ebsht\u00eb n\u00eb pron\u00ebsi t\u00eb biznesmenit Ramiz Kelmendi. D\u00ebmet llogariten t\u00eb jen\u00eb t\u00eb m\u00ebdha. E nga zjarri thot\u00eb se ka mundur t\u00eb p\u00ebsoj edhe vet afaristi Kelmendi. Ai ka shpjeguar se si hyri n\u00eb depo p\u00ebr ta shuar zjarrin, e q\u00eb gati [&hellip;]\" \/>\n<meta property=\"og:url\" content=\"https:\/\/permbledhja.com\/sq\/kelmendi-hyra-per-ta-fikur-zjarrin-per-pak-e-pesova-edhe-vete\/\" \/>\n<meta property=\"og:site_name\" content=\"Ve\u00e7 artikuj p\u00ebrmbledh\u00ebs\" \/>\n<meta property=\"article:publisher\" content=\"https:\/\/www.facebook.com\/press07\/\" \/>\n<meta property=\"article:author\" content=\"https:\/\/www.facebook.com\/kafexhiu.muharrem\/\" \/>\n<meta property=\"article:published_time\" content=\"2023-03-25T10:32:53+00:00\" \/>\n<meta property=\"og:image\" content=\"https:\/\/permbledhja.com\/wp-content\/uploads\/2023\/03\/kkk.png\" \/>\n\t<meta property=\"og:image:width\" content=\"443\" \/>\n\t<meta property=\"og:image:height\" content=\"249\" \/>\n\t<meta property=\"og:image:type\" content=\"image\/png\" \/>\n<meta name=\"author\" content=\"P\u00ebrmbledhja\" \/>\n<meta name=\"twitter:card\" content=\"summary_large_image\" \/>\n<meta name=\"twitter:label1\" content=\"Written by\" \/>\n\t<meta name=\"twitter:data1\" content=\"P\u00ebrmbledhja\" \/>\n\t<meta name=\"twitter:label2\" content=\"Est. reading time\" \/>\n\t<meta name=\"twitter:data2\" content=\"2 minuta\" \/>\n<script type=\"application\/ld+json\" class=\"yoast-schema-graph\">{\"@context\":\"https:\/\/schema.org\",\"@graph\":[{\"@type\":\"Article\",\"@id\":\"https:\/\/permbledhja.com\/sq\/kelmendi-hyra-per-ta-fikur-zjarrin-per-pak-e-pesova-edhe-vete\/#article\",\"isPartOf\":{\"@id\":\"https:\/\/permbledhja.com\/sq\/kelmendi-hyra-per-ta-fikur-zjarrin-per-pak-e-pesova-edhe-vete\/\"},\"author\":{\"name\":\"P\u00ebrmbledhja\",\"@id\":\"https:\/\/permbledhja.com\/#\/schema\/person\/0d064377258d3221e50693947b9eb4fe\"},\"headline\":\"Kelmendi: Hyra p\u00ebr ta fikur zjarrin, p\u00ebr pak e p\u00ebsova edhe vet\u00eb\",\"datePublished\":\"2023-03-25T10:32:53+00:00\",\"dateModified\":\"2023-03-25T10:32:53+00:00\",\"mainEntityOfPage\":{\"@id\":\"https:\/\/permbledhja.com\/sq\/kelmendi-hyra-per-ta-fikur-zjarrin-per-pak-e-pesova-edhe-vete\/\"},\"wordCount\":472,\"publisher\":{\"@id\":\"https:\/\/permbledhja.com\/#organization\"},\"keywords\":[\"Ramiz Kelmendi\"],\"articleSection\":[\"Komb\u00ebtare\",\"Lajme\"],\"inLanguage\":\"sq\"},{\"@type\":\"WebPage\",\"@id\":\"https:\/\/permbledhja.com\/sq\/kelmendi-hyra-per-ta-fikur-zjarrin-per-pak-e-pesova-edhe-vete\/\",\"url\":\"https:\/\/permbledhja.com\/sq\/kelmendi-hyra-per-ta-fikur-zjarrin-per-pak-e-pesova-edhe-vete\/\",\"name\":\"Kelmendi: Hyra p\u00ebr ta fikur zjarrin, p\u00ebr pak e p\u00ebsova edhe vet\u00eb\",\"isPartOf\":{\"@id\":\"https:\/\/permbledhja.com\/#website\"},\"datePublished\":\"2023-03-25T10:32:53+00:00\",\"dateModified\":\"2023-03-25T10:32:53+00:00\",\"breadcrumb\":{\"@id\":\"https:\/\/permbledhja.com\/sq\/kelmendi-hyra-per-ta-fikur-zjarrin-per-pak-e-pesova-edhe-vete\/#breadcrumb\"},\"inLanguage\":\"sq\",\"potentialAction\":[{\"@type\":\"ReadAction\",\"target\":[\"https:\/\/permbledhja.com\/sq\/kelmendi-hyra-per-ta-fikur-zjarrin-per-pak-e-pesova-edhe-vete\/\"]}]},{\"@type\":\"BreadcrumbList\",\"@id\":\"https:\/\/permbledhja.com\/sq\/kelmendi-hyra-per-ta-fikur-zjarrin-per-pak-e-pesova-edhe-vete\/#breadcrumb\",\"itemListElement\":[{\"@type\":\"ListItem\",\"position\":1,\"name\":\"Ballina\",\"item\":\"https:\/\/permbledhja.com\/sq\/\"},{\"@type\":\"ListItem\",\"position\":2,\"name\":\"Kelmendi: Hyra p\u00ebr ta fikur zjarrin, p\u00ebr pak e p\u00ebsova edhe vet\u00eb\"}]},{\"@type\":\"WebSite\",\"@id\":\"https:\/\/permbledhja.com\/#website\",\"url\":\"https:\/\/permbledhja.com\/\",\"name\":\"Ve\u00e7 artikuj p\u00ebrmbledh\u00ebs\",\"description\":\"\",\"publisher\":{\"@id\":\"https:\/\/permbledhja.com\/#organization\"},\"potentialAction\":[{\"@type\":\"SearchAction\",\"target\":{\"@type\":\"EntryPoint\",\"urlTemplate\":\"https:\/\/permbledhja.com\/?s={search_term_string}\"},\"query-input\":\"required name=search_term_string\"}],\"inLanguage\":\"sq\"},{\"@type\":\"Organization\",\"@id\":\"https:\/\/permbledhja.com\/#organization\",\"name\":\"MK Media & Pr\",\"url\":\"https:\/\/permbledhja.com\/\",\"logo\":{\"@type\":\"ImageObject\",\"inLanguage\":\"sq\",\"@id\":\"https:\/\/permbledhja.com\/#\/schema\/logo\/image\/\",\"url\":\"https:\/\/permbledhja.com\/wp-content\/uploads\/2021\/12\/07-Press-Logo.jpg\",\"contentUrl\":\"https:\/\/permbledhja.com\/wp-content\/uploads\/2021\/12\/07-Press-Logo.jpg\",\"width\":512,\"height\":512,\"caption\":\"MK Media & Pr\"},\"image\":{\"@id\":\"https:\/\/permbledhja.com\/#\/schema\/logo\/image\/\"},\"sameAs\":[\"https:\/\/www.facebook.com\/press07\/\"]},{\"@type\":\"Person\",\"@id\":\"https:\/\/permbledhja.com\/#\/schema\/person\/0d064377258d3221e50693947b9eb4fe\",\"name\":\"P\u00ebrmbledhja\",\"image\":{\"@type\":\"ImageObject\",\"inLanguage\":\"sq\",\"@id\":\"https:\/\/permbledhja.com\/#\/schema\/person\/image\/\",\"url\":\"https:\/\/permbledhja.com\/wp-content\/uploads\/2026\/01\/452004717_1040944174702970_8932037511805513407_n-96x96.jpg\",\"contentUrl\":\"https:\/\/permbledhja.com\/wp-content\/uploads\/2026\/01\/452004717_1040944174702970_8932037511805513407_n-96x96.jpg\",\"caption\":\"P\u00ebrmbledhja\"},\"sameAs\":[\"https:\/\/www.facebook.com\/kafexhiu.muharrem\/\",\"https:\/\/www.instagram.com\/muharrem_kafexhiu\/\"],\"url\":\"https:\/\/permbledhja.com\/sq\/author\/admin\/\"}]}<\/script>\n<!-- \/ Yoast SEO plugin. -->","yoast_head_json":{"title":"Kelmendi: Hyra p\u00ebr ta fikur zjarrin, p\u00ebr pak e p\u00ebsova edhe vet\u00eb","robots":{"index":"index","follow":"follow","max-snippet":"max-snippet:-1","max-image-preview":"max-image-preview:large","max-video-preview":"max-video-preview:-1"},"canonical":"https:\/\/permbledhja.com\/sq\/kelmendi-hyra-per-ta-fikur-zjarrin-per-pak-e-pesova-edhe-vete\/","og_locale":"sq_AL","og_type":"article","og_title":"Kelmendi: Hyra p\u00ebr ta fikur zjarrin, p\u00ebr pak e p\u00ebsova edhe vet\u00eb","og_description":"Nj\u00eb zjarr i madh ka kapluar sot depon qendrore t\u00eb kompanis\u00eb Elkos e cila \u00ebsht\u00eb n\u00eb pron\u00ebsi t\u00eb biznesmenit Ramiz Kelmendi. D\u00ebmet llogariten t\u00eb jen\u00eb t\u00eb m\u00ebdha. E nga zjarri thot\u00eb se ka mundur t\u00eb p\u00ebsoj edhe vet afaristi Kelmendi. Ai ka shpjeguar se si hyri n\u00eb depo p\u00ebr ta shuar zjarrin, e q\u00eb gati [&hellip;]","og_url":"https:\/\/permbledhja.com\/sq\/kelmendi-hyra-per-ta-fikur-zjarrin-per-pak-e-pesova-edhe-vete\/","og_site_name":"Ve\u00e7 artikuj p\u00ebrmbledh\u00ebs","article_publisher":"https:\/\/www.facebook.com\/press07\/","article_author":"https:\/\/www.facebook.com\/kafexhiu.muharrem\/","article_published_time":"2023-03-25T10:32:53+00:00","og_image":[{"width":443,"height":249,"url":"https:\/\/permbledhja.com\/wp-content\/uploads\/2023\/03\/kkk.png","type":"image\/png"}],"author":"P\u00ebrmbledhja","twitter_card":"summary_large_image","twitter_misc":{"Written by":"P\u00ebrmbledhja","Est. reading time":"2 minuta"},"schema":{"@context":"https:\/\/schema.org","@graph":[{"@type":"Article","@id":"https:\/\/permbledhja.com\/sq\/kelmendi-hyra-per-ta-fikur-zjarrin-per-pak-e-pesova-edhe-vete\/#article","isPartOf":{"@id":"https:\/\/permbledhja.com\/sq\/kelmendi-hyra-per-ta-fikur-zjarrin-per-pak-e-pesova-edhe-vete\/"},"author":{"name":"P\u00ebrmbledhja","@id":"https:\/\/permbledhja.com\/#\/schema\/person\/0d064377258d3221e50693947b9eb4fe"},"headline":"Kelmendi: Hyra p\u00ebr ta fikur zjarrin, p\u00ebr pak e p\u00ebsova edhe vet\u00eb","datePublished":"2023-03-25T10:32:53+00:00","dateModified":"2023-03-25T10:32:53+00:00","mainEntityOfPage":{"@id":"https:\/\/permbledhja.com\/sq\/kelmendi-hyra-per-ta-fikur-zjarrin-per-pak-e-pesova-edhe-vete\/"},"wordCount":472,"publisher":{"@id":"https:\/\/permbledhja.com\/#organization"},"keywords":["Ramiz Kelmendi"],"articleSection":["Komb\u00ebtare","Lajme"],"inLanguage":"sq"},{"@type":"WebPage","@id":"https:\/\/permbledhja.com\/sq\/kelmendi-hyra-per-ta-fikur-zjarrin-per-pak-e-pesova-edhe-vete\/","url":"https:\/\/permbledhja.com\/sq\/kelmendi-hyra-per-ta-fikur-zjarrin-per-pak-e-pesova-edhe-vete\/","name":"Kelmendi: Hyra p\u00ebr ta fikur zjarrin, p\u00ebr pak e p\u00ebsova edhe vet\u00eb","isPartOf":{"@id":"https:\/\/permbledhja.com\/#website"},"datePublished":"2023-03-25T10:32:53+00:00","dateModified":"2023-03-25T10:32:53+00:00","breadcrumb":{"@id":"https:\/\/permbledhja.com\/sq\/kelmendi-hyra-per-ta-fikur-zjarrin-per-pak-e-pesova-edhe-vete\/#breadcrumb"},"inLanguage":"sq","potentialAction":[{"@type":"ReadAction","target":["https:\/\/permbledhja.com\/sq\/kelmendi-hyra-per-ta-fikur-zjarrin-per-pak-e-pesova-edhe-vete\/"]}]},{"@type":"BreadcrumbList","@id":"https:\/\/permbledhja.com\/sq\/kelmendi-hyra-per-ta-fikur-zjarrin-per-pak-e-pesova-edhe-vete\/#breadcrumb","itemListElement":[{"@type":"ListItem","position":1,"name":"Ballina","item":"https:\/\/permbledhja.com\/sq\/"},{"@type":"ListItem","position":2,"name":"Kelmendi: Hyra p\u00ebr ta fikur zjarrin, p\u00ebr pak e p\u00ebsova edhe vet\u00eb"}]},{"@type":"WebSite","@id":"https:\/\/permbledhja.com\/#website","url":"https:\/\/permbledhja.com\/","name":"Ve\u00e7 artikuj p\u00ebrmbledh\u00ebs","description":"","publisher":{"@id":"https:\/\/permbledhja.com\/#organization"},"potentialAction":[{"@type":"SearchAction","target":{"@type":"EntryPoint","urlTemplate":"https:\/\/permbledhja.com\/?s={search_term_string}"},"query-input":"required name=search_term_string"}],"inLanguage":"sq"},{"@type":"Organization","@id":"https:\/\/permbledhja.com\/#organization","name":"MK Media & Pr","url":"https:\/\/permbledhja.com\/","logo":{"@type":"ImageObject","inLanguage":"sq","@id":"https:\/\/permbledhja.com\/#\/schema\/logo\/image\/","url":"https:\/\/permbledhja.com\/wp-content\/uploads\/2021\/12\/07-Press-Logo.jpg","contentUrl":"https:\/\/permbledhja.com\/wp-content\/uploads\/2021\/12\/07-Press-Logo.jpg","width":512,"height":512,"caption":"MK Media & Pr"},"image":{"@id":"https:\/\/permbledhja.com\/#\/schema\/logo\/image\/"},"sameAs":["https:\/\/www.facebook.com\/press07\/"]},{"@type":"Person","@id":"https:\/\/permbledhja.com\/#\/schema\/person\/0d064377258d3221e50693947b9eb4fe","name":"P\u00ebrmbledhja","image":{"@type":"ImageObject","inLanguage":"sq","@id":"https:\/\/permbledhja.com\/#\/schema\/person\/image\/","url":"https:\/\/permbledhja.com\/wp-content\/uploads\/2026\/01\/452004717_1040944174702970_8932037511805513407_n-96x96.jpg","contentUrl":"https:\/\/permbledhja.com\/wp-content\/uploads\/2026\/01\/452004717_1040944174702970_8932037511805513407_n-96x96.jpg","caption":"P\u00ebrmbledhja"},"sameAs":["https:\/\/www.facebook.com\/kafexhiu.muharrem\/","https:\/\/www.instagram.com\/muharrem_kafexhiu\/"],"url":"https:\/\/permbledhja.com\/sq\/author\/admin\/"}]}},"_links":{"self":[{"href":"https:\/\/permbledhja.com\/sq\/wp-json\/wp\/v2\/posts\/12845"}],"collection":[{"href":"https:\/\/permbledhja.com\/sq\/wp-json\/wp\/v2\/posts"}],"about":[{"href":"https:\/\/permbledhja.com\/sq\/wp-json\/wp\/v2\/types\/post"}],"author":[{"embeddable":true,"href":"https:\/\/permbledhja.com\/sq\/wp-json\/wp\/v2\/users\/1"}],"replies":[{"embeddable":true,"href":"https:\/\/permbledhja.com\/sq\/wp-json\/wp\/v2\/comments?post=12845"}],"version-history":[{"count":1,"href":"https:\/\/permbledhja.com\/sq\/wp-json\/wp\/v2\/posts\/12845\/revisions"}],"predecessor-version":[{"id":12847,"href":"https:\/\/permbledhja.com\/sq\/wp-json\/wp\/v2\/posts\/12845\/revisions\/12847"}],"wp:featuredmedia":[{"embeddable":true,"href":"https:\/\/permbledhja.com\/sq\/wp-json\/wp\/v2\/media\/12846"}],"wp:attachment":[{"href":"https:\/\/permbledhja.com\/sq\/wp-json\/wp\/v2\/media?parent=12845"}],"wp:term":[{"taxonomy":"category","embeddable":true,"href":"https:\/\/permbledhja.com\/sq\/wp-json\/wp\/v2\/categories?post=12845"},{"taxonomy":"post_tag","embeddable":true,"href":"https:\/\/permbledhja.com\/sq\/wp-json\/wp\/v2\/tags?post=12845"}],"curies":[{"name":"wp","href":"https:\/\/api.w.org\/{rel}","templated":true}]}}