{"id":12803,"date":"2023-03-24T09:56:03","date_gmt":"2023-03-24T09:56:03","guid":{"rendered":"https:\/\/permbledhja.com\/?p=12803"},"modified":"2023-03-24T09:56:03","modified_gmt":"2023-03-24T09:56:03","slug":"rama-perplaset-me-gazetarin-ne-londer-nuk-thuhet-kosovo-por-kosova","status":"publish","type":"post","link":"https:\/\/permbledhja.com\/sq\/rama-perplaset-me-gazetarin-ne-londer-nuk-thuhet-kosovo-por-kosova\/","title":{"rendered":"Rama p\u00ebrplaset me gazetarin n\u00eb Lond\u00ebr: Nuk thuhet Kosovo, por Kosova"},"content":{"rendered":"<p><strong>Kryeministri Edi Rama ndodhet n\u00eb Britanin\u00eb e Madhe prej dy dit\u00ebsh.<\/strong><\/p>\n<p>N\u00eb nj\u00eb komunikim n\u00eb auditorin e Institutin Mbret\u00ebror t\u00eb Marr\u00ebdh\u00ebnieve Nd\u00ebrkomb\u00ebtare, Chatham House, Rama \u00ebsht\u00eb pyetur p\u00ebr marr\u00ebdh\u00ebniet me Kosov\u00ebn.<\/p>\n<p>Por gjat\u00eb pyetjes, kreu i qeveris\u00eb u p\u00ebrplas me gazetarin p\u00ebr em\u00ebrtimin e Kosov\u00ebs.<\/p>\n<p><em>\u201cNuk \u00ebsht\u00eb Kosovo, por Kosova! Kosova nuk \u00ebsht\u00eb vend mik \u00ebsht\u00eb nj\u00eb vend simot\u00ebr, \u00ebsht\u00eb gjith\u00e7ka nuk \u00ebsht\u00eb vend mik. Ne jemi nj\u00ebsoj, jemi nj\u00eb komb q\u00eb jeton mes dy shtetesh. Ne Shqiptar\u00ebt kemi dy shtete 4 kryeministra n\u00eb Ballkan. M\u00ebsoje thua me mua, Kosova, jo Kosovo! \u00cbsht\u00eb nj\u00eb shtet ndryshe, i pavarur! Rruga \u00ebsht\u00eb ajo e duhura ajo e integrimit t\u00eb plot\u00eb me BE-n\u00eb.\u201d<\/em>\u2013 tha Rama.<\/p>\n<p><iframe loading=\"lazy\" title=\"Rama p\u00ebrplaset me gazetarin n\u00eb Britanin\u00eb e Madhe: Nuk thuhet Kosovo, por Kosova\" src=\"https:\/\/www.youtube.com\/embed\/NxInj4m3H7g\" width=\"891\" height=\"501\" frameborder=\"0\" allowfullscreen=\"allowfullscreen\"><\/iframe><\/p>\n","protected":false},"excerpt":{"rendered":"<p>Kryeministri Edi Rama ndodhet n\u00eb Britanin\u00eb e Madhe prej dy dit\u00ebsh. N\u00eb nj\u00eb komunikim n\u00eb auditorin e Institutin Mbret\u00ebror t\u00eb Marr\u00ebdh\u00ebnieve Nd\u00ebrkomb\u00ebtare, Chatham House, Rama \u00ebsht\u00eb pyetur p\u00ebr marr\u00ebdh\u00ebniet me Kosov\u00ebn. Por gjat\u00eb pyetjes, kreu i qeveris\u00eb u p\u00ebrplas me gazetarin p\u00ebr em\u00ebrtimin e Kosov\u00ebs. \u201cNuk \u00ebsht\u00eb Kosovo, por Kosova! Kosova nuk \u00ebsht\u00eb vend mik [&hellip;]<\/p>\n","protected":false},"author":1,"featured_media":12804,"comment_status":"closed","ping_status":"closed","sticky":false,"template":"","format":"standard","meta":{"_monsterinsights_skip_tracking":false,"_monsterinsights_sitenote_active":false,"_monsterinsights_sitenote_note":"","_monsterinsights_sitenote_category":0,"_uf_show_specific_survey":0,"_uf_disable_surveys":false,"footnotes":""},"categories":[23,15],"tags":[474],"yoast_head":"<!-- This site is optimized with the Yoast SEO plugin v21.5 - https:\/\/yoast.com\/wordpress\/plugins\/seo\/ -->\n<title>Rama p\u00ebrplaset me gazetarin n\u00eb Lond\u00ebr: Nuk thuhet Kosovo, por Kosova<\/title>\n<meta name=\"robots\" content=\"index, follow, max-snippet:-1, max-image-preview:large, max-video-preview:-1\" \/>\n<link rel=\"canonical\" href=\"https:\/\/permbledhja.com\/sq\/rama-perplaset-me-gazetarin-ne-londer-nuk-thuhet-kosovo-por-kosova\/\" \/>\n<meta property=\"og:locale\" content=\"sq_AL\" \/>\n<meta property=\"og:type\" content=\"article\" \/>\n<meta property=\"og:title\" content=\"Rama p\u00ebrplaset me gazetarin n\u00eb Lond\u00ebr: Nuk thuhet Kosovo, por Kosova\" \/>\n<meta property=\"og:description\" content=\"Kryeministri Edi Rama ndodhet n\u00eb Britanin\u00eb e Madhe prej dy dit\u00ebsh. N\u00eb nj\u00eb komunikim n\u00eb auditorin e Institutin Mbret\u00ebror t\u00eb Marr\u00ebdh\u00ebnieve Nd\u00ebrkomb\u00ebtare, Chatham House, Rama \u00ebsht\u00eb pyetur p\u00ebr marr\u00ebdh\u00ebniet me Kosov\u00ebn. Por gjat\u00eb pyetjes, kreu i qeveris\u00eb u p\u00ebrplas me gazetarin p\u00ebr em\u00ebrtimin e Kosov\u00ebs. \u201cNuk \u00ebsht\u00eb Kosovo, por Kosova! Kosova nuk \u00ebsht\u00eb vend mik [&hellip;]\" \/>\n<meta property=\"og:url\" content=\"https:\/\/permbledhja.com\/sq\/rama-perplaset-me-gazetarin-ne-londer-nuk-thuhet-kosovo-por-kosova\/\" \/>\n<meta property=\"og:site_name\" content=\"Ve\u00e7 artikuj p\u00ebrmbledh\u00ebs\" \/>\n<meta property=\"article:publisher\" content=\"https:\/\/www.facebook.com\/press07\/\" \/>\n<meta property=\"article:author\" content=\"https:\/\/www.facebook.com\/kafexhiu.muharrem\/\" \/>\n<meta property=\"article:published_time\" content=\"2023-03-24T09:56:03+00:00\" \/>\n<meta property=\"og:image\" content=\"https:\/\/permbledhja.com\/wp-content\/uploads\/2023\/03\/WhatsApp-Image-2023-03-24-at-09.webp\" \/>\n\t<meta property=\"og:image:width\" content=\"600\" \/>\n\t<meta property=\"og:image:height\" content=\"360\" \/>\n\t<meta property=\"og:image:type\" content=\"image\/webp\" \/>\n<meta name=\"author\" content=\"P\u00ebrmbledhja\" \/>\n<meta name=\"twitter:card\" content=\"summary_large_image\" \/>\n<meta name=\"twitter:label1\" content=\"Written by\" \/>\n\t<meta name=\"twitter:data1\" content=\"P\u00ebrmbledhja\" \/>\n\t<meta name=\"twitter:label2\" content=\"Est. reading time\" \/>\n\t<meta name=\"twitter:data2\" content=\"1 minut\u00eb\" \/>\n<script type=\"application\/ld+json\" class=\"yoast-schema-graph\">{\"@context\":\"https:\/\/schema.org\",\"@graph\":[{\"@type\":\"Article\",\"@id\":\"https:\/\/permbledhja.com\/sq\/rama-perplaset-me-gazetarin-ne-londer-nuk-thuhet-kosovo-por-kosova\/#article\",\"isPartOf\":{\"@id\":\"https:\/\/permbledhja.com\/sq\/rama-perplaset-me-gazetarin-ne-londer-nuk-thuhet-kosovo-por-kosova\/\"},\"author\":{\"name\":\"P\u00ebrmbledhja\",\"@id\":\"https:\/\/permbledhja.com\/#\/schema\/person\/0d064377258d3221e50693947b9eb4fe\"},\"headline\":\"Rama p\u00ebrplaset me gazetarin n\u00eb Lond\u00ebr: Nuk thuhet Kosovo, por Kosova\",\"datePublished\":\"2023-03-24T09:56:03+00:00\",\"dateModified\":\"2023-03-24T09:56:03+00:00\",\"mainEntityOfPage\":{\"@id\":\"https:\/\/permbledhja.com\/sq\/rama-perplaset-me-gazetarin-ne-londer-nuk-thuhet-kosovo-por-kosova\/\"},\"wordCount\":143,\"publisher\":{\"@id\":\"https:\/\/permbledhja.com\/#organization\"},\"keywords\":[\"Edi Rama\"],\"articleSection\":[\"Komb\u00ebtare\",\"Lajme\"],\"inLanguage\":\"sq\"},{\"@type\":\"WebPage\",\"@id\":\"https:\/\/permbledhja.com\/sq\/rama-perplaset-me-gazetarin-ne-londer-nuk-thuhet-kosovo-por-kosova\/\",\"url\":\"https:\/\/permbledhja.com\/sq\/rama-perplaset-me-gazetarin-ne-londer-nuk-thuhet-kosovo-por-kosova\/\",\"name\":\"Rama p\u00ebrplaset me gazetarin n\u00eb Lond\u00ebr: Nuk thuhet Kosovo, por Kosova\",\"isPartOf\":{\"@id\":\"https:\/\/permbledhja.com\/#website\"},\"datePublished\":\"2023-03-24T09:56:03+00:00\",\"dateModified\":\"2023-03-24T09:56:03+00:00\",\"breadcrumb\":{\"@id\":\"https:\/\/permbledhja.com\/sq\/rama-perplaset-me-gazetarin-ne-londer-nuk-thuhet-kosovo-por-kosova\/#breadcrumb\"},\"inLanguage\":\"sq\",\"potentialAction\":[{\"@type\":\"ReadAction\",\"target\":[\"https:\/\/permbledhja.com\/sq\/rama-perplaset-me-gazetarin-ne-londer-nuk-thuhet-kosovo-por-kosova\/\"]}]},{\"@type\":\"BreadcrumbList\",\"@id\":\"https:\/\/permbledhja.com\/sq\/rama-perplaset-me-gazetarin-ne-londer-nuk-thuhet-kosovo-por-kosova\/#breadcrumb\",\"itemListElement\":[{\"@type\":\"ListItem\",\"position\":1,\"name\":\"Ballina\",\"item\":\"https:\/\/permbledhja.com\/sq\/\"},{\"@type\":\"ListItem\",\"position\":2,\"name\":\"Rama p\u00ebrplaset me gazetarin n\u00eb Lond\u00ebr: Nuk thuhet Kosovo, por Kosova\"}]},{\"@type\":\"WebSite\",\"@id\":\"https:\/\/permbledhja.com\/#website\",\"url\":\"https:\/\/permbledhja.com\/\",\"name\":\"Ve\u00e7 artikuj p\u00ebrmbledh\u00ebs\",\"description\":\"\",\"publisher\":{\"@id\":\"https:\/\/permbledhja.com\/#organization\"},\"potentialAction\":[{\"@type\":\"SearchAction\",\"target\":{\"@type\":\"EntryPoint\",\"urlTemplate\":\"https:\/\/permbledhja.com\/?s={search_term_string}\"},\"query-input\":\"required name=search_term_string\"}],\"inLanguage\":\"sq\"},{\"@type\":\"Organization\",\"@id\":\"https:\/\/permbledhja.com\/#organization\",\"name\":\"MK Media & Pr\",\"url\":\"https:\/\/permbledhja.com\/\",\"logo\":{\"@type\":\"ImageObject\",\"inLanguage\":\"sq\",\"@id\":\"https:\/\/permbledhja.com\/#\/schema\/logo\/image\/\",\"url\":\"https:\/\/permbledhja.com\/wp-content\/uploads\/2021\/12\/07-Press-Logo.jpg\",\"contentUrl\":\"https:\/\/permbledhja.com\/wp-content\/uploads\/2021\/12\/07-Press-Logo.jpg\",\"width\":512,\"height\":512,\"caption\":\"MK Media & Pr\"},\"image\":{\"@id\":\"https:\/\/permbledhja.com\/#\/schema\/logo\/image\/\"},\"sameAs\":[\"https:\/\/www.facebook.com\/press07\/\"]},{\"@type\":\"Person\",\"@id\":\"https:\/\/permbledhja.com\/#\/schema\/person\/0d064377258d3221e50693947b9eb4fe\",\"name\":\"P\u00ebrmbledhja\",\"image\":{\"@type\":\"ImageObject\",\"inLanguage\":\"sq\",\"@id\":\"https:\/\/permbledhja.com\/#\/schema\/person\/image\/\",\"url\":\"https:\/\/permbledhja.com\/wp-content\/uploads\/2026\/01\/452004717_1040944174702970_8932037511805513407_n-96x96.jpg\",\"contentUrl\":\"https:\/\/permbledhja.com\/wp-content\/uploads\/2026\/01\/452004717_1040944174702970_8932037511805513407_n-96x96.jpg\",\"caption\":\"P\u00ebrmbledhja\"},\"sameAs\":[\"https:\/\/www.facebook.com\/kafexhiu.muharrem\/\",\"https:\/\/www.instagram.com\/muharrem_kafexhiu\/\"],\"url\":\"https:\/\/permbledhja.com\/sq\/author\/admin\/\"}]}<\/script>\n<!-- \/ Yoast SEO plugin. -->","yoast_head_json":{"title":"Rama p\u00ebrplaset me gazetarin n\u00eb Lond\u00ebr: Nuk thuhet Kosovo, por Kosova","robots":{"index":"index","follow":"follow","max-snippet":"max-snippet:-1","max-image-preview":"max-image-preview:large","max-video-preview":"max-video-preview:-1"},"canonical":"https:\/\/permbledhja.com\/sq\/rama-perplaset-me-gazetarin-ne-londer-nuk-thuhet-kosovo-por-kosova\/","og_locale":"sq_AL","og_type":"article","og_title":"Rama p\u00ebrplaset me gazetarin n\u00eb Lond\u00ebr: Nuk thuhet Kosovo, por Kosova","og_description":"Kryeministri Edi Rama ndodhet n\u00eb Britanin\u00eb e Madhe prej dy dit\u00ebsh. N\u00eb nj\u00eb komunikim n\u00eb auditorin e Institutin Mbret\u00ebror t\u00eb Marr\u00ebdh\u00ebnieve Nd\u00ebrkomb\u00ebtare, Chatham House, Rama \u00ebsht\u00eb pyetur p\u00ebr marr\u00ebdh\u00ebniet me Kosov\u00ebn. Por gjat\u00eb pyetjes, kreu i qeveris\u00eb u p\u00ebrplas me gazetarin p\u00ebr em\u00ebrtimin e Kosov\u00ebs. \u201cNuk \u00ebsht\u00eb Kosovo, por Kosova! Kosova nuk \u00ebsht\u00eb vend mik [&hellip;]","og_url":"https:\/\/permbledhja.com\/sq\/rama-perplaset-me-gazetarin-ne-londer-nuk-thuhet-kosovo-por-kosova\/","og_site_name":"Ve\u00e7 artikuj p\u00ebrmbledh\u00ebs","article_publisher":"https:\/\/www.facebook.com\/press07\/","article_author":"https:\/\/www.facebook.com\/kafexhiu.muharrem\/","article_published_time":"2023-03-24T09:56:03+00:00","og_image":[{"width":600,"height":360,"url":"https:\/\/permbledhja.com\/wp-content\/uploads\/2023\/03\/WhatsApp-Image-2023-03-24-at-09.webp","type":"image\/webp"}],"author":"P\u00ebrmbledhja","twitter_card":"summary_large_image","twitter_misc":{"Written by":"P\u00ebrmbledhja","Est. reading time":"1 minut\u00eb"},"schema":{"@context":"https:\/\/schema.org","@graph":[{"@type":"Article","@id":"https:\/\/permbledhja.com\/sq\/rama-perplaset-me-gazetarin-ne-londer-nuk-thuhet-kosovo-por-kosova\/#article","isPartOf":{"@id":"https:\/\/permbledhja.com\/sq\/rama-perplaset-me-gazetarin-ne-londer-nuk-thuhet-kosovo-por-kosova\/"},"author":{"name":"P\u00ebrmbledhja","@id":"https:\/\/permbledhja.com\/#\/schema\/person\/0d064377258d3221e50693947b9eb4fe"},"headline":"Rama p\u00ebrplaset me gazetarin n\u00eb Lond\u00ebr: Nuk thuhet Kosovo, por Kosova","datePublished":"2023-03-24T09:56:03+00:00","dateModified":"2023-03-24T09:56:03+00:00","mainEntityOfPage":{"@id":"https:\/\/permbledhja.com\/sq\/rama-perplaset-me-gazetarin-ne-londer-nuk-thuhet-kosovo-por-kosova\/"},"wordCount":143,"publisher":{"@id":"https:\/\/permbledhja.com\/#organization"},"keywords":["Edi Rama"],"articleSection":["Komb\u00ebtare","Lajme"],"inLanguage":"sq"},{"@type":"WebPage","@id":"https:\/\/permbledhja.com\/sq\/rama-perplaset-me-gazetarin-ne-londer-nuk-thuhet-kosovo-por-kosova\/","url":"https:\/\/permbledhja.com\/sq\/rama-perplaset-me-gazetarin-ne-londer-nuk-thuhet-kosovo-por-kosova\/","name":"Rama p\u00ebrplaset me gazetarin n\u00eb Lond\u00ebr: Nuk thuhet Kosovo, por Kosova","isPartOf":{"@id":"https:\/\/permbledhja.com\/#website"},"datePublished":"2023-03-24T09:56:03+00:00","dateModified":"2023-03-24T09:56:03+00:00","breadcrumb":{"@id":"https:\/\/permbledhja.com\/sq\/rama-perplaset-me-gazetarin-ne-londer-nuk-thuhet-kosovo-por-kosova\/#breadcrumb"},"inLanguage":"sq","potentialAction":[{"@type":"ReadAction","target":["https:\/\/permbledhja.com\/sq\/rama-perplaset-me-gazetarin-ne-londer-nuk-thuhet-kosovo-por-kosova\/"]}]},{"@type":"BreadcrumbList","@id":"https:\/\/permbledhja.com\/sq\/rama-perplaset-me-gazetarin-ne-londer-nuk-thuhet-kosovo-por-kosova\/#breadcrumb","itemListElement":[{"@type":"ListItem","position":1,"name":"Ballina","item":"https:\/\/permbledhja.com\/sq\/"},{"@type":"ListItem","position":2,"name":"Rama p\u00ebrplaset me gazetarin n\u00eb Lond\u00ebr: Nuk thuhet Kosovo, por Kosova"}]},{"@type":"WebSite","@id":"https:\/\/permbledhja.com\/#website","url":"https:\/\/permbledhja.com\/","name":"Ve\u00e7 artikuj p\u00ebrmbledh\u00ebs","description":"","publisher":{"@id":"https:\/\/permbledhja.com\/#organization"},"potentialAction":[{"@type":"SearchAction","target":{"@type":"EntryPoint","urlTemplate":"https:\/\/permbledhja.com\/?s={search_term_string}"},"query-input":"required name=search_term_string"}],"inLanguage":"sq"},{"@type":"Organization","@id":"https:\/\/permbledhja.com\/#organization","name":"MK Media & Pr","url":"https:\/\/permbledhja.com\/","logo":{"@type":"ImageObject","inLanguage":"sq","@id":"https:\/\/permbledhja.com\/#\/schema\/logo\/image\/","url":"https:\/\/permbledhja.com\/wp-content\/uploads\/2021\/12\/07-Press-Logo.jpg","contentUrl":"https:\/\/permbledhja.com\/wp-content\/uploads\/2021\/12\/07-Press-Logo.jpg","width":512,"height":512,"caption":"MK Media & Pr"},"image":{"@id":"https:\/\/permbledhja.com\/#\/schema\/logo\/image\/"},"sameAs":["https:\/\/www.facebook.com\/press07\/"]},{"@type":"Person","@id":"https:\/\/permbledhja.com\/#\/schema\/person\/0d064377258d3221e50693947b9eb4fe","name":"P\u00ebrmbledhja","image":{"@type":"ImageObject","inLanguage":"sq","@id":"https:\/\/permbledhja.com\/#\/schema\/person\/image\/","url":"https:\/\/permbledhja.com\/wp-content\/uploads\/2026\/01\/452004717_1040944174702970_8932037511805513407_n-96x96.jpg","contentUrl":"https:\/\/permbledhja.com\/wp-content\/uploads\/2026\/01\/452004717_1040944174702970_8932037511805513407_n-96x96.jpg","caption":"P\u00ebrmbledhja"},"sameAs":["https:\/\/www.facebook.com\/kafexhiu.muharrem\/","https:\/\/www.instagram.com\/muharrem_kafexhiu\/"],"url":"https:\/\/permbledhja.com\/sq\/author\/admin\/"}]}},"_links":{"self":[{"href":"https:\/\/permbledhja.com\/sq\/wp-json\/wp\/v2\/posts\/12803"}],"collection":[{"href":"https:\/\/permbledhja.com\/sq\/wp-json\/wp\/v2\/posts"}],"about":[{"href":"https:\/\/permbledhja.com\/sq\/wp-json\/wp\/v2\/types\/post"}],"author":[{"embeddable":true,"href":"https:\/\/permbledhja.com\/sq\/wp-json\/wp\/v2\/users\/1"}],"replies":[{"embeddable":true,"href":"https:\/\/permbledhja.com\/sq\/wp-json\/wp\/v2\/comments?post=12803"}],"version-history":[{"count":2,"href":"https:\/\/permbledhja.com\/sq\/wp-json\/wp\/v2\/posts\/12803\/revisions"}],"predecessor-version":[{"id":12806,"href":"https:\/\/permbledhja.com\/sq\/wp-json\/wp\/v2\/posts\/12803\/revisions\/12806"}],"wp:featuredmedia":[{"embeddable":true,"href":"https:\/\/permbledhja.com\/sq\/wp-json\/wp\/v2\/media\/12804"}],"wp:attachment":[{"href":"https:\/\/permbledhja.com\/sq\/wp-json\/wp\/v2\/media?parent=12803"}],"wp:term":[{"taxonomy":"category","embeddable":true,"href":"https:\/\/permbledhja.com\/sq\/wp-json\/wp\/v2\/categories?post=12803"},{"taxonomy":"post_tag","embeddable":true,"href":"https:\/\/permbledhja.com\/sq\/wp-json\/wp\/v2\/tags?post=12803"}],"curies":[{"name":"wp","href":"https:\/\/api.w.org\/{rel}","templated":true}]}}