{"id":12755,"date":"2023-03-23T11:20:14","date_gmt":"2023-03-23T11:20:14","guid":{"rendered":"https:\/\/permbledhja.com\/?p=12755"},"modified":"2023-03-23T11:20:14","modified_gmt":"2023-03-23T11:20:14","slug":"kurti-le-te-kuptohet-se-kosova-do-ta-beje-asociacionin-sdo-te-kete-kompetenca-ekzekutive","status":"publish","type":"post","link":"https:\/\/permbledhja.com\/sq\/kurti-le-te-kuptohet-se-kosova-do-ta-beje-asociacionin-sdo-te-kete-kompetenca-ekzekutive\/","title":{"rendered":"Kurti l\u00eb t\u00eb kuptohet se Kosova do ta b\u00ebj\u00eb Asociacionin: S\u2019do t\u00eb ket\u00eb kompetenca ekzekutive"},"content":{"rendered":"<p><strong>Kryeministri i Kosov\u00ebs, Albin Kurti po raporton n\u00eb Kuvend p\u00ebr marr\u00ebveshjen e fundit t\u00eb arritur me Serbin\u00eb. Ai tha se \u201ctekst m\u00eb t\u00eb mir\u00eb t\u00eb marr\u00ebveshjes n\u00eb situat\u00ebn q\u00eb jemi, nuk ka qen\u00eb e mundur t\u00eb mb\u00ebrrijm\u00eb\u201d. Sipas tij, \u201cia vlente mundimi pasi arrit\u00ebm di\u00e7ka t\u00eb r\u00ebnd\u00ebsishme dhe t\u00eb pakthyeshme\u201d.<\/strong><\/p>\n<p>Kurti tha se zbatimi i pikave t\u00eb marr\u00ebveshjes \u201cparashikohen t\u00eb jen\u00eb me hapa t\u00eb p\u00ebrbashk\u00ebt, ku t\u00eb dyja pal\u00ebt duhet t\u00eb shkojn\u00eb hap pas hapi\u201d. Ai tha se \u201cSerbia ka pranuar ta trajtoj\u00eb Kosov\u00ebn si an\u00ebtare e barabart\u00eb e bashk\u00ebsis\u00eb nd\u00ebrkomb\u00ebtare\u201d.<\/p>\n<p>Kurti pranoi se \u201cKosova i ka obligimet e veta ligjore\u201d, ku p\u00ebrfshihet edhe formimi i Asociacionit t\u00eb komunave me shumic\u00eb serbe, raporton Gazeta Express.<\/p>\n<p>\u201cUn\u00eb personalisht kam kund\u00ebrshtuar disa nga marr\u00ebveshjet n\u00eb t\u00eb kaluar\u00ebn dhe vazhdoj t\u00eb punoj p\u00ebr nj\u00eb rezultat m\u00eb t\u00eb mir\u00eb. Ato detyrime nga e kaluara, jan\u00eb edhe t\u00eb p\u00ebrfshira implicit n\u00eb procesin e dialogut sepse jan\u00eb ngritur gjat\u00eb bisedimeve dhe \u00e7do gj\u00eb ne do ta konsiderojm\u00eb nga prizma e Kushteut\u00ebs son\u00eb, e Republik\u00ebs son\u00eb, e ligjshm\u00ebris\u00eb son\u00eb dhe e vlerave e kartave normative nd\u00ebrkomb\u00ebtare, n\u00eb ve\u00e7anti europiane\u201d, tha Kurti.<\/p>\n<p>Kryeministri tha se \u201cKosova nuk do t\u00eb r\u00ebndohet me kurrfar\u00eb shtrese tjet\u00ebr t\u00eb autoritetit nd\u00ebrmjet komunave dhe Qeveris\u00eb s\u00eb Kosov\u00ebs\u201d dhe se niveli i vet\u00ebmenaxhimit p\u00ebr komunitetin serb \u201cnuk do t\u00eb ket\u00eb kompetenca ekzekutive\u201d.<\/p>\n<p>\u201cUn\u00eb kurr\u00eb, e p\u00ebrs\u00ebris, kurr\u00eb, q\u00eb do t\u00eb thot\u00eb asnj\u00ebher\u00eb, askund, nuk do ta konsideroj asnj\u00eb model t\u00eb autonomis\u00eb territoriale\u201d, tha Kurti.<\/p>\n<p>Duke folur me nj\u00ebfar\u00eb optimizmi, Kurti tha se Kosova tani ka hyr\u00eb n\u00eb nj\u00eb format t\u00eb ri t\u00eb dialogut.<\/p>\n<p>\u201cTuneli \u00ebsht\u00eb ende i gjat\u00eb por besoj q\u00eb atij po i vjen fundi\u201d, tha nd\u00ebr tjerash kryeministri.<\/p>\n","protected":false},"excerpt":{"rendered":"<p>Kryeministri i Kosov\u00ebs, Albin Kurti po raporton n\u00eb Kuvend p\u00ebr marr\u00ebveshjen e fundit t\u00eb arritur me Serbin\u00eb. Ai tha se \u201ctekst m\u00eb t\u00eb mir\u00eb t\u00eb marr\u00ebveshjes n\u00eb situat\u00ebn q\u00eb jemi, nuk ka qen\u00eb e mundur t\u00eb mb\u00ebrrijm\u00eb\u201d. Sipas tij, \u201cia vlente mundimi pasi arrit\u00ebm di\u00e7ka t\u00eb r\u00ebnd\u00ebsishme dhe t\u00eb pakthyeshme\u201d. Kurti tha se zbatimi i [&hellip;]<\/p>\n","protected":false},"author":1,"featured_media":8586,"comment_status":"closed","ping_status":"closed","sticky":false,"template":"","format":"standard","meta":{"_monsterinsights_skip_tracking":false,"_monsterinsights_sitenote_active":false,"_monsterinsights_sitenote_note":"","_monsterinsights_sitenote_category":0,"_uf_show_specific_survey":0,"_uf_disable_surveys":false,"footnotes":""},"categories":[1146],"tags":[86,697],"yoast_head":"<!-- This site is optimized with the Yoast SEO plugin v21.5 - https:\/\/yoast.com\/wordpress\/plugins\/seo\/ -->\n<title>Kurti l\u00eb t\u00eb kuptohet se Kosova do ta b\u00ebj\u00eb Asociacionin: S\u2019do t\u00eb ket\u00eb kompetenca ekzekutive<\/title>\n<meta name=\"robots\" content=\"index, follow, max-snippet:-1, max-image-preview:large, max-video-preview:-1\" \/>\n<link rel=\"canonical\" href=\"https:\/\/permbledhja.com\/sq\/kurti-le-te-kuptohet-se-kosova-do-ta-beje-asociacionin-sdo-te-kete-kompetenca-ekzekutive\/\" \/>\n<meta property=\"og:locale\" content=\"sq_AL\" \/>\n<meta property=\"og:type\" content=\"article\" \/>\n<meta property=\"og:title\" content=\"Kurti l\u00eb t\u00eb kuptohet se Kosova do ta b\u00ebj\u00eb Asociacionin: S\u2019do t\u00eb ket\u00eb kompetenca ekzekutive\" \/>\n<meta property=\"og:description\" content=\"Kryeministri i Kosov\u00ebs, Albin Kurti po raporton n\u00eb Kuvend p\u00ebr marr\u00ebveshjen e fundit t\u00eb arritur me Serbin\u00eb. Ai tha se \u201ctekst m\u00eb t\u00eb mir\u00eb t\u00eb marr\u00ebveshjes n\u00eb situat\u00ebn q\u00eb jemi, nuk ka qen\u00eb e mundur t\u00eb mb\u00ebrrijm\u00eb\u201d. Sipas tij, \u201cia vlente mundimi pasi arrit\u00ebm di\u00e7ka t\u00eb r\u00ebnd\u00ebsishme dhe t\u00eb pakthyeshme\u201d. Kurti tha se zbatimi i [&hellip;]\" \/>\n<meta property=\"og:url\" content=\"https:\/\/permbledhja.com\/sq\/kurti-le-te-kuptohet-se-kosova-do-ta-beje-asociacionin-sdo-te-kete-kompetenca-ekzekutive\/\" \/>\n<meta property=\"og:site_name\" content=\"Ve\u00e7 artikuj p\u00ebrmbledh\u00ebs\" \/>\n<meta property=\"article:publisher\" content=\"https:\/\/www.facebook.com\/press07\/\" \/>\n<meta property=\"article:author\" content=\"https:\/\/www.facebook.com\/kafexhiu.muharrem\/\" \/>\n<meta property=\"article:published_time\" content=\"2023-03-23T11:20:14+00:00\" \/>\n<meta property=\"og:image\" content=\"https:\/\/permbledhja.com\/wp-content\/uploads\/2022\/10\/albin-kurti.jpg\" \/>\n\t<meta property=\"og:image:width\" content=\"782\" \/>\n\t<meta property=\"og:image:height\" content=\"509\" \/>\n\t<meta property=\"og:image:type\" content=\"image\/jpeg\" \/>\n<meta name=\"author\" content=\"P\u00ebrmbledhja\" \/>\n<meta name=\"twitter:card\" content=\"summary_large_image\" \/>\n<meta name=\"twitter:label1\" content=\"Written by\" \/>\n\t<meta name=\"twitter:data1\" content=\"P\u00ebrmbledhja\" \/>\n\t<meta name=\"twitter:label2\" content=\"Est. reading time\" \/>\n\t<meta name=\"twitter:data2\" content=\"2 minuta\" \/>\n<script type=\"application\/ld+json\" class=\"yoast-schema-graph\">{\"@context\":\"https:\/\/schema.org\",\"@graph\":[{\"@type\":\"Article\",\"@id\":\"https:\/\/permbledhja.com\/kurti-le-te-kuptohet-se-kosova-do-ta-beje-asociacionin-sdo-te-kete-kompetenca-ekzekutive\/#article\",\"isPartOf\":{\"@id\":\"https:\/\/permbledhja.com\/kurti-le-te-kuptohet-se-kosova-do-ta-beje-asociacionin-sdo-te-kete-kompetenca-ekzekutive\/\"},\"author\":{\"name\":\"P\u00ebrmbledhja\",\"@id\":\"https:\/\/permbledhja.com\/#\/schema\/person\/0d064377258d3221e50693947b9eb4fe\"},\"headline\":\"Kurti l\u00eb t\u00eb kuptohet se Kosova do ta b\u00ebj\u00eb Asociacionin: S\u2019do t\u00eb ket\u00eb kompetenca ekzekutive\",\"datePublished\":\"2023-03-23T11:20:14+00:00\",\"dateModified\":\"2023-03-23T11:20:14+00:00\",\"mainEntityOfPage\":{\"@id\":\"https:\/\/permbledhja.com\/kurti-le-te-kuptohet-se-kosova-do-ta-beje-asociacionin-sdo-te-kete-kompetenca-ekzekutive\/\"},\"wordCount\":335,\"publisher\":{\"@id\":\"https:\/\/permbledhja.com\/#organization\"},\"keywords\":[\"Albin Kurti\",\"Asociacioni\"],\"articleSection\":[\"Kryesoret\"],\"inLanguage\":\"sq\"},{\"@type\":\"WebPage\",\"@id\":\"https:\/\/permbledhja.com\/kurti-le-te-kuptohet-se-kosova-do-ta-beje-asociacionin-sdo-te-kete-kompetenca-ekzekutive\/\",\"url\":\"https:\/\/permbledhja.com\/kurti-le-te-kuptohet-se-kosova-do-ta-beje-asociacionin-sdo-te-kete-kompetenca-ekzekutive\/\",\"name\":\"Kurti l\u00eb t\u00eb kuptohet se Kosova do ta b\u00ebj\u00eb Asociacionin: S\u2019do t\u00eb ket\u00eb kompetenca ekzekutive\",\"isPartOf\":{\"@id\":\"https:\/\/permbledhja.com\/#website\"},\"datePublished\":\"2023-03-23T11:20:14+00:00\",\"dateModified\":\"2023-03-23T11:20:14+00:00\",\"breadcrumb\":{\"@id\":\"https:\/\/permbledhja.com\/kurti-le-te-kuptohet-se-kosova-do-ta-beje-asociacionin-sdo-te-kete-kompetenca-ekzekutive\/#breadcrumb\"},\"inLanguage\":\"sq\",\"potentialAction\":[{\"@type\":\"ReadAction\",\"target\":[\"https:\/\/permbledhja.com\/kurti-le-te-kuptohet-se-kosova-do-ta-beje-asociacionin-sdo-te-kete-kompetenca-ekzekutive\/\"]}]},{\"@type\":\"BreadcrumbList\",\"@id\":\"https:\/\/permbledhja.com\/kurti-le-te-kuptohet-se-kosova-do-ta-beje-asociacionin-sdo-te-kete-kompetenca-ekzekutive\/#breadcrumb\",\"itemListElement\":[{\"@type\":\"ListItem\",\"position\":1,\"name\":\"Ballina\",\"item\":\"https:\/\/permbledhja.com\/sq\/\"},{\"@type\":\"ListItem\",\"position\":2,\"name\":\"Kurti l\u00eb t\u00eb kuptohet se Kosova do ta b\u00ebj\u00eb Asociacionin: S\u2019do t\u00eb ket\u00eb kompetenca ekzekutive\"}]},{\"@type\":\"WebSite\",\"@id\":\"https:\/\/permbledhja.com\/#website\",\"url\":\"https:\/\/permbledhja.com\/\",\"name\":\"Ve\u00e7 artikuj p\u00ebrmbledh\u00ebs\",\"description\":\"\",\"publisher\":{\"@id\":\"https:\/\/permbledhja.com\/#organization\"},\"potentialAction\":[{\"@type\":\"SearchAction\",\"target\":{\"@type\":\"EntryPoint\",\"urlTemplate\":\"https:\/\/permbledhja.com\/?s={search_term_string}\"},\"query-input\":\"required name=search_term_string\"}],\"inLanguage\":\"sq\"},{\"@type\":\"Organization\",\"@id\":\"https:\/\/permbledhja.com\/#organization\",\"name\":\"MK Media & Pr\",\"url\":\"https:\/\/permbledhja.com\/\",\"logo\":{\"@type\":\"ImageObject\",\"inLanguage\":\"sq\",\"@id\":\"https:\/\/permbledhja.com\/#\/schema\/logo\/image\/\",\"url\":\"https:\/\/permbledhja.com\/wp-content\/uploads\/2021\/12\/07-Press-Logo.jpg\",\"contentUrl\":\"https:\/\/permbledhja.com\/wp-content\/uploads\/2021\/12\/07-Press-Logo.jpg\",\"width\":512,\"height\":512,\"caption\":\"MK Media & Pr\"},\"image\":{\"@id\":\"https:\/\/permbledhja.com\/#\/schema\/logo\/image\/\"},\"sameAs\":[\"https:\/\/www.facebook.com\/press07\/\"]},{\"@type\":\"Person\",\"@id\":\"https:\/\/permbledhja.com\/#\/schema\/person\/0d064377258d3221e50693947b9eb4fe\",\"name\":\"P\u00ebrmbledhja\",\"image\":{\"@type\":\"ImageObject\",\"inLanguage\":\"sq\",\"@id\":\"https:\/\/permbledhja.com\/#\/schema\/person\/image\/\",\"url\":\"https:\/\/permbledhja.com\/wp-content\/uploads\/2026\/01\/452004717_1040944174702970_8932037511805513407_n-96x96.jpg\",\"contentUrl\":\"https:\/\/permbledhja.com\/wp-content\/uploads\/2026\/01\/452004717_1040944174702970_8932037511805513407_n-96x96.jpg\",\"caption\":\"P\u00ebrmbledhja\"},\"sameAs\":[\"https:\/\/www.facebook.com\/kafexhiu.muharrem\/\",\"https:\/\/www.instagram.com\/muharrem_kafexhiu\/\"],\"url\":\"https:\/\/permbledhja.com\/sq\/author\/admin\/\"}]}<\/script>\n<!-- \/ Yoast SEO plugin. -->","yoast_head_json":{"title":"Kurti l\u00eb t\u00eb kuptohet se Kosova do ta b\u00ebj\u00eb Asociacionin: S\u2019do t\u00eb ket\u00eb kompetenca ekzekutive","robots":{"index":"index","follow":"follow","max-snippet":"max-snippet:-1","max-image-preview":"max-image-preview:large","max-video-preview":"max-video-preview:-1"},"canonical":"https:\/\/permbledhja.com\/sq\/kurti-le-te-kuptohet-se-kosova-do-ta-beje-asociacionin-sdo-te-kete-kompetenca-ekzekutive\/","og_locale":"sq_AL","og_type":"article","og_title":"Kurti l\u00eb t\u00eb kuptohet se Kosova do ta b\u00ebj\u00eb Asociacionin: S\u2019do t\u00eb ket\u00eb kompetenca ekzekutive","og_description":"Kryeministri i Kosov\u00ebs, Albin Kurti po raporton n\u00eb Kuvend p\u00ebr marr\u00ebveshjen e fundit t\u00eb arritur me Serbin\u00eb. Ai tha se \u201ctekst m\u00eb t\u00eb mir\u00eb t\u00eb marr\u00ebveshjes n\u00eb situat\u00ebn q\u00eb jemi, nuk ka qen\u00eb e mundur t\u00eb mb\u00ebrrijm\u00eb\u201d. Sipas tij, \u201cia vlente mundimi pasi arrit\u00ebm di\u00e7ka t\u00eb r\u00ebnd\u00ebsishme dhe t\u00eb pakthyeshme\u201d. Kurti tha se zbatimi i [&hellip;]","og_url":"https:\/\/permbledhja.com\/sq\/kurti-le-te-kuptohet-se-kosova-do-ta-beje-asociacionin-sdo-te-kete-kompetenca-ekzekutive\/","og_site_name":"Ve\u00e7 artikuj p\u00ebrmbledh\u00ebs","article_publisher":"https:\/\/www.facebook.com\/press07\/","article_author":"https:\/\/www.facebook.com\/kafexhiu.muharrem\/","article_published_time":"2023-03-23T11:20:14+00:00","og_image":[{"width":782,"height":509,"url":"https:\/\/permbledhja.com\/wp-content\/uploads\/2022\/10\/albin-kurti.jpg","type":"image\/jpeg"}],"author":"P\u00ebrmbledhja","twitter_card":"summary_large_image","twitter_misc":{"Written by":"P\u00ebrmbledhja","Est. reading time":"2 minuta"},"schema":{"@context":"https:\/\/schema.org","@graph":[{"@type":"Article","@id":"https:\/\/permbledhja.com\/kurti-le-te-kuptohet-se-kosova-do-ta-beje-asociacionin-sdo-te-kete-kompetenca-ekzekutive\/#article","isPartOf":{"@id":"https:\/\/permbledhja.com\/kurti-le-te-kuptohet-se-kosova-do-ta-beje-asociacionin-sdo-te-kete-kompetenca-ekzekutive\/"},"author":{"name":"P\u00ebrmbledhja","@id":"https:\/\/permbledhja.com\/#\/schema\/person\/0d064377258d3221e50693947b9eb4fe"},"headline":"Kurti l\u00eb t\u00eb kuptohet se Kosova do ta b\u00ebj\u00eb Asociacionin: S\u2019do t\u00eb ket\u00eb kompetenca ekzekutive","datePublished":"2023-03-23T11:20:14+00:00","dateModified":"2023-03-23T11:20:14+00:00","mainEntityOfPage":{"@id":"https:\/\/permbledhja.com\/kurti-le-te-kuptohet-se-kosova-do-ta-beje-asociacionin-sdo-te-kete-kompetenca-ekzekutive\/"},"wordCount":335,"publisher":{"@id":"https:\/\/permbledhja.com\/#organization"},"keywords":["Albin Kurti","Asociacioni"],"articleSection":["Kryesoret"],"inLanguage":"sq"},{"@type":"WebPage","@id":"https:\/\/permbledhja.com\/kurti-le-te-kuptohet-se-kosova-do-ta-beje-asociacionin-sdo-te-kete-kompetenca-ekzekutive\/","url":"https:\/\/permbledhja.com\/kurti-le-te-kuptohet-se-kosova-do-ta-beje-asociacionin-sdo-te-kete-kompetenca-ekzekutive\/","name":"Kurti l\u00eb t\u00eb kuptohet se Kosova do ta b\u00ebj\u00eb Asociacionin: S\u2019do t\u00eb ket\u00eb kompetenca ekzekutive","isPartOf":{"@id":"https:\/\/permbledhja.com\/#website"},"datePublished":"2023-03-23T11:20:14+00:00","dateModified":"2023-03-23T11:20:14+00:00","breadcrumb":{"@id":"https:\/\/permbledhja.com\/kurti-le-te-kuptohet-se-kosova-do-ta-beje-asociacionin-sdo-te-kete-kompetenca-ekzekutive\/#breadcrumb"},"inLanguage":"sq","potentialAction":[{"@type":"ReadAction","target":["https:\/\/permbledhja.com\/kurti-le-te-kuptohet-se-kosova-do-ta-beje-asociacionin-sdo-te-kete-kompetenca-ekzekutive\/"]}]},{"@type":"BreadcrumbList","@id":"https:\/\/permbledhja.com\/kurti-le-te-kuptohet-se-kosova-do-ta-beje-asociacionin-sdo-te-kete-kompetenca-ekzekutive\/#breadcrumb","itemListElement":[{"@type":"ListItem","position":1,"name":"Ballina","item":"https:\/\/permbledhja.com\/sq\/"},{"@type":"ListItem","position":2,"name":"Kurti l\u00eb t\u00eb kuptohet se Kosova do ta b\u00ebj\u00eb Asociacionin: S\u2019do t\u00eb ket\u00eb kompetenca ekzekutive"}]},{"@type":"WebSite","@id":"https:\/\/permbledhja.com\/#website","url":"https:\/\/permbledhja.com\/","name":"Ve\u00e7 artikuj p\u00ebrmbledh\u00ebs","description":"","publisher":{"@id":"https:\/\/permbledhja.com\/#organization"},"potentialAction":[{"@type":"SearchAction","target":{"@type":"EntryPoint","urlTemplate":"https:\/\/permbledhja.com\/?s={search_term_string}"},"query-input":"required name=search_term_string"}],"inLanguage":"sq"},{"@type":"Organization","@id":"https:\/\/permbledhja.com\/#organization","name":"MK Media & Pr","url":"https:\/\/permbledhja.com\/","logo":{"@type":"ImageObject","inLanguage":"sq","@id":"https:\/\/permbledhja.com\/#\/schema\/logo\/image\/","url":"https:\/\/permbledhja.com\/wp-content\/uploads\/2021\/12\/07-Press-Logo.jpg","contentUrl":"https:\/\/permbledhja.com\/wp-content\/uploads\/2021\/12\/07-Press-Logo.jpg","width":512,"height":512,"caption":"MK Media & Pr"},"image":{"@id":"https:\/\/permbledhja.com\/#\/schema\/logo\/image\/"},"sameAs":["https:\/\/www.facebook.com\/press07\/"]},{"@type":"Person","@id":"https:\/\/permbledhja.com\/#\/schema\/person\/0d064377258d3221e50693947b9eb4fe","name":"P\u00ebrmbledhja","image":{"@type":"ImageObject","inLanguage":"sq","@id":"https:\/\/permbledhja.com\/#\/schema\/person\/image\/","url":"https:\/\/permbledhja.com\/wp-content\/uploads\/2026\/01\/452004717_1040944174702970_8932037511805513407_n-96x96.jpg","contentUrl":"https:\/\/permbledhja.com\/wp-content\/uploads\/2026\/01\/452004717_1040944174702970_8932037511805513407_n-96x96.jpg","caption":"P\u00ebrmbledhja"},"sameAs":["https:\/\/www.facebook.com\/kafexhiu.muharrem\/","https:\/\/www.instagram.com\/muharrem_kafexhiu\/"],"url":"https:\/\/permbledhja.com\/sq\/author\/admin\/"}]}},"_links":{"self":[{"href":"https:\/\/permbledhja.com\/sq\/wp-json\/wp\/v2\/posts\/12755"}],"collection":[{"href":"https:\/\/permbledhja.com\/sq\/wp-json\/wp\/v2\/posts"}],"about":[{"href":"https:\/\/permbledhja.com\/sq\/wp-json\/wp\/v2\/types\/post"}],"author":[{"embeddable":true,"href":"https:\/\/permbledhja.com\/sq\/wp-json\/wp\/v2\/users\/1"}],"replies":[{"embeddable":true,"href":"https:\/\/permbledhja.com\/sq\/wp-json\/wp\/v2\/comments?post=12755"}],"version-history":[{"count":1,"href":"https:\/\/permbledhja.com\/sq\/wp-json\/wp\/v2\/posts\/12755\/revisions"}],"predecessor-version":[{"id":12756,"href":"https:\/\/permbledhja.com\/sq\/wp-json\/wp\/v2\/posts\/12755\/revisions\/12756"}],"wp:featuredmedia":[{"embeddable":true,"href":"https:\/\/permbledhja.com\/sq\/wp-json\/wp\/v2\/media\/8586"}],"wp:attachment":[{"href":"https:\/\/permbledhja.com\/sq\/wp-json\/wp\/v2\/media?parent=12755"}],"wp:term":[{"taxonomy":"category","embeddable":true,"href":"https:\/\/permbledhja.com\/sq\/wp-json\/wp\/v2\/categories?post=12755"},{"taxonomy":"post_tag","embeddable":true,"href":"https:\/\/permbledhja.com\/sq\/wp-json\/wp\/v2\/tags?post=12755"}],"curies":[{"name":"wp","href":"https:\/\/api.w.org\/{rel}","templated":true}]}}