{"id":1270,"date":"2022-07-04T19:12:21","date_gmt":"2022-07-04T19:12:21","guid":{"rendered":"https:\/\/permbledhja.com\/?p=1270"},"modified":"2022-07-04T19:12:21","modified_gmt":"2022-07-04T19:12:21","slug":"opinionistja-avdiu-flet-per-rastin-ne-skenderaj-kritikon-edhe-disa-police","status":"publish","type":"post","link":"https:\/\/permbledhja.com\/sq\/opinionistja-avdiu-flet-per-rastin-ne-skenderaj-kritikon-edhe-disa-police\/","title":{"rendered":"Opinionistja Avdiu flet p\u00ebr rastin n\u00eb Sk\u00ebnderaj, kritikon edhe disa polic\u00eb"},"content":{"rendered":"<p><strong>Opinionistja Zana Avdiu teksa flite p\u00ebr rastin n\u00eb Sk\u00ebnderaj, p\u00ebrkund\u00ebr rezervave p\u00ebr shkak t\u00eb munges\u00ebs s\u00eb informacionit, foli p\u00ebr policin\u00eb dhe sulmet ndaj k\u00ebtij institucioni.<\/strong><\/p>\n<p>Megjithat\u00eb, ajo shtoi se ka edhe polic\u00eb q\u00eb nuk e kryejn\u00eb detyr\u00ebn me rregull.<\/p>\n<p>https:\/\/permbledhja.com\/super-lajm-qeveria-ndan-5-milione-euro-per-femijet-e-ketyre-moshave\/<\/p>\n<p>Madje, ajo ndau me shikuesit nj\u00eb rast nga p\u00ebrvoja personale.<\/p>\n<p>&#8220;Teksa fliste me mua, nj\u00eb shofer e pyeti a mund t\u00eb ndalem k\u00ebtu: Po po ndalu, i tha polici dhe nuk u mor me t\u00eb, vazhdoi t\u00eb bisedonte me mua&#8221;, tha Avdiu n\u00eb Pressing.<\/p>\n<p>https:\/\/permbledhja.com\/merret-vendimi-per-nuredin-lushtakun\/<\/p>\n","protected":false},"excerpt":{"rendered":"<p>Opinionistja Zana Avdiu teksa flite p\u00ebr rastin n\u00eb Sk\u00ebnderaj, p\u00ebrkund\u00ebr rezervave p\u00ebr shkak t\u00eb munges\u00ebs s\u00eb informacionit, foli p\u00ebr policin\u00eb dhe sulmet ndaj k\u00ebtij institucioni. Megjithat\u00eb, ajo shtoi se ka edhe polic\u00eb q\u00eb nuk e kryejn\u00eb detyr\u00ebn me rregull. https:\/\/permbledhja.com\/super-lajm-qeveria-ndan-5-milione-euro-per-femijet-e-ketyre-moshave\/ Madje, ajo ndau me shikuesit nj\u00eb rast nga p\u00ebrvoja personale. &#8220;Teksa fliste me mua, nj\u00eb [&hellip;]<\/p>\n","protected":false},"author":1,"featured_media":1271,"comment_status":"closed","ping_status":"closed","sticky":false,"template":"","format":"standard","meta":{"_monsterinsights_skip_tracking":false,"_monsterinsights_sitenote_active":false,"_monsterinsights_sitenote_note":"","_monsterinsights_sitenote_category":0,"_uf_show_specific_survey":0,"_uf_disable_surveys":false,"footnotes":""},"categories":[23,15],"tags":[50],"yoast_head":"<!-- This site is optimized with the Yoast SEO plugin v21.5 - https:\/\/yoast.com\/wordpress\/plugins\/seo\/ -->\n<title>Opinionistja Avdiu flet p\u00ebr rastin n\u00eb Sk\u00ebnderaj, kritikon edhe disa polic\u00eb<\/title>\n<meta name=\"robots\" content=\"index, follow, max-snippet:-1, max-image-preview:large, max-video-preview:-1\" \/>\n<link rel=\"canonical\" href=\"https:\/\/permbledhja.com\/sq\/opinionistja-avdiu-flet-per-rastin-ne-skenderaj-kritikon-edhe-disa-police\/\" \/>\n<meta property=\"og:locale\" content=\"sq_AL\" \/>\n<meta property=\"og:type\" content=\"article\" \/>\n<meta property=\"og:title\" content=\"Opinionistja Avdiu flet p\u00ebr rastin n\u00eb Sk\u00ebnderaj, kritikon edhe disa polic\u00eb\" \/>\n<meta property=\"og:description\" content=\"Opinionistja Zana Avdiu teksa flite p\u00ebr rastin n\u00eb Sk\u00ebnderaj, p\u00ebrkund\u00ebr rezervave p\u00ebr shkak t\u00eb munges\u00ebs s\u00eb informacionit, foli p\u00ebr policin\u00eb dhe sulmet ndaj k\u00ebtij institucioni. Megjithat\u00eb, ajo shtoi se ka edhe polic\u00eb q\u00eb nuk e kryejn\u00eb detyr\u00ebn me rregull. https:\/\/permbledhja.com\/super-lajm-qeveria-ndan-5-milione-euro-per-femijet-e-ketyre-moshave\/ Madje, ajo ndau me shikuesit nj\u00eb rast nga p\u00ebrvoja personale. &#8220;Teksa fliste me mua, nj\u00eb [&hellip;]\" \/>\n<meta property=\"og:url\" content=\"https:\/\/permbledhja.com\/sq\/opinionistja-avdiu-flet-per-rastin-ne-skenderaj-kritikon-edhe-disa-police\/\" \/>\n<meta property=\"og:site_name\" content=\"Ve\u00e7 artikuj p\u00ebrmbledh\u00ebs\" \/>\n<meta property=\"article:publisher\" content=\"https:\/\/www.facebook.com\/press07\/\" \/>\n<meta property=\"article:author\" content=\"https:\/\/www.facebook.com\/kafexhiu.muharrem\/\" \/>\n<meta property=\"article:published_time\" content=\"2022-07-04T19:12:21+00:00\" \/>\n<meta property=\"og:image\" content=\"https:\/\/permbledhja.com\/wp-content\/uploads\/2022\/07\/Zana-Avdiu.png\" \/>\n\t<meta property=\"og:image:width\" content=\"807\" \/>\n\t<meta property=\"og:image:height\" content=\"503\" \/>\n\t<meta property=\"og:image:type\" content=\"image\/png\" \/>\n<meta name=\"author\" content=\"P\u00ebrmbledhja\" \/>\n<meta name=\"twitter:card\" content=\"summary_large_image\" \/>\n<meta name=\"twitter:label1\" content=\"Written by\" \/>\n\t<meta name=\"twitter:data1\" content=\"P\u00ebrmbledhja\" \/>\n\t<meta name=\"twitter:label2\" content=\"Est. reading time\" \/>\n\t<meta name=\"twitter:data2\" content=\"1 minut\u00eb\" \/>\n<script type=\"application\/ld+json\" class=\"yoast-schema-graph\">{\"@context\":\"https:\/\/schema.org\",\"@graph\":[{\"@type\":\"Article\",\"@id\":\"https:\/\/permbledhja.com\/opinionistja-avdiu-flet-per-rastin-ne-skenderaj-kritikon-edhe-disa-police\/#article\",\"isPartOf\":{\"@id\":\"https:\/\/permbledhja.com\/opinionistja-avdiu-flet-per-rastin-ne-skenderaj-kritikon-edhe-disa-police\/\"},\"author\":{\"name\":\"P\u00ebrmbledhja\",\"@id\":\"https:\/\/permbledhja.com\/#\/schema\/person\/0d064377258d3221e50693947b9eb4fe\"},\"headline\":\"Opinionistja Avdiu flet p\u00ebr rastin n\u00eb Sk\u00ebnderaj, kritikon edhe disa polic\u00eb\",\"datePublished\":\"2022-07-04T19:12:21+00:00\",\"dateModified\":\"2022-07-04T19:12:21+00:00\",\"mainEntityOfPage\":{\"@id\":\"https:\/\/permbledhja.com\/opinionistja-avdiu-flet-per-rastin-ne-skenderaj-kritikon-edhe-disa-police\/\"},\"wordCount\":116,\"publisher\":{\"@id\":\"https:\/\/permbledhja.com\/#organization\"},\"keywords\":[\"Policia\"],\"articleSection\":[\"Komb\u00ebtare\",\"Lajme\"],\"inLanguage\":\"sq\"},{\"@type\":\"WebPage\",\"@id\":\"https:\/\/permbledhja.com\/opinionistja-avdiu-flet-per-rastin-ne-skenderaj-kritikon-edhe-disa-police\/\",\"url\":\"https:\/\/permbledhja.com\/opinionistja-avdiu-flet-per-rastin-ne-skenderaj-kritikon-edhe-disa-police\/\",\"name\":\"Opinionistja Avdiu flet p\u00ebr rastin n\u00eb Sk\u00ebnderaj, kritikon edhe disa polic\u00eb\",\"isPartOf\":{\"@id\":\"https:\/\/permbledhja.com\/#website\"},\"datePublished\":\"2022-07-04T19:12:21+00:00\",\"dateModified\":\"2022-07-04T19:12:21+00:00\",\"breadcrumb\":{\"@id\":\"https:\/\/permbledhja.com\/opinionistja-avdiu-flet-per-rastin-ne-skenderaj-kritikon-edhe-disa-police\/#breadcrumb\"},\"inLanguage\":\"sq\",\"potentialAction\":[{\"@type\":\"ReadAction\",\"target\":[\"https:\/\/permbledhja.com\/opinionistja-avdiu-flet-per-rastin-ne-skenderaj-kritikon-edhe-disa-police\/\"]}]},{\"@type\":\"BreadcrumbList\",\"@id\":\"https:\/\/permbledhja.com\/opinionistja-avdiu-flet-per-rastin-ne-skenderaj-kritikon-edhe-disa-police\/#breadcrumb\",\"itemListElement\":[{\"@type\":\"ListItem\",\"position\":1,\"name\":\"Ballina\",\"item\":\"https:\/\/permbledhja.com\/sq\/\"},{\"@type\":\"ListItem\",\"position\":2,\"name\":\"Opinionistja Avdiu flet p\u00ebr rastin n\u00eb Sk\u00ebnderaj, kritikon edhe disa polic\u00eb\"}]},{\"@type\":\"WebSite\",\"@id\":\"https:\/\/permbledhja.com\/#website\",\"url\":\"https:\/\/permbledhja.com\/\",\"name\":\"Ve\u00e7 artikuj p\u00ebrmbledh\u00ebs\",\"description\":\"\",\"publisher\":{\"@id\":\"https:\/\/permbledhja.com\/#organization\"},\"potentialAction\":[{\"@type\":\"SearchAction\",\"target\":{\"@type\":\"EntryPoint\",\"urlTemplate\":\"https:\/\/permbledhja.com\/?s={search_term_string}\"},\"query-input\":\"required name=search_term_string\"}],\"inLanguage\":\"sq\"},{\"@type\":\"Organization\",\"@id\":\"https:\/\/permbledhja.com\/#organization\",\"name\":\"MK Media & Pr\",\"url\":\"https:\/\/permbledhja.com\/\",\"logo\":{\"@type\":\"ImageObject\",\"inLanguage\":\"sq\",\"@id\":\"https:\/\/permbledhja.com\/#\/schema\/logo\/image\/\",\"url\":\"https:\/\/permbledhja.com\/wp-content\/uploads\/2021\/12\/07-Press-Logo.jpg\",\"contentUrl\":\"https:\/\/permbledhja.com\/wp-content\/uploads\/2021\/12\/07-Press-Logo.jpg\",\"width\":512,\"height\":512,\"caption\":\"MK Media & Pr\"},\"image\":{\"@id\":\"https:\/\/permbledhja.com\/#\/schema\/logo\/image\/\"},\"sameAs\":[\"https:\/\/www.facebook.com\/press07\/\"]},{\"@type\":\"Person\",\"@id\":\"https:\/\/permbledhja.com\/#\/schema\/person\/0d064377258d3221e50693947b9eb4fe\",\"name\":\"P\u00ebrmbledhja\",\"image\":{\"@type\":\"ImageObject\",\"inLanguage\":\"sq\",\"@id\":\"https:\/\/permbledhja.com\/#\/schema\/person\/image\/\",\"url\":\"https:\/\/permbledhja.com\/wp-content\/uploads\/2026\/01\/452004717_1040944174702970_8932037511805513407_n-96x96.jpg\",\"contentUrl\":\"https:\/\/permbledhja.com\/wp-content\/uploads\/2026\/01\/452004717_1040944174702970_8932037511805513407_n-96x96.jpg\",\"caption\":\"P\u00ebrmbledhja\"},\"sameAs\":[\"https:\/\/www.facebook.com\/kafexhiu.muharrem\/\",\"https:\/\/www.instagram.com\/muharrem_kafexhiu\/\"],\"url\":\"https:\/\/permbledhja.com\/sq\/author\/admin\/\"}]}<\/script>\n<!-- \/ Yoast SEO plugin. -->","yoast_head_json":{"title":"Opinionistja Avdiu flet p\u00ebr rastin n\u00eb Sk\u00ebnderaj, kritikon edhe disa polic\u00eb","robots":{"index":"index","follow":"follow","max-snippet":"max-snippet:-1","max-image-preview":"max-image-preview:large","max-video-preview":"max-video-preview:-1"},"canonical":"https:\/\/permbledhja.com\/sq\/opinionistja-avdiu-flet-per-rastin-ne-skenderaj-kritikon-edhe-disa-police\/","og_locale":"sq_AL","og_type":"article","og_title":"Opinionistja Avdiu flet p\u00ebr rastin n\u00eb Sk\u00ebnderaj, kritikon edhe disa polic\u00eb","og_description":"Opinionistja Zana Avdiu teksa flite p\u00ebr rastin n\u00eb Sk\u00ebnderaj, p\u00ebrkund\u00ebr rezervave p\u00ebr shkak t\u00eb munges\u00ebs s\u00eb informacionit, foli p\u00ebr policin\u00eb dhe sulmet ndaj k\u00ebtij institucioni. Megjithat\u00eb, ajo shtoi se ka edhe polic\u00eb q\u00eb nuk e kryejn\u00eb detyr\u00ebn me rregull. https:\/\/permbledhja.com\/super-lajm-qeveria-ndan-5-milione-euro-per-femijet-e-ketyre-moshave\/ Madje, ajo ndau me shikuesit nj\u00eb rast nga p\u00ebrvoja personale. &#8220;Teksa fliste me mua, nj\u00eb [&hellip;]","og_url":"https:\/\/permbledhja.com\/sq\/opinionistja-avdiu-flet-per-rastin-ne-skenderaj-kritikon-edhe-disa-police\/","og_site_name":"Ve\u00e7 artikuj p\u00ebrmbledh\u00ebs","article_publisher":"https:\/\/www.facebook.com\/press07\/","article_author":"https:\/\/www.facebook.com\/kafexhiu.muharrem\/","article_published_time":"2022-07-04T19:12:21+00:00","og_image":[{"width":807,"height":503,"url":"https:\/\/permbledhja.com\/wp-content\/uploads\/2022\/07\/Zana-Avdiu.png","type":"image\/png"}],"author":"P\u00ebrmbledhja","twitter_card":"summary_large_image","twitter_misc":{"Written by":"P\u00ebrmbledhja","Est. reading time":"1 minut\u00eb"},"schema":{"@context":"https:\/\/schema.org","@graph":[{"@type":"Article","@id":"https:\/\/permbledhja.com\/opinionistja-avdiu-flet-per-rastin-ne-skenderaj-kritikon-edhe-disa-police\/#article","isPartOf":{"@id":"https:\/\/permbledhja.com\/opinionistja-avdiu-flet-per-rastin-ne-skenderaj-kritikon-edhe-disa-police\/"},"author":{"name":"P\u00ebrmbledhja","@id":"https:\/\/permbledhja.com\/#\/schema\/person\/0d064377258d3221e50693947b9eb4fe"},"headline":"Opinionistja Avdiu flet p\u00ebr rastin n\u00eb Sk\u00ebnderaj, kritikon edhe disa polic\u00eb","datePublished":"2022-07-04T19:12:21+00:00","dateModified":"2022-07-04T19:12:21+00:00","mainEntityOfPage":{"@id":"https:\/\/permbledhja.com\/opinionistja-avdiu-flet-per-rastin-ne-skenderaj-kritikon-edhe-disa-police\/"},"wordCount":116,"publisher":{"@id":"https:\/\/permbledhja.com\/#organization"},"keywords":["Policia"],"articleSection":["Komb\u00ebtare","Lajme"],"inLanguage":"sq"},{"@type":"WebPage","@id":"https:\/\/permbledhja.com\/opinionistja-avdiu-flet-per-rastin-ne-skenderaj-kritikon-edhe-disa-police\/","url":"https:\/\/permbledhja.com\/opinionistja-avdiu-flet-per-rastin-ne-skenderaj-kritikon-edhe-disa-police\/","name":"Opinionistja Avdiu flet p\u00ebr rastin n\u00eb Sk\u00ebnderaj, kritikon edhe disa polic\u00eb","isPartOf":{"@id":"https:\/\/permbledhja.com\/#website"},"datePublished":"2022-07-04T19:12:21+00:00","dateModified":"2022-07-04T19:12:21+00:00","breadcrumb":{"@id":"https:\/\/permbledhja.com\/opinionistja-avdiu-flet-per-rastin-ne-skenderaj-kritikon-edhe-disa-police\/#breadcrumb"},"inLanguage":"sq","potentialAction":[{"@type":"ReadAction","target":["https:\/\/permbledhja.com\/opinionistja-avdiu-flet-per-rastin-ne-skenderaj-kritikon-edhe-disa-police\/"]}]},{"@type":"BreadcrumbList","@id":"https:\/\/permbledhja.com\/opinionistja-avdiu-flet-per-rastin-ne-skenderaj-kritikon-edhe-disa-police\/#breadcrumb","itemListElement":[{"@type":"ListItem","position":1,"name":"Ballina","item":"https:\/\/permbledhja.com\/sq\/"},{"@type":"ListItem","position":2,"name":"Opinionistja Avdiu flet p\u00ebr rastin n\u00eb Sk\u00ebnderaj, kritikon edhe disa polic\u00eb"}]},{"@type":"WebSite","@id":"https:\/\/permbledhja.com\/#website","url":"https:\/\/permbledhja.com\/","name":"Ve\u00e7 artikuj p\u00ebrmbledh\u00ebs","description":"","publisher":{"@id":"https:\/\/permbledhja.com\/#organization"},"potentialAction":[{"@type":"SearchAction","target":{"@type":"EntryPoint","urlTemplate":"https:\/\/permbledhja.com\/?s={search_term_string}"},"query-input":"required name=search_term_string"}],"inLanguage":"sq"},{"@type":"Organization","@id":"https:\/\/permbledhja.com\/#organization","name":"MK Media & Pr","url":"https:\/\/permbledhja.com\/","logo":{"@type":"ImageObject","inLanguage":"sq","@id":"https:\/\/permbledhja.com\/#\/schema\/logo\/image\/","url":"https:\/\/permbledhja.com\/wp-content\/uploads\/2021\/12\/07-Press-Logo.jpg","contentUrl":"https:\/\/permbledhja.com\/wp-content\/uploads\/2021\/12\/07-Press-Logo.jpg","width":512,"height":512,"caption":"MK Media & Pr"},"image":{"@id":"https:\/\/permbledhja.com\/#\/schema\/logo\/image\/"},"sameAs":["https:\/\/www.facebook.com\/press07\/"]},{"@type":"Person","@id":"https:\/\/permbledhja.com\/#\/schema\/person\/0d064377258d3221e50693947b9eb4fe","name":"P\u00ebrmbledhja","image":{"@type":"ImageObject","inLanguage":"sq","@id":"https:\/\/permbledhja.com\/#\/schema\/person\/image\/","url":"https:\/\/permbledhja.com\/wp-content\/uploads\/2026\/01\/452004717_1040944174702970_8932037511805513407_n-96x96.jpg","contentUrl":"https:\/\/permbledhja.com\/wp-content\/uploads\/2026\/01\/452004717_1040944174702970_8932037511805513407_n-96x96.jpg","caption":"P\u00ebrmbledhja"},"sameAs":["https:\/\/www.facebook.com\/kafexhiu.muharrem\/","https:\/\/www.instagram.com\/muharrem_kafexhiu\/"],"url":"https:\/\/permbledhja.com\/sq\/author\/admin\/"}]}},"_links":{"self":[{"href":"https:\/\/permbledhja.com\/sq\/wp-json\/wp\/v2\/posts\/1270"}],"collection":[{"href":"https:\/\/permbledhja.com\/sq\/wp-json\/wp\/v2\/posts"}],"about":[{"href":"https:\/\/permbledhja.com\/sq\/wp-json\/wp\/v2\/types\/post"}],"author":[{"embeddable":true,"href":"https:\/\/permbledhja.com\/sq\/wp-json\/wp\/v2\/users\/1"}],"replies":[{"embeddable":true,"href":"https:\/\/permbledhja.com\/sq\/wp-json\/wp\/v2\/comments?post=1270"}],"version-history":[{"count":1,"href":"https:\/\/permbledhja.com\/sq\/wp-json\/wp\/v2\/posts\/1270\/revisions"}],"predecessor-version":[{"id":1272,"href":"https:\/\/permbledhja.com\/sq\/wp-json\/wp\/v2\/posts\/1270\/revisions\/1272"}],"wp:featuredmedia":[{"embeddable":true,"href":"https:\/\/permbledhja.com\/sq\/wp-json\/wp\/v2\/media\/1271"}],"wp:attachment":[{"href":"https:\/\/permbledhja.com\/sq\/wp-json\/wp\/v2\/media?parent=1270"}],"wp:term":[{"taxonomy":"category","embeddable":true,"href":"https:\/\/permbledhja.com\/sq\/wp-json\/wp\/v2\/categories?post=1270"},{"taxonomy":"post_tag","embeddable":true,"href":"https:\/\/permbledhja.com\/sq\/wp-json\/wp\/v2\/tags?post=1270"}],"curies":[{"name":"wp","href":"https:\/\/api.w.org\/{rel}","templated":true}]}}