{"id":12525,"date":"2023-03-16T16:36:40","date_gmt":"2023-03-16T16:36:40","guid":{"rendered":"https:\/\/permbledhja.com\/?p=12525"},"modified":"2023-03-16T16:40:45","modified_gmt":"2023-03-16T16:40:45","slug":"12525-2","status":"publish","type":"post","link":"https:\/\/permbledhja.com\/sq\/12525-2\/","title":{"rendered":"Escobar fton n\u00eb dark\u00eb lider\u00ebt opozitar\u00eb, rritet presioni para takimit n\u00eb Oh\u00ebr"},"content":{"rendered":"<p><strong>I d\u00ebrguari i Shteteve t\u00eb Bashkuara t\u00eb Amerik\u00ebs p\u00ebr Ballkanin Per\u00ebndimor, Gabriel Escobar do t\u00eb zhvilloj\u00eb takim me p\u00ebrfaq\u00ebsuesit e opozit\u00ebs n\u00eb rezidenc\u00ebn e ambasadorit t\u00eb SHBA-s\u00eb n\u00eb Prishtin\u00eb, Jeffrey Hovienier, shkruan <a href=\"https:\/\/sinjali.com\/escobar-i-fton-ne-darke-a-do-ti-bind-opozitaret-per-asociacionin\/\">Gazeta Sinjali\/<\/a><\/strong><\/p>\n<p>Escobari do t\u00eb shtroj\u00eb dark\u00eb p\u00ebr p\u00ebrfaq\u00ebsuesit e opozit\u00ebs, Memli Krasniqit t\u00eb PDK-s\u00eb, Lumir Abdixhikut t\u00eb LDK-s\u00eb dhe Ramush Haradinaj i AAK-s\u00eb.<\/p>\n<p>Derisa dy t\u00eb par\u00ebt kan\u00eb konfirmuar pjes\u00ebmarrjen e tyre, Haradinaj nuk do t\u00eb jet\u00eb i pranish\u00ebm pasi gjendet n\u00eb Gjermani.<\/p>\n<p>Z\u00ebdh\u00ebn\u00ebsi i AAK-s\u00eb, Kushtrim Xhemaili e konfirmoi p\u00ebr Sinjalin se n\u00eb dark\u00eb do t\u00eb shkoj n\u00ebnkryetari i k\u00ebsaj partie, Ardian Gjini.<\/p>\n<p>Partia Demokratike e Kosov\u00ebs dhe Lidhja Demokratike e Kosov\u00ebs jan\u00eb deklaruar kund\u00ebr formimit t\u00eb Asociacionit, madje kan\u00eb shprehur dyshimet e tyre rreth planit t\u00eb Bashkimit Evropian.<\/p>\n<div class=\"adds__image mt-3 mb-3\">\n<div class=\"post-content single-post-content\">\n<p>Pas shqet\u00ebsimeve t\u00eb nd\u00ebrkomb\u00ebtar\u00ebve ndaj q\u00ebndrimeve t\u00eb tyre, p\u00ebrfaq\u00ebsuesit e k\u00ebtyre partive kan\u00eb treguar se p\u00ebr cilat pika t\u00eb dokumentit kan\u00eb mospajtime dhe rezerva.<\/p>\n<p>Nd\u00ebrsa, Haradinaj i AAK-s\u00eb \u00ebsht\u00eb shprehur se dokumenti paraqet interes nacional t\u00eb Kosov\u00ebs dhe si i till\u00eb duhet t\u00eb p\u00ebrkrahet.<\/p>\n<p>Ndryshe, Escobar pritet q\u00eb nes\u00ebr t\u00eb takohet me kryeministrin, Albin Kurti.<\/p>\n<p>Vlen t\u00eb theksohet se i d\u00ebrguari i Shteteve t\u00eb Bashkuara t\u00eb Amerik\u00ebs p\u00ebr Ballkanin Per\u00ebndimor dje ishte n\u00eb Beograd. Ai u takua me presidentin Aleksandar Vu\u00e7iq dhe p\u00ebrfaq\u00ebsuesit e opozit\u00ebs pro-evropiane.<\/p>\n<p>K\u00ebto takimet vijn\u00eb dy dit\u00eb para takimit t\u00eb nivelit t\u00eb lart\u00eb mes Kosov\u00ebs dhe Serbis\u00eb. Kryeministri kosovar, Albin Kurti dhe presidenti serb, Vu\u00e7iq do t\u00eb takohen t\u00eb shtun\u00ebn n\u00eb Oh\u00ebr t\u00eb Maqedonis\u00eb s\u00eb Veriut. \/<strong>GazetaSinjali<\/strong><\/p>\n<\/div>\n<\/div>\n","protected":false},"excerpt":{"rendered":"<p>I d\u00ebrguari i Shteteve t\u00eb Bashkuara t\u00eb Amerik\u00ebs p\u00ebr Ballkanin Per\u00ebndimor, Gabriel Escobar do t\u00eb zhvilloj\u00eb takim me p\u00ebrfaq\u00ebsuesit e opozit\u00ebs n\u00eb rezidenc\u00ebn e ambasadorit t\u00eb SHBA-s\u00eb n\u00eb Prishtin\u00eb, Jeffrey Hovienier, shkruan Gazeta Sinjali\/ Escobari do t\u00eb shtroj\u00eb dark\u00eb p\u00ebr p\u00ebrfaq\u00ebsuesit e opozit\u00ebs, Memli Krasniqit t\u00eb PDK-s\u00eb, Lumir Abdixhikut t\u00eb LDK-s\u00eb dhe Ramush Haradinaj i [&hellip;]<\/p>\n","protected":false},"author":1,"featured_media":10278,"comment_status":"closed","ping_status":"closed","sticky":false,"template":"","format":"standard","meta":{"_monsterinsights_skip_tracking":false,"_monsterinsights_sitenote_active":false,"_monsterinsights_sitenote_note":"","_monsterinsights_sitenote_category":0,"_uf_show_specific_survey":0,"_uf_disable_surveys":false,"footnotes":""},"categories":[23],"tags":[1362],"yoast_head":"<!-- This site is optimized with the Yoast SEO plugin v21.5 - https:\/\/yoast.com\/wordpress\/plugins\/seo\/ -->\n<title>Escobar fton n\u00eb dark\u00eb lider\u00ebt opozitar\u00eb, rritet presioni para takimit n\u00eb Oh\u00ebr<\/title>\n<meta name=\"robots\" content=\"index, follow, max-snippet:-1, max-image-preview:large, max-video-preview:-1\" \/>\n<link rel=\"canonical\" href=\"https:\/\/permbledhja.com\/sq\/12525-2\/\" \/>\n<meta property=\"og:locale\" content=\"sq_AL\" \/>\n<meta property=\"og:type\" content=\"article\" \/>\n<meta property=\"og:title\" content=\"Escobar fton n\u00eb dark\u00eb lider\u00ebt opozitar\u00eb, rritet presioni para takimit n\u00eb Oh\u00ebr\" \/>\n<meta property=\"og:description\" content=\"I d\u00ebrguari i Shteteve t\u00eb Bashkuara t\u00eb Amerik\u00ebs p\u00ebr Ballkanin Per\u00ebndimor, Gabriel Escobar do t\u00eb zhvilloj\u00eb takim me p\u00ebrfaq\u00ebsuesit e opozit\u00ebs n\u00eb rezidenc\u00ebn e ambasadorit t\u00eb SHBA-s\u00eb n\u00eb Prishtin\u00eb, Jeffrey Hovienier, shkruan Gazeta Sinjali\/ Escobari do t\u00eb shtroj\u00eb dark\u00eb p\u00ebr p\u00ebrfaq\u00ebsuesit e opozit\u00ebs, Memli Krasniqit t\u00eb PDK-s\u00eb, Lumir Abdixhikut t\u00eb LDK-s\u00eb dhe Ramush Haradinaj i [&hellip;]\" \/>\n<meta property=\"og:url\" content=\"https:\/\/permbledhja.com\/sq\/12525-2\/\" \/>\n<meta property=\"og:site_name\" content=\"Ve\u00e7 artikuj p\u00ebrmbledh\u00ebs\" \/>\n<meta property=\"article:publisher\" content=\"https:\/\/www.facebook.com\/press07\/\" \/>\n<meta property=\"article:author\" content=\"https:\/\/www.facebook.com\/kafexhiu.muharrem\/\" \/>\n<meta property=\"article:published_time\" content=\"2023-03-16T16:36:40+00:00\" \/>\n<meta property=\"article:modified_time\" content=\"2023-03-16T16:40:45+00:00\" \/>\n<meta property=\"og:image\" content=\"https:\/\/permbledhja.com\/wp-content\/uploads\/2022\/11\/Gabriel-Escobar-foto-ZKM-600x360-1.jpg\" \/>\n\t<meta property=\"og:image:width\" content=\"600\" \/>\n\t<meta property=\"og:image:height\" content=\"360\" \/>\n\t<meta property=\"og:image:type\" content=\"image\/jpeg\" \/>\n<meta name=\"author\" content=\"P\u00ebrmbledhja\" \/>\n<meta name=\"twitter:card\" content=\"summary_large_image\" \/>\n<meta name=\"twitter:label1\" content=\"Written by\" \/>\n\t<meta name=\"twitter:data1\" content=\"P\u00ebrmbledhja\" \/>\n\t<meta name=\"twitter:label2\" content=\"Est. reading time\" \/>\n\t<meta name=\"twitter:data2\" content=\"1 minut\u00eb\" \/>\n<script type=\"application\/ld+json\" class=\"yoast-schema-graph\">{\"@context\":\"https:\/\/schema.org\",\"@graph\":[{\"@type\":\"Article\",\"@id\":\"https:\/\/permbledhja.com\/sq\/12525-2\/#article\",\"isPartOf\":{\"@id\":\"https:\/\/permbledhja.com\/sq\/12525-2\/\"},\"author\":{\"name\":\"P\u00ebrmbledhja\",\"@id\":\"https:\/\/permbledhja.com\/#\/schema\/person\/0d064377258d3221e50693947b9eb4fe\"},\"headline\":\"Escobar fton n\u00eb dark\u00eb lider\u00ebt opozitar\u00eb, rritet presioni para takimit n\u00eb Oh\u00ebr\",\"datePublished\":\"2023-03-16T16:36:40+00:00\",\"dateModified\":\"2023-03-16T16:40:45+00:00\",\"mainEntityOfPage\":{\"@id\":\"https:\/\/permbledhja.com\/sq\/12525-2\/\"},\"wordCount\":308,\"publisher\":{\"@id\":\"https:\/\/permbledhja.com\/#organization\"},\"keywords\":[\"Gabriel Escobar\"],\"articleSection\":[\"Komb\u00ebtare\"],\"inLanguage\":\"sq\"},{\"@type\":\"WebPage\",\"@id\":\"https:\/\/permbledhja.com\/sq\/12525-2\/\",\"url\":\"https:\/\/permbledhja.com\/sq\/12525-2\/\",\"name\":\"Escobar fton n\u00eb dark\u00eb lider\u00ebt opozitar\u00eb, rritet presioni para takimit n\u00eb Oh\u00ebr\",\"isPartOf\":{\"@id\":\"https:\/\/permbledhja.com\/#website\"},\"datePublished\":\"2023-03-16T16:36:40+00:00\",\"dateModified\":\"2023-03-16T16:40:45+00:00\",\"breadcrumb\":{\"@id\":\"https:\/\/permbledhja.com\/sq\/12525-2\/#breadcrumb\"},\"inLanguage\":\"sq\",\"potentialAction\":[{\"@type\":\"ReadAction\",\"target\":[\"https:\/\/permbledhja.com\/sq\/12525-2\/\"]}]},{\"@type\":\"BreadcrumbList\",\"@id\":\"https:\/\/permbledhja.com\/sq\/12525-2\/#breadcrumb\",\"itemListElement\":[{\"@type\":\"ListItem\",\"position\":1,\"name\":\"Ballina\",\"item\":\"https:\/\/permbledhja.com\/sq\/\"},{\"@type\":\"ListItem\",\"position\":2,\"name\":\"Escobar fton n\u00eb dark\u00eb lider\u00ebt opozitar\u00eb, rritet presioni para takimit n\u00eb Oh\u00ebr\"}]},{\"@type\":\"WebSite\",\"@id\":\"https:\/\/permbledhja.com\/#website\",\"url\":\"https:\/\/permbledhja.com\/\",\"name\":\"Ve\u00e7 artikuj p\u00ebrmbledh\u00ebs\",\"description\":\"\",\"publisher\":{\"@id\":\"https:\/\/permbledhja.com\/#organization\"},\"potentialAction\":[{\"@type\":\"SearchAction\",\"target\":{\"@type\":\"EntryPoint\",\"urlTemplate\":\"https:\/\/permbledhja.com\/?s={search_term_string}\"},\"query-input\":\"required name=search_term_string\"}],\"inLanguage\":\"sq\"},{\"@type\":\"Organization\",\"@id\":\"https:\/\/permbledhja.com\/#organization\",\"name\":\"MK Media & Pr\",\"url\":\"https:\/\/permbledhja.com\/\",\"logo\":{\"@type\":\"ImageObject\",\"inLanguage\":\"sq\",\"@id\":\"https:\/\/permbledhja.com\/#\/schema\/logo\/image\/\",\"url\":\"https:\/\/permbledhja.com\/wp-content\/uploads\/2021\/12\/07-Press-Logo.jpg\",\"contentUrl\":\"https:\/\/permbledhja.com\/wp-content\/uploads\/2021\/12\/07-Press-Logo.jpg\",\"width\":512,\"height\":512,\"caption\":\"MK Media & Pr\"},\"image\":{\"@id\":\"https:\/\/permbledhja.com\/#\/schema\/logo\/image\/\"},\"sameAs\":[\"https:\/\/www.facebook.com\/press07\/\"]},{\"@type\":\"Person\",\"@id\":\"https:\/\/permbledhja.com\/#\/schema\/person\/0d064377258d3221e50693947b9eb4fe\",\"name\":\"P\u00ebrmbledhja\",\"image\":{\"@type\":\"ImageObject\",\"inLanguage\":\"sq\",\"@id\":\"https:\/\/permbledhja.com\/#\/schema\/person\/image\/\",\"url\":\"https:\/\/permbledhja.com\/wp-content\/uploads\/2026\/01\/452004717_1040944174702970_8932037511805513407_n-96x96.jpg\",\"contentUrl\":\"https:\/\/permbledhja.com\/wp-content\/uploads\/2026\/01\/452004717_1040944174702970_8932037511805513407_n-96x96.jpg\",\"caption\":\"P\u00ebrmbledhja\"},\"sameAs\":[\"https:\/\/www.facebook.com\/kafexhiu.muharrem\/\",\"https:\/\/www.instagram.com\/muharrem_kafexhiu\/\"],\"url\":\"https:\/\/permbledhja.com\/sq\/author\/admin\/\"}]}<\/script>\n<!-- \/ Yoast SEO plugin. -->","yoast_head_json":{"title":"Escobar fton n\u00eb dark\u00eb lider\u00ebt opozitar\u00eb, rritet presioni para takimit n\u00eb Oh\u00ebr","robots":{"index":"index","follow":"follow","max-snippet":"max-snippet:-1","max-image-preview":"max-image-preview:large","max-video-preview":"max-video-preview:-1"},"canonical":"https:\/\/permbledhja.com\/sq\/12525-2\/","og_locale":"sq_AL","og_type":"article","og_title":"Escobar fton n\u00eb dark\u00eb lider\u00ebt opozitar\u00eb, rritet presioni para takimit n\u00eb Oh\u00ebr","og_description":"I d\u00ebrguari i Shteteve t\u00eb Bashkuara t\u00eb Amerik\u00ebs p\u00ebr Ballkanin Per\u00ebndimor, Gabriel Escobar do t\u00eb zhvilloj\u00eb takim me p\u00ebrfaq\u00ebsuesit e opozit\u00ebs n\u00eb rezidenc\u00ebn e ambasadorit t\u00eb SHBA-s\u00eb n\u00eb Prishtin\u00eb, Jeffrey Hovienier, shkruan Gazeta Sinjali\/ Escobari do t\u00eb shtroj\u00eb dark\u00eb p\u00ebr p\u00ebrfaq\u00ebsuesit e opozit\u00ebs, Memli Krasniqit t\u00eb PDK-s\u00eb, Lumir Abdixhikut t\u00eb LDK-s\u00eb dhe Ramush Haradinaj i [&hellip;]","og_url":"https:\/\/permbledhja.com\/sq\/12525-2\/","og_site_name":"Ve\u00e7 artikuj p\u00ebrmbledh\u00ebs","article_publisher":"https:\/\/www.facebook.com\/press07\/","article_author":"https:\/\/www.facebook.com\/kafexhiu.muharrem\/","article_published_time":"2023-03-16T16:36:40+00:00","article_modified_time":"2023-03-16T16:40:45+00:00","og_image":[{"width":600,"height":360,"url":"https:\/\/permbledhja.com\/wp-content\/uploads\/2022\/11\/Gabriel-Escobar-foto-ZKM-600x360-1.jpg","type":"image\/jpeg"}],"author":"P\u00ebrmbledhja","twitter_card":"summary_large_image","twitter_misc":{"Written by":"P\u00ebrmbledhja","Est. reading time":"1 minut\u00eb"},"schema":{"@context":"https:\/\/schema.org","@graph":[{"@type":"Article","@id":"https:\/\/permbledhja.com\/sq\/12525-2\/#article","isPartOf":{"@id":"https:\/\/permbledhja.com\/sq\/12525-2\/"},"author":{"name":"P\u00ebrmbledhja","@id":"https:\/\/permbledhja.com\/#\/schema\/person\/0d064377258d3221e50693947b9eb4fe"},"headline":"Escobar fton n\u00eb dark\u00eb lider\u00ebt opozitar\u00eb, rritet presioni para takimit n\u00eb Oh\u00ebr","datePublished":"2023-03-16T16:36:40+00:00","dateModified":"2023-03-16T16:40:45+00:00","mainEntityOfPage":{"@id":"https:\/\/permbledhja.com\/sq\/12525-2\/"},"wordCount":308,"publisher":{"@id":"https:\/\/permbledhja.com\/#organization"},"keywords":["Gabriel Escobar"],"articleSection":["Komb\u00ebtare"],"inLanguage":"sq"},{"@type":"WebPage","@id":"https:\/\/permbledhja.com\/sq\/12525-2\/","url":"https:\/\/permbledhja.com\/sq\/12525-2\/","name":"Escobar fton n\u00eb dark\u00eb lider\u00ebt opozitar\u00eb, rritet presioni para takimit n\u00eb Oh\u00ebr","isPartOf":{"@id":"https:\/\/permbledhja.com\/#website"},"datePublished":"2023-03-16T16:36:40+00:00","dateModified":"2023-03-16T16:40:45+00:00","breadcrumb":{"@id":"https:\/\/permbledhja.com\/sq\/12525-2\/#breadcrumb"},"inLanguage":"sq","potentialAction":[{"@type":"ReadAction","target":["https:\/\/permbledhja.com\/sq\/12525-2\/"]}]},{"@type":"BreadcrumbList","@id":"https:\/\/permbledhja.com\/sq\/12525-2\/#breadcrumb","itemListElement":[{"@type":"ListItem","position":1,"name":"Ballina","item":"https:\/\/permbledhja.com\/sq\/"},{"@type":"ListItem","position":2,"name":"Escobar fton n\u00eb dark\u00eb lider\u00ebt opozitar\u00eb, rritet presioni para takimit n\u00eb Oh\u00ebr"}]},{"@type":"WebSite","@id":"https:\/\/permbledhja.com\/#website","url":"https:\/\/permbledhja.com\/","name":"Ve\u00e7 artikuj p\u00ebrmbledh\u00ebs","description":"","publisher":{"@id":"https:\/\/permbledhja.com\/#organization"},"potentialAction":[{"@type":"SearchAction","target":{"@type":"EntryPoint","urlTemplate":"https:\/\/permbledhja.com\/?s={search_term_string}"},"query-input":"required name=search_term_string"}],"inLanguage":"sq"},{"@type":"Organization","@id":"https:\/\/permbledhja.com\/#organization","name":"MK Media & Pr","url":"https:\/\/permbledhja.com\/","logo":{"@type":"ImageObject","inLanguage":"sq","@id":"https:\/\/permbledhja.com\/#\/schema\/logo\/image\/","url":"https:\/\/permbledhja.com\/wp-content\/uploads\/2021\/12\/07-Press-Logo.jpg","contentUrl":"https:\/\/permbledhja.com\/wp-content\/uploads\/2021\/12\/07-Press-Logo.jpg","width":512,"height":512,"caption":"MK Media & Pr"},"image":{"@id":"https:\/\/permbledhja.com\/#\/schema\/logo\/image\/"},"sameAs":["https:\/\/www.facebook.com\/press07\/"]},{"@type":"Person","@id":"https:\/\/permbledhja.com\/#\/schema\/person\/0d064377258d3221e50693947b9eb4fe","name":"P\u00ebrmbledhja","image":{"@type":"ImageObject","inLanguage":"sq","@id":"https:\/\/permbledhja.com\/#\/schema\/person\/image\/","url":"https:\/\/permbledhja.com\/wp-content\/uploads\/2026\/01\/452004717_1040944174702970_8932037511805513407_n-96x96.jpg","contentUrl":"https:\/\/permbledhja.com\/wp-content\/uploads\/2026\/01\/452004717_1040944174702970_8932037511805513407_n-96x96.jpg","caption":"P\u00ebrmbledhja"},"sameAs":["https:\/\/www.facebook.com\/kafexhiu.muharrem\/","https:\/\/www.instagram.com\/muharrem_kafexhiu\/"],"url":"https:\/\/permbledhja.com\/sq\/author\/admin\/"}]}},"_links":{"self":[{"href":"https:\/\/permbledhja.com\/sq\/wp-json\/wp\/v2\/posts\/12525"}],"collection":[{"href":"https:\/\/permbledhja.com\/sq\/wp-json\/wp\/v2\/posts"}],"about":[{"href":"https:\/\/permbledhja.com\/sq\/wp-json\/wp\/v2\/types\/post"}],"author":[{"embeddable":true,"href":"https:\/\/permbledhja.com\/sq\/wp-json\/wp\/v2\/users\/1"}],"replies":[{"embeddable":true,"href":"https:\/\/permbledhja.com\/sq\/wp-json\/wp\/v2\/comments?post=12525"}],"version-history":[{"count":4,"href":"https:\/\/permbledhja.com\/sq\/wp-json\/wp\/v2\/posts\/12525\/revisions"}],"predecessor-version":[{"id":12529,"href":"https:\/\/permbledhja.com\/sq\/wp-json\/wp\/v2\/posts\/12525\/revisions\/12529"}],"wp:featuredmedia":[{"embeddable":true,"href":"https:\/\/permbledhja.com\/sq\/wp-json\/wp\/v2\/media\/10278"}],"wp:attachment":[{"href":"https:\/\/permbledhja.com\/sq\/wp-json\/wp\/v2\/media?parent=12525"}],"wp:term":[{"taxonomy":"category","embeddable":true,"href":"https:\/\/permbledhja.com\/sq\/wp-json\/wp\/v2\/categories?post=12525"},{"taxonomy":"post_tag","embeddable":true,"href":"https:\/\/permbledhja.com\/sq\/wp-json\/wp\/v2\/tags?post=12525"}],"curies":[{"name":"wp","href":"https:\/\/api.w.org\/{rel}","templated":true}]}}