{"id":12480,"date":"2023-03-16T07:27:15","date_gmt":"2023-03-16T07:27:15","guid":{"rendered":"https:\/\/permbledhja.com\/?p=12480"},"modified":"2023-03-16T07:27:15","modified_gmt":"2023-03-16T07:27:15","slug":"zevendes-ministri-sallahu-shpalos-detaje-te-pathena-per-rastin-dehari-paralajmeron-shkarkime-te-tjera","status":"publish","type":"post","link":"https:\/\/permbledhja.com\/sq\/zevendes-ministri-sallahu-shpalos-detaje-te-pathena-per-rastin-dehari-paralajmeron-shkarkime-te-tjera\/","title":{"rendered":"Z\u00ebvend\u00ebs-ministri Sallahu shpalos detaje t\u00eb path\u00ebna p\u00ebr rastin Dehari, paralajm\u00ebron shkarkime t\u00eb tjera"},"content":{"rendered":"<p>Z\u00ebvend\u00ebsministri i Drejt\u00ebsis\u00eb, Blerim Sallahu, ka dh\u00ebn\u00eb detaje t\u00eb path\u00ebna sa i p\u00ebrket rastit t\u00eb vdekjes s\u00eb ish-aktivistit t\u00eb LVV-s\u00eb, Astrit Dehari, n\u00eb qendr\u00ebn e paraburgimit n\u00eb Prizren.<\/p>\n<p>Ai tha se nj\u00eb gardian, i cili ka qen\u00eb n\u00eb autoambulanc\u00eb bashk\u00eb me Dehari, kur \u00ebsht\u00eb bartur nga burgu n\u00eb spital, \u00ebsht\u00eb marr\u00eb n\u00eb pyetje pas gjasht\u00eb viteve nga prokurori p\u00ebrkat\u00ebs.<\/p>\n<p>Kjo ka ndodhur pasi q\u00eb avokati i familjes Dehari, Tom\u00eb Gashi, ia ka d\u00ebrguar emrin e atij personi n\u00eb prokurori, tregoi Sallahu, raporton Paparaci.<\/p>\n<p>M\u00eb pas, Prokuroria e Shtetit e ka ftuar at\u00eb p\u00ebr intervistim lidhur me rastin Dehari.<\/p>\n<p>Ai e ka fituar green card pak m\u00eb her\u00ebt pasi ka ndodhur rasti dhe jeton n\u00eb Florida. Ka dyshime t\u00eb m\u00ebdha, pastaj bartja e kamerave para policis\u00eb nga kryeinspektori i shkarkuar, q\u00eb e cil\u00ebson si vet\u00ebvrasje\u201d, shtoi ai n\u00eb ATv.<\/p>\n<p>Nd\u00ebr t\u00eb tjera, ai tha se jan\u00eb shkarkuar shum\u00eb zyrtar\u00eb si t\u00eb implikuar n\u00eb rastin Dehari.<\/p>\n<p>Madje, ai paralajm\u00ebroi edhe shum\u00eb shkarkime t\u00eb tjera.<\/p>\n<p>\u201cJan\u00eb shkarkuar shum\u00eb t\u00eb tjer\u00eb dhe do t\u00eb vazhdojn\u00eb t\u00eb shkarkohen edhe t\u00eb tjer\u00eb. Sistemi i drejt\u00ebsis\u00eb duhet ta jap\u00eb verdiktin e tij pasi ka prova se djali \u00ebsht\u00eb vra n\u00eb burg\u201d, shtoi ai.<\/p>\n<p>Ai tregoi se ministria e Drejt\u00ebsis\u00eb n\u00eb momentin q\u00eb e ka marr\u00eb vesh k\u00ebt\u00eb \u00e7\u00ebshtje, m\u00eb 7 dhjetor t\u00eb vitit 2022, e ka lajm\u00ebruar rastin n\u00eb prokurori.<\/p>\n<p>Sipas tij, Prokuroria \u00ebsht\u00eb duke u marr\u00eb me rastin, teksa u shpreh se asnj\u00eb informacion tjet\u00ebr nuk e kan\u00eb si dikaster.<\/p>\n<p>Sallahu, beson se rasti do t\u00eb zgjidhet shum\u00eb shpejt\u00eb nga ana e sistemit t\u00eb drejt\u00ebsis\u00eb.<\/p>\n<p>\u201cAsnj\u00eb informacion nuk e kemi, sepse tash \u00ebsht\u00eb n\u00eb dor\u00eb t\u00eb sistemit gjyq\u00ebsor, ku b\u00ebn pjes\u00eb prokuroria. Dhe \u00ebsht\u00eb duke u hetuar rasti n\u00eb plot\u00ebni. Besoj q\u00eb rasti do t\u00eb zgjidhet shum\u00eb shpejt, sepse konstatohet se tre persona e kan\u00eb pasur \u00e7el\u00ebsin e laboratorit dhe nj\u00ebri prej tyre mund t\u00eb b\u00ebjn\u00eb ndonj\u00eb hyrje t\u00eb paautorizuar me ndonj\u00eb person tjet\u00ebr dhe t\u2019i marr\u00eb mostrat. Faktet jan\u00eb t\u00eb qarta p\u00ebr t\u2019u marr\u00eb n\u00eb p\u00ebrgjegj\u00ebsi k\u00ebta persona\u201d, u shpreh ai.<\/p>\n","protected":false},"excerpt":{"rendered":"<p>Z\u00ebvend\u00ebsministri i Drejt\u00ebsis\u00eb, Blerim Sallahu, ka dh\u00ebn\u00eb detaje t\u00eb path\u00ebna sa i p\u00ebrket rastit t\u00eb vdekjes s\u00eb ish-aktivistit t\u00eb LVV-s\u00eb, Astrit Dehari, n\u00eb qendr\u00ebn e paraburgimit n\u00eb Prizren. Ai tha se nj\u00eb gardian, i cili ka qen\u00eb n\u00eb autoambulanc\u00eb bashk\u00eb me Dehari, kur \u00ebsht\u00eb bartur nga burgu n\u00eb spital, \u00ebsht\u00eb marr\u00eb n\u00eb pyetje pas gjasht\u00eb [&hellip;]<\/p>\n","protected":false},"author":1,"featured_media":12481,"comment_status":"closed","ping_status":"closed","sticky":false,"template":"","format":"standard","meta":{"_monsterinsights_skip_tracking":false,"_monsterinsights_sitenote_active":false,"_monsterinsights_sitenote_note":"","_monsterinsights_sitenote_category":0,"_uf_show_specific_survey":0,"_uf_disable_surveys":false,"footnotes":""},"categories":[23,15],"tags":[1443],"yoast_head":"<!-- This site is optimized with the Yoast SEO plugin v21.5 - https:\/\/yoast.com\/wordpress\/plugins\/seo\/ -->\n<title>Z\u00ebvend\u00ebs-ministri Sallahu shpalos detaje t\u00eb path\u00ebna p\u00ebr rastin Dehari, paralajm\u00ebron shkarkime t\u00eb tjera<\/title>\n<meta name=\"robots\" content=\"index, follow, max-snippet:-1, max-image-preview:large, max-video-preview:-1\" \/>\n<link rel=\"canonical\" href=\"https:\/\/permbledhja.com\/sq\/zevendes-ministri-sallahu-shpalos-detaje-te-pathena-per-rastin-dehari-paralajmeron-shkarkime-te-tjera\/\" \/>\n<meta property=\"og:locale\" content=\"sq_AL\" \/>\n<meta property=\"og:type\" content=\"article\" \/>\n<meta property=\"og:title\" content=\"Z\u00ebvend\u00ebs-ministri Sallahu shpalos detaje t\u00eb path\u00ebna p\u00ebr rastin Dehari, paralajm\u00ebron shkarkime t\u00eb tjera\" \/>\n<meta property=\"og:description\" content=\"Z\u00ebvend\u00ebsministri i Drejt\u00ebsis\u00eb, Blerim Sallahu, ka dh\u00ebn\u00eb detaje t\u00eb path\u00ebna sa i p\u00ebrket rastit t\u00eb vdekjes s\u00eb ish-aktivistit t\u00eb LVV-s\u00eb, Astrit Dehari, n\u00eb qendr\u00ebn e paraburgimit n\u00eb Prizren. Ai tha se nj\u00eb gardian, i cili ka qen\u00eb n\u00eb autoambulanc\u00eb bashk\u00eb me Dehari, kur \u00ebsht\u00eb bartur nga burgu n\u00eb spital, \u00ebsht\u00eb marr\u00eb n\u00eb pyetje pas gjasht\u00eb [&hellip;]\" \/>\n<meta property=\"og:url\" content=\"https:\/\/permbledhja.com\/sq\/zevendes-ministri-sallahu-shpalos-detaje-te-pathena-per-rastin-dehari-paralajmeron-shkarkime-te-tjera\/\" \/>\n<meta property=\"og:site_name\" content=\"Ve\u00e7 artikuj p\u00ebrmbledh\u00ebs\" \/>\n<meta property=\"article:publisher\" content=\"https:\/\/www.facebook.com\/press07\/\" \/>\n<meta property=\"article:author\" content=\"https:\/\/www.facebook.com\/kafexhiu.muharrem\/\" \/>\n<meta property=\"article:published_time\" content=\"2023-03-16T07:27:15+00:00\" \/>\n<meta property=\"og:image\" content=\"https:\/\/permbledhja.com\/wp-content\/uploads\/2023\/03\/707B5FDE-D391-4FD6-9EC5-A8C50F1567D3.webp\" \/>\n\t<meta property=\"og:image:width\" content=\"600\" \/>\n\t<meta property=\"og:image:height\" content=\"360\" \/>\n\t<meta property=\"og:image:type\" content=\"image\/webp\" \/>\n<meta name=\"author\" content=\"P\u00ebrmbledhja\" \/>\n<meta name=\"twitter:card\" content=\"summary_large_image\" \/>\n<meta name=\"twitter:label1\" content=\"Written by\" \/>\n\t<meta name=\"twitter:data1\" content=\"P\u00ebrmbledhja\" \/>\n\t<meta name=\"twitter:label2\" content=\"Est. reading time\" \/>\n\t<meta name=\"twitter:data2\" content=\"2 minuta\" \/>\n<script type=\"application\/ld+json\" class=\"yoast-schema-graph\">{\"@context\":\"https:\/\/schema.org\",\"@graph\":[{\"@type\":\"Article\",\"@id\":\"https:\/\/permbledhja.com\/zevendes-ministri-sallahu-shpalos-detaje-te-pathena-per-rastin-dehari-paralajmeron-shkarkime-te-tjera\/#article\",\"isPartOf\":{\"@id\":\"https:\/\/permbledhja.com\/zevendes-ministri-sallahu-shpalos-detaje-te-pathena-per-rastin-dehari-paralajmeron-shkarkime-te-tjera\/\"},\"author\":{\"name\":\"P\u00ebrmbledhja\",\"@id\":\"https:\/\/permbledhja.com\/#\/schema\/person\/0d064377258d3221e50693947b9eb4fe\"},\"headline\":\"Z\u00ebvend\u00ebs-ministri Sallahu shpalos detaje t\u00eb path\u00ebna p\u00ebr rastin Dehari, paralajm\u00ebron shkarkime t\u00eb tjera\",\"datePublished\":\"2023-03-16T07:27:15+00:00\",\"dateModified\":\"2023-03-16T07:27:15+00:00\",\"mainEntityOfPage\":{\"@id\":\"https:\/\/permbledhja.com\/zevendes-ministri-sallahu-shpalos-detaje-te-pathena-per-rastin-dehari-paralajmeron-shkarkime-te-tjera\/\"},\"wordCount\":388,\"publisher\":{\"@id\":\"https:\/\/permbledhja.com\/#organization\"},\"keywords\":[\"Astrit Dehari\"],\"articleSection\":[\"Komb\u00ebtare\",\"Lajme\"],\"inLanguage\":\"sq\"},{\"@type\":\"WebPage\",\"@id\":\"https:\/\/permbledhja.com\/zevendes-ministri-sallahu-shpalos-detaje-te-pathena-per-rastin-dehari-paralajmeron-shkarkime-te-tjera\/\",\"url\":\"https:\/\/permbledhja.com\/zevendes-ministri-sallahu-shpalos-detaje-te-pathena-per-rastin-dehari-paralajmeron-shkarkime-te-tjera\/\",\"name\":\"Z\u00ebvend\u00ebs-ministri Sallahu shpalos detaje t\u00eb path\u00ebna p\u00ebr rastin Dehari, paralajm\u00ebron shkarkime t\u00eb tjera\",\"isPartOf\":{\"@id\":\"https:\/\/permbledhja.com\/#website\"},\"datePublished\":\"2023-03-16T07:27:15+00:00\",\"dateModified\":\"2023-03-16T07:27:15+00:00\",\"breadcrumb\":{\"@id\":\"https:\/\/permbledhja.com\/zevendes-ministri-sallahu-shpalos-detaje-te-pathena-per-rastin-dehari-paralajmeron-shkarkime-te-tjera\/#breadcrumb\"},\"inLanguage\":\"sq\",\"potentialAction\":[{\"@type\":\"ReadAction\",\"target\":[\"https:\/\/permbledhja.com\/zevendes-ministri-sallahu-shpalos-detaje-te-pathena-per-rastin-dehari-paralajmeron-shkarkime-te-tjera\/\"]}]},{\"@type\":\"BreadcrumbList\",\"@id\":\"https:\/\/permbledhja.com\/zevendes-ministri-sallahu-shpalos-detaje-te-pathena-per-rastin-dehari-paralajmeron-shkarkime-te-tjera\/#breadcrumb\",\"itemListElement\":[{\"@type\":\"ListItem\",\"position\":1,\"name\":\"Ballina\",\"item\":\"https:\/\/permbledhja.com\/sq\/\"},{\"@type\":\"ListItem\",\"position\":2,\"name\":\"Z\u00ebvend\u00ebs-ministri Sallahu shpalos detaje t\u00eb path\u00ebna p\u00ebr rastin Dehari, paralajm\u00ebron shkarkime t\u00eb tjera\"}]},{\"@type\":\"WebSite\",\"@id\":\"https:\/\/permbledhja.com\/#website\",\"url\":\"https:\/\/permbledhja.com\/\",\"name\":\"Ve\u00e7 artikuj p\u00ebrmbledh\u00ebs\",\"description\":\"\",\"publisher\":{\"@id\":\"https:\/\/permbledhja.com\/#organization\"},\"potentialAction\":[{\"@type\":\"SearchAction\",\"target\":{\"@type\":\"EntryPoint\",\"urlTemplate\":\"https:\/\/permbledhja.com\/?s={search_term_string}\"},\"query-input\":\"required name=search_term_string\"}],\"inLanguage\":\"sq\"},{\"@type\":\"Organization\",\"@id\":\"https:\/\/permbledhja.com\/#organization\",\"name\":\"MK Media & Pr\",\"url\":\"https:\/\/permbledhja.com\/\",\"logo\":{\"@type\":\"ImageObject\",\"inLanguage\":\"sq\",\"@id\":\"https:\/\/permbledhja.com\/#\/schema\/logo\/image\/\",\"url\":\"https:\/\/permbledhja.com\/wp-content\/uploads\/2021\/12\/07-Press-Logo.jpg\",\"contentUrl\":\"https:\/\/permbledhja.com\/wp-content\/uploads\/2021\/12\/07-Press-Logo.jpg\",\"width\":512,\"height\":512,\"caption\":\"MK Media & Pr\"},\"image\":{\"@id\":\"https:\/\/permbledhja.com\/#\/schema\/logo\/image\/\"},\"sameAs\":[\"https:\/\/www.facebook.com\/press07\/\"]},{\"@type\":\"Person\",\"@id\":\"https:\/\/permbledhja.com\/#\/schema\/person\/0d064377258d3221e50693947b9eb4fe\",\"name\":\"P\u00ebrmbledhja\",\"image\":{\"@type\":\"ImageObject\",\"inLanguage\":\"sq\",\"@id\":\"https:\/\/permbledhja.com\/#\/schema\/person\/image\/\",\"url\":\"https:\/\/permbledhja.com\/wp-content\/uploads\/2026\/01\/452004717_1040944174702970_8932037511805513407_n-96x96.jpg\",\"contentUrl\":\"https:\/\/permbledhja.com\/wp-content\/uploads\/2026\/01\/452004717_1040944174702970_8932037511805513407_n-96x96.jpg\",\"caption\":\"P\u00ebrmbledhja\"},\"sameAs\":[\"https:\/\/www.facebook.com\/kafexhiu.muharrem\/\",\"https:\/\/www.instagram.com\/muharrem_kafexhiu\/\"],\"url\":\"https:\/\/permbledhja.com\/sq\/author\/admin\/\"}]}<\/script>\n<!-- \/ Yoast SEO plugin. -->","yoast_head_json":{"title":"Z\u00ebvend\u00ebs-ministri Sallahu shpalos detaje t\u00eb path\u00ebna p\u00ebr rastin Dehari, paralajm\u00ebron shkarkime t\u00eb tjera","robots":{"index":"index","follow":"follow","max-snippet":"max-snippet:-1","max-image-preview":"max-image-preview:large","max-video-preview":"max-video-preview:-1"},"canonical":"https:\/\/permbledhja.com\/sq\/zevendes-ministri-sallahu-shpalos-detaje-te-pathena-per-rastin-dehari-paralajmeron-shkarkime-te-tjera\/","og_locale":"sq_AL","og_type":"article","og_title":"Z\u00ebvend\u00ebs-ministri Sallahu shpalos detaje t\u00eb path\u00ebna p\u00ebr rastin Dehari, paralajm\u00ebron shkarkime t\u00eb tjera","og_description":"Z\u00ebvend\u00ebsministri i Drejt\u00ebsis\u00eb, Blerim Sallahu, ka dh\u00ebn\u00eb detaje t\u00eb path\u00ebna sa i p\u00ebrket rastit t\u00eb vdekjes s\u00eb ish-aktivistit t\u00eb LVV-s\u00eb, Astrit Dehari, n\u00eb qendr\u00ebn e paraburgimit n\u00eb Prizren. Ai tha se nj\u00eb gardian, i cili ka qen\u00eb n\u00eb autoambulanc\u00eb bashk\u00eb me Dehari, kur \u00ebsht\u00eb bartur nga burgu n\u00eb spital, \u00ebsht\u00eb marr\u00eb n\u00eb pyetje pas gjasht\u00eb [&hellip;]","og_url":"https:\/\/permbledhja.com\/sq\/zevendes-ministri-sallahu-shpalos-detaje-te-pathena-per-rastin-dehari-paralajmeron-shkarkime-te-tjera\/","og_site_name":"Ve\u00e7 artikuj p\u00ebrmbledh\u00ebs","article_publisher":"https:\/\/www.facebook.com\/press07\/","article_author":"https:\/\/www.facebook.com\/kafexhiu.muharrem\/","article_published_time":"2023-03-16T07:27:15+00:00","og_image":[{"width":600,"height":360,"url":"https:\/\/permbledhja.com\/wp-content\/uploads\/2023\/03\/707B5FDE-D391-4FD6-9EC5-A8C50F1567D3.webp","type":"image\/webp"}],"author":"P\u00ebrmbledhja","twitter_card":"summary_large_image","twitter_misc":{"Written by":"P\u00ebrmbledhja","Est. reading time":"2 minuta"},"schema":{"@context":"https:\/\/schema.org","@graph":[{"@type":"Article","@id":"https:\/\/permbledhja.com\/zevendes-ministri-sallahu-shpalos-detaje-te-pathena-per-rastin-dehari-paralajmeron-shkarkime-te-tjera\/#article","isPartOf":{"@id":"https:\/\/permbledhja.com\/zevendes-ministri-sallahu-shpalos-detaje-te-pathena-per-rastin-dehari-paralajmeron-shkarkime-te-tjera\/"},"author":{"name":"P\u00ebrmbledhja","@id":"https:\/\/permbledhja.com\/#\/schema\/person\/0d064377258d3221e50693947b9eb4fe"},"headline":"Z\u00ebvend\u00ebs-ministri Sallahu shpalos detaje t\u00eb path\u00ebna p\u00ebr rastin Dehari, paralajm\u00ebron shkarkime t\u00eb tjera","datePublished":"2023-03-16T07:27:15+00:00","dateModified":"2023-03-16T07:27:15+00:00","mainEntityOfPage":{"@id":"https:\/\/permbledhja.com\/zevendes-ministri-sallahu-shpalos-detaje-te-pathena-per-rastin-dehari-paralajmeron-shkarkime-te-tjera\/"},"wordCount":388,"publisher":{"@id":"https:\/\/permbledhja.com\/#organization"},"keywords":["Astrit Dehari"],"articleSection":["Komb\u00ebtare","Lajme"],"inLanguage":"sq"},{"@type":"WebPage","@id":"https:\/\/permbledhja.com\/zevendes-ministri-sallahu-shpalos-detaje-te-pathena-per-rastin-dehari-paralajmeron-shkarkime-te-tjera\/","url":"https:\/\/permbledhja.com\/zevendes-ministri-sallahu-shpalos-detaje-te-pathena-per-rastin-dehari-paralajmeron-shkarkime-te-tjera\/","name":"Z\u00ebvend\u00ebs-ministri Sallahu shpalos detaje t\u00eb path\u00ebna p\u00ebr rastin Dehari, paralajm\u00ebron shkarkime t\u00eb tjera","isPartOf":{"@id":"https:\/\/permbledhja.com\/#website"},"datePublished":"2023-03-16T07:27:15+00:00","dateModified":"2023-03-16T07:27:15+00:00","breadcrumb":{"@id":"https:\/\/permbledhja.com\/zevendes-ministri-sallahu-shpalos-detaje-te-pathena-per-rastin-dehari-paralajmeron-shkarkime-te-tjera\/#breadcrumb"},"inLanguage":"sq","potentialAction":[{"@type":"ReadAction","target":["https:\/\/permbledhja.com\/zevendes-ministri-sallahu-shpalos-detaje-te-pathena-per-rastin-dehari-paralajmeron-shkarkime-te-tjera\/"]}]},{"@type":"BreadcrumbList","@id":"https:\/\/permbledhja.com\/zevendes-ministri-sallahu-shpalos-detaje-te-pathena-per-rastin-dehari-paralajmeron-shkarkime-te-tjera\/#breadcrumb","itemListElement":[{"@type":"ListItem","position":1,"name":"Ballina","item":"https:\/\/permbledhja.com\/sq\/"},{"@type":"ListItem","position":2,"name":"Z\u00ebvend\u00ebs-ministri Sallahu shpalos detaje t\u00eb path\u00ebna p\u00ebr rastin Dehari, paralajm\u00ebron shkarkime t\u00eb tjera"}]},{"@type":"WebSite","@id":"https:\/\/permbledhja.com\/#website","url":"https:\/\/permbledhja.com\/","name":"Ve\u00e7 artikuj p\u00ebrmbledh\u00ebs","description":"","publisher":{"@id":"https:\/\/permbledhja.com\/#organization"},"potentialAction":[{"@type":"SearchAction","target":{"@type":"EntryPoint","urlTemplate":"https:\/\/permbledhja.com\/?s={search_term_string}"},"query-input":"required name=search_term_string"}],"inLanguage":"sq"},{"@type":"Organization","@id":"https:\/\/permbledhja.com\/#organization","name":"MK Media & Pr","url":"https:\/\/permbledhja.com\/","logo":{"@type":"ImageObject","inLanguage":"sq","@id":"https:\/\/permbledhja.com\/#\/schema\/logo\/image\/","url":"https:\/\/permbledhja.com\/wp-content\/uploads\/2021\/12\/07-Press-Logo.jpg","contentUrl":"https:\/\/permbledhja.com\/wp-content\/uploads\/2021\/12\/07-Press-Logo.jpg","width":512,"height":512,"caption":"MK Media & Pr"},"image":{"@id":"https:\/\/permbledhja.com\/#\/schema\/logo\/image\/"},"sameAs":["https:\/\/www.facebook.com\/press07\/"]},{"@type":"Person","@id":"https:\/\/permbledhja.com\/#\/schema\/person\/0d064377258d3221e50693947b9eb4fe","name":"P\u00ebrmbledhja","image":{"@type":"ImageObject","inLanguage":"sq","@id":"https:\/\/permbledhja.com\/#\/schema\/person\/image\/","url":"https:\/\/permbledhja.com\/wp-content\/uploads\/2026\/01\/452004717_1040944174702970_8932037511805513407_n-96x96.jpg","contentUrl":"https:\/\/permbledhja.com\/wp-content\/uploads\/2026\/01\/452004717_1040944174702970_8932037511805513407_n-96x96.jpg","caption":"P\u00ebrmbledhja"},"sameAs":["https:\/\/www.facebook.com\/kafexhiu.muharrem\/","https:\/\/www.instagram.com\/muharrem_kafexhiu\/"],"url":"https:\/\/permbledhja.com\/sq\/author\/admin\/"}]}},"_links":{"self":[{"href":"https:\/\/permbledhja.com\/sq\/wp-json\/wp\/v2\/posts\/12480"}],"collection":[{"href":"https:\/\/permbledhja.com\/sq\/wp-json\/wp\/v2\/posts"}],"about":[{"href":"https:\/\/permbledhja.com\/sq\/wp-json\/wp\/v2\/types\/post"}],"author":[{"embeddable":true,"href":"https:\/\/permbledhja.com\/sq\/wp-json\/wp\/v2\/users\/1"}],"replies":[{"embeddable":true,"href":"https:\/\/permbledhja.com\/sq\/wp-json\/wp\/v2\/comments?post=12480"}],"version-history":[{"count":1,"href":"https:\/\/permbledhja.com\/sq\/wp-json\/wp\/v2\/posts\/12480\/revisions"}],"predecessor-version":[{"id":12482,"href":"https:\/\/permbledhja.com\/sq\/wp-json\/wp\/v2\/posts\/12480\/revisions\/12482"}],"wp:featuredmedia":[{"embeddable":true,"href":"https:\/\/permbledhja.com\/sq\/wp-json\/wp\/v2\/media\/12481"}],"wp:attachment":[{"href":"https:\/\/permbledhja.com\/sq\/wp-json\/wp\/v2\/media?parent=12480"}],"wp:term":[{"taxonomy":"category","embeddable":true,"href":"https:\/\/permbledhja.com\/sq\/wp-json\/wp\/v2\/categories?post=12480"},{"taxonomy":"post_tag","embeddable":true,"href":"https:\/\/permbledhja.com\/sq\/wp-json\/wp\/v2\/tags?post=12480"}],"curies":[{"name":"wp","href":"https:\/\/api.w.org\/{rel}","templated":true}]}}