{"id":12439,"date":"2023-03-15T07:13:51","date_gmt":"2023-03-15T07:13:51","guid":{"rendered":"https:\/\/permbledhja.com\/?p=12439"},"modified":"2023-03-15T07:20:58","modified_gmt":"2023-03-15T07:20:58","slug":"haradinaj-eskalon-ndaj-kurtit-kimia-e-tij-si-person-eshte-pak-serbe","status":"publish","type":"post","link":"https:\/\/permbledhja.com\/sq\/haradinaj-eskalon-ndaj-kurtit-kimia-e-tij-si-person-eshte-pak-serbe\/","title":{"rendered":"Haradinaj \u2018eskalon\u2019 ndaj Kurtit: Kimia e tij si person \u00ebsht\u00eb pak serbe"},"content":{"rendered":"<p>Kryetari i Aleanc\u00ebs p\u00ebr Ardhm\u00ebrin\u00eb e Kosov\u00ebs, Ramush Haradinaj ka th\u00ebn\u00eb se kryeministri, Albin Kurti nuk e ka lart\u00ebsuar asnj\u00eb figur\u00eb komb\u00ebtare shqiptare si\u00e7 ka b\u00ebr\u00eb me figur\u00ebn e ish-kryeministrit serb, Zoran Gjingjiq.<\/p>\n<p>Madje, Haradinaj ka th\u00ebn\u00eb se Kurti ka kimi serbe.<\/p>\n<p>\u201cKimia p\u00ebrb\u00ebrja e tij si person \u00ebsht\u00eb pak serbe, tash po ju tregoj pse. P\u00ebr shembull, n\u00eb Serbi mund t\u00eb ket\u00eb edhe nobelista si dikur Tesla q\u00eb \u00ebsht\u00eb edhe kroat edhe t\u00eb tjer\u00eb, por n\u00ebse e marrim reciprocitetin q\u00eb ky thot\u00eb nganj\u00ebher\u00eb kur \u00ebsht\u00eb nj\u00eb kryeminist\u00ebr i Serbis\u00eb q\u00eb e ka lart\u00ebsuar nj\u00eb figur\u00eb komb\u00ebtare t\u00eb Kosov\u00ebs, a Ibrahim Rugov\u00ebn a Fehmi Aganin a dik\u00ebnd. Pra shihet q\u00eb Kurti \u00ebsht\u00eb n\u00eb nj\u00eb m\u00ebnyr\u00eb si kimi serbe e bot\u00ebs serbe. Kryeministri i Kosov\u00ebs me elaboru nj\u00eb ish \u2013kryeminist\u00ebr serb pse\u2026 vet\u00ebm e ka nj\u00eb kimi me ta e ka nj\u00eb lidhje me at\u00eb bot\u00eb, me at\u00eb jet\u00eb edhe i ndikon me dhon\u00eb shpjegim ose elaborim p\u00ebr Gjingjiqin, n\u00eb anglisht i thon\u00eb What the hell\u201d, tha ai.<\/p>\n<p>Haradinaj n\u00eb emisionin \u201cK\u00ebndi i Debatit\u201d n\u00eb T\u00ebv\u00eb1, theksoi se kryeministri Kurti \u00ebsht\u00eb shoq\u00ebruar shum\u00eb me OJQ serbe kur ka qen\u00eb n\u00eb KAN dhe sipas tij, kjo ende po ndikon n\u00eb qasjen e tij me Serbin\u00eb.<\/p>\n<p>Madje sipas t\u00eb parit t\u00eb AAK-s\u00eb, Kurti ka nj\u00eb kimi serbe, dhe se kur i referohet bashkimit komb\u00ebtar ai e ka mendjen n\u00eb bashkimin me Serbin\u00eb.<\/p>\n<p>\u201cUn\u00eb kam sh\u00ebrby kryetar Qeverie, jam kryetar partie, un\u00eb nuk e ndjej se duhet t\u00eb b\u00ebj elaborim p\u00ebr ndonj\u00eb kryeminist\u00ebr t\u00eb Serbis\u00eb, un\u00eb do t\u00eb b\u00ebj p\u00ebr shqiptar p\u00ebr figura\u2026 sepse rrog\u00ebn ma jep buxheti i Kosov\u00ebs, \u00e7ka kam lidhje un\u00eb me sqaru kush \u00ebsht\u00eb Gjingjiqi, \u00ebsht\u00eb ofendim i ekzistenc\u00ebs t\u00ebnde nuk e b\u00ebn k\u00ebrkush, rri n\u00eb hallin t\u00ebnd thot\u00eb populli. <\/p>\n<p>Kjo flet p\u00ebr nj\u00eb kimi serbe, Kurti \u00ebsht\u00eb shoq\u00ebruar shum\u00eb OJQ serbe, me krejt\u00eb ato kur ka qen\u00eb n\u00eb KAN, shihet q\u00eb hala k\u00ebto ja kan\u00eb nj\u00eb virus, ja l\u00ebshojn\u00eb nj\u00eb virus, \u00e7ka vyjti me elaboru Gjingjiqin. Ai shihet me kriminel\u00ebt m\u00eb t\u00eb m\u00ebdhenj\u00eb, \u00ebsht\u00eb shoq\u00ebruar ka pir\u00eb t\u00ebr\u00eb nat\u00ebn,  ka bashk\u00ebpunuar me kriminel edhe e di krejt Serbia dhe krejt\u00eb bota. <\/p>\n<p>Jan\u00eb munduar ta shfryt\u00ebzojn\u00eb p\u00ebr nj\u00eb arsye t\u00eb caktume, por ai ka qen\u00eb mjaft i zhytur p\u00ebr shum\u00eb sende kriminale n\u00eb Serbi e gjithkund. Shihet ajo kimia serbe hetohet kjo eshte kimia e tij. Kryeqytet ai ende e sheh nashta bot\u00ebn serbe, ai kur folke p\u00ebr bashkimin komb\u00ebtar po shihet q\u00eb mendje e ka pas Serbin\u00eb. \u00c7ka dreqin po t\u00eb vyn\u00eb ty Gjingjiqi leje i kemi 100 pun\u00eb tjera\u201d, tha ai.<\/p>\n","protected":false},"excerpt":{"rendered":"<p>Kryetari i Aleanc\u00ebs p\u00ebr Ardhm\u00ebrin\u00eb e Kosov\u00ebs, Ramush Haradinaj ka th\u00ebn\u00eb se kryeministri, Albin Kurti nuk e ka lart\u00ebsuar asnj\u00eb figur\u00eb komb\u00ebtare shqiptare si\u00e7 ka b\u00ebr\u00eb me figur\u00ebn e ish-kryeministrit serb, Zoran Gjingjiq. Madje, Haradinaj ka th\u00ebn\u00eb se Kurti ka kimi serbe. \u201cKimia p\u00ebrb\u00ebrja e tij si person \u00ebsht\u00eb pak serbe, tash po ju tregoj [&hellip;]<\/p>\n","protected":false},"author":1,"featured_media":7453,"comment_status":"closed","ping_status":"closed","sticky":false,"template":"","format":"standard","meta":{"_monsterinsights_skip_tracking":false,"_monsterinsights_sitenote_active":false,"_monsterinsights_sitenote_note":"","_monsterinsights_sitenote_category":0,"_uf_show_specific_survey":0,"_uf_disable_surveys":false,"footnotes":""},"categories":[1146],"tags":[419,45],"yoast_head":"<!-- This site is optimized with the Yoast SEO plugin v21.5 - https:\/\/yoast.com\/wordpress\/plugins\/seo\/ -->\n<title>Haradinaj \u2018eskalon\u2019 ndaj Kurtit: Kimia e tij si person \u00ebsht\u00eb pak serbe<\/title>\n<meta name=\"robots\" content=\"index, follow, max-snippet:-1, max-image-preview:large, max-video-preview:-1\" \/>\n<link rel=\"canonical\" href=\"https:\/\/permbledhja.com\/sq\/haradinaj-eskalon-ndaj-kurtit-kimia-e-tij-si-person-eshte-pak-serbe\/\" \/>\n<meta property=\"og:locale\" content=\"sq_AL\" \/>\n<meta property=\"og:type\" content=\"article\" \/>\n<meta property=\"og:title\" content=\"Haradinaj \u2018eskalon\u2019 ndaj Kurtit: Kimia e tij si person \u00ebsht\u00eb pak serbe\" \/>\n<meta property=\"og:description\" content=\"Kryetari i Aleanc\u00ebs p\u00ebr Ardhm\u00ebrin\u00eb e Kosov\u00ebs, Ramush Haradinaj ka th\u00ebn\u00eb se kryeministri, Albin Kurti nuk e ka lart\u00ebsuar asnj\u00eb figur\u00eb komb\u00ebtare shqiptare si\u00e7 ka b\u00ebr\u00eb me figur\u00ebn e ish-kryeministrit serb, Zoran Gjingjiq. Madje, Haradinaj ka th\u00ebn\u00eb se Kurti ka kimi serbe. \u201cKimia p\u00ebrb\u00ebrja e tij si person \u00ebsht\u00eb pak serbe, tash po ju tregoj [&hellip;]\" \/>\n<meta property=\"og:url\" content=\"https:\/\/permbledhja.com\/sq\/haradinaj-eskalon-ndaj-kurtit-kimia-e-tij-si-person-eshte-pak-serbe\/\" \/>\n<meta property=\"og:site_name\" content=\"Ve\u00e7 artikuj p\u00ebrmbledh\u00ebs\" \/>\n<meta property=\"article:publisher\" content=\"https:\/\/www.facebook.com\/press07\/\" \/>\n<meta property=\"article:author\" content=\"https:\/\/www.facebook.com\/kafexhiu.muharrem\/\" \/>\n<meta property=\"article:published_time\" content=\"2023-03-15T07:13:51+00:00\" \/>\n<meta property=\"article:modified_time\" content=\"2023-03-15T07:20:58+00:00\" \/>\n<meta property=\"og:image\" content=\"https:\/\/permbledhja.com\/wp-content\/uploads\/2022\/10\/ramush-haradinaj_albin-kurti-750x450-1-600x360-1.jpg\" \/>\n\t<meta property=\"og:image:width\" content=\"600\" \/>\n\t<meta property=\"og:image:height\" content=\"360\" \/>\n\t<meta property=\"og:image:type\" content=\"image\/jpeg\" \/>\n<meta name=\"author\" content=\"P\u00ebrmbledhja\" \/>\n<meta name=\"twitter:card\" content=\"summary_large_image\" \/>\n<meta name=\"twitter:label1\" content=\"Written by\" \/>\n\t<meta name=\"twitter:data1\" content=\"P\u00ebrmbledhja\" \/>\n\t<meta name=\"twitter:label2\" content=\"Est. reading time\" \/>\n\t<meta name=\"twitter:data2\" content=\"2 minuta\" \/>\n<script type=\"application\/ld+json\" class=\"yoast-schema-graph\">{\"@context\":\"https:\/\/schema.org\",\"@graph\":[{\"@type\":\"Article\",\"@id\":\"https:\/\/permbledhja.com\/sq\/haradinaj-eskalon-ndaj-kurtit-kimia-e-tij-si-person-eshte-pak-serbe\/#article\",\"isPartOf\":{\"@id\":\"https:\/\/permbledhja.com\/sq\/haradinaj-eskalon-ndaj-kurtit-kimia-e-tij-si-person-eshte-pak-serbe\/\"},\"author\":{\"name\":\"P\u00ebrmbledhja\",\"@id\":\"https:\/\/permbledhja.com\/#\/schema\/person\/0d064377258d3221e50693947b9eb4fe\"},\"headline\":\"Haradinaj \u2018eskalon\u2019 ndaj Kurtit: Kimia e tij si person \u00ebsht\u00eb pak serbe\",\"datePublished\":\"2023-03-15T07:13:51+00:00\",\"dateModified\":\"2023-03-15T07:20:58+00:00\",\"mainEntityOfPage\":{\"@id\":\"https:\/\/permbledhja.com\/sq\/haradinaj-eskalon-ndaj-kurtit-kimia-e-tij-si-person-eshte-pak-serbe\/\"},\"wordCount\":495,\"publisher\":{\"@id\":\"https:\/\/permbledhja.com\/#organization\"},\"keywords\":[\"Haradinaj\",\"Kurti\"],\"articleSection\":[\"Kryesoret\"],\"inLanguage\":\"sq\"},{\"@type\":\"WebPage\",\"@id\":\"https:\/\/permbledhja.com\/sq\/haradinaj-eskalon-ndaj-kurtit-kimia-e-tij-si-person-eshte-pak-serbe\/\",\"url\":\"https:\/\/permbledhja.com\/sq\/haradinaj-eskalon-ndaj-kurtit-kimia-e-tij-si-person-eshte-pak-serbe\/\",\"name\":\"Haradinaj \u2018eskalon\u2019 ndaj Kurtit: Kimia e tij si person \u00ebsht\u00eb pak serbe\",\"isPartOf\":{\"@id\":\"https:\/\/permbledhja.com\/#website\"},\"datePublished\":\"2023-03-15T07:13:51+00:00\",\"dateModified\":\"2023-03-15T07:20:58+00:00\",\"breadcrumb\":{\"@id\":\"https:\/\/permbledhja.com\/sq\/haradinaj-eskalon-ndaj-kurtit-kimia-e-tij-si-person-eshte-pak-serbe\/#breadcrumb\"},\"inLanguage\":\"sq\",\"potentialAction\":[{\"@type\":\"ReadAction\",\"target\":[\"https:\/\/permbledhja.com\/sq\/haradinaj-eskalon-ndaj-kurtit-kimia-e-tij-si-person-eshte-pak-serbe\/\"]}]},{\"@type\":\"BreadcrumbList\",\"@id\":\"https:\/\/permbledhja.com\/sq\/haradinaj-eskalon-ndaj-kurtit-kimia-e-tij-si-person-eshte-pak-serbe\/#breadcrumb\",\"itemListElement\":[{\"@type\":\"ListItem\",\"position\":1,\"name\":\"Ballina\",\"item\":\"https:\/\/permbledhja.com\/sq\/\"},{\"@type\":\"ListItem\",\"position\":2,\"name\":\"Haradinaj \u2018eskalon\u2019 ndaj Kurtit: Kimia e tij si person \u00ebsht\u00eb pak serbe\"}]},{\"@type\":\"WebSite\",\"@id\":\"https:\/\/permbledhja.com\/#website\",\"url\":\"https:\/\/permbledhja.com\/\",\"name\":\"Ve\u00e7 artikuj p\u00ebrmbledh\u00ebs\",\"description\":\"\",\"publisher\":{\"@id\":\"https:\/\/permbledhja.com\/#organization\"},\"potentialAction\":[{\"@type\":\"SearchAction\",\"target\":{\"@type\":\"EntryPoint\",\"urlTemplate\":\"https:\/\/permbledhja.com\/?s={search_term_string}\"},\"query-input\":\"required name=search_term_string\"}],\"inLanguage\":\"sq\"},{\"@type\":\"Organization\",\"@id\":\"https:\/\/permbledhja.com\/#organization\",\"name\":\"MK Media & Pr\",\"url\":\"https:\/\/permbledhja.com\/\",\"logo\":{\"@type\":\"ImageObject\",\"inLanguage\":\"sq\",\"@id\":\"https:\/\/permbledhja.com\/#\/schema\/logo\/image\/\",\"url\":\"https:\/\/permbledhja.com\/wp-content\/uploads\/2021\/12\/07-Press-Logo.jpg\",\"contentUrl\":\"https:\/\/permbledhja.com\/wp-content\/uploads\/2021\/12\/07-Press-Logo.jpg\",\"width\":512,\"height\":512,\"caption\":\"MK Media & Pr\"},\"image\":{\"@id\":\"https:\/\/permbledhja.com\/#\/schema\/logo\/image\/\"},\"sameAs\":[\"https:\/\/www.facebook.com\/press07\/\"]},{\"@type\":\"Person\",\"@id\":\"https:\/\/permbledhja.com\/#\/schema\/person\/0d064377258d3221e50693947b9eb4fe\",\"name\":\"P\u00ebrmbledhja\",\"image\":{\"@type\":\"ImageObject\",\"inLanguage\":\"sq\",\"@id\":\"https:\/\/permbledhja.com\/#\/schema\/person\/image\/\",\"url\":\"https:\/\/permbledhja.com\/wp-content\/uploads\/2026\/01\/452004717_1040944174702970_8932037511805513407_n-96x96.jpg\",\"contentUrl\":\"https:\/\/permbledhja.com\/wp-content\/uploads\/2026\/01\/452004717_1040944174702970_8932037511805513407_n-96x96.jpg\",\"caption\":\"P\u00ebrmbledhja\"},\"sameAs\":[\"https:\/\/www.facebook.com\/kafexhiu.muharrem\/\",\"https:\/\/www.instagram.com\/muharrem_kafexhiu\/\"],\"url\":\"https:\/\/permbledhja.com\/sq\/author\/admin\/\"}]}<\/script>\n<!-- \/ Yoast SEO plugin. -->","yoast_head_json":{"title":"Haradinaj \u2018eskalon\u2019 ndaj Kurtit: Kimia e tij si person \u00ebsht\u00eb pak serbe","robots":{"index":"index","follow":"follow","max-snippet":"max-snippet:-1","max-image-preview":"max-image-preview:large","max-video-preview":"max-video-preview:-1"},"canonical":"https:\/\/permbledhja.com\/sq\/haradinaj-eskalon-ndaj-kurtit-kimia-e-tij-si-person-eshte-pak-serbe\/","og_locale":"sq_AL","og_type":"article","og_title":"Haradinaj \u2018eskalon\u2019 ndaj Kurtit: Kimia e tij si person \u00ebsht\u00eb pak serbe","og_description":"Kryetari i Aleanc\u00ebs p\u00ebr Ardhm\u00ebrin\u00eb e Kosov\u00ebs, Ramush Haradinaj ka th\u00ebn\u00eb se kryeministri, Albin Kurti nuk e ka lart\u00ebsuar asnj\u00eb figur\u00eb komb\u00ebtare shqiptare si\u00e7 ka b\u00ebr\u00eb me figur\u00ebn e ish-kryeministrit serb, Zoran Gjingjiq. Madje, Haradinaj ka th\u00ebn\u00eb se Kurti ka kimi serbe. \u201cKimia p\u00ebrb\u00ebrja e tij si person \u00ebsht\u00eb pak serbe, tash po ju tregoj [&hellip;]","og_url":"https:\/\/permbledhja.com\/sq\/haradinaj-eskalon-ndaj-kurtit-kimia-e-tij-si-person-eshte-pak-serbe\/","og_site_name":"Ve\u00e7 artikuj p\u00ebrmbledh\u00ebs","article_publisher":"https:\/\/www.facebook.com\/press07\/","article_author":"https:\/\/www.facebook.com\/kafexhiu.muharrem\/","article_published_time":"2023-03-15T07:13:51+00:00","article_modified_time":"2023-03-15T07:20:58+00:00","og_image":[{"width":600,"height":360,"url":"https:\/\/permbledhja.com\/wp-content\/uploads\/2022\/10\/ramush-haradinaj_albin-kurti-750x450-1-600x360-1.jpg","type":"image\/jpeg"}],"author":"P\u00ebrmbledhja","twitter_card":"summary_large_image","twitter_misc":{"Written by":"P\u00ebrmbledhja","Est. reading time":"2 minuta"},"schema":{"@context":"https:\/\/schema.org","@graph":[{"@type":"Article","@id":"https:\/\/permbledhja.com\/sq\/haradinaj-eskalon-ndaj-kurtit-kimia-e-tij-si-person-eshte-pak-serbe\/#article","isPartOf":{"@id":"https:\/\/permbledhja.com\/sq\/haradinaj-eskalon-ndaj-kurtit-kimia-e-tij-si-person-eshte-pak-serbe\/"},"author":{"name":"P\u00ebrmbledhja","@id":"https:\/\/permbledhja.com\/#\/schema\/person\/0d064377258d3221e50693947b9eb4fe"},"headline":"Haradinaj \u2018eskalon\u2019 ndaj Kurtit: Kimia e tij si person \u00ebsht\u00eb pak serbe","datePublished":"2023-03-15T07:13:51+00:00","dateModified":"2023-03-15T07:20:58+00:00","mainEntityOfPage":{"@id":"https:\/\/permbledhja.com\/sq\/haradinaj-eskalon-ndaj-kurtit-kimia-e-tij-si-person-eshte-pak-serbe\/"},"wordCount":495,"publisher":{"@id":"https:\/\/permbledhja.com\/#organization"},"keywords":["Haradinaj","Kurti"],"articleSection":["Kryesoret"],"inLanguage":"sq"},{"@type":"WebPage","@id":"https:\/\/permbledhja.com\/sq\/haradinaj-eskalon-ndaj-kurtit-kimia-e-tij-si-person-eshte-pak-serbe\/","url":"https:\/\/permbledhja.com\/sq\/haradinaj-eskalon-ndaj-kurtit-kimia-e-tij-si-person-eshte-pak-serbe\/","name":"Haradinaj \u2018eskalon\u2019 ndaj Kurtit: Kimia e tij si person \u00ebsht\u00eb pak serbe","isPartOf":{"@id":"https:\/\/permbledhja.com\/#website"},"datePublished":"2023-03-15T07:13:51+00:00","dateModified":"2023-03-15T07:20:58+00:00","breadcrumb":{"@id":"https:\/\/permbledhja.com\/sq\/haradinaj-eskalon-ndaj-kurtit-kimia-e-tij-si-person-eshte-pak-serbe\/#breadcrumb"},"inLanguage":"sq","potentialAction":[{"@type":"ReadAction","target":["https:\/\/permbledhja.com\/sq\/haradinaj-eskalon-ndaj-kurtit-kimia-e-tij-si-person-eshte-pak-serbe\/"]}]},{"@type":"BreadcrumbList","@id":"https:\/\/permbledhja.com\/sq\/haradinaj-eskalon-ndaj-kurtit-kimia-e-tij-si-person-eshte-pak-serbe\/#breadcrumb","itemListElement":[{"@type":"ListItem","position":1,"name":"Ballina","item":"https:\/\/permbledhja.com\/sq\/"},{"@type":"ListItem","position":2,"name":"Haradinaj \u2018eskalon\u2019 ndaj Kurtit: Kimia e tij si person \u00ebsht\u00eb pak serbe"}]},{"@type":"WebSite","@id":"https:\/\/permbledhja.com\/#website","url":"https:\/\/permbledhja.com\/","name":"Ve\u00e7 artikuj p\u00ebrmbledh\u00ebs","description":"","publisher":{"@id":"https:\/\/permbledhja.com\/#organization"},"potentialAction":[{"@type":"SearchAction","target":{"@type":"EntryPoint","urlTemplate":"https:\/\/permbledhja.com\/?s={search_term_string}"},"query-input":"required name=search_term_string"}],"inLanguage":"sq"},{"@type":"Organization","@id":"https:\/\/permbledhja.com\/#organization","name":"MK Media & Pr","url":"https:\/\/permbledhja.com\/","logo":{"@type":"ImageObject","inLanguage":"sq","@id":"https:\/\/permbledhja.com\/#\/schema\/logo\/image\/","url":"https:\/\/permbledhja.com\/wp-content\/uploads\/2021\/12\/07-Press-Logo.jpg","contentUrl":"https:\/\/permbledhja.com\/wp-content\/uploads\/2021\/12\/07-Press-Logo.jpg","width":512,"height":512,"caption":"MK Media & Pr"},"image":{"@id":"https:\/\/permbledhja.com\/#\/schema\/logo\/image\/"},"sameAs":["https:\/\/www.facebook.com\/press07\/"]},{"@type":"Person","@id":"https:\/\/permbledhja.com\/#\/schema\/person\/0d064377258d3221e50693947b9eb4fe","name":"P\u00ebrmbledhja","image":{"@type":"ImageObject","inLanguage":"sq","@id":"https:\/\/permbledhja.com\/#\/schema\/person\/image\/","url":"https:\/\/permbledhja.com\/wp-content\/uploads\/2026\/01\/452004717_1040944174702970_8932037511805513407_n-96x96.jpg","contentUrl":"https:\/\/permbledhja.com\/wp-content\/uploads\/2026\/01\/452004717_1040944174702970_8932037511805513407_n-96x96.jpg","caption":"P\u00ebrmbledhja"},"sameAs":["https:\/\/www.facebook.com\/kafexhiu.muharrem\/","https:\/\/www.instagram.com\/muharrem_kafexhiu\/"],"url":"https:\/\/permbledhja.com\/sq\/author\/admin\/"}]}},"_links":{"self":[{"href":"https:\/\/permbledhja.com\/sq\/wp-json\/wp\/v2\/posts\/12439"}],"collection":[{"href":"https:\/\/permbledhja.com\/sq\/wp-json\/wp\/v2\/posts"}],"about":[{"href":"https:\/\/permbledhja.com\/sq\/wp-json\/wp\/v2\/types\/post"}],"author":[{"embeddable":true,"href":"https:\/\/permbledhja.com\/sq\/wp-json\/wp\/v2\/users\/1"}],"replies":[{"embeddable":true,"href":"https:\/\/permbledhja.com\/sq\/wp-json\/wp\/v2\/comments?post=12439"}],"version-history":[{"count":1,"href":"https:\/\/permbledhja.com\/sq\/wp-json\/wp\/v2\/posts\/12439\/revisions"}],"predecessor-version":[{"id":12440,"href":"https:\/\/permbledhja.com\/sq\/wp-json\/wp\/v2\/posts\/12439\/revisions\/12440"}],"wp:featuredmedia":[{"embeddable":true,"href":"https:\/\/permbledhja.com\/sq\/wp-json\/wp\/v2\/media\/7453"}],"wp:attachment":[{"href":"https:\/\/permbledhja.com\/sq\/wp-json\/wp\/v2\/media?parent=12439"}],"wp:term":[{"taxonomy":"category","embeddable":true,"href":"https:\/\/permbledhja.com\/sq\/wp-json\/wp\/v2\/categories?post=12439"},{"taxonomy":"post_tag","embeddable":true,"href":"https:\/\/permbledhja.com\/sq\/wp-json\/wp\/v2\/tags?post=12439"}],"curies":[{"name":"wp","href":"https:\/\/api.w.org\/{rel}","templated":true}]}}