{"id":12352,"date":"2023-03-12T11:56:08","date_gmt":"2023-03-12T11:56:08","guid":{"rendered":"https:\/\/permbledhja.com\/?p=12352"},"modified":"2023-03-12T11:56:08","modified_gmt":"2023-03-12T11:56:08","slug":"shkencetarja-shqiptare-i-shkruan-kryeministrit-britanik-varka-ma-shpetoi-jeten-me-coi-ne-harvard","status":"publish","type":"post","link":"https:\/\/permbledhja.com\/sq\/shkencetarja-shqiptare-i-shkruan-kryeministrit-britanik-varka-ma-shpetoi-jeten-me-coi-ne-harvard\/","title":{"rendered":"Shkenc\u00ebtarja shqiptare i shkruan kryeministrit britanik: Varka ma shp\u00ebtoi jet\u00ebn, m\u00eb \u00e7oi n\u00eb Harvard"},"content":{"rendered":"<p><strong>N\u00eb Britani t\u00eb Madhe po vazhdojn\u00eb debatet dhe nj\u00ebkoh\u00ebsisht, p\u00ebr fat t\u00eb keq, edhe stigmatizimet ndaj refugjat\u00ebve \u2013 sidomos ndaj shqiptar\u00ebve. Nj\u00eb shkenc\u00ebtare nga Shqip\u00ebria i ka drejtuar nj\u00eb let\u00ebr t\u00eb hapur dhe shum\u00eb emocionale kryeministrit britanik Rishi Sunak n\u00eb lidhje me \u00e7\u00ebshtjen.<\/strong><\/p>\n<p>\u201cI nderuar kryeminist\u00ebr, varka m\u00eb shp\u00ebtoi jet\u00ebn dhe m\u00eb \u00e7oi n\u00eb Universitetin e Harvardit, n\u00eb Universitetin e Oksfordit dhe tani n\u00eb Universitetin e Kembrixhit!\u201d \u2013 nis znj. Detina Zalli.<\/p>\n<p>Ajo pyet kryeministrin britanik se \u00e7ka do t\u00eb b\u00ebnte n\u00ebse familja e tij do t\u00eb ishte n\u00eb rrezik.<\/p>\n<p>\u201cKam ardhur n\u00eb Mbret\u00ebrin\u00eb e Bashkuar si f\u00ebmij\u00eb me nj\u00eb skaf dhe kamion shum\u00eb vite m\u00eb par\u00eb, nd\u00ebrsa p\u00ebrpiqesha t\u2019i shp\u00ebtoja luft\u00ebs civile. Mora nj\u00eb skaf shum\u00eb t\u00eb vog\u00ebl duke rrezikuar jet\u00ebn time n\u00eb dallg\u00ebt gjigante t\u00eb detit. Pastaj, m\u2019u desh t\u00eb fshihesha posht\u00eb kamion\u00ebve derisa hyra brenda nj\u00ebrit. Un\u00eb siah ende f\u00ebmij\u00eb n\u00eb at\u00eb koh\u00eb \u2013 dhe nuk kisha parr\u00eb kurr\u00eb nj\u00eb aeroplan n\u00eb jet\u00ebn time&#8230;\u201d \u2013 thot\u00eb n\u00eb rr\u00ebfimin e saj personal znj. Zalli.<\/p>\n<p>M\u00eb tej, profesoresha e njohur tregon se si negativiteti i mediave n\u00eb Mbret\u00ebrin\u00eb e Bashkuar b\u00ebri q\u00eb ajo t\u00eb ngacmohej p\u00ebrdit\u00eb n\u00eb shkoll\u00eb.<\/p>\n<p>\u201cJu lutemi mos faj\u00ebsoni refugjat\u00ebt p\u00ebr ekonomin\u00eb e Mbret\u00ebris\u00eb s\u00eb Bashkuar, por merrni p\u00ebrgjegj\u00ebsin\u00eb p\u00ebr Brexit,\u201d \u2013 shkruan tutje ajo.<\/p>\n<p>Kujtojm\u00eb se shqiptar\u00ebt ishin refugjat\u00ebt m\u00eb t\u00eb num\u00ebrt q\u00eb kishin shkuar n\u00eb Mbret\u00ebrin\u00eb e Bashkuar me varka t\u00eb vogla. Kjo ka nxitur nj\u00eb gjuh\u00eb t\u00eb pak\u00ebndshme drejt tyre. S\u00eb fundi, legjenda angleze e futbollit, Gary Lineker, u pezullua nga puna si analist n\u00eb BBC p\u00ebr shkak se krahasonte gjuh\u00ebn e p\u00ebrdorur nga Qeveria me at\u00eb t\u00eb nazist\u00ebve gjat\u00eb viteve \u201930 t\u00eb shekullit t\u00eb kaluar.<\/p>\n","protected":false},"excerpt":{"rendered":"<p>N\u00eb Britani t\u00eb Madhe po vazhdojn\u00eb debatet dhe nj\u00ebkoh\u00ebsisht, p\u00ebr fat t\u00eb keq, edhe stigmatizimet ndaj refugjat\u00ebve \u2013 sidomos ndaj shqiptar\u00ebve. Nj\u00eb shkenc\u00ebtare nga Shqip\u00ebria i ka drejtuar nj\u00eb let\u00ebr t\u00eb hapur dhe shum\u00eb emocionale kryeministrit britanik Rishi Sunak n\u00eb lidhje me \u00e7\u00ebshtjen. \u201cI nderuar kryeminist\u00ebr, varka m\u00eb shp\u00ebtoi jet\u00ebn dhe m\u00eb \u00e7oi n\u00eb Universitetin [&hellip;]<\/p>\n","protected":false},"author":1,"featured_media":12353,"comment_status":"closed","ping_status":"closed","sticky":false,"template":"","format":"standard","meta":{"_monsterinsights_skip_tracking":false,"_monsterinsights_sitenote_active":false,"_monsterinsights_sitenote_note":"","_monsterinsights_sitenote_category":0,"_uf_show_specific_survey":0,"_uf_disable_surveys":false,"footnotes":""},"categories":[1],"tags":[1462,1461],"yoast_head":"<!-- This site is optimized with the Yoast SEO plugin v21.5 - https:\/\/yoast.com\/wordpress\/plugins\/seo\/ -->\n<title>Shkenc\u00ebtarja shqiptare i shkruan kryeministrit britanik: Varka ma shp\u00ebtoi jet\u00ebn, m\u00eb \u00e7oi n\u00eb Harvard<\/title>\n<meta name=\"robots\" content=\"index, follow, max-snippet:-1, max-image-preview:large, max-video-preview:-1\" \/>\n<link rel=\"canonical\" href=\"https:\/\/permbledhja.com\/sq\/shkencetarja-shqiptare-i-shkruan-kryeministrit-britanik-varka-ma-shpetoi-jeten-me-coi-ne-harvard\/\" \/>\n<meta property=\"og:locale\" content=\"sq_AL\" \/>\n<meta property=\"og:type\" content=\"article\" \/>\n<meta property=\"og:title\" content=\"Shkenc\u00ebtarja shqiptare i shkruan kryeministrit britanik: Varka ma shp\u00ebtoi jet\u00ebn, m\u00eb \u00e7oi n\u00eb Harvard\" \/>\n<meta property=\"og:description\" content=\"N\u00eb Britani t\u00eb Madhe po vazhdojn\u00eb debatet dhe nj\u00ebkoh\u00ebsisht, p\u00ebr fat t\u00eb keq, edhe stigmatizimet ndaj refugjat\u00ebve \u2013 sidomos ndaj shqiptar\u00ebve. Nj\u00eb shkenc\u00ebtare nga Shqip\u00ebria i ka drejtuar nj\u00eb let\u00ebr t\u00eb hapur dhe shum\u00eb emocionale kryeministrit britanik Rishi Sunak n\u00eb lidhje me \u00e7\u00ebshtjen. \u201cI nderuar kryeminist\u00ebr, varka m\u00eb shp\u00ebtoi jet\u00ebn dhe m\u00eb \u00e7oi n\u00eb Universitetin [&hellip;]\" \/>\n<meta property=\"og:url\" content=\"https:\/\/permbledhja.com\/sq\/shkencetarja-shqiptare-i-shkruan-kryeministrit-britanik-varka-ma-shpetoi-jeten-me-coi-ne-harvard\/\" \/>\n<meta property=\"og:site_name\" content=\"Ve\u00e7 artikuj p\u00ebrmbledh\u00ebs\" \/>\n<meta property=\"article:publisher\" content=\"https:\/\/www.facebook.com\/press07\/\" \/>\n<meta property=\"article:author\" content=\"https:\/\/www.facebook.com\/kafexhiu.muharrem\/\" \/>\n<meta property=\"article:published_time\" content=\"2023-03-12T11:56:08+00:00\" \/>\n<meta property=\"og:image\" content=\"https:\/\/permbledhja.com\/wp-content\/uploads\/2023\/03\/varka.png\" \/>\n\t<meta property=\"og:image:width\" content=\"586\" \/>\n\t<meta property=\"og:image:height\" content=\"346\" \/>\n\t<meta property=\"og:image:type\" content=\"image\/png\" \/>\n<meta name=\"author\" content=\"P\u00ebrmbledhja\" \/>\n<meta name=\"twitter:card\" content=\"summary_large_image\" \/>\n<meta name=\"twitter:label1\" content=\"Written by\" \/>\n\t<meta name=\"twitter:data1\" content=\"P\u00ebrmbledhja\" \/>\n\t<meta name=\"twitter:label2\" content=\"Est. reading time\" \/>\n\t<meta name=\"twitter:data2\" content=\"2 minuta\" \/>\n<script type=\"application\/ld+json\" class=\"yoast-schema-graph\">{\"@context\":\"https:\/\/schema.org\",\"@graph\":[{\"@type\":\"Article\",\"@id\":\"https:\/\/permbledhja.com\/sq\/shkencetarja-shqiptare-i-shkruan-kryeministrit-britanik-varka-ma-shpetoi-jeten-me-coi-ne-harvard\/#article\",\"isPartOf\":{\"@id\":\"https:\/\/permbledhja.com\/sq\/shkencetarja-shqiptare-i-shkruan-kryeministrit-britanik-varka-ma-shpetoi-jeten-me-coi-ne-harvard\/\"},\"author\":{\"name\":\"P\u00ebrmbledhja\",\"@id\":\"https:\/\/permbledhja.com\/#\/schema\/person\/0d064377258d3221e50693947b9eb4fe\"},\"headline\":\"Shkenc\u00ebtarja shqiptare i shkruan kryeministrit britanik: Varka ma shp\u00ebtoi jet\u00ebn, m\u00eb \u00e7oi n\u00eb Harvard\",\"datePublished\":\"2023-03-12T11:56:08+00:00\",\"dateModified\":\"2023-03-12T11:56:08+00:00\",\"mainEntityOfPage\":{\"@id\":\"https:\/\/permbledhja.com\/sq\/shkencetarja-shqiptare-i-shkruan-kryeministrit-britanik-varka-ma-shpetoi-jeten-me-coi-ne-harvard\/\"},\"wordCount\":332,\"publisher\":{\"@id\":\"https:\/\/permbledhja.com\/#organization\"},\"keywords\":[\"Profesoresha\",\"Shqiptarja\"],\"articleSection\":[\"Breaking News\"],\"inLanguage\":\"sq\"},{\"@type\":\"WebPage\",\"@id\":\"https:\/\/permbledhja.com\/sq\/shkencetarja-shqiptare-i-shkruan-kryeministrit-britanik-varka-ma-shpetoi-jeten-me-coi-ne-harvard\/\",\"url\":\"https:\/\/permbledhja.com\/sq\/shkencetarja-shqiptare-i-shkruan-kryeministrit-britanik-varka-ma-shpetoi-jeten-me-coi-ne-harvard\/\",\"name\":\"Shkenc\u00ebtarja shqiptare i shkruan kryeministrit britanik: Varka ma shp\u00ebtoi jet\u00ebn, m\u00eb \u00e7oi n\u00eb Harvard\",\"isPartOf\":{\"@id\":\"https:\/\/permbledhja.com\/#website\"},\"datePublished\":\"2023-03-12T11:56:08+00:00\",\"dateModified\":\"2023-03-12T11:56:08+00:00\",\"breadcrumb\":{\"@id\":\"https:\/\/permbledhja.com\/sq\/shkencetarja-shqiptare-i-shkruan-kryeministrit-britanik-varka-ma-shpetoi-jeten-me-coi-ne-harvard\/#breadcrumb\"},\"inLanguage\":\"sq\",\"potentialAction\":[{\"@type\":\"ReadAction\",\"target\":[\"https:\/\/permbledhja.com\/sq\/shkencetarja-shqiptare-i-shkruan-kryeministrit-britanik-varka-ma-shpetoi-jeten-me-coi-ne-harvard\/\"]}]},{\"@type\":\"BreadcrumbList\",\"@id\":\"https:\/\/permbledhja.com\/sq\/shkencetarja-shqiptare-i-shkruan-kryeministrit-britanik-varka-ma-shpetoi-jeten-me-coi-ne-harvard\/#breadcrumb\",\"itemListElement\":[{\"@type\":\"ListItem\",\"position\":1,\"name\":\"Ballina\",\"item\":\"https:\/\/permbledhja.com\/sq\/\"},{\"@type\":\"ListItem\",\"position\":2,\"name\":\"Shkenc\u00ebtarja shqiptare i shkruan kryeministrit britanik: Varka ma shp\u00ebtoi jet\u00ebn, m\u00eb \u00e7oi n\u00eb Harvard\"}]},{\"@type\":\"WebSite\",\"@id\":\"https:\/\/permbledhja.com\/#website\",\"url\":\"https:\/\/permbledhja.com\/\",\"name\":\"Ve\u00e7 artikuj p\u00ebrmbledh\u00ebs\",\"description\":\"\",\"publisher\":{\"@id\":\"https:\/\/permbledhja.com\/#organization\"},\"potentialAction\":[{\"@type\":\"SearchAction\",\"target\":{\"@type\":\"EntryPoint\",\"urlTemplate\":\"https:\/\/permbledhja.com\/?s={search_term_string}\"},\"query-input\":\"required name=search_term_string\"}],\"inLanguage\":\"sq\"},{\"@type\":\"Organization\",\"@id\":\"https:\/\/permbledhja.com\/#organization\",\"name\":\"MK Media & Pr\",\"url\":\"https:\/\/permbledhja.com\/\",\"logo\":{\"@type\":\"ImageObject\",\"inLanguage\":\"sq\",\"@id\":\"https:\/\/permbledhja.com\/#\/schema\/logo\/image\/\",\"url\":\"https:\/\/permbledhja.com\/wp-content\/uploads\/2021\/12\/07-Press-Logo.jpg\",\"contentUrl\":\"https:\/\/permbledhja.com\/wp-content\/uploads\/2021\/12\/07-Press-Logo.jpg\",\"width\":512,\"height\":512,\"caption\":\"MK Media & Pr\"},\"image\":{\"@id\":\"https:\/\/permbledhja.com\/#\/schema\/logo\/image\/\"},\"sameAs\":[\"https:\/\/www.facebook.com\/press07\/\"]},{\"@type\":\"Person\",\"@id\":\"https:\/\/permbledhja.com\/#\/schema\/person\/0d064377258d3221e50693947b9eb4fe\",\"name\":\"P\u00ebrmbledhja\",\"image\":{\"@type\":\"ImageObject\",\"inLanguage\":\"sq\",\"@id\":\"https:\/\/permbledhja.com\/#\/schema\/person\/image\/\",\"url\":\"https:\/\/permbledhja.com\/wp-content\/uploads\/2026\/01\/452004717_1040944174702970_8932037511805513407_n-96x96.jpg\",\"contentUrl\":\"https:\/\/permbledhja.com\/wp-content\/uploads\/2026\/01\/452004717_1040944174702970_8932037511805513407_n-96x96.jpg\",\"caption\":\"P\u00ebrmbledhja\"},\"sameAs\":[\"https:\/\/www.facebook.com\/kafexhiu.muharrem\/\",\"https:\/\/www.instagram.com\/muharrem_kafexhiu\/\"],\"url\":\"https:\/\/permbledhja.com\/sq\/author\/admin\/\"}]}<\/script>\n<!-- \/ Yoast SEO plugin. -->","yoast_head_json":{"title":"Shkenc\u00ebtarja shqiptare i shkruan kryeministrit britanik: Varka ma shp\u00ebtoi jet\u00ebn, m\u00eb \u00e7oi n\u00eb Harvard","robots":{"index":"index","follow":"follow","max-snippet":"max-snippet:-1","max-image-preview":"max-image-preview:large","max-video-preview":"max-video-preview:-1"},"canonical":"https:\/\/permbledhja.com\/sq\/shkencetarja-shqiptare-i-shkruan-kryeministrit-britanik-varka-ma-shpetoi-jeten-me-coi-ne-harvard\/","og_locale":"sq_AL","og_type":"article","og_title":"Shkenc\u00ebtarja shqiptare i shkruan kryeministrit britanik: Varka ma shp\u00ebtoi jet\u00ebn, m\u00eb \u00e7oi n\u00eb Harvard","og_description":"N\u00eb Britani t\u00eb Madhe po vazhdojn\u00eb debatet dhe nj\u00ebkoh\u00ebsisht, p\u00ebr fat t\u00eb keq, edhe stigmatizimet ndaj refugjat\u00ebve \u2013 sidomos ndaj shqiptar\u00ebve. Nj\u00eb shkenc\u00ebtare nga Shqip\u00ebria i ka drejtuar nj\u00eb let\u00ebr t\u00eb hapur dhe shum\u00eb emocionale kryeministrit britanik Rishi Sunak n\u00eb lidhje me \u00e7\u00ebshtjen. \u201cI nderuar kryeminist\u00ebr, varka m\u00eb shp\u00ebtoi jet\u00ebn dhe m\u00eb \u00e7oi n\u00eb Universitetin [&hellip;]","og_url":"https:\/\/permbledhja.com\/sq\/shkencetarja-shqiptare-i-shkruan-kryeministrit-britanik-varka-ma-shpetoi-jeten-me-coi-ne-harvard\/","og_site_name":"Ve\u00e7 artikuj p\u00ebrmbledh\u00ebs","article_publisher":"https:\/\/www.facebook.com\/press07\/","article_author":"https:\/\/www.facebook.com\/kafexhiu.muharrem\/","article_published_time":"2023-03-12T11:56:08+00:00","og_image":[{"width":586,"height":346,"url":"https:\/\/permbledhja.com\/wp-content\/uploads\/2023\/03\/varka.png","type":"image\/png"}],"author":"P\u00ebrmbledhja","twitter_card":"summary_large_image","twitter_misc":{"Written by":"P\u00ebrmbledhja","Est. reading time":"2 minuta"},"schema":{"@context":"https:\/\/schema.org","@graph":[{"@type":"Article","@id":"https:\/\/permbledhja.com\/sq\/shkencetarja-shqiptare-i-shkruan-kryeministrit-britanik-varka-ma-shpetoi-jeten-me-coi-ne-harvard\/#article","isPartOf":{"@id":"https:\/\/permbledhja.com\/sq\/shkencetarja-shqiptare-i-shkruan-kryeministrit-britanik-varka-ma-shpetoi-jeten-me-coi-ne-harvard\/"},"author":{"name":"P\u00ebrmbledhja","@id":"https:\/\/permbledhja.com\/#\/schema\/person\/0d064377258d3221e50693947b9eb4fe"},"headline":"Shkenc\u00ebtarja shqiptare i shkruan kryeministrit britanik: Varka ma shp\u00ebtoi jet\u00ebn, m\u00eb \u00e7oi n\u00eb Harvard","datePublished":"2023-03-12T11:56:08+00:00","dateModified":"2023-03-12T11:56:08+00:00","mainEntityOfPage":{"@id":"https:\/\/permbledhja.com\/sq\/shkencetarja-shqiptare-i-shkruan-kryeministrit-britanik-varka-ma-shpetoi-jeten-me-coi-ne-harvard\/"},"wordCount":332,"publisher":{"@id":"https:\/\/permbledhja.com\/#organization"},"keywords":["Profesoresha","Shqiptarja"],"articleSection":["Breaking News"],"inLanguage":"sq"},{"@type":"WebPage","@id":"https:\/\/permbledhja.com\/sq\/shkencetarja-shqiptare-i-shkruan-kryeministrit-britanik-varka-ma-shpetoi-jeten-me-coi-ne-harvard\/","url":"https:\/\/permbledhja.com\/sq\/shkencetarja-shqiptare-i-shkruan-kryeministrit-britanik-varka-ma-shpetoi-jeten-me-coi-ne-harvard\/","name":"Shkenc\u00ebtarja shqiptare i shkruan kryeministrit britanik: Varka ma shp\u00ebtoi jet\u00ebn, m\u00eb \u00e7oi n\u00eb Harvard","isPartOf":{"@id":"https:\/\/permbledhja.com\/#website"},"datePublished":"2023-03-12T11:56:08+00:00","dateModified":"2023-03-12T11:56:08+00:00","breadcrumb":{"@id":"https:\/\/permbledhja.com\/sq\/shkencetarja-shqiptare-i-shkruan-kryeministrit-britanik-varka-ma-shpetoi-jeten-me-coi-ne-harvard\/#breadcrumb"},"inLanguage":"sq","potentialAction":[{"@type":"ReadAction","target":["https:\/\/permbledhja.com\/sq\/shkencetarja-shqiptare-i-shkruan-kryeministrit-britanik-varka-ma-shpetoi-jeten-me-coi-ne-harvard\/"]}]},{"@type":"BreadcrumbList","@id":"https:\/\/permbledhja.com\/sq\/shkencetarja-shqiptare-i-shkruan-kryeministrit-britanik-varka-ma-shpetoi-jeten-me-coi-ne-harvard\/#breadcrumb","itemListElement":[{"@type":"ListItem","position":1,"name":"Ballina","item":"https:\/\/permbledhja.com\/sq\/"},{"@type":"ListItem","position":2,"name":"Shkenc\u00ebtarja shqiptare i shkruan kryeministrit britanik: Varka ma shp\u00ebtoi jet\u00ebn, m\u00eb \u00e7oi n\u00eb Harvard"}]},{"@type":"WebSite","@id":"https:\/\/permbledhja.com\/#website","url":"https:\/\/permbledhja.com\/","name":"Ve\u00e7 artikuj p\u00ebrmbledh\u00ebs","description":"","publisher":{"@id":"https:\/\/permbledhja.com\/#organization"},"potentialAction":[{"@type":"SearchAction","target":{"@type":"EntryPoint","urlTemplate":"https:\/\/permbledhja.com\/?s={search_term_string}"},"query-input":"required name=search_term_string"}],"inLanguage":"sq"},{"@type":"Organization","@id":"https:\/\/permbledhja.com\/#organization","name":"MK Media & Pr","url":"https:\/\/permbledhja.com\/","logo":{"@type":"ImageObject","inLanguage":"sq","@id":"https:\/\/permbledhja.com\/#\/schema\/logo\/image\/","url":"https:\/\/permbledhja.com\/wp-content\/uploads\/2021\/12\/07-Press-Logo.jpg","contentUrl":"https:\/\/permbledhja.com\/wp-content\/uploads\/2021\/12\/07-Press-Logo.jpg","width":512,"height":512,"caption":"MK Media & Pr"},"image":{"@id":"https:\/\/permbledhja.com\/#\/schema\/logo\/image\/"},"sameAs":["https:\/\/www.facebook.com\/press07\/"]},{"@type":"Person","@id":"https:\/\/permbledhja.com\/#\/schema\/person\/0d064377258d3221e50693947b9eb4fe","name":"P\u00ebrmbledhja","image":{"@type":"ImageObject","inLanguage":"sq","@id":"https:\/\/permbledhja.com\/#\/schema\/person\/image\/","url":"https:\/\/permbledhja.com\/wp-content\/uploads\/2026\/01\/452004717_1040944174702970_8932037511805513407_n-96x96.jpg","contentUrl":"https:\/\/permbledhja.com\/wp-content\/uploads\/2026\/01\/452004717_1040944174702970_8932037511805513407_n-96x96.jpg","caption":"P\u00ebrmbledhja"},"sameAs":["https:\/\/www.facebook.com\/kafexhiu.muharrem\/","https:\/\/www.instagram.com\/muharrem_kafexhiu\/"],"url":"https:\/\/permbledhja.com\/sq\/author\/admin\/"}]}},"_links":{"self":[{"href":"https:\/\/permbledhja.com\/sq\/wp-json\/wp\/v2\/posts\/12352"}],"collection":[{"href":"https:\/\/permbledhja.com\/sq\/wp-json\/wp\/v2\/posts"}],"about":[{"href":"https:\/\/permbledhja.com\/sq\/wp-json\/wp\/v2\/types\/post"}],"author":[{"embeddable":true,"href":"https:\/\/permbledhja.com\/sq\/wp-json\/wp\/v2\/users\/1"}],"replies":[{"embeddable":true,"href":"https:\/\/permbledhja.com\/sq\/wp-json\/wp\/v2\/comments?post=12352"}],"version-history":[{"count":1,"href":"https:\/\/permbledhja.com\/sq\/wp-json\/wp\/v2\/posts\/12352\/revisions"}],"predecessor-version":[{"id":12354,"href":"https:\/\/permbledhja.com\/sq\/wp-json\/wp\/v2\/posts\/12352\/revisions\/12354"}],"wp:featuredmedia":[{"embeddable":true,"href":"https:\/\/permbledhja.com\/sq\/wp-json\/wp\/v2\/media\/12353"}],"wp:attachment":[{"href":"https:\/\/permbledhja.com\/sq\/wp-json\/wp\/v2\/media?parent=12352"}],"wp:term":[{"taxonomy":"category","embeddable":true,"href":"https:\/\/permbledhja.com\/sq\/wp-json\/wp\/v2\/categories?post=12352"},{"taxonomy":"post_tag","embeddable":true,"href":"https:\/\/permbledhja.com\/sq\/wp-json\/wp\/v2\/tags?post=12352"}],"curies":[{"name":"wp","href":"https:\/\/api.w.org\/{rel}","templated":true}]}}