{"id":12349,"date":"2023-03-12T10:26:09","date_gmt":"2023-03-12T10:26:09","guid":{"rendered":"https:\/\/permbledhja.com\/?p=12349"},"modified":"2023-03-12T10:26:09","modified_gmt":"2023-03-12T10:26:09","slug":"i-dha-para-ne-fajde-nje-personi-qe-kishte-veshtiresi-financiare-si-pasoje-e-covid-19-arrestohet","status":"publish","type":"post","link":"https:\/\/permbledhja.com\/sq\/i-dha-para-ne-fajde-nje-personi-qe-kishte-veshtiresi-financiare-si-pasoje-e-covid-19-arrestohet\/","title":{"rendered":"I dha para n\u00eb fajde nj\u00eb personi q\u00eb kishte v\u00ebshtir\u00ebsi financiare si pasoj\u00eb e COVID-19, arrestohet"},"content":{"rendered":"<p><strong>Gjykata Themelore n\u00eb Ferizaj, ka aprovuar k\u00ebrkes\u00ebn e Prokuroris\u00eb Themelore t\u00eb Ferizajt, p\u00ebr caktimin e mas\u00ebs s\u00eb paraburgimit kund\u00ebr t\u00eb pandehurit F.G., p\u00ebr shkak t\u00eb dyshimit t\u00eb bazuar se ka kryer vepr\u00ebn penale fajdeje.<\/strong><\/p>\n<p>Pas mbajtjes s\u00eb seanc\u00ebs d\u00ebgjimore dhe analizimit t\u00eb shkresave t\u00eb l\u00ebnd\u00ebs, gjyqtari i procedur\u00ebs paraprake i Departamentit p\u00ebr Krime t\u00eb R\u00ebnda, ka vler\u00ebsuar se ekziston dyshimi i bazuar, se i pandehuri nga data 1 shkurt 2022, ka kontraktuar shuma jo proporcionale t\u00eb pasuris\u00eb n\u00eb k\u00ebmbim t\u00eb sh\u00ebrbimit p\u00ebr persona tjer\u00eb, duke shfryt\u00ebzuar gjendjen e v\u00ebshtir\u00eb financiare t\u00eb personit, n\u00eb at\u00eb m\u00ebnyr\u00eb q\u00eb i d\u00ebmtuari E.A., p\u00ebr shkak t\u00eb v\u00ebshtir\u00ebsive financiare si pasoj\u00eb e pandemis\u00eb nga virusi Covid-19, \u00ebsht\u00eb detyruar q\u00eb t\u00eb k\u00ebrkoj para fajde nga i pandehuri, n\u00eb at\u00eb m\u00ebnyr\u00eb q\u00eb fillimisht ka marr\u00eb kat\u00ebrmij\u00eb euro me fajde 20% n\u00eb muaj.<\/p>\n<p>Por sipas Gjykat\u00ebs, \u201cme pamund\u00ebsi p\u00ebr t\u2019i paguar shumat e fajdeve \u00ebsht\u00eb detyruar t\u00eb merr edhe 3 her\u00eb nga dymij\u00eb euro dhe nj\u00eb her\u00eb gjasht\u00ebmij\u00eb euro, pra gjithsej gjasht\u00ebmb\u00ebdhjet\u00eb mij\u00eb euro, p\u00ebr t\u00eb cilat ka paguar n\u00eb em\u00ebr t\u00eb fajdeve nga tremij\u00eb e dyqind euro n\u00eb muaj, k\u00ebshtu q\u00eb brenda nj\u00eb viti ka paguar shum\u00ebn prej kat\u00ebr dhjet\u00eb mij\u00eb euro vet\u00ebm p\u00ebr fajde, kurse borxhin prej gjasht\u00ebmb\u00ebdhjet\u00eb mij\u00eb euro ka mbetur pa e paguar\u201d.<\/p>\n<p>\u201cGjyqtari i procedur\u00ebs paraprake, k\u00ebrkes\u00ebn e prokurorit t\u00eb shtetit p\u00ebr caktimin e mas\u00ebs s\u00eb paraburgimit kund\u00ebr t\u00eb pandehurit e ka aprovuar si t\u00eb bazuar konform dispozitave t\u00eb KPPRK-s\u00eb, dhe t\u00eb nj\u00ebjtit i \u00ebsht\u00eb caktuar masa e paraburgimit n\u00eb koh\u00ebzgjatje prej nj\u00eb (1) muaj\u201d, thuhet n\u00eb njoftimin e Gjykat\u00ebs.<\/p>\n<p>\u201cMe k\u00ebt\u00eb rast pal\u00ebt njoftohen se ankesa kund\u00ebr k\u00ebtij aktvendimi nuk e shtyn\u00eb ekzekutimin e tij\u201d.<\/p>\n","protected":false},"excerpt":{"rendered":"<p>Gjykata Themelore n\u00eb Ferizaj, ka aprovuar k\u00ebrkes\u00ebn e Prokuroris\u00eb Themelore t\u00eb Ferizajt, p\u00ebr caktimin e mas\u00ebs s\u00eb paraburgimit kund\u00ebr t\u00eb pandehurit F.G., p\u00ebr shkak t\u00eb dyshimit t\u00eb bazuar se ka kryer vepr\u00ebn penale fajdeje. Pas mbajtjes s\u00eb seanc\u00ebs d\u00ebgjimore dhe analizimit t\u00eb shkresave t\u00eb l\u00ebnd\u00ebs, gjyqtari i procedur\u00ebs paraprake i Departamentit p\u00ebr Krime t\u00eb R\u00ebnda, [&hellip;]<\/p>\n","protected":false},"author":1,"featured_media":10745,"comment_status":"closed","ping_status":"closed","sticky":false,"template":"","format":"standard","meta":{"_monsterinsights_skip_tracking":false,"_monsterinsights_sitenote_active":false,"_monsterinsights_sitenote_note":"","_monsterinsights_sitenote_category":0,"_uf_show_specific_survey":0,"_uf_disable_surveys":false,"footnotes":""},"categories":[1],"tags":[507,953],"yoast_head":"<!-- This site is optimized with the Yoast SEO plugin v21.5 - https:\/\/yoast.com\/wordpress\/plugins\/seo\/ -->\n<title>I dha para n\u00eb fajde nj\u00eb personi q\u00eb kishte v\u00ebshtir\u00ebsi financiare si pasoj\u00eb e COVID-19, arrestohet<\/title>\n<meta name=\"robots\" content=\"index, follow, max-snippet:-1, max-image-preview:large, max-video-preview:-1\" \/>\n<link rel=\"canonical\" href=\"https:\/\/permbledhja.com\/sq\/i-dha-para-ne-fajde-nje-personi-qe-kishte-veshtiresi-financiare-si-pasoje-e-covid-19-arrestohet\/\" \/>\n<meta property=\"og:locale\" content=\"sq_AL\" \/>\n<meta property=\"og:type\" content=\"article\" \/>\n<meta property=\"og:title\" content=\"I dha para n\u00eb fajde nj\u00eb personi q\u00eb kishte v\u00ebshtir\u00ebsi financiare si pasoj\u00eb e COVID-19, arrestohet\" \/>\n<meta property=\"og:description\" content=\"Gjykata Themelore n\u00eb Ferizaj, ka aprovuar k\u00ebrkes\u00ebn e Prokuroris\u00eb Themelore t\u00eb Ferizajt, p\u00ebr caktimin e mas\u00ebs s\u00eb paraburgimit kund\u00ebr t\u00eb pandehurit F.G., p\u00ebr shkak t\u00eb dyshimit t\u00eb bazuar se ka kryer vepr\u00ebn penale fajdeje. Pas mbajtjes s\u00eb seanc\u00ebs d\u00ebgjimore dhe analizimit t\u00eb shkresave t\u00eb l\u00ebnd\u00ebs, gjyqtari i procedur\u00ebs paraprake i Departamentit p\u00ebr Krime t\u00eb R\u00ebnda, [&hellip;]\" \/>\n<meta property=\"og:url\" content=\"https:\/\/permbledhja.com\/sq\/i-dha-para-ne-fajde-nje-personi-qe-kishte-veshtiresi-financiare-si-pasoje-e-covid-19-arrestohet\/\" \/>\n<meta property=\"og:site_name\" content=\"Ve\u00e7 artikuj p\u00ebrmbledh\u00ebs\" \/>\n<meta property=\"article:publisher\" content=\"https:\/\/www.facebook.com\/press07\/\" \/>\n<meta property=\"article:author\" content=\"https:\/\/www.facebook.com\/kafexhiu.muharrem\/\" \/>\n<meta property=\"article:published_time\" content=\"2023-03-12T10:26:09+00:00\" \/>\n<meta property=\"og:image\" content=\"https:\/\/permbledhja.com\/wp-content\/uploads\/2022\/12\/miliona-euro-kosova-humbe-nese-nuk-ratifikohen-ne-kuvend-marreveshjet-nderkombetare-financiare-600x360-1.png\" \/>\n\t<meta property=\"og:image:width\" content=\"600\" \/>\n\t<meta property=\"og:image:height\" content=\"360\" \/>\n\t<meta property=\"og:image:type\" content=\"image\/png\" \/>\n<meta name=\"author\" content=\"P\u00ebrmbledhja\" \/>\n<meta name=\"twitter:card\" content=\"summary_large_image\" \/>\n<meta name=\"twitter:label1\" content=\"Written by\" \/>\n\t<meta name=\"twitter:data1\" content=\"P\u00ebrmbledhja\" \/>\n\t<meta name=\"twitter:label2\" content=\"Est. reading time\" \/>\n\t<meta name=\"twitter:data2\" content=\"2 minuta\" \/>\n<script type=\"application\/ld+json\" class=\"yoast-schema-graph\">{\"@context\":\"https:\/\/schema.org\",\"@graph\":[{\"@type\":\"Article\",\"@id\":\"https:\/\/permbledhja.com\/i-dha-para-ne-fajde-nje-personi-qe-kishte-veshtiresi-financiare-si-pasoje-e-covid-19-arrestohet\/#article\",\"isPartOf\":{\"@id\":\"https:\/\/permbledhja.com\/i-dha-para-ne-fajde-nje-personi-qe-kishte-veshtiresi-financiare-si-pasoje-e-covid-19-arrestohet\/\"},\"author\":{\"name\":\"P\u00ebrmbledhja\",\"@id\":\"https:\/\/permbledhja.com\/#\/schema\/person\/0d064377258d3221e50693947b9eb4fe\"},\"headline\":\"I dha para n\u00eb fajde nj\u00eb personi q\u00eb kishte v\u00ebshtir\u00ebsi financiare si pasoj\u00eb e COVID-19, arrestohet\",\"datePublished\":\"2023-03-12T10:26:09+00:00\",\"dateModified\":\"2023-03-12T10:26:09+00:00\",\"mainEntityOfPage\":{\"@id\":\"https:\/\/permbledhja.com\/i-dha-para-ne-fajde-nje-personi-qe-kishte-veshtiresi-financiare-si-pasoje-e-covid-19-arrestohet\/\"},\"wordCount\":345,\"publisher\":{\"@id\":\"https:\/\/permbledhja.com\/#organization\"},\"keywords\":[\"Arrestim\",\"Fajde\"],\"articleSection\":[\"Breaking News\"],\"inLanguage\":\"sq\"},{\"@type\":\"WebPage\",\"@id\":\"https:\/\/permbledhja.com\/i-dha-para-ne-fajde-nje-personi-qe-kishte-veshtiresi-financiare-si-pasoje-e-covid-19-arrestohet\/\",\"url\":\"https:\/\/permbledhja.com\/i-dha-para-ne-fajde-nje-personi-qe-kishte-veshtiresi-financiare-si-pasoje-e-covid-19-arrestohet\/\",\"name\":\"I dha para n\u00eb fajde nj\u00eb personi q\u00eb kishte v\u00ebshtir\u00ebsi financiare si pasoj\u00eb e COVID-19, arrestohet\",\"isPartOf\":{\"@id\":\"https:\/\/permbledhja.com\/#website\"},\"datePublished\":\"2023-03-12T10:26:09+00:00\",\"dateModified\":\"2023-03-12T10:26:09+00:00\",\"breadcrumb\":{\"@id\":\"https:\/\/permbledhja.com\/i-dha-para-ne-fajde-nje-personi-qe-kishte-veshtiresi-financiare-si-pasoje-e-covid-19-arrestohet\/#breadcrumb\"},\"inLanguage\":\"sq\",\"potentialAction\":[{\"@type\":\"ReadAction\",\"target\":[\"https:\/\/permbledhja.com\/i-dha-para-ne-fajde-nje-personi-qe-kishte-veshtiresi-financiare-si-pasoje-e-covid-19-arrestohet\/\"]}]},{\"@type\":\"BreadcrumbList\",\"@id\":\"https:\/\/permbledhja.com\/i-dha-para-ne-fajde-nje-personi-qe-kishte-veshtiresi-financiare-si-pasoje-e-covid-19-arrestohet\/#breadcrumb\",\"itemListElement\":[{\"@type\":\"ListItem\",\"position\":1,\"name\":\"Ballina\",\"item\":\"https:\/\/permbledhja.com\/sq\/\"},{\"@type\":\"ListItem\",\"position\":2,\"name\":\"I dha para n\u00eb fajde nj\u00eb personi q\u00eb kishte v\u00ebshtir\u00ebsi financiare si pasoj\u00eb e COVID-19, arrestohet\"}]},{\"@type\":\"WebSite\",\"@id\":\"https:\/\/permbledhja.com\/#website\",\"url\":\"https:\/\/permbledhja.com\/\",\"name\":\"Ve\u00e7 artikuj p\u00ebrmbledh\u00ebs\",\"description\":\"\",\"publisher\":{\"@id\":\"https:\/\/permbledhja.com\/#organization\"},\"potentialAction\":[{\"@type\":\"SearchAction\",\"target\":{\"@type\":\"EntryPoint\",\"urlTemplate\":\"https:\/\/permbledhja.com\/?s={search_term_string}\"},\"query-input\":\"required name=search_term_string\"}],\"inLanguage\":\"sq\"},{\"@type\":\"Organization\",\"@id\":\"https:\/\/permbledhja.com\/#organization\",\"name\":\"MK Media & Pr\",\"url\":\"https:\/\/permbledhja.com\/\",\"logo\":{\"@type\":\"ImageObject\",\"inLanguage\":\"sq\",\"@id\":\"https:\/\/permbledhja.com\/#\/schema\/logo\/image\/\",\"url\":\"https:\/\/permbledhja.com\/wp-content\/uploads\/2021\/12\/07-Press-Logo.jpg\",\"contentUrl\":\"https:\/\/permbledhja.com\/wp-content\/uploads\/2021\/12\/07-Press-Logo.jpg\",\"width\":512,\"height\":512,\"caption\":\"MK Media & Pr\"},\"image\":{\"@id\":\"https:\/\/permbledhja.com\/#\/schema\/logo\/image\/\"},\"sameAs\":[\"https:\/\/www.facebook.com\/press07\/\"]},{\"@type\":\"Person\",\"@id\":\"https:\/\/permbledhja.com\/#\/schema\/person\/0d064377258d3221e50693947b9eb4fe\",\"name\":\"P\u00ebrmbledhja\",\"image\":{\"@type\":\"ImageObject\",\"inLanguage\":\"sq\",\"@id\":\"https:\/\/permbledhja.com\/#\/schema\/person\/image\/\",\"url\":\"https:\/\/permbledhja.com\/wp-content\/uploads\/2026\/01\/452004717_1040944174702970_8932037511805513407_n-96x96.jpg\",\"contentUrl\":\"https:\/\/permbledhja.com\/wp-content\/uploads\/2026\/01\/452004717_1040944174702970_8932037511805513407_n-96x96.jpg\",\"caption\":\"P\u00ebrmbledhja\"},\"sameAs\":[\"https:\/\/www.facebook.com\/kafexhiu.muharrem\/\",\"https:\/\/www.instagram.com\/muharrem_kafexhiu\/\"],\"url\":\"https:\/\/permbledhja.com\/sq\/author\/admin\/\"}]}<\/script>\n<!-- \/ Yoast SEO plugin. -->","yoast_head_json":{"title":"I dha para n\u00eb fajde nj\u00eb personi q\u00eb kishte v\u00ebshtir\u00ebsi financiare si pasoj\u00eb e COVID-19, arrestohet","robots":{"index":"index","follow":"follow","max-snippet":"max-snippet:-1","max-image-preview":"max-image-preview:large","max-video-preview":"max-video-preview:-1"},"canonical":"https:\/\/permbledhja.com\/sq\/i-dha-para-ne-fajde-nje-personi-qe-kishte-veshtiresi-financiare-si-pasoje-e-covid-19-arrestohet\/","og_locale":"sq_AL","og_type":"article","og_title":"I dha para n\u00eb fajde nj\u00eb personi q\u00eb kishte v\u00ebshtir\u00ebsi financiare si pasoj\u00eb e COVID-19, arrestohet","og_description":"Gjykata Themelore n\u00eb Ferizaj, ka aprovuar k\u00ebrkes\u00ebn e Prokuroris\u00eb Themelore t\u00eb Ferizajt, p\u00ebr caktimin e mas\u00ebs s\u00eb paraburgimit kund\u00ebr t\u00eb pandehurit F.G., p\u00ebr shkak t\u00eb dyshimit t\u00eb bazuar se ka kryer vepr\u00ebn penale fajdeje. Pas mbajtjes s\u00eb seanc\u00ebs d\u00ebgjimore dhe analizimit t\u00eb shkresave t\u00eb l\u00ebnd\u00ebs, gjyqtari i procedur\u00ebs paraprake i Departamentit p\u00ebr Krime t\u00eb R\u00ebnda, [&hellip;]","og_url":"https:\/\/permbledhja.com\/sq\/i-dha-para-ne-fajde-nje-personi-qe-kishte-veshtiresi-financiare-si-pasoje-e-covid-19-arrestohet\/","og_site_name":"Ve\u00e7 artikuj p\u00ebrmbledh\u00ebs","article_publisher":"https:\/\/www.facebook.com\/press07\/","article_author":"https:\/\/www.facebook.com\/kafexhiu.muharrem\/","article_published_time":"2023-03-12T10:26:09+00:00","og_image":[{"width":600,"height":360,"url":"https:\/\/permbledhja.com\/wp-content\/uploads\/2022\/12\/miliona-euro-kosova-humbe-nese-nuk-ratifikohen-ne-kuvend-marreveshjet-nderkombetare-financiare-600x360-1.png","type":"image\/png"}],"author":"P\u00ebrmbledhja","twitter_card":"summary_large_image","twitter_misc":{"Written by":"P\u00ebrmbledhja","Est. reading time":"2 minuta"},"schema":{"@context":"https:\/\/schema.org","@graph":[{"@type":"Article","@id":"https:\/\/permbledhja.com\/i-dha-para-ne-fajde-nje-personi-qe-kishte-veshtiresi-financiare-si-pasoje-e-covid-19-arrestohet\/#article","isPartOf":{"@id":"https:\/\/permbledhja.com\/i-dha-para-ne-fajde-nje-personi-qe-kishte-veshtiresi-financiare-si-pasoje-e-covid-19-arrestohet\/"},"author":{"name":"P\u00ebrmbledhja","@id":"https:\/\/permbledhja.com\/#\/schema\/person\/0d064377258d3221e50693947b9eb4fe"},"headline":"I dha para n\u00eb fajde nj\u00eb personi q\u00eb kishte v\u00ebshtir\u00ebsi financiare si pasoj\u00eb e COVID-19, arrestohet","datePublished":"2023-03-12T10:26:09+00:00","dateModified":"2023-03-12T10:26:09+00:00","mainEntityOfPage":{"@id":"https:\/\/permbledhja.com\/i-dha-para-ne-fajde-nje-personi-qe-kishte-veshtiresi-financiare-si-pasoje-e-covid-19-arrestohet\/"},"wordCount":345,"publisher":{"@id":"https:\/\/permbledhja.com\/#organization"},"keywords":["Arrestim","Fajde"],"articleSection":["Breaking News"],"inLanguage":"sq"},{"@type":"WebPage","@id":"https:\/\/permbledhja.com\/i-dha-para-ne-fajde-nje-personi-qe-kishte-veshtiresi-financiare-si-pasoje-e-covid-19-arrestohet\/","url":"https:\/\/permbledhja.com\/i-dha-para-ne-fajde-nje-personi-qe-kishte-veshtiresi-financiare-si-pasoje-e-covid-19-arrestohet\/","name":"I dha para n\u00eb fajde nj\u00eb personi q\u00eb kishte v\u00ebshtir\u00ebsi financiare si pasoj\u00eb e COVID-19, arrestohet","isPartOf":{"@id":"https:\/\/permbledhja.com\/#website"},"datePublished":"2023-03-12T10:26:09+00:00","dateModified":"2023-03-12T10:26:09+00:00","breadcrumb":{"@id":"https:\/\/permbledhja.com\/i-dha-para-ne-fajde-nje-personi-qe-kishte-veshtiresi-financiare-si-pasoje-e-covid-19-arrestohet\/#breadcrumb"},"inLanguage":"sq","potentialAction":[{"@type":"ReadAction","target":["https:\/\/permbledhja.com\/i-dha-para-ne-fajde-nje-personi-qe-kishte-veshtiresi-financiare-si-pasoje-e-covid-19-arrestohet\/"]}]},{"@type":"BreadcrumbList","@id":"https:\/\/permbledhja.com\/i-dha-para-ne-fajde-nje-personi-qe-kishte-veshtiresi-financiare-si-pasoje-e-covid-19-arrestohet\/#breadcrumb","itemListElement":[{"@type":"ListItem","position":1,"name":"Ballina","item":"https:\/\/permbledhja.com\/sq\/"},{"@type":"ListItem","position":2,"name":"I dha para n\u00eb fajde nj\u00eb personi q\u00eb kishte v\u00ebshtir\u00ebsi financiare si pasoj\u00eb e COVID-19, arrestohet"}]},{"@type":"WebSite","@id":"https:\/\/permbledhja.com\/#website","url":"https:\/\/permbledhja.com\/","name":"Ve\u00e7 artikuj p\u00ebrmbledh\u00ebs","description":"","publisher":{"@id":"https:\/\/permbledhja.com\/#organization"},"potentialAction":[{"@type":"SearchAction","target":{"@type":"EntryPoint","urlTemplate":"https:\/\/permbledhja.com\/?s={search_term_string}"},"query-input":"required name=search_term_string"}],"inLanguage":"sq"},{"@type":"Organization","@id":"https:\/\/permbledhja.com\/#organization","name":"MK Media & Pr","url":"https:\/\/permbledhja.com\/","logo":{"@type":"ImageObject","inLanguage":"sq","@id":"https:\/\/permbledhja.com\/#\/schema\/logo\/image\/","url":"https:\/\/permbledhja.com\/wp-content\/uploads\/2021\/12\/07-Press-Logo.jpg","contentUrl":"https:\/\/permbledhja.com\/wp-content\/uploads\/2021\/12\/07-Press-Logo.jpg","width":512,"height":512,"caption":"MK Media & Pr"},"image":{"@id":"https:\/\/permbledhja.com\/#\/schema\/logo\/image\/"},"sameAs":["https:\/\/www.facebook.com\/press07\/"]},{"@type":"Person","@id":"https:\/\/permbledhja.com\/#\/schema\/person\/0d064377258d3221e50693947b9eb4fe","name":"P\u00ebrmbledhja","image":{"@type":"ImageObject","inLanguage":"sq","@id":"https:\/\/permbledhja.com\/#\/schema\/person\/image\/","url":"https:\/\/permbledhja.com\/wp-content\/uploads\/2026\/01\/452004717_1040944174702970_8932037511805513407_n-96x96.jpg","contentUrl":"https:\/\/permbledhja.com\/wp-content\/uploads\/2026\/01\/452004717_1040944174702970_8932037511805513407_n-96x96.jpg","caption":"P\u00ebrmbledhja"},"sameAs":["https:\/\/www.facebook.com\/kafexhiu.muharrem\/","https:\/\/www.instagram.com\/muharrem_kafexhiu\/"],"url":"https:\/\/permbledhja.com\/sq\/author\/admin\/"}]}},"_links":{"self":[{"href":"https:\/\/permbledhja.com\/sq\/wp-json\/wp\/v2\/posts\/12349"}],"collection":[{"href":"https:\/\/permbledhja.com\/sq\/wp-json\/wp\/v2\/posts"}],"about":[{"href":"https:\/\/permbledhja.com\/sq\/wp-json\/wp\/v2\/types\/post"}],"author":[{"embeddable":true,"href":"https:\/\/permbledhja.com\/sq\/wp-json\/wp\/v2\/users\/1"}],"replies":[{"embeddable":true,"href":"https:\/\/permbledhja.com\/sq\/wp-json\/wp\/v2\/comments?post=12349"}],"version-history":[{"count":1,"href":"https:\/\/permbledhja.com\/sq\/wp-json\/wp\/v2\/posts\/12349\/revisions"}],"predecessor-version":[{"id":12350,"href":"https:\/\/permbledhja.com\/sq\/wp-json\/wp\/v2\/posts\/12349\/revisions\/12350"}],"wp:featuredmedia":[{"embeddable":true,"href":"https:\/\/permbledhja.com\/sq\/wp-json\/wp\/v2\/media\/10745"}],"wp:attachment":[{"href":"https:\/\/permbledhja.com\/sq\/wp-json\/wp\/v2\/media?parent=12349"}],"wp:term":[{"taxonomy":"category","embeddable":true,"href":"https:\/\/permbledhja.com\/sq\/wp-json\/wp\/v2\/categories?post=12349"},{"taxonomy":"post_tag","embeddable":true,"href":"https:\/\/permbledhja.com\/sq\/wp-json\/wp\/v2\/tags?post=12349"}],"curies":[{"name":"wp","href":"https:\/\/api.w.org\/{rel}","templated":true}]}}