{"id":12050,"date":"2023-02-16T07:53:36","date_gmt":"2023-02-16T07:53:36","guid":{"rendered":"https:\/\/permbledhja.com\/?p=12050"},"modified":"2023-02-16T07:53:36","modified_gmt":"2023-02-16T07:53:36","slug":"kurti-tregon-kronologjine-e-ngjarjeve-qe-derguan-deri-tek-propozimi-i-fundit-franko-gjerman-flet-edhe-per-permbajtjen-e-marreveshjes","status":"publish","type":"post","link":"https:\/\/permbledhja.com\/sq\/kurti-tregon-kronologjine-e-ngjarjeve-qe-derguan-deri-tek-propozimi-i-fundit-franko-gjerman-flet-edhe-per-permbajtjen-e-marreveshjes\/","title":{"rendered":"Kurti tregon kronologjin\u00eb e ngjarjeve q\u00eb d\u00ebrguan deri tek propozimi i fundit franko-gjerman, flet edhe p\u00ebr p\u00ebrmbajtjen e marr\u00ebveshjes"},"content":{"rendered":"<p>Kryeministri i Kosov\u00ebs, Albin Kurti, ka treguar kronologjin\u00eb e ngjarjeve q\u00eb d\u00ebrguan deri tek propozimi i fundit franko-gjerman, q\u00eb ai tha se ishte gati \u201cmerre ose lere\u201d.<\/p>\n<p>Kurti thot\u00eb se SHBA e p\u00ebrkrah k\u00ebt\u00eb plan, bashk\u00eb me shtetet tjera per\u00ebndimore.<\/p>\n<p>\u201c5 emisar\u00ebt ishin bashk\u00eb m\u00eb 15 janar k\u00ebtu. Q\u00eb t\u00eb gjitha jan\u00eb bashk\u00eb. M\u00eb shum\u00eb do t\u00eb thosha se \u00ebsht\u00eb n\u00eb faz\u00ebn e propozimit i cili merr shum\u00eb nga fryma dhe paragraf\u00ebt e caktuara n\u00eb marr\u00ebveshjen mes dy Gjermanive\u201d, tha Kurti n\u00eb Klan.<\/p>\n<p>\u201cHer\u00ebn e par\u00eb kur na kan\u00eb sjellur m\u00eb 9 shtator, nuk ka qen\u00eb mere ose l\u00ebre. Nd\u00ebrkaq m\u00eb 20 janar, p\u00ebr bindjen time pas shum\u00eb koh\u00ebsh pas kishim mundur t\u00eb takohemi shum\u00eb her\u00eb, ishte shum\u00eb m\u00eb af\u00ebr mere ose lere. Propozimi nuk \u00ebsht\u00eb q\u00eb nuk n\u00ebnkupton bisedime t\u00eb m\u00ebtutjeshmne. E pranojm\u00eb n\u00eb parim, duhet ta negociojm\u00eb dhe duhet ta shnd\u00ebrrojm\u00eb at\u00eb propozim n\u00eb marr\u00ebveshje sepse ka shum\u00eb t\u00eb paqarta sidomos p\u00ebr mekanizmat q\u00eb do ta fusin n\u00eb funksion. E sjell njohjen de-facto mes shteteve\u201d, shtoi ai.<\/p>\n<p>Kurti thot\u00eb se duhet t\u00eb diskutohet ende p\u00ebr propozimin dhe se ai nuk \u00ebsht\u00eb final dhe se dallon nga marr\u00ebveshja mes dy Gjermanive e vitit 1972.<\/p>\n<p>\u201cNuk \u00ebsht\u00eb finale, andaj po them. \u00cbsht\u00eb m\u00eb tep\u00ebr nj\u00eb marr\u00ebveshje bazike e cila b\u00ebn nj\u00eb marr\u00ebveshje mes dy pal\u00ebve por jo t\u00eb plot\u00eb\u201d<\/p>\n<p>\u201cDallon, pasi kancelari i at\u00ebhersh\u00ebm gjerman, Willy Brandt, shkoin\u00eb Varshave dhe u p\u00ebrul para p\u00ebrmendores s\u00eb p\u00ebrkujtimit t\u00eb viktimave t\u00eb nazizmit gjerman. Nd\u00ebrkaq Vucici ende e konsideron fabrikim Masakr\u00ebn e Re\u00e7akut\u201d, shtoi ai.<\/p>\n<p>\u201c\u00cbsht\u00eb m\u00eb tep\u00ebr nj\u00eb marr\u00ebveshje bazike, e cila b\u00ebn normalizim e marr\u00ebdh\u00ebnieve, jo normalizim t\u00eb plot\u00eb. Me marr\u00ebveshje q\u00eb \u00ebsht\u00eb ligj\u00ebrisht dhe nd\u00ebrkomb\u00ebtarisht e obligueshme, ndon\u00ebse jo finale\u201d, tha tutje ai.<\/p>\n<p>Kreu i ekzekutivit foli edhe p\u00ebr ecurin\u00eb e propozimit, ku parimisht tha se diplomat\u00ebt ishin m\u00eb t\u00eb hapur p\u00ebr kompromise, kurse s\u00eb fundmi \u00ebsht\u00eb kthyer n\u00eb formatin \u201cmere ose l\u00ebre\u201d.<\/p>\n<p>\u201cHer\u00ebn e par\u00eb kur na e kan\u00eb sjell\u00eb m\u00eb dat\u00eb 9 Shtator, nuk ka qen\u00eb merre ose l\u00ebre. Nd\u00ebrkaq m\u00eb dat\u00ebn 20 janar, p\u00ebr shkak se kishin kaluar shum\u00eb koh\u00eb, p\u00ebr bindjen time pa nevoj\u00eb, kemi mundur q\u00eb t\u00eb takohemi m\u00eb shpesh, m\u00eb her\u00ebt, t\u00eb b\u00ebjm\u00eb m\u00eb shum\u00eb, ishte shum\u00eb af\u00ebr merre ose l\u00ebre. Prandaj un\u00eb si\u00e7 kam th\u00ebn\u00eb edhe n\u00eb Shtator, e p\u00ebrs\u00ebrita n\u00eb Janar, q\u00eb \u00ebsht\u00eb baz\u00eb e mir\u00eb p\u00ebr diskutime t\u00eb m\u00ebtejshme\u201d.<\/p>\n<p>Ai shtoi se ende ka elemente q\u00eb duhet diskutuar, por q\u00eb \u00ebsht\u00eb pranuar fillimisht si baz\u00eb e mir\u00eb dhe q\u00eb negocimet vazhdojn\u00eb.<\/p>\n<p>\u201cNe e pranojm\u00eb n\u00eb parim, duhet t\u00eb negociojm\u00eb dhe m\u00eb pas duhet ta shnd\u00ebrrojm\u00eb at\u00eb propozim n\u00eb marr\u00ebveshje sepse ka shum\u00eb gj\u00ebra ende t\u00eb padefinuara. Sidomos sa i p\u00ebrket garancive nd\u00ebrkomb\u00ebtare, mekanizmave implementues, dhe sekuencimin kohor\u201d, tha Kurti.<\/p>\n<p>Kryeministri Kurti po ashtu theksoi se propozimi evropian merr elemente t\u00eb shumta t\u00eb marr\u00ebveshjes mes dy Gjermanive.<\/p>\n<p>Kurti foli edhe p\u00ebr Asociacioni p\u00ebr t\u00eb cilin tha se merr kompetenca t\u00eb m\u00ebdha n\u00ebse formohet, pasi b\u00ebhet si nj\u00eb nivel i tret\u00eb i pushtetit p\u00ebr komunitetin serb.<\/p>\n<p>\u201cAsocacioni i komunave b\u00ebhet nj\u00eb nivel i tret\u00eb i pushtetit q\u00eb p\u00ebrfaq\u00ebson serb\u00ebt karshi Prishtin\u00ebs, q\u00eb merr mb\u00ebshtetje nga Beogradi. Praktikisht, b\u00ebhet si nj\u00eb lloj entiteti autonom q\u00eb ka lidhje vertikale me Beogradin. Do t\u00eb thot\u00eb nj\u00eb lloj shteti brenda shtetit. Pik\u00ebrisht, sikurse Republika Serbe q\u00eb \u00ebsht\u00eb n\u00eb Bosnje\u201d, deklaroi Kurti<\/p>\n<p>Kryeministri Kurti konsideron se duhet t\u00eb merren m\u00ebsimet nga Bosnja, p\u00ebr t\u2019i mos p\u00ebrs\u00ebritur ato n\u00eb Kosov\u00eb. Ai tha se Republika Serbe ia ka sabotuar shtet\u00ebsin\u00eb Bosnj\u00ebs, derisa vet\u00eb e ka marr\u00eb primatin e t\u00eb qenit Republik\u00eb brenda saj.<\/p>\n<p>\u201cRepublika Serbe e ka sabotuar shtet\u00ebsin\u00eb e Bosnje-Hercegovin\u00ebs. Bosnja-Hercegovina \u00ebsht\u00eb nj\u00eb shtet q\u00eb s\u2019\u00ebsht\u00eb Republik\u00eb e megjithat\u00eb e ka brenda nj\u00eb jo shtet q\u00eb \u00ebsht\u00eb Republik\u00eb. Edhe atje 14 komuna jan\u00eb b\u00ebr\u00eb bashk\u00eb n\u00eb \u201991-in, shpall\u00ebn pavar\u00ebsi, mor\u00ebn Kushtetut\u00ebn dhe n\u00eb fund njohjen nd\u00ebrkomb\u00ebtare. Prandaj ne duhet t\u00eb nxjerrim m\u00ebsimet nga Bosnja, q\u00eb t\u00eb mos i p\u00ebrs\u00ebrisim n\u00eb Kosov\u00eb\u201d, tha ai.<\/p>\n<p>Nd\u00ebr t\u00eb tjera, Kurti ka folur edhe p\u00ebr t\u00eb drejtat q\u00eb g\u00ebzon komuniteti serb n\u00eb Kosov\u00eb, por thot\u00eb se Serbia d\u00ebshiron q\u00eb t\u2019i territorializoj\u00eb k\u00ebto t\u00eb drejta.<\/p>\n<p>\u201cSerb\u00ebt n\u00eb Kosov\u00eb jan\u00eb rreth 4% nd\u00ebrkoh\u00eb n\u00eb administrim marrin rreth \u00e7erekun e territorit, teksa kan\u00eb 10 ul\u00ebse t\u00eb rezervuara n\u00eb Kuvendin e Republik\u00ebs. Kan\u00eb edhe t\u00eb drejt\u00ebn e vetos p\u00ebr ligjet me r\u00ebnd\u00ebsi jetike. Serbia k\u00ebrkon territorializimin e k\u00ebtyre privilegjeve, pra nuk d\u00ebshiron m\u00eb shum\u00eb t\u00eb drejta p\u00ebr serb\u00ebt por m\u00eb shum\u00eb territorializim t\u00eb t\u00eb drejtave.\u201d<\/p>\n<p>\u201cQ\u00ebllimi i Beogradit zyrtar \u00ebsht\u00eb i qart\u00eb, synim i integritetit territorial dhe n\u00eb an\u00ebn tjet\u00ebr defunksionalizim i shtetit\u201d, tha ai.<\/p>\n<p>Foli edhe p\u00ebr raportet e tij me kryeministrin e Shqip\u00ebris\u00eb, Edi Rama.<\/p>\n<p>Kurti tha se me Ram\u00ebn ka raporte kryesisht t\u00eb mira, por se kjo nuk do t\u00eb thot\u00eb q\u00eb pajtohen n\u00eb \u00e7do piik\u00eb.<\/p>\n<p>Kryeministri Kurti tregoi edhe p\u00ebr nj\u00eb pik\u00eb ku nuk pajtohet me Ram\u00ebn, dhe ajo ka t\u00eb b\u00ebj\u00eb me p\u00ebrshtypjet e t\u00eb dyve p\u00ebr \u201cBallkanin e Hapur\u201d.<\/p>\n<p>\u201cKjo nuk do t\u00eb thot\u00eb se pajtohemi \u00e7do her\u00eb me gjith\u00e7ka. Besoj q\u00eb dallimi i cili \u00ebsht\u00eb m\u00eb i njohuri publikisht \u00ebsht\u00eb raportet n\u00eb rajonin e Ballkanit Per\u00ebndimor\u201d.<\/p>\n<p>\u201cUn\u00eb besoj q\u00eb Ballkani Evropian dhe demokratik \u00ebsht\u00eb mjaftuesh\u00ebm i hapur, nd\u00ebrkoh\u00eb q\u00eb \u201cBallkani i Hapur\u201d nuk \u00ebsht\u00eb mjaftuesh\u00ebm demokratik dhe evropian\u201d, tha ai tutje.<\/p>\n<p>Nd\u00ebr t\u00eb tjera, kreu i ekzekutivit t\u00eb Kosov\u00ebs foli edhe p\u00ebr bashkimin komb\u00ebtar, duke e cil\u00ebsuar si nj\u00eb \u201cideal t\u00eb rilindasve tan\u00eb\u201d ndaj t\u00eb cilit\u201d jemi n\u00eb sh\u00ebrbim\u201d.<\/p>\n<p>\u201cKy ideal \u00ebsht\u00eb i rilindasve tan\u00eb dhe nuk \u00ebsht\u00eb nj\u00eb ideal q\u00eb e p\u00ebrzgjedhim ne. Besoj q\u00eb \u00ebsht\u00eb nj\u00eb intenc\u00eb historike q\u00eb na ka p\u00ebrzgjedhur neve. Dhe n\u00eb k\u00ebt\u00eb kuptim, ne jemi n\u00eb sh\u00ebrbim t\u00eb tij\u201d, tha ai.<\/p>\n","protected":false},"excerpt":{"rendered":"<p>Kryeministri i Kosov\u00ebs, Albin Kurti, ka treguar kronologjin\u00eb e ngjarjeve q\u00eb d\u00ebrguan deri tek propozimi i fundit franko-gjerman, q\u00eb ai tha se ishte gati \u201cmerre ose lere\u201d. Kurti thot\u00eb se SHBA e p\u00ebrkrah k\u00ebt\u00eb plan, bashk\u00eb me shtetet tjera per\u00ebndimore. \u201c5 emisar\u00ebt ishin bashk\u00eb m\u00eb 15 janar k\u00ebtu. Q\u00eb t\u00eb gjitha jan\u00eb bashk\u00eb. M\u00eb shum\u00eb [&hellip;]<\/p>\n","protected":false},"author":1,"featured_media":3957,"comment_status":"closed","ping_status":"closed","sticky":false,"template":"","format":"standard","meta":{"_monsterinsights_skip_tracking":false,"_monsterinsights_sitenote_active":false,"_monsterinsights_sitenote_note":"","_monsterinsights_sitenote_category":0,"_uf_show_specific_survey":0,"_uf_disable_surveys":false,"footnotes":""},"categories":[23,15],"tags":[86],"yoast_head":"<!-- This site is optimized with the Yoast SEO plugin v21.5 - https:\/\/yoast.com\/wordpress\/plugins\/seo\/ -->\n<title>Kurti tregon kronologjin\u00eb e ngjarjeve q\u00eb d\u00ebrguan deri tek propozimi i fundit franko-gjerman, flet edhe p\u00ebr p\u00ebrmbajtjen e marr\u00ebveshjes<\/title>\n<meta name=\"robots\" content=\"index, follow, max-snippet:-1, max-image-preview:large, max-video-preview:-1\" \/>\n<link rel=\"canonical\" href=\"https:\/\/permbledhja.com\/sq\/kurti-tregon-kronologjine-e-ngjarjeve-qe-derguan-deri-tek-propozimi-i-fundit-franko-gjerman-flet-edhe-per-permbajtjen-e-marreveshjes\/\" \/>\n<meta property=\"og:locale\" content=\"sq_AL\" \/>\n<meta property=\"og:type\" content=\"article\" \/>\n<meta property=\"og:title\" content=\"Kurti tregon kronologjin\u00eb e ngjarjeve q\u00eb d\u00ebrguan deri tek propozimi i fundit franko-gjerman, flet edhe p\u00ebr p\u00ebrmbajtjen e marr\u00ebveshjes\" \/>\n<meta property=\"og:description\" content=\"Kryeministri i Kosov\u00ebs, Albin Kurti, ka treguar kronologjin\u00eb e ngjarjeve q\u00eb d\u00ebrguan deri tek propozimi i fundit franko-gjerman, q\u00eb ai tha se ishte gati \u201cmerre ose lere\u201d. Kurti thot\u00eb se SHBA e p\u00ebrkrah k\u00ebt\u00eb plan, bashk\u00eb me shtetet tjera per\u00ebndimore. \u201c5 emisar\u00ebt ishin bashk\u00eb m\u00eb 15 janar k\u00ebtu. Q\u00eb t\u00eb gjitha jan\u00eb bashk\u00eb. M\u00eb shum\u00eb [&hellip;]\" \/>\n<meta property=\"og:url\" content=\"https:\/\/permbledhja.com\/sq\/kurti-tregon-kronologjine-e-ngjarjeve-qe-derguan-deri-tek-propozimi-i-fundit-franko-gjerman-flet-edhe-per-permbajtjen-e-marreveshjes\/\" \/>\n<meta property=\"og:site_name\" content=\"Ve\u00e7 artikuj p\u00ebrmbledh\u00ebs\" \/>\n<meta property=\"article:publisher\" content=\"https:\/\/www.facebook.com\/press07\/\" \/>\n<meta property=\"article:author\" content=\"https:\/\/www.facebook.com\/kafexhiu.muharrem\/\" \/>\n<meta property=\"article:published_time\" content=\"2023-02-16T07:53:36+00:00\" \/>\n<meta property=\"og:image\" content=\"https:\/\/permbledhja.com\/wp-content\/uploads\/2022\/08\/kurti.webp\" \/>\n\t<meta property=\"og:image:width\" content=\"696\" \/>\n\t<meta property=\"og:image:height\" content=\"464\" \/>\n\t<meta property=\"og:image:type\" content=\"image\/webp\" \/>\n<meta name=\"author\" content=\"P\u00ebrmbledhja\" \/>\n<meta name=\"twitter:card\" content=\"summary_large_image\" \/>\n<meta name=\"twitter:label1\" content=\"Written by\" \/>\n\t<meta name=\"twitter:data1\" content=\"P\u00ebrmbledhja\" \/>\n\t<meta name=\"twitter:label2\" content=\"Est. reading time\" \/>\n\t<meta name=\"twitter:data2\" content=\"5 minuta\" \/>\n<script type=\"application\/ld+json\" class=\"yoast-schema-graph\">{\"@context\":\"https:\/\/schema.org\",\"@graph\":[{\"@type\":\"Article\",\"@id\":\"https:\/\/permbledhja.com\/kurti-tregon-kronologjine-e-ngjarjeve-qe-derguan-deri-tek-propozimi-i-fundit-franko-gjerman-flet-edhe-per-permbajtjen-e-marreveshjes\/#article\",\"isPartOf\":{\"@id\":\"https:\/\/permbledhja.com\/kurti-tregon-kronologjine-e-ngjarjeve-qe-derguan-deri-tek-propozimi-i-fundit-franko-gjerman-flet-edhe-per-permbajtjen-e-marreveshjes\/\"},\"author\":{\"name\":\"P\u00ebrmbledhja\",\"@id\":\"https:\/\/permbledhja.com\/#\/schema\/person\/0d064377258d3221e50693947b9eb4fe\"},\"headline\":\"Kurti tregon kronologjin\u00eb e ngjarjeve q\u00eb d\u00ebrguan deri tek propozimi i fundit franko-gjerman, flet edhe p\u00ebr p\u00ebrmbajtjen e marr\u00ebveshjes\",\"datePublished\":\"2023-02-16T07:53:36+00:00\",\"dateModified\":\"2023-02-16T07:53:36+00:00\",\"mainEntityOfPage\":{\"@id\":\"https:\/\/permbledhja.com\/kurti-tregon-kronologjine-e-ngjarjeve-qe-derguan-deri-tek-propozimi-i-fundit-franko-gjerman-flet-edhe-per-permbajtjen-e-marreveshjes\/\"},\"wordCount\":1091,\"publisher\":{\"@id\":\"https:\/\/permbledhja.com\/#organization\"},\"keywords\":[\"Albin Kurti\"],\"articleSection\":[\"Komb\u00ebtare\",\"Lajme\"],\"inLanguage\":\"sq\"},{\"@type\":\"WebPage\",\"@id\":\"https:\/\/permbledhja.com\/kurti-tregon-kronologjine-e-ngjarjeve-qe-derguan-deri-tek-propozimi-i-fundit-franko-gjerman-flet-edhe-per-permbajtjen-e-marreveshjes\/\",\"url\":\"https:\/\/permbledhja.com\/kurti-tregon-kronologjine-e-ngjarjeve-qe-derguan-deri-tek-propozimi-i-fundit-franko-gjerman-flet-edhe-per-permbajtjen-e-marreveshjes\/\",\"name\":\"Kurti tregon kronologjin\u00eb e ngjarjeve q\u00eb d\u00ebrguan deri tek propozimi i fundit franko-gjerman, flet edhe p\u00ebr p\u00ebrmbajtjen e marr\u00ebveshjes\",\"isPartOf\":{\"@id\":\"https:\/\/permbledhja.com\/#website\"},\"datePublished\":\"2023-02-16T07:53:36+00:00\",\"dateModified\":\"2023-02-16T07:53:36+00:00\",\"breadcrumb\":{\"@id\":\"https:\/\/permbledhja.com\/kurti-tregon-kronologjine-e-ngjarjeve-qe-derguan-deri-tek-propozimi-i-fundit-franko-gjerman-flet-edhe-per-permbajtjen-e-marreveshjes\/#breadcrumb\"},\"inLanguage\":\"sq\",\"potentialAction\":[{\"@type\":\"ReadAction\",\"target\":[\"https:\/\/permbledhja.com\/kurti-tregon-kronologjine-e-ngjarjeve-qe-derguan-deri-tek-propozimi-i-fundit-franko-gjerman-flet-edhe-per-permbajtjen-e-marreveshjes\/\"]}]},{\"@type\":\"BreadcrumbList\",\"@id\":\"https:\/\/permbledhja.com\/kurti-tregon-kronologjine-e-ngjarjeve-qe-derguan-deri-tek-propozimi-i-fundit-franko-gjerman-flet-edhe-per-permbajtjen-e-marreveshjes\/#breadcrumb\",\"itemListElement\":[{\"@type\":\"ListItem\",\"position\":1,\"name\":\"Ballina\",\"item\":\"https:\/\/permbledhja.com\/sq\/\"},{\"@type\":\"ListItem\",\"position\":2,\"name\":\"Kurti tregon kronologjin\u00eb e ngjarjeve q\u00eb d\u00ebrguan deri tek propozimi i fundit franko-gjerman, flet edhe p\u00ebr p\u00ebrmbajtjen e marr\u00ebveshjes\"}]},{\"@type\":\"WebSite\",\"@id\":\"https:\/\/permbledhja.com\/#website\",\"url\":\"https:\/\/permbledhja.com\/\",\"name\":\"Ve\u00e7 artikuj p\u00ebrmbledh\u00ebs\",\"description\":\"\",\"publisher\":{\"@id\":\"https:\/\/permbledhja.com\/#organization\"},\"potentialAction\":[{\"@type\":\"SearchAction\",\"target\":{\"@type\":\"EntryPoint\",\"urlTemplate\":\"https:\/\/permbledhja.com\/?s={search_term_string}\"},\"query-input\":\"required name=search_term_string\"}],\"inLanguage\":\"sq\"},{\"@type\":\"Organization\",\"@id\":\"https:\/\/permbledhja.com\/#organization\",\"name\":\"MK Media & Pr\",\"url\":\"https:\/\/permbledhja.com\/\",\"logo\":{\"@type\":\"ImageObject\",\"inLanguage\":\"sq\",\"@id\":\"https:\/\/permbledhja.com\/#\/schema\/logo\/image\/\",\"url\":\"https:\/\/permbledhja.com\/wp-content\/uploads\/2021\/12\/07-Press-Logo.jpg\",\"contentUrl\":\"https:\/\/permbledhja.com\/wp-content\/uploads\/2021\/12\/07-Press-Logo.jpg\",\"width\":512,\"height\":512,\"caption\":\"MK Media & Pr\"},\"image\":{\"@id\":\"https:\/\/permbledhja.com\/#\/schema\/logo\/image\/\"},\"sameAs\":[\"https:\/\/www.facebook.com\/press07\/\"]},{\"@type\":\"Person\",\"@id\":\"https:\/\/permbledhja.com\/#\/schema\/person\/0d064377258d3221e50693947b9eb4fe\",\"name\":\"P\u00ebrmbledhja\",\"image\":{\"@type\":\"ImageObject\",\"inLanguage\":\"sq\",\"@id\":\"https:\/\/permbledhja.com\/#\/schema\/person\/image\/\",\"url\":\"https:\/\/permbledhja.com\/wp-content\/uploads\/2026\/01\/452004717_1040944174702970_8932037511805513407_n-96x96.jpg\",\"contentUrl\":\"https:\/\/permbledhja.com\/wp-content\/uploads\/2026\/01\/452004717_1040944174702970_8932037511805513407_n-96x96.jpg\",\"caption\":\"P\u00ebrmbledhja\"},\"sameAs\":[\"https:\/\/www.facebook.com\/kafexhiu.muharrem\/\",\"https:\/\/www.instagram.com\/muharrem_kafexhiu\/\"],\"url\":\"https:\/\/permbledhja.com\/sq\/author\/admin\/\"}]}<\/script>\n<!-- \/ Yoast SEO plugin. -->","yoast_head_json":{"title":"Kurti tregon kronologjin\u00eb e ngjarjeve q\u00eb d\u00ebrguan deri tek propozimi i fundit franko-gjerman, flet edhe p\u00ebr p\u00ebrmbajtjen e marr\u00ebveshjes","robots":{"index":"index","follow":"follow","max-snippet":"max-snippet:-1","max-image-preview":"max-image-preview:large","max-video-preview":"max-video-preview:-1"},"canonical":"https:\/\/permbledhja.com\/sq\/kurti-tregon-kronologjine-e-ngjarjeve-qe-derguan-deri-tek-propozimi-i-fundit-franko-gjerman-flet-edhe-per-permbajtjen-e-marreveshjes\/","og_locale":"sq_AL","og_type":"article","og_title":"Kurti tregon kronologjin\u00eb e ngjarjeve q\u00eb d\u00ebrguan deri tek propozimi i fundit franko-gjerman, flet edhe p\u00ebr p\u00ebrmbajtjen e marr\u00ebveshjes","og_description":"Kryeministri i Kosov\u00ebs, Albin Kurti, ka treguar kronologjin\u00eb e ngjarjeve q\u00eb d\u00ebrguan deri tek propozimi i fundit franko-gjerman, q\u00eb ai tha se ishte gati \u201cmerre ose lere\u201d. Kurti thot\u00eb se SHBA e p\u00ebrkrah k\u00ebt\u00eb plan, bashk\u00eb me shtetet tjera per\u00ebndimore. \u201c5 emisar\u00ebt ishin bashk\u00eb m\u00eb 15 janar k\u00ebtu. Q\u00eb t\u00eb gjitha jan\u00eb bashk\u00eb. M\u00eb shum\u00eb [&hellip;]","og_url":"https:\/\/permbledhja.com\/sq\/kurti-tregon-kronologjine-e-ngjarjeve-qe-derguan-deri-tek-propozimi-i-fundit-franko-gjerman-flet-edhe-per-permbajtjen-e-marreveshjes\/","og_site_name":"Ve\u00e7 artikuj p\u00ebrmbledh\u00ebs","article_publisher":"https:\/\/www.facebook.com\/press07\/","article_author":"https:\/\/www.facebook.com\/kafexhiu.muharrem\/","article_published_time":"2023-02-16T07:53:36+00:00","og_image":[{"width":696,"height":464,"url":"https:\/\/permbledhja.com\/wp-content\/uploads\/2022\/08\/kurti.webp","type":"image\/webp"}],"author":"P\u00ebrmbledhja","twitter_card":"summary_large_image","twitter_misc":{"Written by":"P\u00ebrmbledhja","Est. reading time":"5 minuta"},"schema":{"@context":"https:\/\/schema.org","@graph":[{"@type":"Article","@id":"https:\/\/permbledhja.com\/kurti-tregon-kronologjine-e-ngjarjeve-qe-derguan-deri-tek-propozimi-i-fundit-franko-gjerman-flet-edhe-per-permbajtjen-e-marreveshjes\/#article","isPartOf":{"@id":"https:\/\/permbledhja.com\/kurti-tregon-kronologjine-e-ngjarjeve-qe-derguan-deri-tek-propozimi-i-fundit-franko-gjerman-flet-edhe-per-permbajtjen-e-marreveshjes\/"},"author":{"name":"P\u00ebrmbledhja","@id":"https:\/\/permbledhja.com\/#\/schema\/person\/0d064377258d3221e50693947b9eb4fe"},"headline":"Kurti tregon kronologjin\u00eb e ngjarjeve q\u00eb d\u00ebrguan deri tek propozimi i fundit franko-gjerman, flet edhe p\u00ebr p\u00ebrmbajtjen e marr\u00ebveshjes","datePublished":"2023-02-16T07:53:36+00:00","dateModified":"2023-02-16T07:53:36+00:00","mainEntityOfPage":{"@id":"https:\/\/permbledhja.com\/kurti-tregon-kronologjine-e-ngjarjeve-qe-derguan-deri-tek-propozimi-i-fundit-franko-gjerman-flet-edhe-per-permbajtjen-e-marreveshjes\/"},"wordCount":1091,"publisher":{"@id":"https:\/\/permbledhja.com\/#organization"},"keywords":["Albin Kurti"],"articleSection":["Komb\u00ebtare","Lajme"],"inLanguage":"sq"},{"@type":"WebPage","@id":"https:\/\/permbledhja.com\/kurti-tregon-kronologjine-e-ngjarjeve-qe-derguan-deri-tek-propozimi-i-fundit-franko-gjerman-flet-edhe-per-permbajtjen-e-marreveshjes\/","url":"https:\/\/permbledhja.com\/kurti-tregon-kronologjine-e-ngjarjeve-qe-derguan-deri-tek-propozimi-i-fundit-franko-gjerman-flet-edhe-per-permbajtjen-e-marreveshjes\/","name":"Kurti tregon kronologjin\u00eb e ngjarjeve q\u00eb d\u00ebrguan deri tek propozimi i fundit franko-gjerman, flet edhe p\u00ebr p\u00ebrmbajtjen e marr\u00ebveshjes","isPartOf":{"@id":"https:\/\/permbledhja.com\/#website"},"datePublished":"2023-02-16T07:53:36+00:00","dateModified":"2023-02-16T07:53:36+00:00","breadcrumb":{"@id":"https:\/\/permbledhja.com\/kurti-tregon-kronologjine-e-ngjarjeve-qe-derguan-deri-tek-propozimi-i-fundit-franko-gjerman-flet-edhe-per-permbajtjen-e-marreveshjes\/#breadcrumb"},"inLanguage":"sq","potentialAction":[{"@type":"ReadAction","target":["https:\/\/permbledhja.com\/kurti-tregon-kronologjine-e-ngjarjeve-qe-derguan-deri-tek-propozimi-i-fundit-franko-gjerman-flet-edhe-per-permbajtjen-e-marreveshjes\/"]}]},{"@type":"BreadcrumbList","@id":"https:\/\/permbledhja.com\/kurti-tregon-kronologjine-e-ngjarjeve-qe-derguan-deri-tek-propozimi-i-fundit-franko-gjerman-flet-edhe-per-permbajtjen-e-marreveshjes\/#breadcrumb","itemListElement":[{"@type":"ListItem","position":1,"name":"Ballina","item":"https:\/\/permbledhja.com\/sq\/"},{"@type":"ListItem","position":2,"name":"Kurti tregon kronologjin\u00eb e ngjarjeve q\u00eb d\u00ebrguan deri tek propozimi i fundit franko-gjerman, flet edhe p\u00ebr p\u00ebrmbajtjen e marr\u00ebveshjes"}]},{"@type":"WebSite","@id":"https:\/\/permbledhja.com\/#website","url":"https:\/\/permbledhja.com\/","name":"Ve\u00e7 artikuj p\u00ebrmbledh\u00ebs","description":"","publisher":{"@id":"https:\/\/permbledhja.com\/#organization"},"potentialAction":[{"@type":"SearchAction","target":{"@type":"EntryPoint","urlTemplate":"https:\/\/permbledhja.com\/?s={search_term_string}"},"query-input":"required name=search_term_string"}],"inLanguage":"sq"},{"@type":"Organization","@id":"https:\/\/permbledhja.com\/#organization","name":"MK Media & Pr","url":"https:\/\/permbledhja.com\/","logo":{"@type":"ImageObject","inLanguage":"sq","@id":"https:\/\/permbledhja.com\/#\/schema\/logo\/image\/","url":"https:\/\/permbledhja.com\/wp-content\/uploads\/2021\/12\/07-Press-Logo.jpg","contentUrl":"https:\/\/permbledhja.com\/wp-content\/uploads\/2021\/12\/07-Press-Logo.jpg","width":512,"height":512,"caption":"MK Media & Pr"},"image":{"@id":"https:\/\/permbledhja.com\/#\/schema\/logo\/image\/"},"sameAs":["https:\/\/www.facebook.com\/press07\/"]},{"@type":"Person","@id":"https:\/\/permbledhja.com\/#\/schema\/person\/0d064377258d3221e50693947b9eb4fe","name":"P\u00ebrmbledhja","image":{"@type":"ImageObject","inLanguage":"sq","@id":"https:\/\/permbledhja.com\/#\/schema\/person\/image\/","url":"https:\/\/permbledhja.com\/wp-content\/uploads\/2026\/01\/452004717_1040944174702970_8932037511805513407_n-96x96.jpg","contentUrl":"https:\/\/permbledhja.com\/wp-content\/uploads\/2026\/01\/452004717_1040944174702970_8932037511805513407_n-96x96.jpg","caption":"P\u00ebrmbledhja"},"sameAs":["https:\/\/www.facebook.com\/kafexhiu.muharrem\/","https:\/\/www.instagram.com\/muharrem_kafexhiu\/"],"url":"https:\/\/permbledhja.com\/sq\/author\/admin\/"}]}},"_links":{"self":[{"href":"https:\/\/permbledhja.com\/sq\/wp-json\/wp\/v2\/posts\/12050"}],"collection":[{"href":"https:\/\/permbledhja.com\/sq\/wp-json\/wp\/v2\/posts"}],"about":[{"href":"https:\/\/permbledhja.com\/sq\/wp-json\/wp\/v2\/types\/post"}],"author":[{"embeddable":true,"href":"https:\/\/permbledhja.com\/sq\/wp-json\/wp\/v2\/users\/1"}],"replies":[{"embeddable":true,"href":"https:\/\/permbledhja.com\/sq\/wp-json\/wp\/v2\/comments?post=12050"}],"version-history":[{"count":1,"href":"https:\/\/permbledhja.com\/sq\/wp-json\/wp\/v2\/posts\/12050\/revisions"}],"predecessor-version":[{"id":12051,"href":"https:\/\/permbledhja.com\/sq\/wp-json\/wp\/v2\/posts\/12050\/revisions\/12051"}],"wp:featuredmedia":[{"embeddable":true,"href":"https:\/\/permbledhja.com\/sq\/wp-json\/wp\/v2\/media\/3957"}],"wp:attachment":[{"href":"https:\/\/permbledhja.com\/sq\/wp-json\/wp\/v2\/media?parent=12050"}],"wp:term":[{"taxonomy":"category","embeddable":true,"href":"https:\/\/permbledhja.com\/sq\/wp-json\/wp\/v2\/categories?post=12050"},{"taxonomy":"post_tag","embeddable":true,"href":"https:\/\/permbledhja.com\/sq\/wp-json\/wp\/v2\/tags?post=12050"}],"curies":[{"name":"wp","href":"https:\/\/api.w.org\/{rel}","templated":true}]}}