{"id":12044,"date":"2023-02-15T14:11:34","date_gmt":"2023-02-15T14:11:34","guid":{"rendered":"https:\/\/permbledhja.com\/?p=12044"},"modified":"2023-02-15T14:11:34","modified_gmt":"2023-02-15T14:11:34","slug":"letra-e-bidenit-per-vuciqin-pa-njohje-reciproke-kurti-nuk-e-kam-lexuar","status":"publish","type":"post","link":"https:\/\/permbledhja.com\/sq\/letra-e-bidenit-per-vuciqin-pa-njohje-reciproke-kurti-nuk-e-kam-lexuar\/","title":{"rendered":"Letra e Bidenit p\u00ebr Vu\u00e7iqin pa njohje reciproke, Kurti: Nuk e kam lexuar"},"content":{"rendered":"<p><strong>Kryeministri i Kosov\u00ebs, Albin Kurti ka folur sot n\u00eb nj\u00eb konferenc\u00eb p\u00ebr media p\u00ebr nj\u00eb varg \u00e7\u00ebshtjesh aktuale politike.<\/strong><\/p>\n<p>I pari i Qeveris\u00eb ka folur p\u00ebr gjasht\u00eb parimet e shprehur p\u00ebr Asociacionin, shkruan lajmi.net.<\/p>\n<p>\u201cAto gjasht\u00eb parime mund\u00ebsojn\u00eb q\u00eb Asociacioni t\u00eb mos jet\u00eb monotetnik dhe n\u00eb p\u00ebrputhje me Kushtetut\u00ebn, si dhe t\u00eb ket\u00eb reciprocitet t\u00eb t\u00eb drejtave, strukturat ilegale duhet t\u00eb shuhen e \u00e7armatosen n\u00eb veri. N\u00eb fillim t\u00eb n\u00ebntorit ka pasur urdh\u00ebr direkt p\u00ebr \u00e7\u2019integrim nga Beogradi\u201d, tha Kurti.<\/p>\n<p>\u201cUn\u00eb jam kryeminist\u00ebr edhe i serb\u00ebve n\u00eb Kosov\u00eb. Dhe k\u00ebt\u00eb duhet ta pranoj\u00eb Beogradi\u201d, shtoi kryeministri.<\/p>\n<p>P\u00ebr propozimin e BE-s\u00eb, q\u00eb n\u00eb opinion njihet si plani franko-gjerman, Kurti tha se \u00ebsht\u00eb i pranuesh\u00ebm dhe baz\u00eb e mir\u00eb p\u00ebr diskutime t\u00eb m\u00ebtutjeshme.<\/p>\n<p><em>\u201c\u00cbsht\u00eb sjellur tek un\u00eb m\u00eb 6 dhjetor dhe kam dh\u00ebn\u00eb v\u00ebretjet e mija dhe nuk \u00ebsht\u00eb e p\u00ebrshtatshme tash t\u00eb flas p\u00ebr detajet e Bashkimit Evropian. Propozimi evropian \u00ebsht\u00eb i pranuesh\u00ebm, baz\u00eb e mir\u00eb p\u00ebr diskutime t\u00eb m\u00ebtutjeshme\u201d<\/em>, tha ai.<\/p>\n<p>Kurti nga gazetar\u00ebt u pyet edhe p\u00ebr faktin se presidenti amerikan, Joe Biden n\u00eb letr\u00ebn e tij d\u00ebrguar Vu\u00e7iqit, nuk e p\u00ebrmend njohjen reciproke, gj\u00eb q\u00eb kishte ndodhur n\u00eb dy letrat q\u00eb ai kishte d\u00ebrguar n\u00eb Beograd n\u00eb 2021 dhe 2022.<\/p>\n<p><em>\u201cUn\u00eb nuk e kam lexuar at\u00eb let\u00ebr ende dhe natyrisht q\u00eb nuk e kam shkruar un\u00eb, prandaj besoj q\u00eb Shtetet e Bashkuara t\u00eb Amerik\u00ebs vazhdojn\u00eb t\u00eb jen\u00eb partner\u00ebt, miqt\u00eb dhe aleat\u00ebt tan\u00eb kryesor n\u00eb shtetnd\u00ebrtimin ton\u00eb demokratik, n\u00eb zhvillimin ekonomik dhe n\u00eb normalizimin e marr\u00ebdh\u00ebnieve me Serbin\u00eb, q\u00eb duhet ta ket\u00eb n\u00eb qend\u00ebr njohjen reciproke. <\/p>\n<p>Natyrisht q\u00eb do t\u00eb ket\u00eb edhe \u00e7\u00ebshtje t\u00eb tjera n\u00eb at\u00eb marr\u00ebveshje p\u00ebrve\u00e7 njohjes reciproke por ajo \u00ebsht\u00eb n\u00eb qend\u00ebr. Procesi i bisedimeve nuk ka filluar ende. Duhet t\u00eb ket\u00eb takim t\u00eb nivelit t\u00eb lart\u00eb dhe nga bisedimet shohim se \u00e7ka e kur. Normalizim t\u00eb plot\u00eb pa njohje reciproke n\u00eb qend\u00ebr nuk mund t\u00eb ket\u00eb. N\u00eb \u00e7do takim q\u00eb kemi pasur me partner\u00ebt, e pranojn\u00eb se normalizimi e njohja s\u2019mund t\u00eb \u00e7ahen nga nj\u00ebra tjetra\u201d<\/em>, u p\u00ebrgjigj Kurti.<\/p>\n","protected":false},"excerpt":{"rendered":"<p>Kryeministri i Kosov\u00ebs, Albin Kurti ka folur sot n\u00eb nj\u00eb konferenc\u00eb p\u00ebr media p\u00ebr nj\u00eb varg \u00e7\u00ebshtjesh aktuale politike. I pari i Qeveris\u00eb ka folur p\u00ebr gjasht\u00eb parimet e shprehur p\u00ebr Asociacionin, shkruan lajmi.net. \u201cAto gjasht\u00eb parime mund\u00ebsojn\u00eb q\u00eb Asociacioni t\u00eb mos jet\u00eb monotetnik dhe n\u00eb p\u00ebrputhje me Kushtetut\u00ebn, si dhe t\u00eb ket\u00eb reciprocitet t\u00eb [&hellip;]<\/p>\n","protected":false},"author":1,"featured_media":12045,"comment_status":"closed","ping_status":"closed","sticky":false,"template":"","format":"standard","meta":{"_monsterinsights_skip_tracking":false,"_monsterinsights_sitenote_active":false,"_monsterinsights_sitenote_note":"","_monsterinsights_sitenote_category":0,"_uf_show_specific_survey":0,"_uf_disable_surveys":false,"footnotes":""},"categories":[1146],"tags":[1416,366],"yoast_head":"<!-- This site is optimized with the Yoast SEO plugin v21.5 - https:\/\/yoast.com\/wordpress\/plugins\/seo\/ -->\n<title>Letra e Bidenit p\u00ebr Vu\u00e7iqin pa njohje reciproke, Kurti: Nuk e kam lexuar<\/title>\n<meta name=\"robots\" content=\"index, follow, max-snippet:-1, max-image-preview:large, max-video-preview:-1\" \/>\n<link rel=\"canonical\" href=\"https:\/\/permbledhja.com\/sq\/letra-e-bidenit-per-vuciqin-pa-njohje-reciproke-kurti-nuk-e-kam-lexuar\/\" \/>\n<meta property=\"og:locale\" content=\"sq_AL\" \/>\n<meta property=\"og:type\" content=\"article\" \/>\n<meta property=\"og:title\" content=\"Letra e Bidenit p\u00ebr Vu\u00e7iqin pa njohje reciproke, Kurti: Nuk e kam lexuar\" \/>\n<meta property=\"og:description\" content=\"Kryeministri i Kosov\u00ebs, Albin Kurti ka folur sot n\u00eb nj\u00eb konferenc\u00eb p\u00ebr media p\u00ebr nj\u00eb varg \u00e7\u00ebshtjesh aktuale politike. I pari i Qeveris\u00eb ka folur p\u00ebr gjasht\u00eb parimet e shprehur p\u00ebr Asociacionin, shkruan lajmi.net. \u201cAto gjasht\u00eb parime mund\u00ebsojn\u00eb q\u00eb Asociacioni t\u00eb mos jet\u00eb monotetnik dhe n\u00eb p\u00ebrputhje me Kushtetut\u00ebn, si dhe t\u00eb ket\u00eb reciprocitet t\u00eb [&hellip;]\" \/>\n<meta property=\"og:url\" content=\"https:\/\/permbledhja.com\/sq\/letra-e-bidenit-per-vuciqin-pa-njohje-reciproke-kurti-nuk-e-kam-lexuar\/\" \/>\n<meta property=\"og:site_name\" content=\"Ve\u00e7 artikuj p\u00ebrmbledh\u00ebs\" \/>\n<meta property=\"article:publisher\" content=\"https:\/\/www.facebook.com\/press07\/\" \/>\n<meta property=\"article:author\" content=\"https:\/\/www.facebook.com\/kafexhiu.muharrem\/\" \/>\n<meta property=\"article:published_time\" content=\"2023-02-15T14:11:34+00:00\" \/>\n<meta property=\"og:image\" content=\"https:\/\/permbledhja.com\/wp-content\/uploads\/2023\/02\/BeFunky-collage-2023-02-15T143517.162-scaled-1.jpg\" \/>\n\t<meta property=\"og:image:width\" content=\"2560\" \/>\n\t<meta property=\"og:image:height\" content=\"1696\" \/>\n\t<meta property=\"og:image:type\" content=\"image\/jpeg\" \/>\n<meta name=\"author\" content=\"P\u00ebrmbledhja\" \/>\n<meta name=\"twitter:card\" content=\"summary_large_image\" \/>\n<meta name=\"twitter:label1\" content=\"Written by\" \/>\n\t<meta name=\"twitter:data1\" content=\"P\u00ebrmbledhja\" \/>\n\t<meta name=\"twitter:label2\" content=\"Est. reading time\" \/>\n\t<meta name=\"twitter:data2\" content=\"2 minuta\" \/>\n<script type=\"application\/ld+json\" class=\"yoast-schema-graph\">{\"@context\":\"https:\/\/schema.org\",\"@graph\":[{\"@type\":\"Article\",\"@id\":\"https:\/\/permbledhja.com\/letra-e-bidenit-per-vuciqin-pa-njohje-reciproke-kurti-nuk-e-kam-lexuar\/#article\",\"isPartOf\":{\"@id\":\"https:\/\/permbledhja.com\/letra-e-bidenit-per-vuciqin-pa-njohje-reciproke-kurti-nuk-e-kam-lexuar\/\"},\"author\":{\"name\":\"P\u00ebrmbledhja\",\"@id\":\"https:\/\/permbledhja.com\/#\/schema\/person\/0d064377258d3221e50693947b9eb4fe\"},\"headline\":\"Letra e Bidenit p\u00ebr Vu\u00e7iqin pa njohje reciproke, Kurti: Nuk e kam lexuar\",\"datePublished\":\"2023-02-15T14:11:34+00:00\",\"dateModified\":\"2023-02-15T14:11:34+00:00\",\"mainEntityOfPage\":{\"@id\":\"https:\/\/permbledhja.com\/letra-e-bidenit-per-vuciqin-pa-njohje-reciproke-kurti-nuk-e-kam-lexuar\/\"},\"wordCount\":396,\"publisher\":{\"@id\":\"https:\/\/permbledhja.com\/#organization\"},\"keywords\":[\"Biden\",\"Vu\u00e7iq\"],\"articleSection\":[\"Kryesoret\"],\"inLanguage\":\"sq\"},{\"@type\":\"WebPage\",\"@id\":\"https:\/\/permbledhja.com\/letra-e-bidenit-per-vuciqin-pa-njohje-reciproke-kurti-nuk-e-kam-lexuar\/\",\"url\":\"https:\/\/permbledhja.com\/letra-e-bidenit-per-vuciqin-pa-njohje-reciproke-kurti-nuk-e-kam-lexuar\/\",\"name\":\"Letra e Bidenit p\u00ebr Vu\u00e7iqin pa njohje reciproke, Kurti: Nuk e kam lexuar\",\"isPartOf\":{\"@id\":\"https:\/\/permbledhja.com\/#website\"},\"datePublished\":\"2023-02-15T14:11:34+00:00\",\"dateModified\":\"2023-02-15T14:11:34+00:00\",\"breadcrumb\":{\"@id\":\"https:\/\/permbledhja.com\/letra-e-bidenit-per-vuciqin-pa-njohje-reciproke-kurti-nuk-e-kam-lexuar\/#breadcrumb\"},\"inLanguage\":\"sq\",\"potentialAction\":[{\"@type\":\"ReadAction\",\"target\":[\"https:\/\/permbledhja.com\/letra-e-bidenit-per-vuciqin-pa-njohje-reciproke-kurti-nuk-e-kam-lexuar\/\"]}]},{\"@type\":\"BreadcrumbList\",\"@id\":\"https:\/\/permbledhja.com\/letra-e-bidenit-per-vuciqin-pa-njohje-reciproke-kurti-nuk-e-kam-lexuar\/#breadcrumb\",\"itemListElement\":[{\"@type\":\"ListItem\",\"position\":1,\"name\":\"Ballina\",\"item\":\"https:\/\/permbledhja.com\/sq\/\"},{\"@type\":\"ListItem\",\"position\":2,\"name\":\"Letra e Bidenit p\u00ebr Vu\u00e7iqin pa njohje reciproke, Kurti: Nuk e kam lexuar\"}]},{\"@type\":\"WebSite\",\"@id\":\"https:\/\/permbledhja.com\/#website\",\"url\":\"https:\/\/permbledhja.com\/\",\"name\":\"Ve\u00e7 artikuj p\u00ebrmbledh\u00ebs\",\"description\":\"\",\"publisher\":{\"@id\":\"https:\/\/permbledhja.com\/#organization\"},\"potentialAction\":[{\"@type\":\"SearchAction\",\"target\":{\"@type\":\"EntryPoint\",\"urlTemplate\":\"https:\/\/permbledhja.com\/?s={search_term_string}\"},\"query-input\":\"required name=search_term_string\"}],\"inLanguage\":\"sq\"},{\"@type\":\"Organization\",\"@id\":\"https:\/\/permbledhja.com\/#organization\",\"name\":\"MK Media & Pr\",\"url\":\"https:\/\/permbledhja.com\/\",\"logo\":{\"@type\":\"ImageObject\",\"inLanguage\":\"sq\",\"@id\":\"https:\/\/permbledhja.com\/#\/schema\/logo\/image\/\",\"url\":\"https:\/\/permbledhja.com\/wp-content\/uploads\/2021\/12\/07-Press-Logo.jpg\",\"contentUrl\":\"https:\/\/permbledhja.com\/wp-content\/uploads\/2021\/12\/07-Press-Logo.jpg\",\"width\":512,\"height\":512,\"caption\":\"MK Media & Pr\"},\"image\":{\"@id\":\"https:\/\/permbledhja.com\/#\/schema\/logo\/image\/\"},\"sameAs\":[\"https:\/\/www.facebook.com\/press07\/\"]},{\"@type\":\"Person\",\"@id\":\"https:\/\/permbledhja.com\/#\/schema\/person\/0d064377258d3221e50693947b9eb4fe\",\"name\":\"P\u00ebrmbledhja\",\"image\":{\"@type\":\"ImageObject\",\"inLanguage\":\"sq\",\"@id\":\"https:\/\/permbledhja.com\/#\/schema\/person\/image\/\",\"url\":\"https:\/\/permbledhja.com\/wp-content\/uploads\/2026\/01\/452004717_1040944174702970_8932037511805513407_n-96x96.jpg\",\"contentUrl\":\"https:\/\/permbledhja.com\/wp-content\/uploads\/2026\/01\/452004717_1040944174702970_8932037511805513407_n-96x96.jpg\",\"caption\":\"P\u00ebrmbledhja\"},\"sameAs\":[\"https:\/\/www.facebook.com\/kafexhiu.muharrem\/\",\"https:\/\/www.instagram.com\/muharrem_kafexhiu\/\"],\"url\":\"https:\/\/permbledhja.com\/sq\/author\/admin\/\"}]}<\/script>\n<!-- \/ Yoast SEO plugin. -->","yoast_head_json":{"title":"Letra e Bidenit p\u00ebr Vu\u00e7iqin pa njohje reciproke, Kurti: Nuk e kam lexuar","robots":{"index":"index","follow":"follow","max-snippet":"max-snippet:-1","max-image-preview":"max-image-preview:large","max-video-preview":"max-video-preview:-1"},"canonical":"https:\/\/permbledhja.com\/sq\/letra-e-bidenit-per-vuciqin-pa-njohje-reciproke-kurti-nuk-e-kam-lexuar\/","og_locale":"sq_AL","og_type":"article","og_title":"Letra e Bidenit p\u00ebr Vu\u00e7iqin pa njohje reciproke, Kurti: Nuk e kam lexuar","og_description":"Kryeministri i Kosov\u00ebs, Albin Kurti ka folur sot n\u00eb nj\u00eb konferenc\u00eb p\u00ebr media p\u00ebr nj\u00eb varg \u00e7\u00ebshtjesh aktuale politike. I pari i Qeveris\u00eb ka folur p\u00ebr gjasht\u00eb parimet e shprehur p\u00ebr Asociacionin, shkruan lajmi.net. \u201cAto gjasht\u00eb parime mund\u00ebsojn\u00eb q\u00eb Asociacioni t\u00eb mos jet\u00eb monotetnik dhe n\u00eb p\u00ebrputhje me Kushtetut\u00ebn, si dhe t\u00eb ket\u00eb reciprocitet t\u00eb [&hellip;]","og_url":"https:\/\/permbledhja.com\/sq\/letra-e-bidenit-per-vuciqin-pa-njohje-reciproke-kurti-nuk-e-kam-lexuar\/","og_site_name":"Ve\u00e7 artikuj p\u00ebrmbledh\u00ebs","article_publisher":"https:\/\/www.facebook.com\/press07\/","article_author":"https:\/\/www.facebook.com\/kafexhiu.muharrem\/","article_published_time":"2023-02-15T14:11:34+00:00","og_image":[{"width":2560,"height":1696,"url":"https:\/\/permbledhja.com\/wp-content\/uploads\/2023\/02\/BeFunky-collage-2023-02-15T143517.162-scaled-1.jpg","type":"image\/jpeg"}],"author":"P\u00ebrmbledhja","twitter_card":"summary_large_image","twitter_misc":{"Written by":"P\u00ebrmbledhja","Est. reading time":"2 minuta"},"schema":{"@context":"https:\/\/schema.org","@graph":[{"@type":"Article","@id":"https:\/\/permbledhja.com\/letra-e-bidenit-per-vuciqin-pa-njohje-reciproke-kurti-nuk-e-kam-lexuar\/#article","isPartOf":{"@id":"https:\/\/permbledhja.com\/letra-e-bidenit-per-vuciqin-pa-njohje-reciproke-kurti-nuk-e-kam-lexuar\/"},"author":{"name":"P\u00ebrmbledhja","@id":"https:\/\/permbledhja.com\/#\/schema\/person\/0d064377258d3221e50693947b9eb4fe"},"headline":"Letra e Bidenit p\u00ebr Vu\u00e7iqin pa njohje reciproke, Kurti: Nuk e kam lexuar","datePublished":"2023-02-15T14:11:34+00:00","dateModified":"2023-02-15T14:11:34+00:00","mainEntityOfPage":{"@id":"https:\/\/permbledhja.com\/letra-e-bidenit-per-vuciqin-pa-njohje-reciproke-kurti-nuk-e-kam-lexuar\/"},"wordCount":396,"publisher":{"@id":"https:\/\/permbledhja.com\/#organization"},"keywords":["Biden","Vu\u00e7iq"],"articleSection":["Kryesoret"],"inLanguage":"sq"},{"@type":"WebPage","@id":"https:\/\/permbledhja.com\/letra-e-bidenit-per-vuciqin-pa-njohje-reciproke-kurti-nuk-e-kam-lexuar\/","url":"https:\/\/permbledhja.com\/letra-e-bidenit-per-vuciqin-pa-njohje-reciproke-kurti-nuk-e-kam-lexuar\/","name":"Letra e Bidenit p\u00ebr Vu\u00e7iqin pa njohje reciproke, Kurti: Nuk e kam lexuar","isPartOf":{"@id":"https:\/\/permbledhja.com\/#website"},"datePublished":"2023-02-15T14:11:34+00:00","dateModified":"2023-02-15T14:11:34+00:00","breadcrumb":{"@id":"https:\/\/permbledhja.com\/letra-e-bidenit-per-vuciqin-pa-njohje-reciproke-kurti-nuk-e-kam-lexuar\/#breadcrumb"},"inLanguage":"sq","potentialAction":[{"@type":"ReadAction","target":["https:\/\/permbledhja.com\/letra-e-bidenit-per-vuciqin-pa-njohje-reciproke-kurti-nuk-e-kam-lexuar\/"]}]},{"@type":"BreadcrumbList","@id":"https:\/\/permbledhja.com\/letra-e-bidenit-per-vuciqin-pa-njohje-reciproke-kurti-nuk-e-kam-lexuar\/#breadcrumb","itemListElement":[{"@type":"ListItem","position":1,"name":"Ballina","item":"https:\/\/permbledhja.com\/sq\/"},{"@type":"ListItem","position":2,"name":"Letra e Bidenit p\u00ebr Vu\u00e7iqin pa njohje reciproke, Kurti: Nuk e kam lexuar"}]},{"@type":"WebSite","@id":"https:\/\/permbledhja.com\/#website","url":"https:\/\/permbledhja.com\/","name":"Ve\u00e7 artikuj p\u00ebrmbledh\u00ebs","description":"","publisher":{"@id":"https:\/\/permbledhja.com\/#organization"},"potentialAction":[{"@type":"SearchAction","target":{"@type":"EntryPoint","urlTemplate":"https:\/\/permbledhja.com\/?s={search_term_string}"},"query-input":"required name=search_term_string"}],"inLanguage":"sq"},{"@type":"Organization","@id":"https:\/\/permbledhja.com\/#organization","name":"MK Media & Pr","url":"https:\/\/permbledhja.com\/","logo":{"@type":"ImageObject","inLanguage":"sq","@id":"https:\/\/permbledhja.com\/#\/schema\/logo\/image\/","url":"https:\/\/permbledhja.com\/wp-content\/uploads\/2021\/12\/07-Press-Logo.jpg","contentUrl":"https:\/\/permbledhja.com\/wp-content\/uploads\/2021\/12\/07-Press-Logo.jpg","width":512,"height":512,"caption":"MK Media & Pr"},"image":{"@id":"https:\/\/permbledhja.com\/#\/schema\/logo\/image\/"},"sameAs":["https:\/\/www.facebook.com\/press07\/"]},{"@type":"Person","@id":"https:\/\/permbledhja.com\/#\/schema\/person\/0d064377258d3221e50693947b9eb4fe","name":"P\u00ebrmbledhja","image":{"@type":"ImageObject","inLanguage":"sq","@id":"https:\/\/permbledhja.com\/#\/schema\/person\/image\/","url":"https:\/\/permbledhja.com\/wp-content\/uploads\/2026\/01\/452004717_1040944174702970_8932037511805513407_n-96x96.jpg","contentUrl":"https:\/\/permbledhja.com\/wp-content\/uploads\/2026\/01\/452004717_1040944174702970_8932037511805513407_n-96x96.jpg","caption":"P\u00ebrmbledhja"},"sameAs":["https:\/\/www.facebook.com\/kafexhiu.muharrem\/","https:\/\/www.instagram.com\/muharrem_kafexhiu\/"],"url":"https:\/\/permbledhja.com\/sq\/author\/admin\/"}]}},"_links":{"self":[{"href":"https:\/\/permbledhja.com\/sq\/wp-json\/wp\/v2\/posts\/12044"}],"collection":[{"href":"https:\/\/permbledhja.com\/sq\/wp-json\/wp\/v2\/posts"}],"about":[{"href":"https:\/\/permbledhja.com\/sq\/wp-json\/wp\/v2\/types\/post"}],"author":[{"embeddable":true,"href":"https:\/\/permbledhja.com\/sq\/wp-json\/wp\/v2\/users\/1"}],"replies":[{"embeddable":true,"href":"https:\/\/permbledhja.com\/sq\/wp-json\/wp\/v2\/comments?post=12044"}],"version-history":[{"count":2,"href":"https:\/\/permbledhja.com\/sq\/wp-json\/wp\/v2\/posts\/12044\/revisions"}],"predecessor-version":[{"id":12047,"href":"https:\/\/permbledhja.com\/sq\/wp-json\/wp\/v2\/posts\/12044\/revisions\/12047"}],"wp:featuredmedia":[{"embeddable":true,"href":"https:\/\/permbledhja.com\/sq\/wp-json\/wp\/v2\/media\/12045"}],"wp:attachment":[{"href":"https:\/\/permbledhja.com\/sq\/wp-json\/wp\/v2\/media?parent=12044"}],"wp:term":[{"taxonomy":"category","embeddable":true,"href":"https:\/\/permbledhja.com\/sq\/wp-json\/wp\/v2\/categories?post=12044"},{"taxonomy":"post_tag","embeddable":true,"href":"https:\/\/permbledhja.com\/sq\/wp-json\/wp\/v2\/tags?post=12044"}],"curies":[{"name":"wp","href":"https:\/\/api.w.org\/{rel}","templated":true}]}}