{"id":11892,"date":"2023-02-04T08:55:36","date_gmt":"2023-02-04T08:55:36","guid":{"rendered":"https:\/\/permbledhja.com\/?p=11892"},"modified":"2023-02-04T08:55:36","modified_gmt":"2023-02-04T08:55:36","slug":"rreth-700-infermiere-kerkuan-vertetime-per-tu-larguar-nga-kosova-7-here-me-shume-se-me-2021","status":"publish","type":"post","link":"https:\/\/permbledhja.com\/sq\/rreth-700-infermiere-kerkuan-vertetime-per-tu-larguar-nga-kosova-7-here-me-shume-se-me-2021\/","title":{"rendered":"Rreth 700 infermier\u00eb k\u00ebrkuan v\u00ebrtetime p\u00ebr t\u2019u larguar nga Kosova, 7 her\u00eb m\u00eb shum\u00eb se m\u00eb 2021"},"content":{"rendered":"<p>687 infermier\u00eb kan\u00eb k\u00ebrkuar v\u00ebrtetime nga Oda e Infermier\u00ebve t\u00eb Kosov\u00ebs p\u00ebr emigrim vet\u00ebm n\u00eb vitin 2022. Krahasuar me vitin 2021, ky num\u00ebr \u00ebsht\u00eb shtat\u00eb fishuar.<\/p>\n<p>Kryetari i OIK-ut, Naser Rrustemi, ka th\u00ebn\u00eb se krahasuar me vitin 2021, ky num\u00ebr \u00ebsht\u00eb goxha i madh. Ai ka pasur kritika ndaj institucioneve, t\u00eb cil\u00ebt sipas tij nuk po nd\u00ebrmarrin asgj\u00eb p\u00ebr ta ndaluar k\u00ebt\u00eb dukuri.<\/p>\n<p>Ai ka folur edhe p\u00ebr kushtet q\u00eb infermier\u00ebt i kan\u00eb n\u00eb QKUK dhe spitalet e p\u00ebrgjithshme, si dhe p\u00ebr mbylljen e zyr\u00ebs p\u00ebr infermier\u00eb nga ish-drejtoresha Pranvera Zejnullahu-Raci.<\/p>\n<p>Rrustemi ka th\u00ebn\u00eb se \u00e7do dit\u00eb infermier\u00eb k\u00ebrkojn\u00eb certifikat\u00eb q\u00eb nuk kan\u00eb shkelje t\u00eb kodit etik, q\u00eb u sh\u00ebrben p\u00ebr pun\u00ebsim jasht\u00eb shtetit.<\/p>\n<p>\u201cSa i p\u00ebrket numrit t\u00eb infermier\u00ebve ky num\u00ebr mund t\u00eb jet\u00eb shum\u00eb fish m\u00eb i madh mir\u00ebpo n\u00eb baz\u00eb t\u00eb asaj q\u00eb jan\u00eb t\u00eb sakt\u00eb q\u00eb vijn\u00eb te na k\u00ebrkojn\u00eb nj\u00eb v\u00ebrtetim q\u00eb s\u2019ka shkelje t\u00eb kodit etik por nj\u00ebkoh\u00ebsisht edhe sa i p\u00ebrket licenc\u00ebs t\u00eb cil\u00ebn e k\u00ebrkojn\u00eb t\u00eb nostrifikume p\u00ebr 2022-\u00ebn jan\u00eb 687 infermier\u00eb. Me krahasua me vitin 2021 dometh\u00ebn\u00eb \u00ebsht\u00eb 7 fish m\u00eb i madh ky num\u00ebr \u00ebsht\u00eb shum\u00eb shum\u00eb fish m\u00eb i madh p\u00ebr arsye se ju e dini se edhe kompanit\u00eb e ndryshme edhe njer\u00ebz privat edhe p\u00ebrmes kolegjeve edhe formave t\u00eb ndryshme shkojn\u00eb jasht\u00eb edhe ky num\u00ebr m\u00eb i madh \u00ebsht\u00eb 60 p\u00ebr qind, mir\u00ebpo po e jap t\u00eb sakt\u00ebn t\u00eb cil\u00ebn e kemi ne p\u00ebr \u00e7do dit\u00eb \u00e7do kush q\u00eb k\u00ebrkon un\u00eb e fotokopjoj edhe e l\u00eb t\u00eb sakt\u00eb p\u00ebr me e dit\u00eb numrin e k\u00ebtyre t\u00eb ikurve\u201d, u shpreh Rrustemi.<\/p>\n<p>Tutje ai ka th\u00ebn\u00eb se as Ligji i Pagave nuk do ta ndaloj\u00eb k\u00ebt\u00eb dukuri. Thot\u00eb, se nuk \u00ebsht\u00eb pag\u00eb e dinjitetshme.<\/p>\n<p>\u201cFatkeq\u00ebsisht \u00ebsht\u00eb edhe me t\u00eb madhe edhe tash pavar\u00ebsisht se \u00e7ka do t\u00eb bahet me ligjin e pagave q\u00eb ve\u00e7 dje erdh ajo vlera e koeficientit nuk do t\u00eb mendon fare edhe n\u00ebse u\u2019a b\u00ebn\u00eb 1500 euro ka infermier q\u00eb as nuk duan t\u00eb d\u00ebgjojn\u00eb por ata jan\u00eb t\u00eb detyruar t\u00eb largohen nga Kosova dhe t\u00eb shkojn\u00eb t\u00eb punojn\u00eb n\u00eb vende t\u00eb treta\u201d, u shpreh tutje Rrustemi.<\/p>\n<p>\u201cN\u00eb momentin kur e kryejn\u00eb dhe e marrin nj\u00eb licenc\u00eb, k\u00ebta nuk mendojn\u00eb t\u00eb pun\u00ebsohen qoft\u00eb n\u00eb institucione private qoft\u00eb t\u00eb shtetit por vet\u00ebm t\u00eb migrojn\u00eb jasht\u00eb por kjo \u00ebsht\u00eb shqet\u00ebsuese p\u00ebr neve dhe do t\u00eb jet\u00eb shqet\u00ebsuese p\u00ebr t\u00eb gjith\u00eb ata t\u00eb cil\u00ebt normal kan\u00eb obligime q\u00eb ta ken\u00eb nj\u00eb pag\u00eb t\u00eb dinjiteteshme t\u00eb ken\u00eb kushte m\u00eb t\u00eb mira t\u00eb pun\u00ebs t\u00eb ken\u00eb p\u00ebrgjegj\u00ebsi edhe t\u00eb ken\u00eb kompetenca n\u00eb kryerje t\u00eb profesionit t\u00eb tyre\u201d, tha ai, teksa kritikoi organet e ShSKUK-s\u00eb p\u00ebr mbyllje t\u00eb zyr\u00ebs s\u00eb infermieris\u00eb.<\/p>\n<p>P\u00ebr k\u00ebt\u00eb, Rrustemi tha se infermier\u00ebt jan\u00eb t\u00eb diskriminuar n\u00eb QKUK.<\/p>\n<p>\u201cEdhe k\u00ebtu ka shkelje pik\u00ebrisht n\u00eb SHSUK nuk din ku e ka der\u00ebn nj\u00eb infermier me trokit p\u00ebr \u00e7\u00ebshtje t\u00eb veta e mos t\u00eb flas sa e sa student\u00eb t\u00eb tjer\u00eb t\u00eb cil\u00ebt jan\u00eb t\u00eb preokupuar sepse ka qen\u00eb nj\u00eb drejtoresh e infermieris\u00eb n\u00eb zyr\u00eb, nuk \u00ebsht\u00eb me r\u00ebnd\u00ebsi emri kush ka qen\u00eb aty por institucioni duhet t\u00eb ket\u00eb. Jan\u00eb 2500 infermier\u00eb e ma tep\u00ebr edhe personel tjer\u00eb sh\u00ebndet\u00ebsor dhe nuk kan\u00eb drejtor dhe kjo \u00ebsht\u00eb shqet\u00ebsuese. Infermieria \u00ebsht\u00eb e diskriminuar dhe jam i bindur q\u00eb \u00ebsht\u00eb e diskriminume p\u00ebr arsye se ata e kan\u00eb nj\u00eb kontrat\u00eb edhe kryeinfermieri i klinik\u00ebs edhe kryeinfermier\u00ebt e reparteve edhe infermier\u00ebt edhe ata mbi baza se kontrat\u00ebn normal q\u00eb e kryen pun\u00eb dhe kompetencat q\u00eb i kan\u00eb\u201d, tha ai.\/Ekonomia Online\/<\/p>\n","protected":false},"excerpt":{"rendered":"<p>687 infermier\u00eb kan\u00eb k\u00ebrkuar v\u00ebrtetime nga Oda e Infermier\u00ebve t\u00eb Kosov\u00ebs p\u00ebr emigrim vet\u00ebm n\u00eb vitin 2022. Krahasuar me vitin 2021, ky num\u00ebr \u00ebsht\u00eb shtat\u00eb fishuar. Kryetari i OIK-ut, Naser Rrustemi, ka th\u00ebn\u00eb se krahasuar me vitin 2021, ky num\u00ebr \u00ebsht\u00eb goxha i madh. Ai ka pasur kritika ndaj institucioneve, t\u00eb cil\u00ebt sipas tij nuk [&hellip;]<\/p>\n","protected":false},"author":1,"featured_media":11893,"comment_status":"closed","ping_status":"closed","sticky":false,"template":"","format":"standard","meta":{"_monsterinsights_skip_tracking":false,"_monsterinsights_sitenote_active":false,"_monsterinsights_sitenote_note":"","_monsterinsights_sitenote_category":0,"_uf_show_specific_survey":0,"_uf_disable_surveys":false,"footnotes":""},"categories":[1146],"tags":[1397],"yoast_head":"<!-- This site is optimized with the Yoast SEO plugin v21.5 - https:\/\/yoast.com\/wordpress\/plugins\/seo\/ -->\n<title>Rreth 700 infermier\u00eb k\u00ebrkuan v\u00ebrtetime p\u00ebr t\u2019u larguar nga Kosova, 7 her\u00eb m\u00eb shum\u00eb se m\u00eb 2021<\/title>\n<meta name=\"robots\" content=\"index, follow, max-snippet:-1, max-image-preview:large, max-video-preview:-1\" \/>\n<link rel=\"canonical\" href=\"https:\/\/permbledhja.com\/sq\/rreth-700-infermiere-kerkuan-vertetime-per-tu-larguar-nga-kosova-7-here-me-shume-se-me-2021\/\" \/>\n<meta property=\"og:locale\" content=\"sq_AL\" \/>\n<meta property=\"og:type\" content=\"article\" \/>\n<meta property=\"og:title\" content=\"Rreth 700 infermier\u00eb k\u00ebrkuan v\u00ebrtetime p\u00ebr t\u2019u larguar nga Kosova, 7 her\u00eb m\u00eb shum\u00eb se m\u00eb 2021\" \/>\n<meta property=\"og:description\" content=\"687 infermier\u00eb kan\u00eb k\u00ebrkuar v\u00ebrtetime nga Oda e Infermier\u00ebve t\u00eb Kosov\u00ebs p\u00ebr emigrim vet\u00ebm n\u00eb vitin 2022. Krahasuar me vitin 2021, ky num\u00ebr \u00ebsht\u00eb shtat\u00eb fishuar. Kryetari i OIK-ut, Naser Rrustemi, ka th\u00ebn\u00eb se krahasuar me vitin 2021, ky num\u00ebr \u00ebsht\u00eb goxha i madh. Ai ka pasur kritika ndaj institucioneve, t\u00eb cil\u00ebt sipas tij nuk [&hellip;]\" \/>\n<meta property=\"og:url\" content=\"https:\/\/permbledhja.com\/sq\/rreth-700-infermiere-kerkuan-vertetime-per-tu-larguar-nga-kosova-7-here-me-shume-se-me-2021\/\" \/>\n<meta property=\"og:site_name\" content=\"Ve\u00e7 artikuj p\u00ebrmbledh\u00ebs\" \/>\n<meta property=\"article:publisher\" content=\"https:\/\/www.facebook.com\/press07\/\" \/>\n<meta property=\"article:author\" content=\"https:\/\/www.facebook.com\/kafexhiu.muharrem\/\" \/>\n<meta property=\"article:published_time\" content=\"2023-02-04T08:55:36+00:00\" \/>\n<meta property=\"og:image\" content=\"https:\/\/permbledhja.com\/wp-content\/uploads\/2023\/02\/infermiere.png\" \/>\n\t<meta property=\"og:image:width\" content=\"827\" \/>\n\t<meta property=\"og:image:height\" content=\"422\" \/>\n\t<meta property=\"og:image:type\" content=\"image\/png\" \/>\n<meta name=\"author\" content=\"P\u00ebrmbledhja\" \/>\n<meta name=\"twitter:card\" content=\"summary_large_image\" \/>\n<meta name=\"twitter:label1\" content=\"Written by\" \/>\n\t<meta name=\"twitter:data1\" content=\"P\u00ebrmbledhja\" \/>\n\t<meta name=\"twitter:label2\" content=\"Est. reading time\" \/>\n\t<meta name=\"twitter:data2\" content=\"3 minuta\" \/>\n<script type=\"application\/ld+json\" class=\"yoast-schema-graph\">{\"@context\":\"https:\/\/schema.org\",\"@graph\":[{\"@type\":\"Article\",\"@id\":\"https:\/\/permbledhja.com\/sq\/rreth-700-infermiere-kerkuan-vertetime-per-tu-larguar-nga-kosova-7-here-me-shume-se-me-2021\/#article\",\"isPartOf\":{\"@id\":\"https:\/\/permbledhja.com\/sq\/rreth-700-infermiere-kerkuan-vertetime-per-tu-larguar-nga-kosova-7-here-me-shume-se-me-2021\/\"},\"author\":{\"name\":\"P\u00ebrmbledhja\",\"@id\":\"https:\/\/permbledhja.com\/#\/schema\/person\/0d064377258d3221e50693947b9eb4fe\"},\"headline\":\"Rreth 700 infermier\u00eb k\u00ebrkuan v\u00ebrtetime p\u00ebr t\u2019u larguar nga Kosova, 7 her\u00eb m\u00eb shum\u00eb se m\u00eb 2021\",\"datePublished\":\"2023-02-04T08:55:36+00:00\",\"dateModified\":\"2023-02-04T08:55:36+00:00\",\"mainEntityOfPage\":{\"@id\":\"https:\/\/permbledhja.com\/sq\/rreth-700-infermiere-kerkuan-vertetime-per-tu-larguar-nga-kosova-7-here-me-shume-se-me-2021\/\"},\"wordCount\":678,\"publisher\":{\"@id\":\"https:\/\/permbledhja.com\/#organization\"},\"keywords\":[\"Infermier\u00eb\"],\"articleSection\":[\"Kryesoret\"],\"inLanguage\":\"sq\"},{\"@type\":\"WebPage\",\"@id\":\"https:\/\/permbledhja.com\/sq\/rreth-700-infermiere-kerkuan-vertetime-per-tu-larguar-nga-kosova-7-here-me-shume-se-me-2021\/\",\"url\":\"https:\/\/permbledhja.com\/sq\/rreth-700-infermiere-kerkuan-vertetime-per-tu-larguar-nga-kosova-7-here-me-shume-se-me-2021\/\",\"name\":\"Rreth 700 infermier\u00eb k\u00ebrkuan v\u00ebrtetime p\u00ebr t\u2019u larguar nga Kosova, 7 her\u00eb m\u00eb shum\u00eb se m\u00eb 2021\",\"isPartOf\":{\"@id\":\"https:\/\/permbledhja.com\/#website\"},\"datePublished\":\"2023-02-04T08:55:36+00:00\",\"dateModified\":\"2023-02-04T08:55:36+00:00\",\"breadcrumb\":{\"@id\":\"https:\/\/permbledhja.com\/sq\/rreth-700-infermiere-kerkuan-vertetime-per-tu-larguar-nga-kosova-7-here-me-shume-se-me-2021\/#breadcrumb\"},\"inLanguage\":\"sq\",\"potentialAction\":[{\"@type\":\"ReadAction\",\"target\":[\"https:\/\/permbledhja.com\/sq\/rreth-700-infermiere-kerkuan-vertetime-per-tu-larguar-nga-kosova-7-here-me-shume-se-me-2021\/\"]}]},{\"@type\":\"BreadcrumbList\",\"@id\":\"https:\/\/permbledhja.com\/sq\/rreth-700-infermiere-kerkuan-vertetime-per-tu-larguar-nga-kosova-7-here-me-shume-se-me-2021\/#breadcrumb\",\"itemListElement\":[{\"@type\":\"ListItem\",\"position\":1,\"name\":\"Ballina\",\"item\":\"https:\/\/permbledhja.com\/sq\/\"},{\"@type\":\"ListItem\",\"position\":2,\"name\":\"Rreth 700 infermier\u00eb k\u00ebrkuan v\u00ebrtetime p\u00ebr t\u2019u larguar nga Kosova, 7 her\u00eb m\u00eb shum\u00eb se m\u00eb 2021\"}]},{\"@type\":\"WebSite\",\"@id\":\"https:\/\/permbledhja.com\/#website\",\"url\":\"https:\/\/permbledhja.com\/\",\"name\":\"Ve\u00e7 artikuj p\u00ebrmbledh\u00ebs\",\"description\":\"\",\"publisher\":{\"@id\":\"https:\/\/permbledhja.com\/#organization\"},\"potentialAction\":[{\"@type\":\"SearchAction\",\"target\":{\"@type\":\"EntryPoint\",\"urlTemplate\":\"https:\/\/permbledhja.com\/?s={search_term_string}\"},\"query-input\":\"required name=search_term_string\"}],\"inLanguage\":\"sq\"},{\"@type\":\"Organization\",\"@id\":\"https:\/\/permbledhja.com\/#organization\",\"name\":\"MK Media & Pr\",\"url\":\"https:\/\/permbledhja.com\/\",\"logo\":{\"@type\":\"ImageObject\",\"inLanguage\":\"sq\",\"@id\":\"https:\/\/permbledhja.com\/#\/schema\/logo\/image\/\",\"url\":\"https:\/\/permbledhja.com\/wp-content\/uploads\/2021\/12\/07-Press-Logo.jpg\",\"contentUrl\":\"https:\/\/permbledhja.com\/wp-content\/uploads\/2021\/12\/07-Press-Logo.jpg\",\"width\":512,\"height\":512,\"caption\":\"MK Media & Pr\"},\"image\":{\"@id\":\"https:\/\/permbledhja.com\/#\/schema\/logo\/image\/\"},\"sameAs\":[\"https:\/\/www.facebook.com\/press07\/\"]},{\"@type\":\"Person\",\"@id\":\"https:\/\/permbledhja.com\/#\/schema\/person\/0d064377258d3221e50693947b9eb4fe\",\"name\":\"P\u00ebrmbledhja\",\"image\":{\"@type\":\"ImageObject\",\"inLanguage\":\"sq\",\"@id\":\"https:\/\/permbledhja.com\/#\/schema\/person\/image\/\",\"url\":\"https:\/\/permbledhja.com\/wp-content\/uploads\/2026\/01\/452004717_1040944174702970_8932037511805513407_n-96x96.jpg\",\"contentUrl\":\"https:\/\/permbledhja.com\/wp-content\/uploads\/2026\/01\/452004717_1040944174702970_8932037511805513407_n-96x96.jpg\",\"caption\":\"P\u00ebrmbledhja\"},\"sameAs\":[\"https:\/\/www.facebook.com\/kafexhiu.muharrem\/\",\"https:\/\/www.instagram.com\/muharrem_kafexhiu\/\"],\"url\":\"https:\/\/permbledhja.com\/sq\/author\/admin\/\"}]}<\/script>\n<!-- \/ Yoast SEO plugin. -->","yoast_head_json":{"title":"Rreth 700 infermier\u00eb k\u00ebrkuan v\u00ebrtetime p\u00ebr t\u2019u larguar nga Kosova, 7 her\u00eb m\u00eb shum\u00eb se m\u00eb 2021","robots":{"index":"index","follow":"follow","max-snippet":"max-snippet:-1","max-image-preview":"max-image-preview:large","max-video-preview":"max-video-preview:-1"},"canonical":"https:\/\/permbledhja.com\/sq\/rreth-700-infermiere-kerkuan-vertetime-per-tu-larguar-nga-kosova-7-here-me-shume-se-me-2021\/","og_locale":"sq_AL","og_type":"article","og_title":"Rreth 700 infermier\u00eb k\u00ebrkuan v\u00ebrtetime p\u00ebr t\u2019u larguar nga Kosova, 7 her\u00eb m\u00eb shum\u00eb se m\u00eb 2021","og_description":"687 infermier\u00eb kan\u00eb k\u00ebrkuar v\u00ebrtetime nga Oda e Infermier\u00ebve t\u00eb Kosov\u00ebs p\u00ebr emigrim vet\u00ebm n\u00eb vitin 2022. Krahasuar me vitin 2021, ky num\u00ebr \u00ebsht\u00eb shtat\u00eb fishuar. Kryetari i OIK-ut, Naser Rrustemi, ka th\u00ebn\u00eb se krahasuar me vitin 2021, ky num\u00ebr \u00ebsht\u00eb goxha i madh. Ai ka pasur kritika ndaj institucioneve, t\u00eb cil\u00ebt sipas tij nuk [&hellip;]","og_url":"https:\/\/permbledhja.com\/sq\/rreth-700-infermiere-kerkuan-vertetime-per-tu-larguar-nga-kosova-7-here-me-shume-se-me-2021\/","og_site_name":"Ve\u00e7 artikuj p\u00ebrmbledh\u00ebs","article_publisher":"https:\/\/www.facebook.com\/press07\/","article_author":"https:\/\/www.facebook.com\/kafexhiu.muharrem\/","article_published_time":"2023-02-04T08:55:36+00:00","og_image":[{"width":827,"height":422,"url":"https:\/\/permbledhja.com\/wp-content\/uploads\/2023\/02\/infermiere.png","type":"image\/png"}],"author":"P\u00ebrmbledhja","twitter_card":"summary_large_image","twitter_misc":{"Written by":"P\u00ebrmbledhja","Est. reading time":"3 minuta"},"schema":{"@context":"https:\/\/schema.org","@graph":[{"@type":"Article","@id":"https:\/\/permbledhja.com\/sq\/rreth-700-infermiere-kerkuan-vertetime-per-tu-larguar-nga-kosova-7-here-me-shume-se-me-2021\/#article","isPartOf":{"@id":"https:\/\/permbledhja.com\/sq\/rreth-700-infermiere-kerkuan-vertetime-per-tu-larguar-nga-kosova-7-here-me-shume-se-me-2021\/"},"author":{"name":"P\u00ebrmbledhja","@id":"https:\/\/permbledhja.com\/#\/schema\/person\/0d064377258d3221e50693947b9eb4fe"},"headline":"Rreth 700 infermier\u00eb k\u00ebrkuan v\u00ebrtetime p\u00ebr t\u2019u larguar nga Kosova, 7 her\u00eb m\u00eb shum\u00eb se m\u00eb 2021","datePublished":"2023-02-04T08:55:36+00:00","dateModified":"2023-02-04T08:55:36+00:00","mainEntityOfPage":{"@id":"https:\/\/permbledhja.com\/sq\/rreth-700-infermiere-kerkuan-vertetime-per-tu-larguar-nga-kosova-7-here-me-shume-se-me-2021\/"},"wordCount":678,"publisher":{"@id":"https:\/\/permbledhja.com\/#organization"},"keywords":["Infermier\u00eb"],"articleSection":["Kryesoret"],"inLanguage":"sq"},{"@type":"WebPage","@id":"https:\/\/permbledhja.com\/sq\/rreth-700-infermiere-kerkuan-vertetime-per-tu-larguar-nga-kosova-7-here-me-shume-se-me-2021\/","url":"https:\/\/permbledhja.com\/sq\/rreth-700-infermiere-kerkuan-vertetime-per-tu-larguar-nga-kosova-7-here-me-shume-se-me-2021\/","name":"Rreth 700 infermier\u00eb k\u00ebrkuan v\u00ebrtetime p\u00ebr t\u2019u larguar nga Kosova, 7 her\u00eb m\u00eb shum\u00eb se m\u00eb 2021","isPartOf":{"@id":"https:\/\/permbledhja.com\/#website"},"datePublished":"2023-02-04T08:55:36+00:00","dateModified":"2023-02-04T08:55:36+00:00","breadcrumb":{"@id":"https:\/\/permbledhja.com\/sq\/rreth-700-infermiere-kerkuan-vertetime-per-tu-larguar-nga-kosova-7-here-me-shume-se-me-2021\/#breadcrumb"},"inLanguage":"sq","potentialAction":[{"@type":"ReadAction","target":["https:\/\/permbledhja.com\/sq\/rreth-700-infermiere-kerkuan-vertetime-per-tu-larguar-nga-kosova-7-here-me-shume-se-me-2021\/"]}]},{"@type":"BreadcrumbList","@id":"https:\/\/permbledhja.com\/sq\/rreth-700-infermiere-kerkuan-vertetime-per-tu-larguar-nga-kosova-7-here-me-shume-se-me-2021\/#breadcrumb","itemListElement":[{"@type":"ListItem","position":1,"name":"Ballina","item":"https:\/\/permbledhja.com\/sq\/"},{"@type":"ListItem","position":2,"name":"Rreth 700 infermier\u00eb k\u00ebrkuan v\u00ebrtetime p\u00ebr t\u2019u larguar nga Kosova, 7 her\u00eb m\u00eb shum\u00eb se m\u00eb 2021"}]},{"@type":"WebSite","@id":"https:\/\/permbledhja.com\/#website","url":"https:\/\/permbledhja.com\/","name":"Ve\u00e7 artikuj p\u00ebrmbledh\u00ebs","description":"","publisher":{"@id":"https:\/\/permbledhja.com\/#organization"},"potentialAction":[{"@type":"SearchAction","target":{"@type":"EntryPoint","urlTemplate":"https:\/\/permbledhja.com\/?s={search_term_string}"},"query-input":"required name=search_term_string"}],"inLanguage":"sq"},{"@type":"Organization","@id":"https:\/\/permbledhja.com\/#organization","name":"MK Media & Pr","url":"https:\/\/permbledhja.com\/","logo":{"@type":"ImageObject","inLanguage":"sq","@id":"https:\/\/permbledhja.com\/#\/schema\/logo\/image\/","url":"https:\/\/permbledhja.com\/wp-content\/uploads\/2021\/12\/07-Press-Logo.jpg","contentUrl":"https:\/\/permbledhja.com\/wp-content\/uploads\/2021\/12\/07-Press-Logo.jpg","width":512,"height":512,"caption":"MK Media & Pr"},"image":{"@id":"https:\/\/permbledhja.com\/#\/schema\/logo\/image\/"},"sameAs":["https:\/\/www.facebook.com\/press07\/"]},{"@type":"Person","@id":"https:\/\/permbledhja.com\/#\/schema\/person\/0d064377258d3221e50693947b9eb4fe","name":"P\u00ebrmbledhja","image":{"@type":"ImageObject","inLanguage":"sq","@id":"https:\/\/permbledhja.com\/#\/schema\/person\/image\/","url":"https:\/\/permbledhja.com\/wp-content\/uploads\/2026\/01\/452004717_1040944174702970_8932037511805513407_n-96x96.jpg","contentUrl":"https:\/\/permbledhja.com\/wp-content\/uploads\/2026\/01\/452004717_1040944174702970_8932037511805513407_n-96x96.jpg","caption":"P\u00ebrmbledhja"},"sameAs":["https:\/\/www.facebook.com\/kafexhiu.muharrem\/","https:\/\/www.instagram.com\/muharrem_kafexhiu\/"],"url":"https:\/\/permbledhja.com\/sq\/author\/admin\/"}]}},"_links":{"self":[{"href":"https:\/\/permbledhja.com\/sq\/wp-json\/wp\/v2\/posts\/11892"}],"collection":[{"href":"https:\/\/permbledhja.com\/sq\/wp-json\/wp\/v2\/posts"}],"about":[{"href":"https:\/\/permbledhja.com\/sq\/wp-json\/wp\/v2\/types\/post"}],"author":[{"embeddable":true,"href":"https:\/\/permbledhja.com\/sq\/wp-json\/wp\/v2\/users\/1"}],"replies":[{"embeddable":true,"href":"https:\/\/permbledhja.com\/sq\/wp-json\/wp\/v2\/comments?post=11892"}],"version-history":[{"count":1,"href":"https:\/\/permbledhja.com\/sq\/wp-json\/wp\/v2\/posts\/11892\/revisions"}],"predecessor-version":[{"id":11894,"href":"https:\/\/permbledhja.com\/sq\/wp-json\/wp\/v2\/posts\/11892\/revisions\/11894"}],"wp:featuredmedia":[{"embeddable":true,"href":"https:\/\/permbledhja.com\/sq\/wp-json\/wp\/v2\/media\/11893"}],"wp:attachment":[{"href":"https:\/\/permbledhja.com\/sq\/wp-json\/wp\/v2\/media?parent=11892"}],"wp:term":[{"taxonomy":"category","embeddable":true,"href":"https:\/\/permbledhja.com\/sq\/wp-json\/wp\/v2\/categories?post=11892"},{"taxonomy":"post_tag","embeddable":true,"href":"https:\/\/permbledhja.com\/sq\/wp-json\/wp\/v2\/tags?post=11892"}],"curies":[{"name":"wp","href":"https:\/\/api.w.org\/{rel}","templated":true}]}}