{"id":11847,"date":"2023-01-31T15:30:52","date_gmt":"2023-01-31T15:30:52","guid":{"rendered":"https:\/\/permbledhja.com\/?p=11847"},"modified":"2023-01-31T15:31:10","modified_gmt":"2023-01-31T15:31:10","slug":"hovenier-per-asociacionin-urgjente-e-shume-e-rendesishme","status":"publish","type":"post","link":"https:\/\/permbledhja.com\/sq\/hovenier-per-asociacionin-urgjente-e-shume-e-rendesishme\/","title":{"rendered":"Hovenier p\u00ebr Asociacionin: Urgjente e shum\u00eb e r\u00ebnd\u00ebsishme"},"content":{"rendered":"<p><strong>Ka p\u00ebrfunduar tashm\u00eb takimi p\u00ebr modalitetet e themelimit t\u00eb Asociacionit i organizuar n\u00eb Ambasad\u00ebn e ShBA-ve n\u00eb Prishtin\u00eb.<\/strong><\/p>\n<p>Ambasadori amerikan Jeff Hovenier ka dalur me nj\u00eb deklarat\u00eb pas takimit, ku potencoi se Asociacioni nuk do t\u00eb jet\u00eb nj\u00eb \u201cRepublika Srrpska\u201d por q\u00eb n\u00eb p\u00ebrputhje me Kushtetut\u00ebn, ai duhet t\u00eb themelohet sa m\u00eb shpejt.<\/p>\n<p>\u201cDisa zyrtar\u00eb t\u00eb lart\u00eb t\u00eb SHBA-s\u00eb e kan\u00eb qart\u00ebsuar. Dhe un\u00eb dua t\u00eb jem shum\u00eb i qart\u00eb p\u00ebr pozit\u00ebn e SHBA-s\u00eb. Ne nuk mb\u00ebshtesim ndonj\u00eb angazhim q\u00eb \u00ebsht\u00eb n\u00eb kund\u00ebrshtim me Kushtetut\u00ebn e Kosov\u00ebs dhe q\u00eb s\u2019\u00ebsht\u00eb n\u00eb p\u00ebrputhje me vendimin e vitit 2015 t\u00eb Gjykat\u00ebs Kushtetuese apo q\u00eb do t\u00eb k\u00ebrc\u00ebnoj\u00eb sovranitetin e Kosov\u00ebs, pavar\u00ebsin\u00eb, karakterin multi-etnik apo institucionet demokratike.<\/p>\n<p>N\u00eb kund\u00ebrshtojm\u00eb fuqish\u00ebm krijimin e ndonj\u00eb etniteti q\u00eb ngjan me \u201cRepublika Srpskan\u201d n\u00eb Bosnje e Hercegovin\u00eb\u201d, &#8211; ka th\u00ebn\u00eb Hovenier.<\/p>\n<p>Ai tutje ka th\u00ebn\u00eb se SHBA-ja pret nga Qeveria e Kosov\u00ebs q\u00eb t\u00eb ndaj\u00eb vizionin e saj p\u00ebr Asociacionin, nj\u00eb Asociacion q\u00eb Kosova mendon se mbron t\u00eb ardhmen e Kosov\u00ebs si shtet demokratik, e multi-etnik. \u201cK\u00ebrkojm\u00eb nga Qeveria e Kosov\u00ebs q\u00eb t\u00eb jap\u00eb vizionin e saj p\u00ebr Asociacionin, q\u00eb ajo beson se mbron t\u00eb ardhmen e Kosov\u00ebs si shtet multi-etnike, sovrane dhe demokratike dhe q\u00eb ofron t\u00eb drejtat p\u00ebr minoritetin n\u00eb p\u00ebrputhje me marr\u00ebveshjet e Brukselit dhe Kushtetut\u00ebn e Kosov\u00ebs\u201d, ka shtuar ambasadori Hovenier.<\/p>\n<p>Ambasadori tutje ka th\u00ebn\u00eb se formimi i Asociacionit \u00ebsht\u00eb urgjente dhe e r\u00ebnd\u00ebsishme.<\/p>\n<p>\u201cKjo \u00ebsht\u00eb urgjente dhe shum\u00eb e r\u00ebnd\u00ebsishme. Ne jemi t\u00eb gatsh\u00ebm q\u00eb t\u00eb japim ekspertiz\u00eb dhe p\u00ebrkrahjen politike q\u00eb t\u00eb sigurohemi q\u00eb kjo funksionon n\u00eb sh\u00ebrbimin m\u00eb t\u00eb mir\u00eb p\u00ebr t\u00eb gjith\u00eb kosovar\u00ebt\u201d, ka potencuar ai.<\/p>\n<p>I pari i Shteteve t\u00eb Bashkuara t\u00eb Amerik\u00ebs p\u00ebr Kosov\u00eb, m\u00eb tej \u00ebsht\u00eb shprehur se an\u00ebtar\u00ebt e Qeveris\u00eb kan\u00eb mund\u00ebsi t\u00eb marrin at\u00eb q\u00eb d\u00ebgjuan n\u00eb tryez\u00eb, e se shpreson q\u00eb ky diskutim t\u00eb inspiroj\u00eb n\u00eb themelimin e Asociacionit, duke potencuar se ShBA-t\u00eb do t\u00eb vazhdojn\u00eb t\u00eb q\u00ebndrojn\u00eb me Kosov\u00ebn si miq e aleat.<\/p>\n<p>\u201cAn\u00ebtar\u00ebt e Qeveris\u00eb tashm\u00eb kan\u00eb mund\u00ebsin\u00eb q\u00eb t\u00eb marrin \u00e7far\u00eb d\u00ebgjuan k\u00ebtu. Ne shpresojm\u00eb q\u00eb ky diskutim t\u00eb inspiroj\u00eb rinisjen e angazhimit p\u00ebr t\u00eb punuar drejt themelimit t\u00eb Asociacionit q\u00eb ne e konsiderojm\u00eb krucial derisa Kosova nd\u00ebrton t\u00eb ardhmen e saj si shtet demokratik, multi-etnik dhe shtet i pavarur q\u00eb \u00ebsht\u00eb plot\u00ebsisht i integruar n\u00eb Bashkim Evropian dhe strukturat euro-atlantike. SHBA-ja e ndan k\u00ebt\u00eb vizion me popullin e Kosov\u00ebs dhe do t\u00eb vazhdojm\u00eb t\u00eb q\u00ebndrojm\u00eb me ta si miq si aleat\u201d, ka p\u00ebrfunduar Hovenier.\/Nacionale<\/p>\n","protected":false},"excerpt":{"rendered":"<p>Ka p\u00ebrfunduar tashm\u00eb takimi p\u00ebr modalitetet e themelimit t\u00eb Asociacionit i organizuar n\u00eb Ambasad\u00ebn e ShBA-ve n\u00eb Prishtin\u00eb. Ambasadori amerikan Jeff Hovenier ka dalur me nj\u00eb deklarat\u00eb pas takimit, ku potencoi se Asociacioni nuk do t\u00eb jet\u00eb nj\u00eb \u201cRepublika Srrpska\u201d por q\u00eb n\u00eb p\u00ebrputhje me Kushtetut\u00ebn, ai duhet t\u00eb themelohet sa m\u00eb shpejt. \u201cDisa zyrtar\u00eb [&hellip;]<\/p>\n","protected":false},"author":1,"featured_media":11848,"comment_status":"closed","ping_status":"closed","sticky":false,"template":"","format":"standard","meta":{"_monsterinsights_skip_tracking":false,"_monsterinsights_sitenote_active":false,"_monsterinsights_sitenote_note":"","_monsterinsights_sitenote_category":0,"_uf_show_specific_survey":0,"_uf_disable_surveys":false,"footnotes":""},"categories":[1146],"tags":[51],"yoast_head":"<!-- This site is optimized with the Yoast SEO plugin v21.5 - https:\/\/yoast.com\/wordpress\/plugins\/seo\/ -->\n<title>Hovenier p\u00ebr Asociacionin: Urgjente e shum\u00eb e r\u00ebnd\u00ebsishme<\/title>\n<meta name=\"robots\" content=\"index, follow, max-snippet:-1, max-image-preview:large, max-video-preview:-1\" \/>\n<link rel=\"canonical\" href=\"https:\/\/permbledhja.com\/sq\/hovenier-per-asociacionin-urgjente-e-shume-e-rendesishme\/\" \/>\n<meta property=\"og:locale\" content=\"sq_AL\" \/>\n<meta property=\"og:type\" content=\"article\" \/>\n<meta property=\"og:title\" content=\"Hovenier p\u00ebr Asociacionin: Urgjente e shum\u00eb e r\u00ebnd\u00ebsishme\" \/>\n<meta property=\"og:description\" content=\"Ka p\u00ebrfunduar tashm\u00eb takimi p\u00ebr modalitetet e themelimit t\u00eb Asociacionit i organizuar n\u00eb Ambasad\u00ebn e ShBA-ve n\u00eb Prishtin\u00eb. Ambasadori amerikan Jeff Hovenier ka dalur me nj\u00eb deklarat\u00eb pas takimit, ku potencoi se Asociacioni nuk do t\u00eb jet\u00eb nj\u00eb \u201cRepublika Srrpska\u201d por q\u00eb n\u00eb p\u00ebrputhje me Kushtetut\u00ebn, ai duhet t\u00eb themelohet sa m\u00eb shpejt. \u201cDisa zyrtar\u00eb [&hellip;]\" \/>\n<meta property=\"og:url\" content=\"https:\/\/permbledhja.com\/sq\/hovenier-per-asociacionin-urgjente-e-shume-e-rendesishme\/\" \/>\n<meta property=\"og:site_name\" content=\"Ve\u00e7 artikuj p\u00ebrmbledh\u00ebs\" \/>\n<meta property=\"article:publisher\" content=\"https:\/\/www.facebook.com\/press07\/\" \/>\n<meta property=\"article:author\" content=\"https:\/\/www.facebook.com\/kafexhiu.muharrem\/\" \/>\n<meta property=\"article:published_time\" content=\"2023-01-31T15:30:52+00:00\" \/>\n<meta property=\"article:modified_time\" content=\"2023-01-31T15:31:10+00:00\" \/>\n<meta property=\"og:image\" content=\"https:\/\/permbledhja.com\/wp-content\/uploads\/2023\/01\/hovenier.png\" \/>\n\t<meta property=\"og:image:width\" content=\"896\" \/>\n\t<meta property=\"og:image:height\" content=\"547\" \/>\n\t<meta property=\"og:image:type\" content=\"image\/png\" \/>\n<meta name=\"author\" content=\"P\u00ebrmbledhja\" \/>\n<meta name=\"twitter:card\" content=\"summary_large_image\" \/>\n<meta name=\"twitter:label1\" content=\"Written by\" \/>\n\t<meta name=\"twitter:data1\" content=\"P\u00ebrmbledhja\" \/>\n\t<meta name=\"twitter:label2\" content=\"Est. reading time\" \/>\n\t<meta name=\"twitter:data2\" content=\"2 minuta\" \/>\n<script type=\"application\/ld+json\" class=\"yoast-schema-graph\">{\"@context\":\"https:\/\/schema.org\",\"@graph\":[{\"@type\":\"Article\",\"@id\":\"https:\/\/permbledhja.com\/hovenier-per-asociacionin-urgjente-e-shume-e-rendesishme\/#article\",\"isPartOf\":{\"@id\":\"https:\/\/permbledhja.com\/hovenier-per-asociacionin-urgjente-e-shume-e-rendesishme\/\"},\"author\":{\"name\":\"P\u00ebrmbledhja\",\"@id\":\"https:\/\/permbledhja.com\/#\/schema\/person\/0d064377258d3221e50693947b9eb4fe\"},\"headline\":\"Hovenier p\u00ebr Asociacionin: Urgjente e shum\u00eb e r\u00ebnd\u00ebsishme\",\"datePublished\":\"2023-01-31T15:30:52+00:00\",\"dateModified\":\"2023-01-31T15:31:10+00:00\",\"mainEntityOfPage\":{\"@id\":\"https:\/\/permbledhja.com\/hovenier-per-asociacionin-urgjente-e-shume-e-rendesishme\/\"},\"wordCount\":481,\"publisher\":{\"@id\":\"https:\/\/permbledhja.com\/#organization\"},\"keywords\":[\"Hovenier\"],\"articleSection\":[\"Kryesoret\"],\"inLanguage\":\"sq\"},{\"@type\":\"WebPage\",\"@id\":\"https:\/\/permbledhja.com\/hovenier-per-asociacionin-urgjente-e-shume-e-rendesishme\/\",\"url\":\"https:\/\/permbledhja.com\/hovenier-per-asociacionin-urgjente-e-shume-e-rendesishme\/\",\"name\":\"Hovenier p\u00ebr Asociacionin: Urgjente e shum\u00eb e r\u00ebnd\u00ebsishme\",\"isPartOf\":{\"@id\":\"https:\/\/permbledhja.com\/#website\"},\"datePublished\":\"2023-01-31T15:30:52+00:00\",\"dateModified\":\"2023-01-31T15:31:10+00:00\",\"breadcrumb\":{\"@id\":\"https:\/\/permbledhja.com\/hovenier-per-asociacionin-urgjente-e-shume-e-rendesishme\/#breadcrumb\"},\"inLanguage\":\"sq\",\"potentialAction\":[{\"@type\":\"ReadAction\",\"target\":[\"https:\/\/permbledhja.com\/hovenier-per-asociacionin-urgjente-e-shume-e-rendesishme\/\"]}]},{\"@type\":\"BreadcrumbList\",\"@id\":\"https:\/\/permbledhja.com\/hovenier-per-asociacionin-urgjente-e-shume-e-rendesishme\/#breadcrumb\",\"itemListElement\":[{\"@type\":\"ListItem\",\"position\":1,\"name\":\"Ballina\",\"item\":\"https:\/\/permbledhja.com\/sq\/\"},{\"@type\":\"ListItem\",\"position\":2,\"name\":\"Hovenier p\u00ebr Asociacionin: Urgjente e shum\u00eb e r\u00ebnd\u00ebsishme\"}]},{\"@type\":\"WebSite\",\"@id\":\"https:\/\/permbledhja.com\/#website\",\"url\":\"https:\/\/permbledhja.com\/\",\"name\":\"Ve\u00e7 artikuj p\u00ebrmbledh\u00ebs\",\"description\":\"\",\"publisher\":{\"@id\":\"https:\/\/permbledhja.com\/#organization\"},\"potentialAction\":[{\"@type\":\"SearchAction\",\"target\":{\"@type\":\"EntryPoint\",\"urlTemplate\":\"https:\/\/permbledhja.com\/?s={search_term_string}\"},\"query-input\":\"required name=search_term_string\"}],\"inLanguage\":\"sq\"},{\"@type\":\"Organization\",\"@id\":\"https:\/\/permbledhja.com\/#organization\",\"name\":\"MK Media & Pr\",\"url\":\"https:\/\/permbledhja.com\/\",\"logo\":{\"@type\":\"ImageObject\",\"inLanguage\":\"sq\",\"@id\":\"https:\/\/permbledhja.com\/#\/schema\/logo\/image\/\",\"url\":\"https:\/\/permbledhja.com\/wp-content\/uploads\/2021\/12\/07-Press-Logo.jpg\",\"contentUrl\":\"https:\/\/permbledhja.com\/wp-content\/uploads\/2021\/12\/07-Press-Logo.jpg\",\"width\":512,\"height\":512,\"caption\":\"MK Media & Pr\"},\"image\":{\"@id\":\"https:\/\/permbledhja.com\/#\/schema\/logo\/image\/\"},\"sameAs\":[\"https:\/\/www.facebook.com\/press07\/\"]},{\"@type\":\"Person\",\"@id\":\"https:\/\/permbledhja.com\/#\/schema\/person\/0d064377258d3221e50693947b9eb4fe\",\"name\":\"P\u00ebrmbledhja\",\"image\":{\"@type\":\"ImageObject\",\"inLanguage\":\"sq\",\"@id\":\"https:\/\/permbledhja.com\/#\/schema\/person\/image\/\",\"url\":\"https:\/\/permbledhja.com\/wp-content\/uploads\/2026\/01\/452004717_1040944174702970_8932037511805513407_n-96x96.jpg\",\"contentUrl\":\"https:\/\/permbledhja.com\/wp-content\/uploads\/2026\/01\/452004717_1040944174702970_8932037511805513407_n-96x96.jpg\",\"caption\":\"P\u00ebrmbledhja\"},\"sameAs\":[\"https:\/\/www.facebook.com\/kafexhiu.muharrem\/\",\"https:\/\/www.instagram.com\/muharrem_kafexhiu\/\"],\"url\":\"https:\/\/permbledhja.com\/sq\/author\/admin\/\"}]}<\/script>\n<!-- \/ Yoast SEO plugin. -->","yoast_head_json":{"title":"Hovenier p\u00ebr Asociacionin: Urgjente e shum\u00eb e r\u00ebnd\u00ebsishme","robots":{"index":"index","follow":"follow","max-snippet":"max-snippet:-1","max-image-preview":"max-image-preview:large","max-video-preview":"max-video-preview:-1"},"canonical":"https:\/\/permbledhja.com\/sq\/hovenier-per-asociacionin-urgjente-e-shume-e-rendesishme\/","og_locale":"sq_AL","og_type":"article","og_title":"Hovenier p\u00ebr Asociacionin: Urgjente e shum\u00eb e r\u00ebnd\u00ebsishme","og_description":"Ka p\u00ebrfunduar tashm\u00eb takimi p\u00ebr modalitetet e themelimit t\u00eb Asociacionit i organizuar n\u00eb Ambasad\u00ebn e ShBA-ve n\u00eb Prishtin\u00eb. Ambasadori amerikan Jeff Hovenier ka dalur me nj\u00eb deklarat\u00eb pas takimit, ku potencoi se Asociacioni nuk do t\u00eb jet\u00eb nj\u00eb \u201cRepublika Srrpska\u201d por q\u00eb n\u00eb p\u00ebrputhje me Kushtetut\u00ebn, ai duhet t\u00eb themelohet sa m\u00eb shpejt. \u201cDisa zyrtar\u00eb [&hellip;]","og_url":"https:\/\/permbledhja.com\/sq\/hovenier-per-asociacionin-urgjente-e-shume-e-rendesishme\/","og_site_name":"Ve\u00e7 artikuj p\u00ebrmbledh\u00ebs","article_publisher":"https:\/\/www.facebook.com\/press07\/","article_author":"https:\/\/www.facebook.com\/kafexhiu.muharrem\/","article_published_time":"2023-01-31T15:30:52+00:00","article_modified_time":"2023-01-31T15:31:10+00:00","og_image":[{"width":896,"height":547,"url":"https:\/\/permbledhja.com\/wp-content\/uploads\/2023\/01\/hovenier.png","type":"image\/png"}],"author":"P\u00ebrmbledhja","twitter_card":"summary_large_image","twitter_misc":{"Written by":"P\u00ebrmbledhja","Est. reading time":"2 minuta"},"schema":{"@context":"https:\/\/schema.org","@graph":[{"@type":"Article","@id":"https:\/\/permbledhja.com\/hovenier-per-asociacionin-urgjente-e-shume-e-rendesishme\/#article","isPartOf":{"@id":"https:\/\/permbledhja.com\/hovenier-per-asociacionin-urgjente-e-shume-e-rendesishme\/"},"author":{"name":"P\u00ebrmbledhja","@id":"https:\/\/permbledhja.com\/#\/schema\/person\/0d064377258d3221e50693947b9eb4fe"},"headline":"Hovenier p\u00ebr Asociacionin: Urgjente e shum\u00eb e r\u00ebnd\u00ebsishme","datePublished":"2023-01-31T15:30:52+00:00","dateModified":"2023-01-31T15:31:10+00:00","mainEntityOfPage":{"@id":"https:\/\/permbledhja.com\/hovenier-per-asociacionin-urgjente-e-shume-e-rendesishme\/"},"wordCount":481,"publisher":{"@id":"https:\/\/permbledhja.com\/#organization"},"keywords":["Hovenier"],"articleSection":["Kryesoret"],"inLanguage":"sq"},{"@type":"WebPage","@id":"https:\/\/permbledhja.com\/hovenier-per-asociacionin-urgjente-e-shume-e-rendesishme\/","url":"https:\/\/permbledhja.com\/hovenier-per-asociacionin-urgjente-e-shume-e-rendesishme\/","name":"Hovenier p\u00ebr Asociacionin: Urgjente e shum\u00eb e r\u00ebnd\u00ebsishme","isPartOf":{"@id":"https:\/\/permbledhja.com\/#website"},"datePublished":"2023-01-31T15:30:52+00:00","dateModified":"2023-01-31T15:31:10+00:00","breadcrumb":{"@id":"https:\/\/permbledhja.com\/hovenier-per-asociacionin-urgjente-e-shume-e-rendesishme\/#breadcrumb"},"inLanguage":"sq","potentialAction":[{"@type":"ReadAction","target":["https:\/\/permbledhja.com\/hovenier-per-asociacionin-urgjente-e-shume-e-rendesishme\/"]}]},{"@type":"BreadcrumbList","@id":"https:\/\/permbledhja.com\/hovenier-per-asociacionin-urgjente-e-shume-e-rendesishme\/#breadcrumb","itemListElement":[{"@type":"ListItem","position":1,"name":"Ballina","item":"https:\/\/permbledhja.com\/sq\/"},{"@type":"ListItem","position":2,"name":"Hovenier p\u00ebr Asociacionin: Urgjente e shum\u00eb e r\u00ebnd\u00ebsishme"}]},{"@type":"WebSite","@id":"https:\/\/permbledhja.com\/#website","url":"https:\/\/permbledhja.com\/","name":"Ve\u00e7 artikuj p\u00ebrmbledh\u00ebs","description":"","publisher":{"@id":"https:\/\/permbledhja.com\/#organization"},"potentialAction":[{"@type":"SearchAction","target":{"@type":"EntryPoint","urlTemplate":"https:\/\/permbledhja.com\/?s={search_term_string}"},"query-input":"required name=search_term_string"}],"inLanguage":"sq"},{"@type":"Organization","@id":"https:\/\/permbledhja.com\/#organization","name":"MK Media & Pr","url":"https:\/\/permbledhja.com\/","logo":{"@type":"ImageObject","inLanguage":"sq","@id":"https:\/\/permbledhja.com\/#\/schema\/logo\/image\/","url":"https:\/\/permbledhja.com\/wp-content\/uploads\/2021\/12\/07-Press-Logo.jpg","contentUrl":"https:\/\/permbledhja.com\/wp-content\/uploads\/2021\/12\/07-Press-Logo.jpg","width":512,"height":512,"caption":"MK Media & Pr"},"image":{"@id":"https:\/\/permbledhja.com\/#\/schema\/logo\/image\/"},"sameAs":["https:\/\/www.facebook.com\/press07\/"]},{"@type":"Person","@id":"https:\/\/permbledhja.com\/#\/schema\/person\/0d064377258d3221e50693947b9eb4fe","name":"P\u00ebrmbledhja","image":{"@type":"ImageObject","inLanguage":"sq","@id":"https:\/\/permbledhja.com\/#\/schema\/person\/image\/","url":"https:\/\/permbledhja.com\/wp-content\/uploads\/2026\/01\/452004717_1040944174702970_8932037511805513407_n-96x96.jpg","contentUrl":"https:\/\/permbledhja.com\/wp-content\/uploads\/2026\/01\/452004717_1040944174702970_8932037511805513407_n-96x96.jpg","caption":"P\u00ebrmbledhja"},"sameAs":["https:\/\/www.facebook.com\/kafexhiu.muharrem\/","https:\/\/www.instagram.com\/muharrem_kafexhiu\/"],"url":"https:\/\/permbledhja.com\/sq\/author\/admin\/"}]}},"_links":{"self":[{"href":"https:\/\/permbledhja.com\/sq\/wp-json\/wp\/v2\/posts\/11847"}],"collection":[{"href":"https:\/\/permbledhja.com\/sq\/wp-json\/wp\/v2\/posts"}],"about":[{"href":"https:\/\/permbledhja.com\/sq\/wp-json\/wp\/v2\/types\/post"}],"author":[{"embeddable":true,"href":"https:\/\/permbledhja.com\/sq\/wp-json\/wp\/v2\/users\/1"}],"replies":[{"embeddable":true,"href":"https:\/\/permbledhja.com\/sq\/wp-json\/wp\/v2\/comments?post=11847"}],"version-history":[{"count":1,"href":"https:\/\/permbledhja.com\/sq\/wp-json\/wp\/v2\/posts\/11847\/revisions"}],"predecessor-version":[{"id":11849,"href":"https:\/\/permbledhja.com\/sq\/wp-json\/wp\/v2\/posts\/11847\/revisions\/11849"}],"wp:featuredmedia":[{"embeddable":true,"href":"https:\/\/permbledhja.com\/sq\/wp-json\/wp\/v2\/media\/11848"}],"wp:attachment":[{"href":"https:\/\/permbledhja.com\/sq\/wp-json\/wp\/v2\/media?parent=11847"}],"wp:term":[{"taxonomy":"category","embeddable":true,"href":"https:\/\/permbledhja.com\/sq\/wp-json\/wp\/v2\/categories?post=11847"},{"taxonomy":"post_tag","embeddable":true,"href":"https:\/\/permbledhja.com\/sq\/wp-json\/wp\/v2\/tags?post=11847"}],"curies":[{"name":"wp","href":"https:\/\/api.w.org\/{rel}","templated":true}]}}