{"id":11839,"date":"2023-01-30T13:36:36","date_gmt":"2023-01-30T13:36:36","guid":{"rendered":"https:\/\/permbledhja.com\/?p=11839"},"modified":"2023-01-30T13:36:36","modified_gmt":"2023-01-30T13:36:36","slug":"po-prezantohet-draft-statuti-i-asociacionit-pjesemarres-nga-shoqeria-civile-e-politika","status":"publish","type":"post","link":"https:\/\/permbledhja.com\/sq\/po-prezantohet-draft-statuti-i-asociacionit-pjesemarres-nga-shoqeria-civile-e-politika\/","title":{"rendered":"Po prezantohet Draft-Statuti i Asociacionit: Pjes\u00ebmarr\u00ebs nga shoq\u00ebria civile e politika"},"content":{"rendered":"<p><strong>Draft-Statuti m\u00eb i fundit i Asociacionit tashm\u00eb \u00ebsht\u00eb n\u00eb prezantim e sip\u00ebr n\u00eb kryeqytet mes nj\u00eb interesimi t\u00eb madh dhe mes pjes\u00ebmarr\u00ebsve interesant\u00eb.<\/strong><\/p>\n<p>Dy institutet nd\u00ebrkomb\u00ebtare q\u00eb e kan\u00eb p\u00ebrgatitur draft-statutin m\u00eb t\u00eb ri t\u00eb Asociacionit tashm\u00eb po b\u00ebjn\u00eb prezantimin e tij dhe interesimi duket t\u00eb jet\u00eb&#8230; i jasht\u00ebzakonsh\u00ebm, folur me fjal\u00ebt e aktivistes Besa Luzha.<\/p>\n<p>Draft-Statuti i tyre i kryer jav\u00eb m\u00eb par\u00eb u b\u00eb publik para disa or\u00ebsh, nd\u00ebrkoh\u00eb q\u00eb tashm\u00eb po diskutohet nga drejtuesit e instituteve p\u00ebrkat\u00ebse dhe nga an\u00ebtar\u00eb t\u00eb ndrysh\u00ebm t\u00eb shoq\u00ebris\u00eb civile.<\/p>\n<p>P\u00ebrfaq\u00ebsuesi rezident i Friedrich-Ebert-Stifftung, Rene Schlee, paraprakisht kishte qen\u00eb n\u00eb zyret e Vet\u00ebvendosjes n\u00eb Prishtin\u00eb ku ishte takuar me p\u00ebrfaq\u00ebsues t\u00eb k\u00ebsaj partie.<\/p>\n<p>Por, tashm\u00eb ai shihet mes moderuesve t\u00eb panelit p\u00ebr draftin e ri t\u00eb statutit.<\/p>\n<p>T\u00eb pranish\u00ebm n\u00eb k\u00ebt\u00eb diskutim p\u00ebrve\u00e7 drejtuesve t\u00eb instituteve p\u00ebrkat\u00ebse, duken edhe disa figura tjera t\u00eb jet\u00ebs publike. B\u00ebhet fjal\u00eb p\u00ebr Veton Surroin, zyrtarin e lart\u00eb t\u00eb VV-s\u00eb n\u00eb KQZ, Sami Kurteshin dhe k\u00ebshilltarin e ministrit Elbert Krasniqi, Alban Krasniqin (burri i Albulena Haxhiut).<\/p>\n<p>Kurteshi \u00ebsht\u00eb par\u00eb derisa edhe po mbante sh\u00ebnime nga fjala e dh\u00ebn\u00eb nga fol\u00ebsit.<\/p>\n<p>Dy institutet, FES-i dhe Instituti Evropian p\u00ebr Paqe, kan\u00eb th\u00ebn\u00eb se objektivi kryesor i tyre n\u00eb hartimin e k\u00ebtij drafti t\u00eb statutit ishte q\u00eb t\u00eb b\u00ebhej n\u00eb vij\u00eb me Kushtetut\u00ebn e Kosov\u00ebs. Ata po ashtu kan\u00eb deklaruar se nuk ishin autorizuar p\u00ebr ta kryer k\u00ebt\u00eb pun\u00eb nga asnj\u00eb qeveri.<\/p>\n<p>Komente p\u00ebr k\u00ebt\u00eb draft-statut kishte dh\u00ebn\u00eb edhe ish-an\u00ebtarja e Gjykat\u00ebs Kushtetuese, akademikja Gjyljeta Mushkolaj.<\/p>\n<p>Rene Schlee i ka kumtuar Nacionales se do t\u00eb jet\u00eb i pranish\u00ebm edhe n\u00eb takimin e 31 janarit t\u00eb organizuar nga Ambasada e ShBA-ve n\u00eb Prishtin\u00eb p\u00ebr modalitetet e formimit t\u00eb Asociacionit. Nuk dihet n\u00ebse ky draft do t\u00eb jet\u00eb po ashtu tem\u00eb diskutimi.<\/p>\n<p>N\u00eb takimin e nes\u00ebrm pritet t\u00eb ket\u00eb edhe zyrtar\u00eb t\u00eb lart\u00eb shtet\u00ebror\u00eb. N\u00eb an\u00ebn tjet\u00ebr, kryeministri i vendit para disa dit\u00ebsh kishte th\u00ebn\u00eb se nuk do t\u00eb merrte pjes\u00eb meq\u00eb nuk kishte marr\u00eb ftes\u00eb.\/Nacionale<\/p>\n","protected":false},"excerpt":{"rendered":"<p>Draft-Statuti m\u00eb i fundit i Asociacionit tashm\u00eb \u00ebsht\u00eb n\u00eb prezantim e sip\u00ebr n\u00eb kryeqytet mes nj\u00eb interesimi t\u00eb madh dhe mes pjes\u00ebmarr\u00ebsve interesant\u00eb. Dy institutet nd\u00ebrkomb\u00ebtare q\u00eb e kan\u00eb p\u00ebrgatitur draft-statutin m\u00eb t\u00eb ri t\u00eb Asociacionit tashm\u00eb po b\u00ebjn\u00eb prezantimin e tij dhe interesimi duket t\u00eb jet\u00eb&#8230; i jasht\u00ebzakonsh\u00ebm, folur me fjal\u00ebt e aktivistes Besa [&hellip;]<\/p>\n","protected":false},"author":1,"featured_media":11543,"comment_status":"closed","ping_status":"closed","sticky":false,"template":"","format":"standard","meta":{"_monsterinsights_skip_tracking":false,"_monsterinsights_sitenote_active":false,"_monsterinsights_sitenote_note":"","_monsterinsights_sitenote_category":0,"_uf_show_specific_survey":0,"_uf_disable_surveys":false,"footnotes":""},"categories":[1146],"tags":[697],"yoast_head":"<!-- This site is optimized with the Yoast SEO plugin v21.5 - https:\/\/yoast.com\/wordpress\/plugins\/seo\/ -->\n<title>Po prezantohet Draft-Statuti i Asociacionit: Pjes\u00ebmarr\u00ebs nga shoq\u00ebria civile e politika<\/title>\n<meta name=\"robots\" content=\"index, follow, max-snippet:-1, max-image-preview:large, max-video-preview:-1\" \/>\n<link rel=\"canonical\" href=\"https:\/\/permbledhja.com\/sq\/po-prezantohet-draft-statuti-i-asociacionit-pjesemarres-nga-shoqeria-civile-e-politika\/\" \/>\n<meta property=\"og:locale\" content=\"sq_AL\" \/>\n<meta property=\"og:type\" content=\"article\" \/>\n<meta property=\"og:title\" content=\"Po prezantohet Draft-Statuti i Asociacionit: Pjes\u00ebmarr\u00ebs nga shoq\u00ebria civile e politika\" \/>\n<meta property=\"og:description\" content=\"Draft-Statuti m\u00eb i fundit i Asociacionit tashm\u00eb \u00ebsht\u00eb n\u00eb prezantim e sip\u00ebr n\u00eb kryeqytet mes nj\u00eb interesimi t\u00eb madh dhe mes pjes\u00ebmarr\u00ebsve interesant\u00eb. Dy institutet nd\u00ebrkomb\u00ebtare q\u00eb e kan\u00eb p\u00ebrgatitur draft-statutin m\u00eb t\u00eb ri t\u00eb Asociacionit tashm\u00eb po b\u00ebjn\u00eb prezantimin e tij dhe interesimi duket t\u00eb jet\u00eb&#8230; i jasht\u00ebzakonsh\u00ebm, folur me fjal\u00ebt e aktivistes Besa [&hellip;]\" \/>\n<meta property=\"og:url\" content=\"https:\/\/permbledhja.com\/sq\/po-prezantohet-draft-statuti-i-asociacionit-pjesemarres-nga-shoqeria-civile-e-politika\/\" \/>\n<meta property=\"og:site_name\" content=\"Ve\u00e7 artikuj p\u00ebrmbledh\u00ebs\" \/>\n<meta property=\"article:publisher\" content=\"https:\/\/www.facebook.com\/press07\/\" \/>\n<meta property=\"article:author\" content=\"https:\/\/www.facebook.com\/kafexhiu.muharrem\/\" \/>\n<meta property=\"article:published_time\" content=\"2023-01-30T13:36:36+00:00\" \/>\n<meta property=\"og:image\" content=\"https:\/\/permbledhja.com\/wp-content\/uploads\/2023\/01\/Blue-Breaking-News-YouTube-Channel-Art-1024x576-1.jpg\" \/>\n\t<meta property=\"og:image:width\" content=\"1024\" \/>\n\t<meta property=\"og:image:height\" content=\"576\" \/>\n\t<meta property=\"og:image:type\" content=\"image\/jpeg\" \/>\n<meta name=\"author\" content=\"P\u00ebrmbledhja\" \/>\n<meta name=\"twitter:card\" content=\"summary_large_image\" \/>\n<meta name=\"twitter:label1\" content=\"Written by\" \/>\n\t<meta name=\"twitter:data1\" content=\"P\u00ebrmbledhja\" \/>\n\t<meta name=\"twitter:label2\" content=\"Est. reading time\" \/>\n\t<meta name=\"twitter:data2\" content=\"2 minuta\" \/>\n<script type=\"application\/ld+json\" class=\"yoast-schema-graph\">{\"@context\":\"https:\/\/schema.org\",\"@graph\":[{\"@type\":\"Article\",\"@id\":\"https:\/\/permbledhja.com\/po-prezantohet-draft-statuti-i-asociacionit-pjesemarres-nga-shoqeria-civile-e-politika\/#article\",\"isPartOf\":{\"@id\":\"https:\/\/permbledhja.com\/po-prezantohet-draft-statuti-i-asociacionit-pjesemarres-nga-shoqeria-civile-e-politika\/\"},\"author\":{\"name\":\"P\u00ebrmbledhja\",\"@id\":\"https:\/\/permbledhja.com\/#\/schema\/person\/0d064377258d3221e50693947b9eb4fe\"},\"headline\":\"Po prezantohet Draft-Statuti i Asociacionit: Pjes\u00ebmarr\u00ebs nga shoq\u00ebria civile e politika\",\"datePublished\":\"2023-01-30T13:36:36+00:00\",\"dateModified\":\"2023-01-30T13:36:36+00:00\",\"mainEntityOfPage\":{\"@id\":\"https:\/\/permbledhja.com\/po-prezantohet-draft-statuti-i-asociacionit-pjesemarres-nga-shoqeria-civile-e-politika\/\"},\"wordCount\":396,\"publisher\":{\"@id\":\"https:\/\/permbledhja.com\/#organization\"},\"keywords\":[\"Asociacioni\"],\"articleSection\":[\"Kryesoret\"],\"inLanguage\":\"sq\"},{\"@type\":\"WebPage\",\"@id\":\"https:\/\/permbledhja.com\/po-prezantohet-draft-statuti-i-asociacionit-pjesemarres-nga-shoqeria-civile-e-politika\/\",\"url\":\"https:\/\/permbledhja.com\/po-prezantohet-draft-statuti-i-asociacionit-pjesemarres-nga-shoqeria-civile-e-politika\/\",\"name\":\"Po prezantohet Draft-Statuti i Asociacionit: Pjes\u00ebmarr\u00ebs nga shoq\u00ebria civile e politika\",\"isPartOf\":{\"@id\":\"https:\/\/permbledhja.com\/#website\"},\"datePublished\":\"2023-01-30T13:36:36+00:00\",\"dateModified\":\"2023-01-30T13:36:36+00:00\",\"breadcrumb\":{\"@id\":\"https:\/\/permbledhja.com\/po-prezantohet-draft-statuti-i-asociacionit-pjesemarres-nga-shoqeria-civile-e-politika\/#breadcrumb\"},\"inLanguage\":\"sq\",\"potentialAction\":[{\"@type\":\"ReadAction\",\"target\":[\"https:\/\/permbledhja.com\/po-prezantohet-draft-statuti-i-asociacionit-pjesemarres-nga-shoqeria-civile-e-politika\/\"]}]},{\"@type\":\"BreadcrumbList\",\"@id\":\"https:\/\/permbledhja.com\/po-prezantohet-draft-statuti-i-asociacionit-pjesemarres-nga-shoqeria-civile-e-politika\/#breadcrumb\",\"itemListElement\":[{\"@type\":\"ListItem\",\"position\":1,\"name\":\"Ballina\",\"item\":\"https:\/\/permbledhja.com\/sq\/\"},{\"@type\":\"ListItem\",\"position\":2,\"name\":\"Po prezantohet Draft-Statuti i Asociacionit: Pjes\u00ebmarr\u00ebs nga shoq\u00ebria civile e politika\"}]},{\"@type\":\"WebSite\",\"@id\":\"https:\/\/permbledhja.com\/#website\",\"url\":\"https:\/\/permbledhja.com\/\",\"name\":\"Ve\u00e7 artikuj p\u00ebrmbledh\u00ebs\",\"description\":\"\",\"publisher\":{\"@id\":\"https:\/\/permbledhja.com\/#organization\"},\"potentialAction\":[{\"@type\":\"SearchAction\",\"target\":{\"@type\":\"EntryPoint\",\"urlTemplate\":\"https:\/\/permbledhja.com\/?s={search_term_string}\"},\"query-input\":\"required name=search_term_string\"}],\"inLanguage\":\"sq\"},{\"@type\":\"Organization\",\"@id\":\"https:\/\/permbledhja.com\/#organization\",\"name\":\"MK Media & Pr\",\"url\":\"https:\/\/permbledhja.com\/\",\"logo\":{\"@type\":\"ImageObject\",\"inLanguage\":\"sq\",\"@id\":\"https:\/\/permbledhja.com\/#\/schema\/logo\/image\/\",\"url\":\"https:\/\/permbledhja.com\/wp-content\/uploads\/2021\/12\/07-Press-Logo.jpg\",\"contentUrl\":\"https:\/\/permbledhja.com\/wp-content\/uploads\/2021\/12\/07-Press-Logo.jpg\",\"width\":512,\"height\":512,\"caption\":\"MK Media & Pr\"},\"image\":{\"@id\":\"https:\/\/permbledhja.com\/#\/schema\/logo\/image\/\"},\"sameAs\":[\"https:\/\/www.facebook.com\/press07\/\"]},{\"@type\":\"Person\",\"@id\":\"https:\/\/permbledhja.com\/#\/schema\/person\/0d064377258d3221e50693947b9eb4fe\",\"name\":\"P\u00ebrmbledhja\",\"image\":{\"@type\":\"ImageObject\",\"inLanguage\":\"sq\",\"@id\":\"https:\/\/permbledhja.com\/#\/schema\/person\/image\/\",\"url\":\"https:\/\/permbledhja.com\/wp-content\/uploads\/2026\/01\/452004717_1040944174702970_8932037511805513407_n-96x96.jpg\",\"contentUrl\":\"https:\/\/permbledhja.com\/wp-content\/uploads\/2026\/01\/452004717_1040944174702970_8932037511805513407_n-96x96.jpg\",\"caption\":\"P\u00ebrmbledhja\"},\"sameAs\":[\"https:\/\/www.facebook.com\/kafexhiu.muharrem\/\",\"https:\/\/www.instagram.com\/muharrem_kafexhiu\/\"],\"url\":\"https:\/\/permbledhja.com\/sq\/author\/admin\/\"}]}<\/script>\n<!-- \/ Yoast SEO plugin. -->","yoast_head_json":{"title":"Po prezantohet Draft-Statuti i Asociacionit: Pjes\u00ebmarr\u00ebs nga shoq\u00ebria civile e politika","robots":{"index":"index","follow":"follow","max-snippet":"max-snippet:-1","max-image-preview":"max-image-preview:large","max-video-preview":"max-video-preview:-1"},"canonical":"https:\/\/permbledhja.com\/sq\/po-prezantohet-draft-statuti-i-asociacionit-pjesemarres-nga-shoqeria-civile-e-politika\/","og_locale":"sq_AL","og_type":"article","og_title":"Po prezantohet Draft-Statuti i Asociacionit: Pjes\u00ebmarr\u00ebs nga shoq\u00ebria civile e politika","og_description":"Draft-Statuti m\u00eb i fundit i Asociacionit tashm\u00eb \u00ebsht\u00eb n\u00eb prezantim e sip\u00ebr n\u00eb kryeqytet mes nj\u00eb interesimi t\u00eb madh dhe mes pjes\u00ebmarr\u00ebsve interesant\u00eb. Dy institutet nd\u00ebrkomb\u00ebtare q\u00eb e kan\u00eb p\u00ebrgatitur draft-statutin m\u00eb t\u00eb ri t\u00eb Asociacionit tashm\u00eb po b\u00ebjn\u00eb prezantimin e tij dhe interesimi duket t\u00eb jet\u00eb&#8230; i jasht\u00ebzakonsh\u00ebm, folur me fjal\u00ebt e aktivistes Besa [&hellip;]","og_url":"https:\/\/permbledhja.com\/sq\/po-prezantohet-draft-statuti-i-asociacionit-pjesemarres-nga-shoqeria-civile-e-politika\/","og_site_name":"Ve\u00e7 artikuj p\u00ebrmbledh\u00ebs","article_publisher":"https:\/\/www.facebook.com\/press07\/","article_author":"https:\/\/www.facebook.com\/kafexhiu.muharrem\/","article_published_time":"2023-01-30T13:36:36+00:00","og_image":[{"width":1024,"height":576,"url":"https:\/\/permbledhja.com\/wp-content\/uploads\/2023\/01\/Blue-Breaking-News-YouTube-Channel-Art-1024x576-1.jpg","type":"image\/jpeg"}],"author":"P\u00ebrmbledhja","twitter_card":"summary_large_image","twitter_misc":{"Written by":"P\u00ebrmbledhja","Est. reading time":"2 minuta"},"schema":{"@context":"https:\/\/schema.org","@graph":[{"@type":"Article","@id":"https:\/\/permbledhja.com\/po-prezantohet-draft-statuti-i-asociacionit-pjesemarres-nga-shoqeria-civile-e-politika\/#article","isPartOf":{"@id":"https:\/\/permbledhja.com\/po-prezantohet-draft-statuti-i-asociacionit-pjesemarres-nga-shoqeria-civile-e-politika\/"},"author":{"name":"P\u00ebrmbledhja","@id":"https:\/\/permbledhja.com\/#\/schema\/person\/0d064377258d3221e50693947b9eb4fe"},"headline":"Po prezantohet Draft-Statuti i Asociacionit: Pjes\u00ebmarr\u00ebs nga shoq\u00ebria civile e politika","datePublished":"2023-01-30T13:36:36+00:00","dateModified":"2023-01-30T13:36:36+00:00","mainEntityOfPage":{"@id":"https:\/\/permbledhja.com\/po-prezantohet-draft-statuti-i-asociacionit-pjesemarres-nga-shoqeria-civile-e-politika\/"},"wordCount":396,"publisher":{"@id":"https:\/\/permbledhja.com\/#organization"},"keywords":["Asociacioni"],"articleSection":["Kryesoret"],"inLanguage":"sq"},{"@type":"WebPage","@id":"https:\/\/permbledhja.com\/po-prezantohet-draft-statuti-i-asociacionit-pjesemarres-nga-shoqeria-civile-e-politika\/","url":"https:\/\/permbledhja.com\/po-prezantohet-draft-statuti-i-asociacionit-pjesemarres-nga-shoqeria-civile-e-politika\/","name":"Po prezantohet Draft-Statuti i Asociacionit: Pjes\u00ebmarr\u00ebs nga shoq\u00ebria civile e politika","isPartOf":{"@id":"https:\/\/permbledhja.com\/#website"},"datePublished":"2023-01-30T13:36:36+00:00","dateModified":"2023-01-30T13:36:36+00:00","breadcrumb":{"@id":"https:\/\/permbledhja.com\/po-prezantohet-draft-statuti-i-asociacionit-pjesemarres-nga-shoqeria-civile-e-politika\/#breadcrumb"},"inLanguage":"sq","potentialAction":[{"@type":"ReadAction","target":["https:\/\/permbledhja.com\/po-prezantohet-draft-statuti-i-asociacionit-pjesemarres-nga-shoqeria-civile-e-politika\/"]}]},{"@type":"BreadcrumbList","@id":"https:\/\/permbledhja.com\/po-prezantohet-draft-statuti-i-asociacionit-pjesemarres-nga-shoqeria-civile-e-politika\/#breadcrumb","itemListElement":[{"@type":"ListItem","position":1,"name":"Ballina","item":"https:\/\/permbledhja.com\/sq\/"},{"@type":"ListItem","position":2,"name":"Po prezantohet Draft-Statuti i Asociacionit: Pjes\u00ebmarr\u00ebs nga shoq\u00ebria civile e politika"}]},{"@type":"WebSite","@id":"https:\/\/permbledhja.com\/#website","url":"https:\/\/permbledhja.com\/","name":"Ve\u00e7 artikuj p\u00ebrmbledh\u00ebs","description":"","publisher":{"@id":"https:\/\/permbledhja.com\/#organization"},"potentialAction":[{"@type":"SearchAction","target":{"@type":"EntryPoint","urlTemplate":"https:\/\/permbledhja.com\/?s={search_term_string}"},"query-input":"required name=search_term_string"}],"inLanguage":"sq"},{"@type":"Organization","@id":"https:\/\/permbledhja.com\/#organization","name":"MK Media & Pr","url":"https:\/\/permbledhja.com\/","logo":{"@type":"ImageObject","inLanguage":"sq","@id":"https:\/\/permbledhja.com\/#\/schema\/logo\/image\/","url":"https:\/\/permbledhja.com\/wp-content\/uploads\/2021\/12\/07-Press-Logo.jpg","contentUrl":"https:\/\/permbledhja.com\/wp-content\/uploads\/2021\/12\/07-Press-Logo.jpg","width":512,"height":512,"caption":"MK Media & Pr"},"image":{"@id":"https:\/\/permbledhja.com\/#\/schema\/logo\/image\/"},"sameAs":["https:\/\/www.facebook.com\/press07\/"]},{"@type":"Person","@id":"https:\/\/permbledhja.com\/#\/schema\/person\/0d064377258d3221e50693947b9eb4fe","name":"P\u00ebrmbledhja","image":{"@type":"ImageObject","inLanguage":"sq","@id":"https:\/\/permbledhja.com\/#\/schema\/person\/image\/","url":"https:\/\/permbledhja.com\/wp-content\/uploads\/2026\/01\/452004717_1040944174702970_8932037511805513407_n-96x96.jpg","contentUrl":"https:\/\/permbledhja.com\/wp-content\/uploads\/2026\/01\/452004717_1040944174702970_8932037511805513407_n-96x96.jpg","caption":"P\u00ebrmbledhja"},"sameAs":["https:\/\/www.facebook.com\/kafexhiu.muharrem\/","https:\/\/www.instagram.com\/muharrem_kafexhiu\/"],"url":"https:\/\/permbledhja.com\/sq\/author\/admin\/"}]}},"_links":{"self":[{"href":"https:\/\/permbledhja.com\/sq\/wp-json\/wp\/v2\/posts\/11839"}],"collection":[{"href":"https:\/\/permbledhja.com\/sq\/wp-json\/wp\/v2\/posts"}],"about":[{"href":"https:\/\/permbledhja.com\/sq\/wp-json\/wp\/v2\/types\/post"}],"author":[{"embeddable":true,"href":"https:\/\/permbledhja.com\/sq\/wp-json\/wp\/v2\/users\/1"}],"replies":[{"embeddable":true,"href":"https:\/\/permbledhja.com\/sq\/wp-json\/wp\/v2\/comments?post=11839"}],"version-history":[{"count":1,"href":"https:\/\/permbledhja.com\/sq\/wp-json\/wp\/v2\/posts\/11839\/revisions"}],"predecessor-version":[{"id":11840,"href":"https:\/\/permbledhja.com\/sq\/wp-json\/wp\/v2\/posts\/11839\/revisions\/11840"}],"wp:featuredmedia":[{"embeddable":true,"href":"https:\/\/permbledhja.com\/sq\/wp-json\/wp\/v2\/media\/11543"}],"wp:attachment":[{"href":"https:\/\/permbledhja.com\/sq\/wp-json\/wp\/v2\/media?parent=11839"}],"wp:term":[{"taxonomy":"category","embeddable":true,"href":"https:\/\/permbledhja.com\/sq\/wp-json\/wp\/v2\/categories?post=11839"},{"taxonomy":"post_tag","embeddable":true,"href":"https:\/\/permbledhja.com\/sq\/wp-json\/wp\/v2\/tags?post=11839"}],"curies":[{"name":"wp","href":"https:\/\/api.w.org\/{rel}","templated":true}]}}