{"id":11833,"date":"2023-01-30T11:22:13","date_gmt":"2023-01-30T11:22:13","guid":{"rendered":"https:\/\/permbledhja.com\/?p=11833"},"modified":"2023-01-30T11:22:13","modified_gmt":"2023-01-30T11:22:13","slug":"presidenti-kroat-me-deklarata-tronditese-kosova-i-takonte-serbise-nderkombetaret-e-aneksuan","status":"publish","type":"post","link":"https:\/\/permbledhja.com\/sq\/presidenti-kroat-me-deklarata-tronditese-kosova-i-takonte-serbise-nderkombetaret-e-aneksuan\/","title":{"rendered":"Presidenti kroat me deklarata trondit\u00ebse: Kosova i takonte Serbis\u00eb, nd\u00ebrkomb\u00ebtar\u00ebt e aneksuan"},"content":{"rendered":"<p><strong>Gjat\u00eb dit\u00ebs s\u00eb sotme, presidenti kroat Zoran Millanoviq b\u00ebri deklarata interesante n\u00eb lidhje me luft\u00eb n\u00eb Ukrain\u00eb por edhe Kosov\u00ebn.<\/strong><\/p>\n<p>Presidenti i Republik\u00ebs dhe komandanti i forcave t\u00eb armatosura t\u00eb Kroacis\u00eb, Zoran Millanoviq, mori pjes\u00eb n\u00eb d\u00ebrgimin e ushtar\u00ebve kroat\u00eb n\u00eb nj\u00eb aktivitet t\u00eb NATO-s.<\/p>\n<p>\u201cDisa n\u00eb Parlamentin Evropian po flasin p\u00ebr cop\u00ebtimin e Rusis\u00eb \u2013 kjo \u00ebsht\u00eb \u00e7menduri. Ne e serb\u00ebt nuk urreheshim aq shum\u00eb. N\u00ebse nuk mund t\u2019i jepni fund k\u00ebsaj \u00e7mendurie, at\u00ebher\u00eb largohuni prej rruge, sepse do t\u00eb vij\u00eb te ju,\u201d \u2013 theksoi z. Millanoviq,transmeton Dnevnik.<\/p>\n<p>\u201cPrej vitit 2014 e deri m\u00eb 2022, ne po shohim se si po provokohej Rusia me q\u00ebllimin q\u00eb ta niste luft\u00ebn. Dhe e nisi. Nj\u00eb vit kaloi, dhe vet\u00ebm tash po flasim p\u00ebr tanke. Do t\u2019i d\u00ebrgojm\u00eb krejt tanket gjermane atje, tanket ruse jan\u00eb djegur. I nj\u00ebjti fat i pret edhe k\u00ebto.\u201d<\/p>\n<p>\u201cKjo s\u2019\u00ebsht\u00eb pyetje morali, ku deri dje njer\u00ebzit b\u00ebheshin si paq\u00ebsor\u00eb dhe tash duan t\u00eb cop\u00ebtojn\u00eb njer\u00ebz tjer\u00eb. Zgjidhja nuk \u00ebsht\u00eb ndryshimi i qeveris\u00eb n\u00eb Rusi. Tanket gjermane n\u00eb Harkiv do t\u2019i sjell ato m\u00eb af\u00ebr me kinezet.\u201d \u2013 theksoi ai.<\/p>\n<p>Ai m\u00eb pas foli edhe p\u00ebr Kosov\u00ebn duke b\u00ebr\u00eb deklarata tjera t\u00eb \u00e7uditshme.<\/p>\n<p>\u201cSerbia dhe Rusia nuk jan\u00eb e nj\u00ebjta gj\u00eb. Kjo, fatkeq\u00ebsisht, \u00ebsht\u00eb nj\u00eb fakt i dhimbsh\u00ebm dhe nj\u00eb rrezik. Ne e kemi aneksuar Kosov\u00ebn. Ne dhe komuniteti nd\u00ebrkom\u00ebbtar. E kemi marr\u00eb nga Serbia. Kush e b\u00ebri tjet\u00ebr, pos neve? A e njoh\u00ebm Kosov\u00ebn? Nuk \u00ebsht\u00eb aneksim por pushtim. Nxjerrje&#8230;.\u201d- u shpreh m\u00eb tej ai.<\/p>\n<p>Ai pretendoi edhe se ukrainasit i urrenin rus\u00ebt patologjikisht, duke shtuar se me rr\u00ebshqitjen drejt konfliktit me nj\u00eb superfuqi bot\u00ebrore mund t\u00eb p\u00ebrfundohej drejt p\u00ebrdorimit t\u00eb arm\u00ebve nukleare.<\/p>\n<p>\u201cPo e shoh se \u00e7ka po ndodh, se si emocionet e \u00e7mendura po e \u00e7ojn\u00eb Evrop\u00ebn n\u00eb di\u00e7ka me t\u00eb cil\u00ebn nuk do t\u2019ia dal\u00eb q\u00eb t\u00eb merret,\u201d \u2013 vazhdoi ai.<\/p>\n<p>Ai u shpreh se rus\u00ebt nuk do t\u00eb pranonin humbjen e luft\u00ebs, dhe n\u00ebse do t\u00eb ishte e nevojshme do t\u2019i p\u00ebrdornin edhe arm\u00ebt nukleare.<\/p>\n","protected":false},"excerpt":{"rendered":"<p>Gjat\u00eb dit\u00ebs s\u00eb sotme, presidenti kroat Zoran Millanoviq b\u00ebri deklarata interesante n\u00eb lidhje me luft\u00eb n\u00eb Ukrain\u00eb por edhe Kosov\u00ebn. Presidenti i Republik\u00ebs dhe komandanti i forcave t\u00eb armatosura t\u00eb Kroacis\u00eb, Zoran Millanoviq, mori pjes\u00eb n\u00eb d\u00ebrgimin e ushtar\u00ebve kroat\u00eb n\u00eb nj\u00eb aktivitet t\u00eb NATO-s. \u201cDisa n\u00eb Parlamentin Evropian po flasin p\u00ebr cop\u00ebtimin e Rusis\u00eb [&hellip;]<\/p>\n","protected":false},"author":1,"featured_media":11834,"comment_status":"closed","ping_status":"closed","sticky":false,"template":"","format":"standard","meta":{"_monsterinsights_skip_tracking":false,"_monsterinsights_sitenote_active":false,"_monsterinsights_sitenote_note":"","_monsterinsights_sitenote_category":0,"_uf_show_specific_survey":0,"_uf_disable_surveys":false,"footnotes":""},"categories":[1],"tags":[216],"yoast_head":"<!-- This site is optimized with the Yoast SEO plugin v21.5 - https:\/\/yoast.com\/wordpress\/plugins\/seo\/ -->\n<title>Presidenti kroat me deklarata trondit\u00ebse: Kosova i takonte Serbis\u00eb, nd\u00ebrkomb\u00ebtar\u00ebt e aneksuan<\/title>\n<meta name=\"robots\" content=\"index, follow, max-snippet:-1, max-image-preview:large, max-video-preview:-1\" \/>\n<link rel=\"canonical\" href=\"https:\/\/permbledhja.com\/sq\/presidenti-kroat-me-deklarata-tronditese-kosova-i-takonte-serbise-nderkombetaret-e-aneksuan\/\" \/>\n<meta property=\"og:locale\" content=\"sq_AL\" \/>\n<meta property=\"og:type\" content=\"article\" \/>\n<meta property=\"og:title\" content=\"Presidenti kroat me deklarata trondit\u00ebse: Kosova i takonte Serbis\u00eb, nd\u00ebrkomb\u00ebtar\u00ebt e aneksuan\" \/>\n<meta property=\"og:description\" content=\"Gjat\u00eb dit\u00ebs s\u00eb sotme, presidenti kroat Zoran Millanoviq b\u00ebri deklarata interesante n\u00eb lidhje me luft\u00eb n\u00eb Ukrain\u00eb por edhe Kosov\u00ebn. Presidenti i Republik\u00ebs dhe komandanti i forcave t\u00eb armatosura t\u00eb Kroacis\u00eb, Zoran Millanoviq, mori pjes\u00eb n\u00eb d\u00ebrgimin e ushtar\u00ebve kroat\u00eb n\u00eb nj\u00eb aktivitet t\u00eb NATO-s. \u201cDisa n\u00eb Parlamentin Evropian po flasin p\u00ebr cop\u00ebtimin e Rusis\u00eb [&hellip;]\" \/>\n<meta property=\"og:url\" content=\"https:\/\/permbledhja.com\/sq\/presidenti-kroat-me-deklarata-tronditese-kosova-i-takonte-serbise-nderkombetaret-e-aneksuan\/\" \/>\n<meta property=\"og:site_name\" content=\"Ve\u00e7 artikuj p\u00ebrmbledh\u00ebs\" \/>\n<meta property=\"article:publisher\" content=\"https:\/\/www.facebook.com\/press07\/\" \/>\n<meta property=\"article:author\" content=\"https:\/\/www.facebook.com\/kafexhiu.muharrem\/\" \/>\n<meta property=\"article:published_time\" content=\"2023-01-30T11:22:13+00:00\" \/>\n<meta property=\"og:image\" content=\"https:\/\/permbledhja.com\/wp-content\/uploads\/2023\/01\/mmmmmmmmmmmmmmm.png\" \/>\n\t<meta property=\"og:image:width\" content=\"898\" \/>\n\t<meta property=\"og:image:height\" content=\"556\" \/>\n\t<meta property=\"og:image:type\" content=\"image\/png\" \/>\n<meta name=\"author\" content=\"P\u00ebrmbledhja\" \/>\n<meta name=\"twitter:card\" content=\"summary_large_image\" \/>\n<meta name=\"twitter:label1\" content=\"Written by\" \/>\n\t<meta name=\"twitter:data1\" content=\"P\u00ebrmbledhja\" \/>\n\t<meta name=\"twitter:label2\" content=\"Est. reading time\" \/>\n\t<meta name=\"twitter:data2\" content=\"2 minuta\" \/>\n<script type=\"application\/ld+json\" class=\"yoast-schema-graph\">{\"@context\":\"https:\/\/schema.org\",\"@graph\":[{\"@type\":\"Article\",\"@id\":\"https:\/\/permbledhja.com\/presidenti-kroat-me-deklarata-tronditese-kosova-i-takonte-serbise-nderkombetaret-e-aneksuan\/#article\",\"isPartOf\":{\"@id\":\"https:\/\/permbledhja.com\/presidenti-kroat-me-deklarata-tronditese-kosova-i-takonte-serbise-nderkombetaret-e-aneksuan\/\"},\"author\":{\"name\":\"P\u00ebrmbledhja\",\"@id\":\"https:\/\/permbledhja.com\/#\/schema\/person\/0d064377258d3221e50693947b9eb4fe\"},\"headline\":\"Presidenti kroat me deklarata trondit\u00ebse: Kosova i takonte Serbis\u00eb, nd\u00ebrkomb\u00ebtar\u00ebt e aneksuan\",\"datePublished\":\"2023-01-30T11:22:13+00:00\",\"dateModified\":\"2023-01-30T11:22:13+00:00\",\"mainEntityOfPage\":{\"@id\":\"https:\/\/permbledhja.com\/presidenti-kroat-me-deklarata-tronditese-kosova-i-takonte-serbise-nderkombetaret-e-aneksuan\/\"},\"wordCount\":402,\"publisher\":{\"@id\":\"https:\/\/permbledhja.com\/#organization\"},\"keywords\":[\"Kroacia\"],\"articleSection\":[\"Breaking News\"],\"inLanguage\":\"sq\"},{\"@type\":\"WebPage\",\"@id\":\"https:\/\/permbledhja.com\/presidenti-kroat-me-deklarata-tronditese-kosova-i-takonte-serbise-nderkombetaret-e-aneksuan\/\",\"url\":\"https:\/\/permbledhja.com\/presidenti-kroat-me-deklarata-tronditese-kosova-i-takonte-serbise-nderkombetaret-e-aneksuan\/\",\"name\":\"Presidenti kroat me deklarata trondit\u00ebse: Kosova i takonte Serbis\u00eb, nd\u00ebrkomb\u00ebtar\u00ebt e aneksuan\",\"isPartOf\":{\"@id\":\"https:\/\/permbledhja.com\/#website\"},\"datePublished\":\"2023-01-30T11:22:13+00:00\",\"dateModified\":\"2023-01-30T11:22:13+00:00\",\"breadcrumb\":{\"@id\":\"https:\/\/permbledhja.com\/presidenti-kroat-me-deklarata-tronditese-kosova-i-takonte-serbise-nderkombetaret-e-aneksuan\/#breadcrumb\"},\"inLanguage\":\"sq\",\"potentialAction\":[{\"@type\":\"ReadAction\",\"target\":[\"https:\/\/permbledhja.com\/presidenti-kroat-me-deklarata-tronditese-kosova-i-takonte-serbise-nderkombetaret-e-aneksuan\/\"]}]},{\"@type\":\"BreadcrumbList\",\"@id\":\"https:\/\/permbledhja.com\/presidenti-kroat-me-deklarata-tronditese-kosova-i-takonte-serbise-nderkombetaret-e-aneksuan\/#breadcrumb\",\"itemListElement\":[{\"@type\":\"ListItem\",\"position\":1,\"name\":\"Ballina\",\"item\":\"https:\/\/permbledhja.com\/sq\/\"},{\"@type\":\"ListItem\",\"position\":2,\"name\":\"Presidenti kroat me deklarata trondit\u00ebse: Kosova i takonte Serbis\u00eb, nd\u00ebrkomb\u00ebtar\u00ebt e aneksuan\"}]},{\"@type\":\"WebSite\",\"@id\":\"https:\/\/permbledhja.com\/#website\",\"url\":\"https:\/\/permbledhja.com\/\",\"name\":\"Ve\u00e7 artikuj p\u00ebrmbledh\u00ebs\",\"description\":\"\",\"publisher\":{\"@id\":\"https:\/\/permbledhja.com\/#organization\"},\"potentialAction\":[{\"@type\":\"SearchAction\",\"target\":{\"@type\":\"EntryPoint\",\"urlTemplate\":\"https:\/\/permbledhja.com\/?s={search_term_string}\"},\"query-input\":\"required name=search_term_string\"}],\"inLanguage\":\"sq\"},{\"@type\":\"Organization\",\"@id\":\"https:\/\/permbledhja.com\/#organization\",\"name\":\"MK Media & Pr\",\"url\":\"https:\/\/permbledhja.com\/\",\"logo\":{\"@type\":\"ImageObject\",\"inLanguage\":\"sq\",\"@id\":\"https:\/\/permbledhja.com\/#\/schema\/logo\/image\/\",\"url\":\"https:\/\/permbledhja.com\/wp-content\/uploads\/2021\/12\/07-Press-Logo.jpg\",\"contentUrl\":\"https:\/\/permbledhja.com\/wp-content\/uploads\/2021\/12\/07-Press-Logo.jpg\",\"width\":512,\"height\":512,\"caption\":\"MK Media & Pr\"},\"image\":{\"@id\":\"https:\/\/permbledhja.com\/#\/schema\/logo\/image\/\"},\"sameAs\":[\"https:\/\/www.facebook.com\/press07\/\"]},{\"@type\":\"Person\",\"@id\":\"https:\/\/permbledhja.com\/#\/schema\/person\/0d064377258d3221e50693947b9eb4fe\",\"name\":\"P\u00ebrmbledhja\",\"image\":{\"@type\":\"ImageObject\",\"inLanguage\":\"sq\",\"@id\":\"https:\/\/permbledhja.com\/#\/schema\/person\/image\/\",\"url\":\"https:\/\/permbledhja.com\/wp-content\/uploads\/2026\/01\/452004717_1040944174702970_8932037511805513407_n-96x96.jpg\",\"contentUrl\":\"https:\/\/permbledhja.com\/wp-content\/uploads\/2026\/01\/452004717_1040944174702970_8932037511805513407_n-96x96.jpg\",\"caption\":\"P\u00ebrmbledhja\"},\"sameAs\":[\"https:\/\/www.facebook.com\/kafexhiu.muharrem\/\",\"https:\/\/www.instagram.com\/muharrem_kafexhiu\/\"],\"url\":\"https:\/\/permbledhja.com\/sq\/author\/admin\/\"}]}<\/script>\n<!-- \/ Yoast SEO plugin. -->","yoast_head_json":{"title":"Presidenti kroat me deklarata trondit\u00ebse: Kosova i takonte Serbis\u00eb, nd\u00ebrkomb\u00ebtar\u00ebt e aneksuan","robots":{"index":"index","follow":"follow","max-snippet":"max-snippet:-1","max-image-preview":"max-image-preview:large","max-video-preview":"max-video-preview:-1"},"canonical":"https:\/\/permbledhja.com\/sq\/presidenti-kroat-me-deklarata-tronditese-kosova-i-takonte-serbise-nderkombetaret-e-aneksuan\/","og_locale":"sq_AL","og_type":"article","og_title":"Presidenti kroat me deklarata trondit\u00ebse: Kosova i takonte Serbis\u00eb, nd\u00ebrkomb\u00ebtar\u00ebt e aneksuan","og_description":"Gjat\u00eb dit\u00ebs s\u00eb sotme, presidenti kroat Zoran Millanoviq b\u00ebri deklarata interesante n\u00eb lidhje me luft\u00eb n\u00eb Ukrain\u00eb por edhe Kosov\u00ebn. Presidenti i Republik\u00ebs dhe komandanti i forcave t\u00eb armatosura t\u00eb Kroacis\u00eb, Zoran Millanoviq, mori pjes\u00eb n\u00eb d\u00ebrgimin e ushtar\u00ebve kroat\u00eb n\u00eb nj\u00eb aktivitet t\u00eb NATO-s. \u201cDisa n\u00eb Parlamentin Evropian po flasin p\u00ebr cop\u00ebtimin e Rusis\u00eb [&hellip;]","og_url":"https:\/\/permbledhja.com\/sq\/presidenti-kroat-me-deklarata-tronditese-kosova-i-takonte-serbise-nderkombetaret-e-aneksuan\/","og_site_name":"Ve\u00e7 artikuj p\u00ebrmbledh\u00ebs","article_publisher":"https:\/\/www.facebook.com\/press07\/","article_author":"https:\/\/www.facebook.com\/kafexhiu.muharrem\/","article_published_time":"2023-01-30T11:22:13+00:00","og_image":[{"width":898,"height":556,"url":"https:\/\/permbledhja.com\/wp-content\/uploads\/2023\/01\/mmmmmmmmmmmmmmm.png","type":"image\/png"}],"author":"P\u00ebrmbledhja","twitter_card":"summary_large_image","twitter_misc":{"Written by":"P\u00ebrmbledhja","Est. reading time":"2 minuta"},"schema":{"@context":"https:\/\/schema.org","@graph":[{"@type":"Article","@id":"https:\/\/permbledhja.com\/presidenti-kroat-me-deklarata-tronditese-kosova-i-takonte-serbise-nderkombetaret-e-aneksuan\/#article","isPartOf":{"@id":"https:\/\/permbledhja.com\/presidenti-kroat-me-deklarata-tronditese-kosova-i-takonte-serbise-nderkombetaret-e-aneksuan\/"},"author":{"name":"P\u00ebrmbledhja","@id":"https:\/\/permbledhja.com\/#\/schema\/person\/0d064377258d3221e50693947b9eb4fe"},"headline":"Presidenti kroat me deklarata trondit\u00ebse: Kosova i takonte Serbis\u00eb, nd\u00ebrkomb\u00ebtar\u00ebt e aneksuan","datePublished":"2023-01-30T11:22:13+00:00","dateModified":"2023-01-30T11:22:13+00:00","mainEntityOfPage":{"@id":"https:\/\/permbledhja.com\/presidenti-kroat-me-deklarata-tronditese-kosova-i-takonte-serbise-nderkombetaret-e-aneksuan\/"},"wordCount":402,"publisher":{"@id":"https:\/\/permbledhja.com\/#organization"},"keywords":["Kroacia"],"articleSection":["Breaking News"],"inLanguage":"sq"},{"@type":"WebPage","@id":"https:\/\/permbledhja.com\/presidenti-kroat-me-deklarata-tronditese-kosova-i-takonte-serbise-nderkombetaret-e-aneksuan\/","url":"https:\/\/permbledhja.com\/presidenti-kroat-me-deklarata-tronditese-kosova-i-takonte-serbise-nderkombetaret-e-aneksuan\/","name":"Presidenti kroat me deklarata trondit\u00ebse: Kosova i takonte Serbis\u00eb, nd\u00ebrkomb\u00ebtar\u00ebt e aneksuan","isPartOf":{"@id":"https:\/\/permbledhja.com\/#website"},"datePublished":"2023-01-30T11:22:13+00:00","dateModified":"2023-01-30T11:22:13+00:00","breadcrumb":{"@id":"https:\/\/permbledhja.com\/presidenti-kroat-me-deklarata-tronditese-kosova-i-takonte-serbise-nderkombetaret-e-aneksuan\/#breadcrumb"},"inLanguage":"sq","potentialAction":[{"@type":"ReadAction","target":["https:\/\/permbledhja.com\/presidenti-kroat-me-deklarata-tronditese-kosova-i-takonte-serbise-nderkombetaret-e-aneksuan\/"]}]},{"@type":"BreadcrumbList","@id":"https:\/\/permbledhja.com\/presidenti-kroat-me-deklarata-tronditese-kosova-i-takonte-serbise-nderkombetaret-e-aneksuan\/#breadcrumb","itemListElement":[{"@type":"ListItem","position":1,"name":"Ballina","item":"https:\/\/permbledhja.com\/sq\/"},{"@type":"ListItem","position":2,"name":"Presidenti kroat me deklarata trondit\u00ebse: Kosova i takonte Serbis\u00eb, nd\u00ebrkomb\u00ebtar\u00ebt e aneksuan"}]},{"@type":"WebSite","@id":"https:\/\/permbledhja.com\/#website","url":"https:\/\/permbledhja.com\/","name":"Ve\u00e7 artikuj p\u00ebrmbledh\u00ebs","description":"","publisher":{"@id":"https:\/\/permbledhja.com\/#organization"},"potentialAction":[{"@type":"SearchAction","target":{"@type":"EntryPoint","urlTemplate":"https:\/\/permbledhja.com\/?s={search_term_string}"},"query-input":"required name=search_term_string"}],"inLanguage":"sq"},{"@type":"Organization","@id":"https:\/\/permbledhja.com\/#organization","name":"MK Media & Pr","url":"https:\/\/permbledhja.com\/","logo":{"@type":"ImageObject","inLanguage":"sq","@id":"https:\/\/permbledhja.com\/#\/schema\/logo\/image\/","url":"https:\/\/permbledhja.com\/wp-content\/uploads\/2021\/12\/07-Press-Logo.jpg","contentUrl":"https:\/\/permbledhja.com\/wp-content\/uploads\/2021\/12\/07-Press-Logo.jpg","width":512,"height":512,"caption":"MK Media & Pr"},"image":{"@id":"https:\/\/permbledhja.com\/#\/schema\/logo\/image\/"},"sameAs":["https:\/\/www.facebook.com\/press07\/"]},{"@type":"Person","@id":"https:\/\/permbledhja.com\/#\/schema\/person\/0d064377258d3221e50693947b9eb4fe","name":"P\u00ebrmbledhja","image":{"@type":"ImageObject","inLanguage":"sq","@id":"https:\/\/permbledhja.com\/#\/schema\/person\/image\/","url":"https:\/\/permbledhja.com\/wp-content\/uploads\/2026\/01\/452004717_1040944174702970_8932037511805513407_n-96x96.jpg","contentUrl":"https:\/\/permbledhja.com\/wp-content\/uploads\/2026\/01\/452004717_1040944174702970_8932037511805513407_n-96x96.jpg","caption":"P\u00ebrmbledhja"},"sameAs":["https:\/\/www.facebook.com\/kafexhiu.muharrem\/","https:\/\/www.instagram.com\/muharrem_kafexhiu\/"],"url":"https:\/\/permbledhja.com\/sq\/author\/admin\/"}]}},"_links":{"self":[{"href":"https:\/\/permbledhja.com\/sq\/wp-json\/wp\/v2\/posts\/11833"}],"collection":[{"href":"https:\/\/permbledhja.com\/sq\/wp-json\/wp\/v2\/posts"}],"about":[{"href":"https:\/\/permbledhja.com\/sq\/wp-json\/wp\/v2\/types\/post"}],"author":[{"embeddable":true,"href":"https:\/\/permbledhja.com\/sq\/wp-json\/wp\/v2\/users\/1"}],"replies":[{"embeddable":true,"href":"https:\/\/permbledhja.com\/sq\/wp-json\/wp\/v2\/comments?post=11833"}],"version-history":[{"count":1,"href":"https:\/\/permbledhja.com\/sq\/wp-json\/wp\/v2\/posts\/11833\/revisions"}],"predecessor-version":[{"id":11835,"href":"https:\/\/permbledhja.com\/sq\/wp-json\/wp\/v2\/posts\/11833\/revisions\/11835"}],"wp:featuredmedia":[{"embeddable":true,"href":"https:\/\/permbledhja.com\/sq\/wp-json\/wp\/v2\/media\/11834"}],"wp:attachment":[{"href":"https:\/\/permbledhja.com\/sq\/wp-json\/wp\/v2\/media?parent=11833"}],"wp:term":[{"taxonomy":"category","embeddable":true,"href":"https:\/\/permbledhja.com\/sq\/wp-json\/wp\/v2\/categories?post=11833"},{"taxonomy":"post_tag","embeddable":true,"href":"https:\/\/permbledhja.com\/sq\/wp-json\/wp\/v2\/tags?post=11833"}],"curies":[{"name":"wp","href":"https:\/\/api.w.org\/{rel}","templated":true}]}}