{"id":11793,"date":"2023-01-29T11:15:00","date_gmt":"2023-01-29T11:15:00","guid":{"rendered":"https:\/\/permbledhja.com\/?p=11793"},"modified":"2023-01-29T11:15:00","modified_gmt":"2023-01-29T11:15:00","slug":"para-pak-ditesh-tha-asociacioni-ka-vdekur-edhe-gervalla-e-ftuar-ne-takimin-e-31-dhjetorit","status":"publish","type":"post","link":"https:\/\/permbledhja.com\/sq\/para-pak-ditesh-tha-asociacioni-ka-vdekur-edhe-gervalla-e-ftuar-ne-takimin-e-31-dhjetorit\/","title":{"rendered":"Para pak dit\u00ebsh tha &#8220;Asociacioni ka vdekur&#8221; &#8211; edhe G\u00ebrvalla e ftuar n\u00eb takimin e 31 dhjetorit"},"content":{"rendered":"<p><strong>Z\u00ebvend\u00ebskryeministrja e Kosov\u00ebs, Donika G\u00ebrvalla, duket se po ashtu ka marr\u00eb ftes\u00eb p\u00ebr tubimin e 31 janarit n\u00eb Ambasad\u00ebn e ShBA-ve ku do t\u00eb diskutohet p\u00ebr Asociacionin e Komunave me Shumic\u00eb Serbe.<\/strong><\/p>\n<p>\u201cPo, n\u00eb cil\u00ebsin\u00eb e zv.kryeministres \u00ebsht\u00eb ftuar kryetarja e List\u00ebs Guxo. Sa i p\u00ebrket pjes\u00ebmarrjes mund ta them se do t\u00eb jemi t\u00eb p\u00ebrfaq\u00ebsuar,\u201d- ishte shprehur deputetja e Guxo dhe grupit parlamentar t\u00eb Vet\u00ebvendosjes, Jeta Statovci.<\/p>\n<p>Kujtojm\u00eb se kryeministri Kurti \u00ebsht\u00eb shprehur se nuk ka marr\u00eb ftes\u00eb p\u00ebr k\u00ebt\u00eb takim.<\/p>\n<p>Ftesa p\u00ebr G\u00ebrvall\u00ebn erdhi vet\u00ebm disa dit\u00eb pasi ajo deklaroi se propozimi p\u00ebr Asociacionin kishte vdekur dhe nuk mund t\u00eb ringjallej.<\/p>\n<p>Kujtojm\u00eb se Nacionale ka raportuar gjer\u00ebsisht p\u00ebr takimin e 31 janarit ku do t\u00eb diskutohen modalitetet e Asociacionit t\u00eb Komunave me Shumic\u00eb Serbe.<\/p>\n","protected":false},"excerpt":{"rendered":"<p>Z\u00ebvend\u00ebskryeministrja e Kosov\u00ebs, Donika G\u00ebrvalla, duket se po ashtu ka marr\u00eb ftes\u00eb p\u00ebr tubimin e 31 janarit n\u00eb Ambasad\u00ebn e ShBA-ve ku do t\u00eb diskutohet p\u00ebr Asociacionin e Komunave me Shumic\u00eb Serbe. \u201cPo, n\u00eb cil\u00ebsin\u00eb e zv.kryeministres \u00ebsht\u00eb ftuar kryetarja e List\u00ebs Guxo. Sa i p\u00ebrket pjes\u00ebmarrjes mund ta them se do t\u00eb jemi t\u00eb [&hellip;]<\/p>\n","protected":false},"author":1,"featured_media":11360,"comment_status":"closed","ping_status":"closed","sticky":false,"template":"","format":"standard","meta":{"_monsterinsights_skip_tracking":false,"_monsterinsights_sitenote_active":false,"_monsterinsights_sitenote_note":"","_monsterinsights_sitenote_category":0,"_uf_show_specific_survey":0,"_uf_disable_surveys":false,"footnotes":""},"categories":[1],"tags":[259],"yoast_head":"<!-- This site is optimized with the Yoast SEO plugin v21.5 - https:\/\/yoast.com\/wordpress\/plugins\/seo\/ -->\n<title>Para pak dit\u00ebsh tha &quot;Asociacioni ka vdekur&quot; - edhe G\u00ebrvalla e ftuar n\u00eb takimin e 31 dhjetorit<\/title>\n<meta name=\"robots\" content=\"index, follow, max-snippet:-1, max-image-preview:large, max-video-preview:-1\" \/>\n<link rel=\"canonical\" href=\"https:\/\/permbledhja.com\/sq\/para-pak-ditesh-tha-asociacioni-ka-vdekur-edhe-gervalla-e-ftuar-ne-takimin-e-31-dhjetorit\/\" \/>\n<meta property=\"og:locale\" content=\"sq_AL\" \/>\n<meta property=\"og:type\" content=\"article\" \/>\n<meta property=\"og:title\" content=\"Para pak dit\u00ebsh tha &quot;Asociacioni ka vdekur&quot; - edhe G\u00ebrvalla e ftuar n\u00eb takimin e 31 dhjetorit\" \/>\n<meta property=\"og:description\" content=\"Z\u00ebvend\u00ebskryeministrja e Kosov\u00ebs, Donika G\u00ebrvalla, duket se po ashtu ka marr\u00eb ftes\u00eb p\u00ebr tubimin e 31 janarit n\u00eb Ambasad\u00ebn e ShBA-ve ku do t\u00eb diskutohet p\u00ebr Asociacionin e Komunave me Shumic\u00eb Serbe. \u201cPo, n\u00eb cil\u00ebsin\u00eb e zv.kryeministres \u00ebsht\u00eb ftuar kryetarja e List\u00ebs Guxo. Sa i p\u00ebrket pjes\u00ebmarrjes mund ta them se do t\u00eb jemi t\u00eb [&hellip;]\" \/>\n<meta property=\"og:url\" content=\"https:\/\/permbledhja.com\/sq\/para-pak-ditesh-tha-asociacioni-ka-vdekur-edhe-gervalla-e-ftuar-ne-takimin-e-31-dhjetorit\/\" \/>\n<meta property=\"og:site_name\" content=\"Ve\u00e7 artikuj p\u00ebrmbledh\u00ebs\" \/>\n<meta property=\"article:publisher\" content=\"https:\/\/www.facebook.com\/press07\/\" \/>\n<meta property=\"article:author\" content=\"https:\/\/www.facebook.com\/kafexhiu.muharrem\/\" \/>\n<meta property=\"article:published_time\" content=\"2023-01-29T11:15:00+00:00\" \/>\n<meta property=\"og:image\" content=\"https:\/\/permbledhja.com\/wp-content\/uploads\/2023\/01\/donika-gervalla.jpg\" \/>\n\t<meta property=\"og:image:width\" content=\"1600\" \/>\n\t<meta property=\"og:image:height\" content=\"1067\" \/>\n\t<meta property=\"og:image:type\" content=\"image\/jpeg\" \/>\n<meta name=\"author\" content=\"P\u00ebrmbledhja\" \/>\n<meta name=\"twitter:card\" content=\"summary_large_image\" \/>\n<meta name=\"twitter:label1\" content=\"Written by\" \/>\n\t<meta name=\"twitter:data1\" content=\"P\u00ebrmbledhja\" \/>\n\t<meta name=\"twitter:label2\" content=\"Est. reading time\" \/>\n\t<meta name=\"twitter:data2\" content=\"1 minut\u00eb\" \/>\n<script type=\"application\/ld+json\" class=\"yoast-schema-graph\">{\"@context\":\"https:\/\/schema.org\",\"@graph\":[{\"@type\":\"Article\",\"@id\":\"https:\/\/permbledhja.com\/para-pak-ditesh-tha-asociacioni-ka-vdekur-edhe-gervalla-e-ftuar-ne-takimin-e-31-dhjetorit\/#article\",\"isPartOf\":{\"@id\":\"https:\/\/permbledhja.com\/para-pak-ditesh-tha-asociacioni-ka-vdekur-edhe-gervalla-e-ftuar-ne-takimin-e-31-dhjetorit\/\"},\"author\":{\"name\":\"P\u00ebrmbledhja\",\"@id\":\"https:\/\/permbledhja.com\/#\/schema\/person\/0d064377258d3221e50693947b9eb4fe\"},\"headline\":\"Para pak dit\u00ebsh tha &#8220;Asociacioni ka vdekur&#8221; &#8211; edhe G\u00ebrvalla e ftuar n\u00eb takimin e 31 dhjetorit\",\"datePublished\":\"2023-01-29T11:15:00+00:00\",\"dateModified\":\"2023-01-29T11:15:00+00:00\",\"mainEntityOfPage\":{\"@id\":\"https:\/\/permbledhja.com\/para-pak-ditesh-tha-asociacioni-ka-vdekur-edhe-gervalla-e-ftuar-ne-takimin-e-31-dhjetorit\/\"},\"wordCount\":167,\"publisher\":{\"@id\":\"https:\/\/permbledhja.com\/#organization\"},\"keywords\":[\"Donika G\u00ebrvalla\"],\"articleSection\":[\"Breaking News\"],\"inLanguage\":\"sq\"},{\"@type\":\"WebPage\",\"@id\":\"https:\/\/permbledhja.com\/para-pak-ditesh-tha-asociacioni-ka-vdekur-edhe-gervalla-e-ftuar-ne-takimin-e-31-dhjetorit\/\",\"url\":\"https:\/\/permbledhja.com\/para-pak-ditesh-tha-asociacioni-ka-vdekur-edhe-gervalla-e-ftuar-ne-takimin-e-31-dhjetorit\/\",\"name\":\"Para pak dit\u00ebsh tha \\\"Asociacioni ka vdekur\\\" - edhe G\u00ebrvalla e ftuar n\u00eb takimin e 31 dhjetorit\",\"isPartOf\":{\"@id\":\"https:\/\/permbledhja.com\/#website\"},\"datePublished\":\"2023-01-29T11:15:00+00:00\",\"dateModified\":\"2023-01-29T11:15:00+00:00\",\"breadcrumb\":{\"@id\":\"https:\/\/permbledhja.com\/para-pak-ditesh-tha-asociacioni-ka-vdekur-edhe-gervalla-e-ftuar-ne-takimin-e-31-dhjetorit\/#breadcrumb\"},\"inLanguage\":\"sq\",\"potentialAction\":[{\"@type\":\"ReadAction\",\"target\":[\"https:\/\/permbledhja.com\/para-pak-ditesh-tha-asociacioni-ka-vdekur-edhe-gervalla-e-ftuar-ne-takimin-e-31-dhjetorit\/\"]}]},{\"@type\":\"BreadcrumbList\",\"@id\":\"https:\/\/permbledhja.com\/para-pak-ditesh-tha-asociacioni-ka-vdekur-edhe-gervalla-e-ftuar-ne-takimin-e-31-dhjetorit\/#breadcrumb\",\"itemListElement\":[{\"@type\":\"ListItem\",\"position\":1,\"name\":\"Ballina\",\"item\":\"https:\/\/permbledhja.com\/sq\/\"},{\"@type\":\"ListItem\",\"position\":2,\"name\":\"Para pak dit\u00ebsh tha &#8220;Asociacioni ka vdekur&#8221; &#8211; edhe G\u00ebrvalla e ftuar n\u00eb takimin e 31 dhjetorit\"}]},{\"@type\":\"WebSite\",\"@id\":\"https:\/\/permbledhja.com\/#website\",\"url\":\"https:\/\/permbledhja.com\/\",\"name\":\"Ve\u00e7 artikuj p\u00ebrmbledh\u00ebs\",\"description\":\"\",\"publisher\":{\"@id\":\"https:\/\/permbledhja.com\/#organization\"},\"potentialAction\":[{\"@type\":\"SearchAction\",\"target\":{\"@type\":\"EntryPoint\",\"urlTemplate\":\"https:\/\/permbledhja.com\/?s={search_term_string}\"},\"query-input\":\"required name=search_term_string\"}],\"inLanguage\":\"sq\"},{\"@type\":\"Organization\",\"@id\":\"https:\/\/permbledhja.com\/#organization\",\"name\":\"MK Media & Pr\",\"url\":\"https:\/\/permbledhja.com\/\",\"logo\":{\"@type\":\"ImageObject\",\"inLanguage\":\"sq\",\"@id\":\"https:\/\/permbledhja.com\/#\/schema\/logo\/image\/\",\"url\":\"https:\/\/permbledhja.com\/wp-content\/uploads\/2021\/12\/07-Press-Logo.jpg\",\"contentUrl\":\"https:\/\/permbledhja.com\/wp-content\/uploads\/2021\/12\/07-Press-Logo.jpg\",\"width\":512,\"height\":512,\"caption\":\"MK Media & Pr\"},\"image\":{\"@id\":\"https:\/\/permbledhja.com\/#\/schema\/logo\/image\/\"},\"sameAs\":[\"https:\/\/www.facebook.com\/press07\/\"]},{\"@type\":\"Person\",\"@id\":\"https:\/\/permbledhja.com\/#\/schema\/person\/0d064377258d3221e50693947b9eb4fe\",\"name\":\"P\u00ebrmbledhja\",\"image\":{\"@type\":\"ImageObject\",\"inLanguage\":\"sq\",\"@id\":\"https:\/\/permbledhja.com\/#\/schema\/person\/image\/\",\"url\":\"https:\/\/permbledhja.com\/wp-content\/uploads\/2026\/01\/452004717_1040944174702970_8932037511805513407_n-96x96.jpg\",\"contentUrl\":\"https:\/\/permbledhja.com\/wp-content\/uploads\/2026\/01\/452004717_1040944174702970_8932037511805513407_n-96x96.jpg\",\"caption\":\"P\u00ebrmbledhja\"},\"sameAs\":[\"https:\/\/www.facebook.com\/kafexhiu.muharrem\/\",\"https:\/\/www.instagram.com\/muharrem_kafexhiu\/\"],\"url\":\"https:\/\/permbledhja.com\/sq\/author\/admin\/\"}]}<\/script>\n<!-- \/ Yoast SEO plugin. -->","yoast_head_json":{"title":"Para pak dit\u00ebsh tha \"Asociacioni ka vdekur\" - edhe G\u00ebrvalla e ftuar n\u00eb takimin e 31 dhjetorit","robots":{"index":"index","follow":"follow","max-snippet":"max-snippet:-1","max-image-preview":"max-image-preview:large","max-video-preview":"max-video-preview:-1"},"canonical":"https:\/\/permbledhja.com\/sq\/para-pak-ditesh-tha-asociacioni-ka-vdekur-edhe-gervalla-e-ftuar-ne-takimin-e-31-dhjetorit\/","og_locale":"sq_AL","og_type":"article","og_title":"Para pak dit\u00ebsh tha \"Asociacioni ka vdekur\" - edhe G\u00ebrvalla e ftuar n\u00eb takimin e 31 dhjetorit","og_description":"Z\u00ebvend\u00ebskryeministrja e Kosov\u00ebs, Donika G\u00ebrvalla, duket se po ashtu ka marr\u00eb ftes\u00eb p\u00ebr tubimin e 31 janarit n\u00eb Ambasad\u00ebn e ShBA-ve ku do t\u00eb diskutohet p\u00ebr Asociacionin e Komunave me Shumic\u00eb Serbe. \u201cPo, n\u00eb cil\u00ebsin\u00eb e zv.kryeministres \u00ebsht\u00eb ftuar kryetarja e List\u00ebs Guxo. Sa i p\u00ebrket pjes\u00ebmarrjes mund ta them se do t\u00eb jemi t\u00eb [&hellip;]","og_url":"https:\/\/permbledhja.com\/sq\/para-pak-ditesh-tha-asociacioni-ka-vdekur-edhe-gervalla-e-ftuar-ne-takimin-e-31-dhjetorit\/","og_site_name":"Ve\u00e7 artikuj p\u00ebrmbledh\u00ebs","article_publisher":"https:\/\/www.facebook.com\/press07\/","article_author":"https:\/\/www.facebook.com\/kafexhiu.muharrem\/","article_published_time":"2023-01-29T11:15:00+00:00","og_image":[{"width":1600,"height":1067,"url":"https:\/\/permbledhja.com\/wp-content\/uploads\/2023\/01\/donika-gervalla.jpg","type":"image\/jpeg"}],"author":"P\u00ebrmbledhja","twitter_card":"summary_large_image","twitter_misc":{"Written by":"P\u00ebrmbledhja","Est. reading time":"1 minut\u00eb"},"schema":{"@context":"https:\/\/schema.org","@graph":[{"@type":"Article","@id":"https:\/\/permbledhja.com\/para-pak-ditesh-tha-asociacioni-ka-vdekur-edhe-gervalla-e-ftuar-ne-takimin-e-31-dhjetorit\/#article","isPartOf":{"@id":"https:\/\/permbledhja.com\/para-pak-ditesh-tha-asociacioni-ka-vdekur-edhe-gervalla-e-ftuar-ne-takimin-e-31-dhjetorit\/"},"author":{"name":"P\u00ebrmbledhja","@id":"https:\/\/permbledhja.com\/#\/schema\/person\/0d064377258d3221e50693947b9eb4fe"},"headline":"Para pak dit\u00ebsh tha &#8220;Asociacioni ka vdekur&#8221; &#8211; edhe G\u00ebrvalla e ftuar n\u00eb takimin e 31 dhjetorit","datePublished":"2023-01-29T11:15:00+00:00","dateModified":"2023-01-29T11:15:00+00:00","mainEntityOfPage":{"@id":"https:\/\/permbledhja.com\/para-pak-ditesh-tha-asociacioni-ka-vdekur-edhe-gervalla-e-ftuar-ne-takimin-e-31-dhjetorit\/"},"wordCount":167,"publisher":{"@id":"https:\/\/permbledhja.com\/#organization"},"keywords":["Donika G\u00ebrvalla"],"articleSection":["Breaking News"],"inLanguage":"sq"},{"@type":"WebPage","@id":"https:\/\/permbledhja.com\/para-pak-ditesh-tha-asociacioni-ka-vdekur-edhe-gervalla-e-ftuar-ne-takimin-e-31-dhjetorit\/","url":"https:\/\/permbledhja.com\/para-pak-ditesh-tha-asociacioni-ka-vdekur-edhe-gervalla-e-ftuar-ne-takimin-e-31-dhjetorit\/","name":"Para pak dit\u00ebsh tha \"Asociacioni ka vdekur\" - edhe G\u00ebrvalla e ftuar n\u00eb takimin e 31 dhjetorit","isPartOf":{"@id":"https:\/\/permbledhja.com\/#website"},"datePublished":"2023-01-29T11:15:00+00:00","dateModified":"2023-01-29T11:15:00+00:00","breadcrumb":{"@id":"https:\/\/permbledhja.com\/para-pak-ditesh-tha-asociacioni-ka-vdekur-edhe-gervalla-e-ftuar-ne-takimin-e-31-dhjetorit\/#breadcrumb"},"inLanguage":"sq","potentialAction":[{"@type":"ReadAction","target":["https:\/\/permbledhja.com\/para-pak-ditesh-tha-asociacioni-ka-vdekur-edhe-gervalla-e-ftuar-ne-takimin-e-31-dhjetorit\/"]}]},{"@type":"BreadcrumbList","@id":"https:\/\/permbledhja.com\/para-pak-ditesh-tha-asociacioni-ka-vdekur-edhe-gervalla-e-ftuar-ne-takimin-e-31-dhjetorit\/#breadcrumb","itemListElement":[{"@type":"ListItem","position":1,"name":"Ballina","item":"https:\/\/permbledhja.com\/sq\/"},{"@type":"ListItem","position":2,"name":"Para pak dit\u00ebsh tha &#8220;Asociacioni ka vdekur&#8221; &#8211; edhe G\u00ebrvalla e ftuar n\u00eb takimin e 31 dhjetorit"}]},{"@type":"WebSite","@id":"https:\/\/permbledhja.com\/#website","url":"https:\/\/permbledhja.com\/","name":"Ve\u00e7 artikuj p\u00ebrmbledh\u00ebs","description":"","publisher":{"@id":"https:\/\/permbledhja.com\/#organization"},"potentialAction":[{"@type":"SearchAction","target":{"@type":"EntryPoint","urlTemplate":"https:\/\/permbledhja.com\/?s={search_term_string}"},"query-input":"required name=search_term_string"}],"inLanguage":"sq"},{"@type":"Organization","@id":"https:\/\/permbledhja.com\/#organization","name":"MK Media & Pr","url":"https:\/\/permbledhja.com\/","logo":{"@type":"ImageObject","inLanguage":"sq","@id":"https:\/\/permbledhja.com\/#\/schema\/logo\/image\/","url":"https:\/\/permbledhja.com\/wp-content\/uploads\/2021\/12\/07-Press-Logo.jpg","contentUrl":"https:\/\/permbledhja.com\/wp-content\/uploads\/2021\/12\/07-Press-Logo.jpg","width":512,"height":512,"caption":"MK Media & Pr"},"image":{"@id":"https:\/\/permbledhja.com\/#\/schema\/logo\/image\/"},"sameAs":["https:\/\/www.facebook.com\/press07\/"]},{"@type":"Person","@id":"https:\/\/permbledhja.com\/#\/schema\/person\/0d064377258d3221e50693947b9eb4fe","name":"P\u00ebrmbledhja","image":{"@type":"ImageObject","inLanguage":"sq","@id":"https:\/\/permbledhja.com\/#\/schema\/person\/image\/","url":"https:\/\/permbledhja.com\/wp-content\/uploads\/2026\/01\/452004717_1040944174702970_8932037511805513407_n-96x96.jpg","contentUrl":"https:\/\/permbledhja.com\/wp-content\/uploads\/2026\/01\/452004717_1040944174702970_8932037511805513407_n-96x96.jpg","caption":"P\u00ebrmbledhja"},"sameAs":["https:\/\/www.facebook.com\/kafexhiu.muharrem\/","https:\/\/www.instagram.com\/muharrem_kafexhiu\/"],"url":"https:\/\/permbledhja.com\/sq\/author\/admin\/"}]}},"_links":{"self":[{"href":"https:\/\/permbledhja.com\/sq\/wp-json\/wp\/v2\/posts\/11793"}],"collection":[{"href":"https:\/\/permbledhja.com\/sq\/wp-json\/wp\/v2\/posts"}],"about":[{"href":"https:\/\/permbledhja.com\/sq\/wp-json\/wp\/v2\/types\/post"}],"author":[{"embeddable":true,"href":"https:\/\/permbledhja.com\/sq\/wp-json\/wp\/v2\/users\/1"}],"replies":[{"embeddable":true,"href":"https:\/\/permbledhja.com\/sq\/wp-json\/wp\/v2\/comments?post=11793"}],"version-history":[{"count":1,"href":"https:\/\/permbledhja.com\/sq\/wp-json\/wp\/v2\/posts\/11793\/revisions"}],"predecessor-version":[{"id":11794,"href":"https:\/\/permbledhja.com\/sq\/wp-json\/wp\/v2\/posts\/11793\/revisions\/11794"}],"wp:featuredmedia":[{"embeddable":true,"href":"https:\/\/permbledhja.com\/sq\/wp-json\/wp\/v2\/media\/11360"}],"wp:attachment":[{"href":"https:\/\/permbledhja.com\/sq\/wp-json\/wp\/v2\/media?parent=11793"}],"wp:term":[{"taxonomy":"category","embeddable":true,"href":"https:\/\/permbledhja.com\/sq\/wp-json\/wp\/v2\/categories?post=11793"},{"taxonomy":"post_tag","embeddable":true,"href":"https:\/\/permbledhja.com\/sq\/wp-json\/wp\/v2\/tags?post=11793"}],"curies":[{"name":"wp","href":"https:\/\/api.w.org\/{rel}","templated":true}]}}