{"id":11747,"date":"2023-01-27T11:15:11","date_gmt":"2023-01-27T11:15:11","guid":{"rendered":"https:\/\/permbledhja.com\/?p=11747"},"modified":"2023-01-27T11:15:29","modified_gmt":"2023-01-27T11:15:29","slug":"ende-sdihet-po-behen-llogaritjet-qeveria-kurti-vazhdon-ta-mbaje-sekret-vleren-e-koeficientit","status":"publish","type":"post","link":"https:\/\/permbledhja.com\/sq\/ende-sdihet-po-behen-llogaritjet-qeveria-kurti-vazhdon-ta-mbaje-sekret-vleren-e-koeficientit\/","title":{"rendered":"\u201cEnde s\u2019dihet\u201d, \u201cpo b\u00ebhen llogaritjet\u201d: Qeveria Kurti vazhdon ta mbaj\u00eb sekret vler\u00ebn e koeficientit"},"content":{"rendered":"<p><strong>\u00c7\u00ebshtja e vler\u00ebs s\u00eb koeficientit po vazhdon t\u00eb jet\u00eb t\u00ebm\u00eb aktuale n\u00eb Kosov\u00eb. P\u00ebrkund\u00ebr miratimin t\u00eb Ligjit t\u00eb Pagave, i cili do t\u00eb hyj\u00eb n\u00eb fuqi me 4 shkurt, ende nuk dihet sa \u00ebsht\u00eb sakt\u00ebsisht vlera e koeficientit. P\u00ebrkund\u00ebr insistimit t\u00eb partive opozitare, analist\u00ebve e gazetar\u00ebve, Qeveria Kurti \u00ebsht\u00eb treguar hermetikisht e mbyllur rreth \u00e7\u00ebshtjes s\u00eb vler\u00ebs s\u00eb koeficientit.<\/strong><\/p>\n<p>N\u00eb fakt, edhe dy ministra t\u00eb tjer\u00eb t\u00eb Qeveris\u00eb Kurti nuk kan\u00eb kthyer p\u00ebrgjigje n\u00eb lidhje me k\u00ebt\u00eb \u00e7\u00ebshtje. Madje, ministrat Murati e Nagavci kan\u00eb deklaruar se vlera e koeficientit ende \u00ebsht\u00eb duke u p\u00ebrllogaritur.<\/p>\n<p>Ministrja e Arsimit, Shkenc\u00ebs, Tekonologjis\u00eb dhe Inovacionit, Arb\u00ebrie Nagavci, dje dha nj\u00eb intervist\u00eb n\u00eb Kanal10. N\u00eb emisionin \u201cPrime\u201d, zonja Nagavci \u00ebsht\u00eb \u00ebsht\u00eb pyetur nga ana e gazetarit edhe p\u00ebr vler\u00ebn e koeficientit.<\/p>\n<p>N\u00eb fakt, gazetari insistoi t\u00eb di se pse \u00ebsht\u00eb mbajtur fshehur vlera e koeficientit. N\u00eb k\u00ebt\u00eb pyetje, zonja Nagavci tha se vlera e koeficientit ende s\u2019\u00ebsht\u00eb caktuar.<\/p>\n<p>\u201cE kemi b\u00ebr\u00eb disa her\u00eb, nuk \u00ebsht\u00eb se \u00ebsht\u00eb mbajtur fsheht\u00eb vlera e koeficientit, por nuk \u00ebsht\u00eb caktuar akoma koeficienti. Dhe nuk mund ta dijm\u00eb pa u caktu p\u00ebrfundimisht.\u201d \u2013 tha ajo.<\/p>\n<p>Tutje zonja Nagavci vler\u00ebsoi se ligji i pagave nuk \u00ebsht\u00eb ligj p\u00ebr rritjen e pagave.<\/p>\n<p><iframe loading=\"lazy\" width=\"724\" height=\"315\" src=\"https:\/\/www.youtube.com\/embed\/EmNqTGm6Zso\" title=\"Pse po mbahet e \u2018fsheht\u00eb\u2019 vlera e koeficientit? \u2013 flet  Arb\u00ebrie Nagavci\" frameborder=\"0\" allow=\"accelerometer; autoplay; clipboard-write; encrypted-media; gyroscope; picture-in-picture; web-share\" allowfullscreen><\/iframe><\/p>\n<p>\u201cLigji \u00ebsht\u00eb ligji i pagave, nuk \u00ebsht\u00eb ligj p\u00ebr rritjen e pagave.\u201d \u2013 tha ajo.<\/p>\n<p>\u201cBesoj q\u00eb p\u00ebrfundimisht jan\u00eb renditur mir\u00eb pun\u00ebtor\u00ebt e arsimit, n\u00eb raport me t\u00eb pun\u00ebsuarit tjer\u00eb t\u00eb sektorit publik. Jan\u00eb larguar diferenca t\u00eb m\u00ebdha n\u00eb mes t\u00eb zyrtar\u00ebve publik. Partit\u00eb opozitare kan\u00eb qen\u00eb n\u00eb pushtet p\u00ebrpara nesh p\u00ebr vite me radh\u00eb, e kan\u00eb l\u00ebn\u00eb nj\u00eb sistem t\u00eb pagave me pabarazi t\u00eb m\u00ebdha. Ne dim\u00eb q\u00eb dallime n\u00eb sektorin publik jan\u00eb evidente n\u00eb sektor t\u00eb ndrysh\u00ebm. Ka pasur jo pak raste kur persona me kualifikim fillor kan\u00eb pasur pag\u00eb m\u00eb t\u00eb madhe n\u00eb krahasim me ata me studime mast\u00ebr, sepse kan\u00eb qen\u00eb pjes\u00eb e nj\u00eb sektori q\u00eb ka pasur nj\u00eb miratim.\u201d \u2013 shtoi ministrja Nagavci.<\/p>\n<p>P\u00ebr \u00e7\u00ebshtjen e shum\u00ebs financiare t\u00eb koeficientit \u00ebsht\u00eb pyetur edhe ministri Hekuran Murati. N\u00eb nj\u00eb konferenc\u00eb p\u00ebr \u00e7\u00ebshtjen e tatimit n\u00eb pron\u00eb, z. Murati deklaroi se \u00ebsht\u00eb vlera e koeficientit \u00ebsht\u00eb duke u p\u00ebrllogaritur, duke shtuar se nuk e kan\u00eb mbajtur t\u00eb fsheht\u00eb at\u00eb.<\/p>\n<p>\u201cNe nuk e kemi mbajtur t\u00eb fsheht\u00eb vler\u00ebn e koefcientit, mir\u00ebpo jan\u00eb duke u b\u00ebr\u00eb p\u00ebrllogaritjet.\u201d \u2013 tha Murati.<\/p>\n<p>Kujtojm\u00eb q\u00eb n\u00eb publik jan\u00eb diskutuar disa mund\u00ebsi t\u00eb vler\u00ebs s\u00eb koeficientit. Madje AAK-ja kishte k\u00ebrkuar q\u00eb koeficienti t\u00eb jet\u00eb 129 euro. Por edhe ish-kryeministri i Kosov\u00ebs dhe deputeti i LDK-s\u00eb, Avdullah Hoti ka shkruar dit\u00eb m\u00eb par\u00eb se vlera e koeficientit t\u00eb pag\u00ebs duhet t\u00eb jet\u00eb 137.5 euro.<\/p>\n<p>&#8220;Bazuar n\u00eb nj\u00eb llogaritje t\u00eb thjesht\u00eb: nj\u00eb vler\u00eb e koeficientit prej 125 euro i ruan pagat e nj\u00ebjta n\u00eb fuqi bler\u00ebse, si\u00e7 kan\u00eb qen\u00eb n\u00eb dhjetor 2021 p\u00ebrpara rritjes s\u00eb \u00e7mimeve. Pra, kjo vler\u00eb e koeficientit nuk paraqet rritje reale t\u00eb pagave. Rritje reale sigurohet n\u00ebse vlera e koeficientit \u00ebsht\u00eb m\u00eb e lart\u00eb se 125 euro. \u00c7far\u00ebdo vlere e koeficientit m\u00eb pak se 125 euro n\u00ebnkupton ulje t\u00eb pagave n\u00eb fuqi bler\u00ebse n\u00eb mallra dhe sh\u00ebrbime.&#8221; &#8211; shkroi z. Hoti n\u00eb profilin e tij.\/Nacionale<\/p>\n","protected":false},"excerpt":{"rendered":"<p>\u00c7\u00ebshtja e vler\u00ebs s\u00eb koeficientit po vazhdon t\u00eb jet\u00eb t\u00ebm\u00eb aktuale n\u00eb Kosov\u00eb. P\u00ebrkund\u00ebr miratimin t\u00eb Ligjit t\u00eb Pagave, i cili do t\u00eb hyj\u00eb n\u00eb fuqi me 4 shkurt, ende nuk dihet sa \u00ebsht\u00eb sakt\u00ebsisht vlera e koeficientit. P\u00ebrkund\u00ebr insistimit t\u00eb partive opozitare, analist\u00ebve e gazetar\u00ebve, Qeveria Kurti \u00ebsht\u00eb treguar hermetikisht e mbyllur rreth \u00e7\u00ebshtjes [&hellip;]<\/p>\n","protected":false},"author":1,"featured_media":11748,"comment_status":"closed","ping_status":"closed","sticky":false,"template":"","format":"standard","meta":{"_monsterinsights_skip_tracking":false,"_monsterinsights_sitenote_active":false,"_monsterinsights_sitenote_note":"","_monsterinsights_sitenote_category":0,"_uf_show_specific_survey":0,"_uf_disable_surveys":false,"footnotes":""},"categories":[1146],"tags":[86],"yoast_head":"<!-- This site is optimized with the Yoast SEO plugin v21.5 - https:\/\/yoast.com\/wordpress\/plugins\/seo\/ -->\n<title>\u201cEnde s\u2019dihet\u201d, \u201cpo b\u00ebhen llogaritjet\u201d: Qeveria Kurti vazhdon ta mbaj\u00eb sekret vler\u00ebn e koeficientit<\/title>\n<meta name=\"robots\" content=\"index, follow, max-snippet:-1, max-image-preview:large, max-video-preview:-1\" \/>\n<link rel=\"canonical\" href=\"https:\/\/permbledhja.com\/sq\/ende-sdihet-po-behen-llogaritjet-qeveria-kurti-vazhdon-ta-mbaje-sekret-vleren-e-koeficientit\/\" \/>\n<meta property=\"og:locale\" content=\"sq_AL\" \/>\n<meta property=\"og:type\" content=\"article\" \/>\n<meta property=\"og:title\" content=\"\u201cEnde s\u2019dihet\u201d, \u201cpo b\u00ebhen llogaritjet\u201d: Qeveria Kurti vazhdon ta mbaj\u00eb sekret vler\u00ebn e koeficientit\" \/>\n<meta property=\"og:description\" content=\"\u00c7\u00ebshtja e vler\u00ebs s\u00eb koeficientit po vazhdon t\u00eb jet\u00eb t\u00ebm\u00eb aktuale n\u00eb Kosov\u00eb. P\u00ebrkund\u00ebr miratimin t\u00eb Ligjit t\u00eb Pagave, i cili do t\u00eb hyj\u00eb n\u00eb fuqi me 4 shkurt, ende nuk dihet sa \u00ebsht\u00eb sakt\u00ebsisht vlera e koeficientit. P\u00ebrkund\u00ebr insistimit t\u00eb partive opozitare, analist\u00ebve e gazetar\u00ebve, Qeveria Kurti \u00ebsht\u00eb treguar hermetikisht e mbyllur rreth \u00e7\u00ebshtjes [&hellip;]\" \/>\n<meta property=\"og:url\" content=\"https:\/\/permbledhja.com\/sq\/ende-sdihet-po-behen-llogaritjet-qeveria-kurti-vazhdon-ta-mbaje-sekret-vleren-e-koeficientit\/\" \/>\n<meta property=\"og:site_name\" content=\"Ve\u00e7 artikuj p\u00ebrmbledh\u00ebs\" \/>\n<meta property=\"article:publisher\" content=\"https:\/\/www.facebook.com\/press07\/\" \/>\n<meta property=\"article:author\" content=\"https:\/\/www.facebook.com\/kafexhiu.muharrem\/\" \/>\n<meta property=\"article:published_time\" content=\"2023-01-27T11:15:11+00:00\" \/>\n<meta property=\"article:modified_time\" content=\"2023-01-27T11:15:29+00:00\" \/>\n<meta property=\"og:image\" content=\"https:\/\/permbledhja.com\/wp-content\/uploads\/2023\/01\/albin-kurti.png\" \/>\n\t<meta property=\"og:image:width\" content=\"897\" \/>\n\t<meta property=\"og:image:height\" content=\"557\" \/>\n\t<meta property=\"og:image:type\" content=\"image\/png\" \/>\n<meta name=\"author\" content=\"P\u00ebrmbledhja\" \/>\n<meta name=\"twitter:card\" content=\"summary_large_image\" \/>\n<meta name=\"twitter:label1\" content=\"Written by\" \/>\n\t<meta name=\"twitter:data1\" content=\"P\u00ebrmbledhja\" \/>\n\t<meta name=\"twitter:label2\" content=\"Est. reading time\" \/>\n\t<meta name=\"twitter:data2\" content=\"3 minuta\" \/>\n<script type=\"application\/ld+json\" class=\"yoast-schema-graph\">{\"@context\":\"https:\/\/schema.org\",\"@graph\":[{\"@type\":\"Article\",\"@id\":\"https:\/\/permbledhja.com\/ende-sdihet-po-behen-llogaritjet-qeveria-kurti-vazhdon-ta-mbaje-sekret-vleren-e-koeficientit\/#article\",\"isPartOf\":{\"@id\":\"https:\/\/permbledhja.com\/ende-sdihet-po-behen-llogaritjet-qeveria-kurti-vazhdon-ta-mbaje-sekret-vleren-e-koeficientit\/\"},\"author\":{\"name\":\"P\u00ebrmbledhja\",\"@id\":\"https:\/\/permbledhja.com\/#\/schema\/person\/0d064377258d3221e50693947b9eb4fe\"},\"headline\":\"\u201cEnde s\u2019dihet\u201d, \u201cpo b\u00ebhen llogaritjet\u201d: Qeveria Kurti vazhdon ta mbaj\u00eb sekret vler\u00ebn e koeficientit\",\"datePublished\":\"2023-01-27T11:15:11+00:00\",\"dateModified\":\"2023-01-27T11:15:29+00:00\",\"mainEntityOfPage\":{\"@id\":\"https:\/\/permbledhja.com\/ende-sdihet-po-behen-llogaritjet-qeveria-kurti-vazhdon-ta-mbaje-sekret-vleren-e-koeficientit\/\"},\"wordCount\":578,\"publisher\":{\"@id\":\"https:\/\/permbledhja.com\/#organization\"},\"keywords\":[\"Albin Kurti\"],\"articleSection\":[\"Kryesoret\"],\"inLanguage\":\"sq\"},{\"@type\":\"WebPage\",\"@id\":\"https:\/\/permbledhja.com\/ende-sdihet-po-behen-llogaritjet-qeveria-kurti-vazhdon-ta-mbaje-sekret-vleren-e-koeficientit\/\",\"url\":\"https:\/\/permbledhja.com\/ende-sdihet-po-behen-llogaritjet-qeveria-kurti-vazhdon-ta-mbaje-sekret-vleren-e-koeficientit\/\",\"name\":\"\u201cEnde s\u2019dihet\u201d, \u201cpo b\u00ebhen llogaritjet\u201d: Qeveria Kurti vazhdon ta mbaj\u00eb sekret vler\u00ebn e koeficientit\",\"isPartOf\":{\"@id\":\"https:\/\/permbledhja.com\/#website\"},\"datePublished\":\"2023-01-27T11:15:11+00:00\",\"dateModified\":\"2023-01-27T11:15:29+00:00\",\"breadcrumb\":{\"@id\":\"https:\/\/permbledhja.com\/ende-sdihet-po-behen-llogaritjet-qeveria-kurti-vazhdon-ta-mbaje-sekret-vleren-e-koeficientit\/#breadcrumb\"},\"inLanguage\":\"sq\",\"potentialAction\":[{\"@type\":\"ReadAction\",\"target\":[\"https:\/\/permbledhja.com\/ende-sdihet-po-behen-llogaritjet-qeveria-kurti-vazhdon-ta-mbaje-sekret-vleren-e-koeficientit\/\"]}]},{\"@type\":\"BreadcrumbList\",\"@id\":\"https:\/\/permbledhja.com\/ende-sdihet-po-behen-llogaritjet-qeveria-kurti-vazhdon-ta-mbaje-sekret-vleren-e-koeficientit\/#breadcrumb\",\"itemListElement\":[{\"@type\":\"ListItem\",\"position\":1,\"name\":\"Ballina\",\"item\":\"https:\/\/permbledhja.com\/sq\/\"},{\"@type\":\"ListItem\",\"position\":2,\"name\":\"\u201cEnde s\u2019dihet\u201d, \u201cpo b\u00ebhen llogaritjet\u201d: Qeveria Kurti vazhdon ta mbaj\u00eb sekret vler\u00ebn e koeficientit\"}]},{\"@type\":\"WebSite\",\"@id\":\"https:\/\/permbledhja.com\/#website\",\"url\":\"https:\/\/permbledhja.com\/\",\"name\":\"Ve\u00e7 artikuj p\u00ebrmbledh\u00ebs\",\"description\":\"\",\"publisher\":{\"@id\":\"https:\/\/permbledhja.com\/#organization\"},\"potentialAction\":[{\"@type\":\"SearchAction\",\"target\":{\"@type\":\"EntryPoint\",\"urlTemplate\":\"https:\/\/permbledhja.com\/?s={search_term_string}\"},\"query-input\":\"required name=search_term_string\"}],\"inLanguage\":\"sq\"},{\"@type\":\"Organization\",\"@id\":\"https:\/\/permbledhja.com\/#organization\",\"name\":\"MK Media & Pr\",\"url\":\"https:\/\/permbledhja.com\/\",\"logo\":{\"@type\":\"ImageObject\",\"inLanguage\":\"sq\",\"@id\":\"https:\/\/permbledhja.com\/#\/schema\/logo\/image\/\",\"url\":\"https:\/\/permbledhja.com\/wp-content\/uploads\/2021\/12\/07-Press-Logo.jpg\",\"contentUrl\":\"https:\/\/permbledhja.com\/wp-content\/uploads\/2021\/12\/07-Press-Logo.jpg\",\"width\":512,\"height\":512,\"caption\":\"MK Media & Pr\"},\"image\":{\"@id\":\"https:\/\/permbledhja.com\/#\/schema\/logo\/image\/\"},\"sameAs\":[\"https:\/\/www.facebook.com\/press07\/\"]},{\"@type\":\"Person\",\"@id\":\"https:\/\/permbledhja.com\/#\/schema\/person\/0d064377258d3221e50693947b9eb4fe\",\"name\":\"P\u00ebrmbledhja\",\"image\":{\"@type\":\"ImageObject\",\"inLanguage\":\"sq\",\"@id\":\"https:\/\/permbledhja.com\/#\/schema\/person\/image\/\",\"url\":\"https:\/\/permbledhja.com\/wp-content\/uploads\/2026\/01\/452004717_1040944174702970_8932037511805513407_n-96x96.jpg\",\"contentUrl\":\"https:\/\/permbledhja.com\/wp-content\/uploads\/2026\/01\/452004717_1040944174702970_8932037511805513407_n-96x96.jpg\",\"caption\":\"P\u00ebrmbledhja\"},\"sameAs\":[\"https:\/\/www.facebook.com\/kafexhiu.muharrem\/\",\"https:\/\/www.instagram.com\/muharrem_kafexhiu\/\"],\"url\":\"https:\/\/permbledhja.com\/sq\/author\/admin\/\"}]}<\/script>\n<!-- \/ Yoast SEO plugin. -->","yoast_head_json":{"title":"\u201cEnde s\u2019dihet\u201d, \u201cpo b\u00ebhen llogaritjet\u201d: Qeveria Kurti vazhdon ta mbaj\u00eb sekret vler\u00ebn e koeficientit","robots":{"index":"index","follow":"follow","max-snippet":"max-snippet:-1","max-image-preview":"max-image-preview:large","max-video-preview":"max-video-preview:-1"},"canonical":"https:\/\/permbledhja.com\/sq\/ende-sdihet-po-behen-llogaritjet-qeveria-kurti-vazhdon-ta-mbaje-sekret-vleren-e-koeficientit\/","og_locale":"sq_AL","og_type":"article","og_title":"\u201cEnde s\u2019dihet\u201d, \u201cpo b\u00ebhen llogaritjet\u201d: Qeveria Kurti vazhdon ta mbaj\u00eb sekret vler\u00ebn e koeficientit","og_description":"\u00c7\u00ebshtja e vler\u00ebs s\u00eb koeficientit po vazhdon t\u00eb jet\u00eb t\u00ebm\u00eb aktuale n\u00eb Kosov\u00eb. P\u00ebrkund\u00ebr miratimin t\u00eb Ligjit t\u00eb Pagave, i cili do t\u00eb hyj\u00eb n\u00eb fuqi me 4 shkurt, ende nuk dihet sa \u00ebsht\u00eb sakt\u00ebsisht vlera e koeficientit. P\u00ebrkund\u00ebr insistimit t\u00eb partive opozitare, analist\u00ebve e gazetar\u00ebve, Qeveria Kurti \u00ebsht\u00eb treguar hermetikisht e mbyllur rreth \u00e7\u00ebshtjes [&hellip;]","og_url":"https:\/\/permbledhja.com\/sq\/ende-sdihet-po-behen-llogaritjet-qeveria-kurti-vazhdon-ta-mbaje-sekret-vleren-e-koeficientit\/","og_site_name":"Ve\u00e7 artikuj p\u00ebrmbledh\u00ebs","article_publisher":"https:\/\/www.facebook.com\/press07\/","article_author":"https:\/\/www.facebook.com\/kafexhiu.muharrem\/","article_published_time":"2023-01-27T11:15:11+00:00","article_modified_time":"2023-01-27T11:15:29+00:00","og_image":[{"width":897,"height":557,"url":"https:\/\/permbledhja.com\/wp-content\/uploads\/2023\/01\/albin-kurti.png","type":"image\/png"}],"author":"P\u00ebrmbledhja","twitter_card":"summary_large_image","twitter_misc":{"Written by":"P\u00ebrmbledhja","Est. reading time":"3 minuta"},"schema":{"@context":"https:\/\/schema.org","@graph":[{"@type":"Article","@id":"https:\/\/permbledhja.com\/ende-sdihet-po-behen-llogaritjet-qeveria-kurti-vazhdon-ta-mbaje-sekret-vleren-e-koeficientit\/#article","isPartOf":{"@id":"https:\/\/permbledhja.com\/ende-sdihet-po-behen-llogaritjet-qeveria-kurti-vazhdon-ta-mbaje-sekret-vleren-e-koeficientit\/"},"author":{"name":"P\u00ebrmbledhja","@id":"https:\/\/permbledhja.com\/#\/schema\/person\/0d064377258d3221e50693947b9eb4fe"},"headline":"\u201cEnde s\u2019dihet\u201d, \u201cpo b\u00ebhen llogaritjet\u201d: Qeveria Kurti vazhdon ta mbaj\u00eb sekret vler\u00ebn e koeficientit","datePublished":"2023-01-27T11:15:11+00:00","dateModified":"2023-01-27T11:15:29+00:00","mainEntityOfPage":{"@id":"https:\/\/permbledhja.com\/ende-sdihet-po-behen-llogaritjet-qeveria-kurti-vazhdon-ta-mbaje-sekret-vleren-e-koeficientit\/"},"wordCount":578,"publisher":{"@id":"https:\/\/permbledhja.com\/#organization"},"keywords":["Albin Kurti"],"articleSection":["Kryesoret"],"inLanguage":"sq"},{"@type":"WebPage","@id":"https:\/\/permbledhja.com\/ende-sdihet-po-behen-llogaritjet-qeveria-kurti-vazhdon-ta-mbaje-sekret-vleren-e-koeficientit\/","url":"https:\/\/permbledhja.com\/ende-sdihet-po-behen-llogaritjet-qeveria-kurti-vazhdon-ta-mbaje-sekret-vleren-e-koeficientit\/","name":"\u201cEnde s\u2019dihet\u201d, \u201cpo b\u00ebhen llogaritjet\u201d: Qeveria Kurti vazhdon ta mbaj\u00eb sekret vler\u00ebn e koeficientit","isPartOf":{"@id":"https:\/\/permbledhja.com\/#website"},"datePublished":"2023-01-27T11:15:11+00:00","dateModified":"2023-01-27T11:15:29+00:00","breadcrumb":{"@id":"https:\/\/permbledhja.com\/ende-sdihet-po-behen-llogaritjet-qeveria-kurti-vazhdon-ta-mbaje-sekret-vleren-e-koeficientit\/#breadcrumb"},"inLanguage":"sq","potentialAction":[{"@type":"ReadAction","target":["https:\/\/permbledhja.com\/ende-sdihet-po-behen-llogaritjet-qeveria-kurti-vazhdon-ta-mbaje-sekret-vleren-e-koeficientit\/"]}]},{"@type":"BreadcrumbList","@id":"https:\/\/permbledhja.com\/ende-sdihet-po-behen-llogaritjet-qeveria-kurti-vazhdon-ta-mbaje-sekret-vleren-e-koeficientit\/#breadcrumb","itemListElement":[{"@type":"ListItem","position":1,"name":"Ballina","item":"https:\/\/permbledhja.com\/sq\/"},{"@type":"ListItem","position":2,"name":"\u201cEnde s\u2019dihet\u201d, \u201cpo b\u00ebhen llogaritjet\u201d: Qeveria Kurti vazhdon ta mbaj\u00eb sekret vler\u00ebn e koeficientit"}]},{"@type":"WebSite","@id":"https:\/\/permbledhja.com\/#website","url":"https:\/\/permbledhja.com\/","name":"Ve\u00e7 artikuj p\u00ebrmbledh\u00ebs","description":"","publisher":{"@id":"https:\/\/permbledhja.com\/#organization"},"potentialAction":[{"@type":"SearchAction","target":{"@type":"EntryPoint","urlTemplate":"https:\/\/permbledhja.com\/?s={search_term_string}"},"query-input":"required name=search_term_string"}],"inLanguage":"sq"},{"@type":"Organization","@id":"https:\/\/permbledhja.com\/#organization","name":"MK Media & Pr","url":"https:\/\/permbledhja.com\/","logo":{"@type":"ImageObject","inLanguage":"sq","@id":"https:\/\/permbledhja.com\/#\/schema\/logo\/image\/","url":"https:\/\/permbledhja.com\/wp-content\/uploads\/2021\/12\/07-Press-Logo.jpg","contentUrl":"https:\/\/permbledhja.com\/wp-content\/uploads\/2021\/12\/07-Press-Logo.jpg","width":512,"height":512,"caption":"MK Media & Pr"},"image":{"@id":"https:\/\/permbledhja.com\/#\/schema\/logo\/image\/"},"sameAs":["https:\/\/www.facebook.com\/press07\/"]},{"@type":"Person","@id":"https:\/\/permbledhja.com\/#\/schema\/person\/0d064377258d3221e50693947b9eb4fe","name":"P\u00ebrmbledhja","image":{"@type":"ImageObject","inLanguage":"sq","@id":"https:\/\/permbledhja.com\/#\/schema\/person\/image\/","url":"https:\/\/permbledhja.com\/wp-content\/uploads\/2026\/01\/452004717_1040944174702970_8932037511805513407_n-96x96.jpg","contentUrl":"https:\/\/permbledhja.com\/wp-content\/uploads\/2026\/01\/452004717_1040944174702970_8932037511805513407_n-96x96.jpg","caption":"P\u00ebrmbledhja"},"sameAs":["https:\/\/www.facebook.com\/kafexhiu.muharrem\/","https:\/\/www.instagram.com\/muharrem_kafexhiu\/"],"url":"https:\/\/permbledhja.com\/sq\/author\/admin\/"}]}},"_links":{"self":[{"href":"https:\/\/permbledhja.com\/sq\/wp-json\/wp\/v2\/posts\/11747"}],"collection":[{"href":"https:\/\/permbledhja.com\/sq\/wp-json\/wp\/v2\/posts"}],"about":[{"href":"https:\/\/permbledhja.com\/sq\/wp-json\/wp\/v2\/types\/post"}],"author":[{"embeddable":true,"href":"https:\/\/permbledhja.com\/sq\/wp-json\/wp\/v2\/users\/1"}],"replies":[{"embeddable":true,"href":"https:\/\/permbledhja.com\/sq\/wp-json\/wp\/v2\/comments?post=11747"}],"version-history":[{"count":2,"href":"https:\/\/permbledhja.com\/sq\/wp-json\/wp\/v2\/posts\/11747\/revisions"}],"predecessor-version":[{"id":11750,"href":"https:\/\/permbledhja.com\/sq\/wp-json\/wp\/v2\/posts\/11747\/revisions\/11750"}],"wp:featuredmedia":[{"embeddable":true,"href":"https:\/\/permbledhja.com\/sq\/wp-json\/wp\/v2\/media\/11748"}],"wp:attachment":[{"href":"https:\/\/permbledhja.com\/sq\/wp-json\/wp\/v2\/media?parent=11747"}],"wp:term":[{"taxonomy":"category","embeddable":true,"href":"https:\/\/permbledhja.com\/sq\/wp-json\/wp\/v2\/categories?post=11747"},{"taxonomy":"post_tag","embeddable":true,"href":"https:\/\/permbledhja.com\/sq\/wp-json\/wp\/v2\/tags?post=11747"}],"curies":[{"name":"wp","href":"https:\/\/api.w.org\/{rel}","templated":true}]}}