{"id":11495,"date":"2023-01-17T21:56:44","date_gmt":"2023-01-17T21:56:44","guid":{"rendered":"https:\/\/permbledhja.com\/?p=11495"},"modified":"2023-01-17T21:56:44","modified_gmt":"2023-01-17T21:56:44","slug":"i-mbijetuari-i-masakres-u-vrane-24-veta-nen-urdhrin-e-ivanoviqit-une-kam-deshmuar-kunder-tij","status":"publish","type":"post","link":"https:\/\/permbledhja.com\/sq\/i-mbijetuari-i-masakres-u-vrane-24-veta-nen-urdhrin-e-ivanoviqit-une-kam-deshmuar-kunder-tij\/","title":{"rendered":"I mbijetuari i masakr\u00ebs: U vran\u00eb 24 veta n\u00ebn urdhrin e Ivanoviqit, un\u00eb kam d\u00ebshmuar kund\u00ebr tij"},"content":{"rendered":"<p><strong>I mbijetuari i masakr\u00ebs n\u00eb &#8220;Lagjen e Kovaq\u00ebve&#8221; n\u00eb Mitrovic\u00eb, Isa Mustafa, ka folur sot rreth d\u00ebshmis\u00eb q\u00eb ka dh\u00ebn\u00eb kund\u00ebr Oliver Ivanoviqit, an\u00ebtarit t\u00eb grupit &#8220;Rojet e Ur\u00ebs&#8221;, t\u00eb p\u00ebrfshir\u00eb n\u00eb vrasjen e shqiptar\u00ebve gjat\u00eb vititi 1999.<\/strong><\/p>\n<p>N\u00eb Debat Plus, ai tha se n\u00eb at\u00eb masak\u00ebr, p\u00ebr t\u00eb cil\u00ebn edhe ka d\u00ebshmuar, jan\u00eb vrar\u00eb 24 vet\u00eb, nd\u00ebrsa t\u00eb gjitha kan\u00eb ndodhur n\u00ebn urdhrin e Oliver Ivanoviq.<\/p>\n<p>\u201cUn\u00eb kam d\u00ebshmuar p\u00ebr rastin e 14 prillit t\u00eb vitit 1999, masakr\u00ebn e kryer n\u00eb \u201cLagjen e Kova\u00e7\u00ebve\u201d n\u00eb Mitrovic\u00eb. N\u00eb at\u00eb masak\u00ebr jan\u00eb ekzekutuar 24 veta, n\u00ebn urdh\u00ebrin e Oliver Ivanoviqit. Jan\u00eb edhe 7 pas asaj nate. Dometh\u00ebn\u00eb, ajo lagje ka t\u00eb p\u00ebrfshir\u00eb 31 t\u00eb vrar\u00eb. Si lagje, \u00ebsht\u00eb shum\u00eb e d\u00ebmtuar\u201d, tha fillimisht ai.<\/p>\n<p>Tutje, Mustafa pohoi faktin se edhe vet e kishte par\u00eb Ivanoviqin, duke shtuar se ky i fundit nuk ka ekzekutuar, por ka dh\u00ebn\u00eb urdh\u00ebra p\u00ebr nj\u00eb gj\u00eb t\u00eb till\u00eb.<\/p>\n<p>\u201cPo, e kam d\u00ebshmuar edhe gjat\u00eb seancave gjyq\u00ebsore q\u00eb gjithnj\u00eb Oliver Ivanoviqi ka dh\u00ebn\u00eb urdh\u00ebra p\u00ebr ekzekutime. Nuk ka ekzekutuar por i ka dh\u00ebn\u00eb urdh\u00ebrat p\u00ebr ekzekutime, ekzekutuesit kan\u00eb qen\u00eb t\u00eb tjer\u00eb, edhe gjat\u00eb koh\u00ebs s\u00eb UMNIK-ut, edhe gjat\u00eb koh\u00ebs s\u00eb EULEX-it. M\u00eb 23 n\u00ebntor t\u00eb vitit 1999, p\u00ebr her\u00eb t\u00eb par\u00eb e kam deponuar d\u00ebshmin\u00eb n\u00eb gjyq, n\u00eb Gjykat\u00ebn Themelore t\u00eb Mitrovic\u00ebs. Q\u00eb nga ajo dat\u00eb e deri sa \u00ebsht\u00eb kryer gjykimi i Oliver Ivanoviqit, un\u00eb kam qen\u00eb gjithnj\u00eb prezent dhe gjithnj\u00eb e kam paditur n\u00eb t\u00eb nj\u00ebjt\u00ebn form\u00eb dhe n\u00eb t\u00eb nj\u00ebjtin rast\u201d, shtoi ai.<\/p>\n","protected":false},"excerpt":{"rendered":"<p>I mbijetuari i masakr\u00ebs n\u00eb &#8220;Lagjen e Kovaq\u00ebve&#8221; n\u00eb Mitrovic\u00eb, Isa Mustafa, ka folur sot rreth d\u00ebshmis\u00eb q\u00eb ka dh\u00ebn\u00eb kund\u00ebr Oliver Ivanoviqit, an\u00ebtarit t\u00eb grupit &#8220;Rojet e Ur\u00ebs&#8221;, t\u00eb p\u00ebrfshir\u00eb n\u00eb vrasjen e shqiptar\u00ebve gjat\u00eb vititi 1999. N\u00eb Debat Plus, ai tha se n\u00eb at\u00eb masak\u00ebr, p\u00ebr t\u00eb cil\u00ebn edhe ka d\u00ebshmuar, jan\u00eb vrar\u00eb [&hellip;]<\/p>\n","protected":false},"author":1,"featured_media":11496,"comment_status":"closed","ping_status":"closed","sticky":false,"template":"","format":"standard","meta":{"_monsterinsights_skip_tracking":false,"_monsterinsights_sitenote_active":false,"_monsterinsights_sitenote_note":"","_monsterinsights_sitenote_category":0,"_uf_show_specific_survey":0,"_uf_disable_surveys":false,"footnotes":""},"categories":[23,15],"tags":[1339],"yoast_head":"<!-- This site is optimized with the Yoast SEO plugin v21.5 - https:\/\/yoast.com\/wordpress\/plugins\/seo\/ -->\n<title>I mbijetuari i masakr\u00ebs: U vran\u00eb 24 veta n\u00ebn urdhrin e Ivanoviqit, un\u00eb kam d\u00ebshmuar kund\u00ebr tij<\/title>\n<meta name=\"robots\" content=\"index, follow, max-snippet:-1, max-image-preview:large, max-video-preview:-1\" \/>\n<link rel=\"canonical\" href=\"https:\/\/permbledhja.com\/sq\/i-mbijetuari-i-masakres-u-vrane-24-veta-nen-urdhrin-e-ivanoviqit-une-kam-deshmuar-kunder-tij\/\" \/>\n<meta property=\"og:locale\" content=\"sq_AL\" \/>\n<meta property=\"og:type\" content=\"article\" \/>\n<meta property=\"og:title\" content=\"I mbijetuari i masakr\u00ebs: U vran\u00eb 24 veta n\u00ebn urdhrin e Ivanoviqit, un\u00eb kam d\u00ebshmuar kund\u00ebr tij\" \/>\n<meta property=\"og:description\" content=\"I mbijetuari i masakr\u00ebs n\u00eb &#8220;Lagjen e Kovaq\u00ebve&#8221; n\u00eb Mitrovic\u00eb, Isa Mustafa, ka folur sot rreth d\u00ebshmis\u00eb q\u00eb ka dh\u00ebn\u00eb kund\u00ebr Oliver Ivanoviqit, an\u00ebtarit t\u00eb grupit &#8220;Rojet e Ur\u00ebs&#8221;, t\u00eb p\u00ebrfshir\u00eb n\u00eb vrasjen e shqiptar\u00ebve gjat\u00eb vititi 1999. N\u00eb Debat Plus, ai tha se n\u00eb at\u00eb masak\u00ebr, p\u00ebr t\u00eb cil\u00ebn edhe ka d\u00ebshmuar, jan\u00eb vrar\u00eb [&hellip;]\" \/>\n<meta property=\"og:url\" content=\"https:\/\/permbledhja.com\/sq\/i-mbijetuari-i-masakres-u-vrane-24-veta-nen-urdhrin-e-ivanoviqit-une-kam-deshmuar-kunder-tij\/\" \/>\n<meta property=\"og:site_name\" content=\"Ve\u00e7 artikuj p\u00ebrmbledh\u00ebs\" \/>\n<meta property=\"article:publisher\" content=\"https:\/\/www.facebook.com\/press07\/\" \/>\n<meta property=\"article:author\" content=\"https:\/\/www.facebook.com\/kafexhiu.muharrem\/\" \/>\n<meta property=\"article:published_time\" content=\"2023-01-17T21:56:44+00:00\" \/>\n<meta property=\"og:image\" content=\"https:\/\/permbledhja.com\/wp-content\/uploads\/2023\/01\/isa-mustafa.png\" \/>\n\t<meta property=\"og:image:width\" content=\"898\" \/>\n\t<meta property=\"og:image:height\" content=\"553\" \/>\n\t<meta property=\"og:image:type\" content=\"image\/png\" \/>\n<meta name=\"author\" content=\"P\u00ebrmbledhja\" \/>\n<meta name=\"twitter:card\" content=\"summary_large_image\" \/>\n<meta name=\"twitter:label1\" content=\"Written by\" \/>\n\t<meta name=\"twitter:data1\" content=\"P\u00ebrmbledhja\" \/>\n\t<meta name=\"twitter:label2\" content=\"Est. reading time\" \/>\n\t<meta name=\"twitter:data2\" content=\"1 minut\u00eb\" \/>\n<script type=\"application\/ld+json\" class=\"yoast-schema-graph\">{\"@context\":\"https:\/\/schema.org\",\"@graph\":[{\"@type\":\"Article\",\"@id\":\"https:\/\/permbledhja.com\/i-mbijetuari-i-masakres-u-vrane-24-veta-nen-urdhrin-e-ivanoviqit-une-kam-deshmuar-kunder-tij\/#article\",\"isPartOf\":{\"@id\":\"https:\/\/permbledhja.com\/i-mbijetuari-i-masakres-u-vrane-24-veta-nen-urdhrin-e-ivanoviqit-une-kam-deshmuar-kunder-tij\/\"},\"author\":{\"name\":\"P\u00ebrmbledhja\",\"@id\":\"https:\/\/permbledhja.com\/#\/schema\/person\/0d064377258d3221e50693947b9eb4fe\"},\"headline\":\"I mbijetuari i masakr\u00ebs: U vran\u00eb 24 veta n\u00ebn urdhrin e Ivanoviqit, un\u00eb kam d\u00ebshmuar kund\u00ebr tij\",\"datePublished\":\"2023-01-17T21:56:44+00:00\",\"dateModified\":\"2023-01-17T21:56:44+00:00\",\"mainEntityOfPage\":{\"@id\":\"https:\/\/permbledhja.com\/i-mbijetuari-i-masakres-u-vrane-24-veta-nen-urdhrin-e-ivanoviqit-une-kam-deshmuar-kunder-tij\/\"},\"wordCount\":306,\"publisher\":{\"@id\":\"https:\/\/permbledhja.com\/#organization\"},\"keywords\":[\"Masak\u00ebr\"],\"articleSection\":[\"Komb\u00ebtare\",\"Lajme\"],\"inLanguage\":\"sq\"},{\"@type\":\"WebPage\",\"@id\":\"https:\/\/permbledhja.com\/i-mbijetuari-i-masakres-u-vrane-24-veta-nen-urdhrin-e-ivanoviqit-une-kam-deshmuar-kunder-tij\/\",\"url\":\"https:\/\/permbledhja.com\/i-mbijetuari-i-masakres-u-vrane-24-veta-nen-urdhrin-e-ivanoviqit-une-kam-deshmuar-kunder-tij\/\",\"name\":\"I mbijetuari i masakr\u00ebs: U vran\u00eb 24 veta n\u00ebn urdhrin e Ivanoviqit, un\u00eb kam d\u00ebshmuar kund\u00ebr tij\",\"isPartOf\":{\"@id\":\"https:\/\/permbledhja.com\/#website\"},\"datePublished\":\"2023-01-17T21:56:44+00:00\",\"dateModified\":\"2023-01-17T21:56:44+00:00\",\"breadcrumb\":{\"@id\":\"https:\/\/permbledhja.com\/i-mbijetuari-i-masakres-u-vrane-24-veta-nen-urdhrin-e-ivanoviqit-une-kam-deshmuar-kunder-tij\/#breadcrumb\"},\"inLanguage\":\"sq\",\"potentialAction\":[{\"@type\":\"ReadAction\",\"target\":[\"https:\/\/permbledhja.com\/i-mbijetuari-i-masakres-u-vrane-24-veta-nen-urdhrin-e-ivanoviqit-une-kam-deshmuar-kunder-tij\/\"]}]},{\"@type\":\"BreadcrumbList\",\"@id\":\"https:\/\/permbledhja.com\/i-mbijetuari-i-masakres-u-vrane-24-veta-nen-urdhrin-e-ivanoviqit-une-kam-deshmuar-kunder-tij\/#breadcrumb\",\"itemListElement\":[{\"@type\":\"ListItem\",\"position\":1,\"name\":\"Ballina\",\"item\":\"https:\/\/permbledhja.com\/sq\/\"},{\"@type\":\"ListItem\",\"position\":2,\"name\":\"I mbijetuari i masakr\u00ebs: U vran\u00eb 24 veta n\u00ebn urdhrin e Ivanoviqit, un\u00eb kam d\u00ebshmuar kund\u00ebr tij\"}]},{\"@type\":\"WebSite\",\"@id\":\"https:\/\/permbledhja.com\/#website\",\"url\":\"https:\/\/permbledhja.com\/\",\"name\":\"Ve\u00e7 artikuj p\u00ebrmbledh\u00ebs\",\"description\":\"\",\"publisher\":{\"@id\":\"https:\/\/permbledhja.com\/#organization\"},\"potentialAction\":[{\"@type\":\"SearchAction\",\"target\":{\"@type\":\"EntryPoint\",\"urlTemplate\":\"https:\/\/permbledhja.com\/?s={search_term_string}\"},\"query-input\":\"required name=search_term_string\"}],\"inLanguage\":\"sq\"},{\"@type\":\"Organization\",\"@id\":\"https:\/\/permbledhja.com\/#organization\",\"name\":\"MK Media & Pr\",\"url\":\"https:\/\/permbledhja.com\/\",\"logo\":{\"@type\":\"ImageObject\",\"inLanguage\":\"sq\",\"@id\":\"https:\/\/permbledhja.com\/#\/schema\/logo\/image\/\",\"url\":\"https:\/\/permbledhja.com\/wp-content\/uploads\/2021\/12\/07-Press-Logo.jpg\",\"contentUrl\":\"https:\/\/permbledhja.com\/wp-content\/uploads\/2021\/12\/07-Press-Logo.jpg\",\"width\":512,\"height\":512,\"caption\":\"MK Media & Pr\"},\"image\":{\"@id\":\"https:\/\/permbledhja.com\/#\/schema\/logo\/image\/\"},\"sameAs\":[\"https:\/\/www.facebook.com\/press07\/\"]},{\"@type\":\"Person\",\"@id\":\"https:\/\/permbledhja.com\/#\/schema\/person\/0d064377258d3221e50693947b9eb4fe\",\"name\":\"P\u00ebrmbledhja\",\"image\":{\"@type\":\"ImageObject\",\"inLanguage\":\"sq\",\"@id\":\"https:\/\/permbledhja.com\/#\/schema\/person\/image\/\",\"url\":\"https:\/\/permbledhja.com\/wp-content\/uploads\/2026\/01\/452004717_1040944174702970_8932037511805513407_n-96x96.jpg\",\"contentUrl\":\"https:\/\/permbledhja.com\/wp-content\/uploads\/2026\/01\/452004717_1040944174702970_8932037511805513407_n-96x96.jpg\",\"caption\":\"P\u00ebrmbledhja\"},\"sameAs\":[\"https:\/\/www.facebook.com\/kafexhiu.muharrem\/\",\"https:\/\/www.instagram.com\/muharrem_kafexhiu\/\"],\"url\":\"https:\/\/permbledhja.com\/sq\/author\/admin\/\"}]}<\/script>\n<!-- \/ Yoast SEO plugin. -->","yoast_head_json":{"title":"I mbijetuari i masakr\u00ebs: U vran\u00eb 24 veta n\u00ebn urdhrin e Ivanoviqit, un\u00eb kam d\u00ebshmuar kund\u00ebr tij","robots":{"index":"index","follow":"follow","max-snippet":"max-snippet:-1","max-image-preview":"max-image-preview:large","max-video-preview":"max-video-preview:-1"},"canonical":"https:\/\/permbledhja.com\/sq\/i-mbijetuari-i-masakres-u-vrane-24-veta-nen-urdhrin-e-ivanoviqit-une-kam-deshmuar-kunder-tij\/","og_locale":"sq_AL","og_type":"article","og_title":"I mbijetuari i masakr\u00ebs: U vran\u00eb 24 veta n\u00ebn urdhrin e Ivanoviqit, un\u00eb kam d\u00ebshmuar kund\u00ebr tij","og_description":"I mbijetuari i masakr\u00ebs n\u00eb &#8220;Lagjen e Kovaq\u00ebve&#8221; n\u00eb Mitrovic\u00eb, Isa Mustafa, ka folur sot rreth d\u00ebshmis\u00eb q\u00eb ka dh\u00ebn\u00eb kund\u00ebr Oliver Ivanoviqit, an\u00ebtarit t\u00eb grupit &#8220;Rojet e Ur\u00ebs&#8221;, t\u00eb p\u00ebrfshir\u00eb n\u00eb vrasjen e shqiptar\u00ebve gjat\u00eb vititi 1999. N\u00eb Debat Plus, ai tha se n\u00eb at\u00eb masak\u00ebr, p\u00ebr t\u00eb cil\u00ebn edhe ka d\u00ebshmuar, jan\u00eb vrar\u00eb [&hellip;]","og_url":"https:\/\/permbledhja.com\/sq\/i-mbijetuari-i-masakres-u-vrane-24-veta-nen-urdhrin-e-ivanoviqit-une-kam-deshmuar-kunder-tij\/","og_site_name":"Ve\u00e7 artikuj p\u00ebrmbledh\u00ebs","article_publisher":"https:\/\/www.facebook.com\/press07\/","article_author":"https:\/\/www.facebook.com\/kafexhiu.muharrem\/","article_published_time":"2023-01-17T21:56:44+00:00","og_image":[{"width":898,"height":553,"url":"https:\/\/permbledhja.com\/wp-content\/uploads\/2023\/01\/isa-mustafa.png","type":"image\/png"}],"author":"P\u00ebrmbledhja","twitter_card":"summary_large_image","twitter_misc":{"Written by":"P\u00ebrmbledhja","Est. reading time":"1 minut\u00eb"},"schema":{"@context":"https:\/\/schema.org","@graph":[{"@type":"Article","@id":"https:\/\/permbledhja.com\/i-mbijetuari-i-masakres-u-vrane-24-veta-nen-urdhrin-e-ivanoviqit-une-kam-deshmuar-kunder-tij\/#article","isPartOf":{"@id":"https:\/\/permbledhja.com\/i-mbijetuari-i-masakres-u-vrane-24-veta-nen-urdhrin-e-ivanoviqit-une-kam-deshmuar-kunder-tij\/"},"author":{"name":"P\u00ebrmbledhja","@id":"https:\/\/permbledhja.com\/#\/schema\/person\/0d064377258d3221e50693947b9eb4fe"},"headline":"I mbijetuari i masakr\u00ebs: U vran\u00eb 24 veta n\u00ebn urdhrin e Ivanoviqit, un\u00eb kam d\u00ebshmuar kund\u00ebr tij","datePublished":"2023-01-17T21:56:44+00:00","dateModified":"2023-01-17T21:56:44+00:00","mainEntityOfPage":{"@id":"https:\/\/permbledhja.com\/i-mbijetuari-i-masakres-u-vrane-24-veta-nen-urdhrin-e-ivanoviqit-une-kam-deshmuar-kunder-tij\/"},"wordCount":306,"publisher":{"@id":"https:\/\/permbledhja.com\/#organization"},"keywords":["Masak\u00ebr"],"articleSection":["Komb\u00ebtare","Lajme"],"inLanguage":"sq"},{"@type":"WebPage","@id":"https:\/\/permbledhja.com\/i-mbijetuari-i-masakres-u-vrane-24-veta-nen-urdhrin-e-ivanoviqit-une-kam-deshmuar-kunder-tij\/","url":"https:\/\/permbledhja.com\/i-mbijetuari-i-masakres-u-vrane-24-veta-nen-urdhrin-e-ivanoviqit-une-kam-deshmuar-kunder-tij\/","name":"I mbijetuari i masakr\u00ebs: U vran\u00eb 24 veta n\u00ebn urdhrin e Ivanoviqit, un\u00eb kam d\u00ebshmuar kund\u00ebr tij","isPartOf":{"@id":"https:\/\/permbledhja.com\/#website"},"datePublished":"2023-01-17T21:56:44+00:00","dateModified":"2023-01-17T21:56:44+00:00","breadcrumb":{"@id":"https:\/\/permbledhja.com\/i-mbijetuari-i-masakres-u-vrane-24-veta-nen-urdhrin-e-ivanoviqit-une-kam-deshmuar-kunder-tij\/#breadcrumb"},"inLanguage":"sq","potentialAction":[{"@type":"ReadAction","target":["https:\/\/permbledhja.com\/i-mbijetuari-i-masakres-u-vrane-24-veta-nen-urdhrin-e-ivanoviqit-une-kam-deshmuar-kunder-tij\/"]}]},{"@type":"BreadcrumbList","@id":"https:\/\/permbledhja.com\/i-mbijetuari-i-masakres-u-vrane-24-veta-nen-urdhrin-e-ivanoviqit-une-kam-deshmuar-kunder-tij\/#breadcrumb","itemListElement":[{"@type":"ListItem","position":1,"name":"Ballina","item":"https:\/\/permbledhja.com\/sq\/"},{"@type":"ListItem","position":2,"name":"I mbijetuari i masakr\u00ebs: U vran\u00eb 24 veta n\u00ebn urdhrin e Ivanoviqit, un\u00eb kam d\u00ebshmuar kund\u00ebr tij"}]},{"@type":"WebSite","@id":"https:\/\/permbledhja.com\/#website","url":"https:\/\/permbledhja.com\/","name":"Ve\u00e7 artikuj p\u00ebrmbledh\u00ebs","description":"","publisher":{"@id":"https:\/\/permbledhja.com\/#organization"},"potentialAction":[{"@type":"SearchAction","target":{"@type":"EntryPoint","urlTemplate":"https:\/\/permbledhja.com\/?s={search_term_string}"},"query-input":"required name=search_term_string"}],"inLanguage":"sq"},{"@type":"Organization","@id":"https:\/\/permbledhja.com\/#organization","name":"MK Media & Pr","url":"https:\/\/permbledhja.com\/","logo":{"@type":"ImageObject","inLanguage":"sq","@id":"https:\/\/permbledhja.com\/#\/schema\/logo\/image\/","url":"https:\/\/permbledhja.com\/wp-content\/uploads\/2021\/12\/07-Press-Logo.jpg","contentUrl":"https:\/\/permbledhja.com\/wp-content\/uploads\/2021\/12\/07-Press-Logo.jpg","width":512,"height":512,"caption":"MK Media & Pr"},"image":{"@id":"https:\/\/permbledhja.com\/#\/schema\/logo\/image\/"},"sameAs":["https:\/\/www.facebook.com\/press07\/"]},{"@type":"Person","@id":"https:\/\/permbledhja.com\/#\/schema\/person\/0d064377258d3221e50693947b9eb4fe","name":"P\u00ebrmbledhja","image":{"@type":"ImageObject","inLanguage":"sq","@id":"https:\/\/permbledhja.com\/#\/schema\/person\/image\/","url":"https:\/\/permbledhja.com\/wp-content\/uploads\/2026\/01\/452004717_1040944174702970_8932037511805513407_n-96x96.jpg","contentUrl":"https:\/\/permbledhja.com\/wp-content\/uploads\/2026\/01\/452004717_1040944174702970_8932037511805513407_n-96x96.jpg","caption":"P\u00ebrmbledhja"},"sameAs":["https:\/\/www.facebook.com\/kafexhiu.muharrem\/","https:\/\/www.instagram.com\/muharrem_kafexhiu\/"],"url":"https:\/\/permbledhja.com\/sq\/author\/admin\/"}]}},"_links":{"self":[{"href":"https:\/\/permbledhja.com\/sq\/wp-json\/wp\/v2\/posts\/11495"}],"collection":[{"href":"https:\/\/permbledhja.com\/sq\/wp-json\/wp\/v2\/posts"}],"about":[{"href":"https:\/\/permbledhja.com\/sq\/wp-json\/wp\/v2\/types\/post"}],"author":[{"embeddable":true,"href":"https:\/\/permbledhja.com\/sq\/wp-json\/wp\/v2\/users\/1"}],"replies":[{"embeddable":true,"href":"https:\/\/permbledhja.com\/sq\/wp-json\/wp\/v2\/comments?post=11495"}],"version-history":[{"count":1,"href":"https:\/\/permbledhja.com\/sq\/wp-json\/wp\/v2\/posts\/11495\/revisions"}],"predecessor-version":[{"id":11497,"href":"https:\/\/permbledhja.com\/sq\/wp-json\/wp\/v2\/posts\/11495\/revisions\/11497"}],"wp:featuredmedia":[{"embeddable":true,"href":"https:\/\/permbledhja.com\/sq\/wp-json\/wp\/v2\/media\/11496"}],"wp:attachment":[{"href":"https:\/\/permbledhja.com\/sq\/wp-json\/wp\/v2\/media?parent=11495"}],"wp:term":[{"taxonomy":"category","embeddable":true,"href":"https:\/\/permbledhja.com\/sq\/wp-json\/wp\/v2\/categories?post=11495"},{"taxonomy":"post_tag","embeddable":true,"href":"https:\/\/permbledhja.com\/sq\/wp-json\/wp\/v2\/tags?post=11495"}],"curies":[{"name":"wp","href":"https:\/\/api.w.org\/{rel}","templated":true}]}}