{"id":11474,"date":"2023-01-17T13:29:19","date_gmt":"2023-01-17T13:29:19","guid":{"rendered":"https:\/\/permbledhja.com\/?p=11474"},"modified":"2023-01-17T13:29:19","modified_gmt":"2023-01-17T13:29:19","slug":"kjo-eshte-shuma-e-parave-qe-moren-te-dyshuarit-qe-premtuan-ndikim-ne-ministrine-e-bujqesise-per-dallavere-me-grante","status":"publish","type":"post","link":"https:\/\/permbledhja.com\/sq\/kjo-eshte-shuma-e-parave-qe-moren-te-dyshuarit-qe-premtuan-ndikim-ne-ministrine-e-bujqesise-per-dallavere-me-grante\/","title":{"rendered":"Kjo \u00ebsht\u00eb shuma e parave q\u00eb mor\u00ebn t\u00eb dyshuarit q\u00eb premtuan ndikim n\u00eb Ministrin\u00eb e Bujq\u00ebsis\u00eb p\u00ebr dallavere me grante"},"content":{"rendered":"<p><strong>Aksioni i zhvilluar gjat\u00eb dit\u00ebs s\u00eb djeshme nga sektori i Hetimeve t\u00eb Korrupsionit n\u00eb Policin\u00eb e Kosov\u00ebs ka rezultuar me arrestimin e dy personave t\u00eb dyshuar p\u00ebr ushtrim ndikimi.<\/strong><\/p>\n<p>T\u00eb dyshuarit q\u00eb tashm\u00eb jan\u00eb ndaluar kan\u00eb pranuar para n\u00eb em\u00ebr t\u00eb zyrtar\u00ebve t\u00eb Ministris\u00eb s\u00eb Bujq\u00ebsis\u00eb, duke premtuar ndikim p\u00ebr futjen e dy aplikuesve n\u00eb list\u00ebn e p\u00ebrfituesve t\u00eb granteve. Shukri Xhaferi dhe Fatlind Idrizi u kap\u00ebn n\u00eb flagranc\u00eb dhe tashm\u00eb ndodhen n\u00ebn mas\u00ebn e ndalimit policor.<\/p>\n<p>Por sa \u00ebsht\u00eb shum\u00eb e t\u00eb hollave q\u00eb kan\u00eb pranuar t\u00eb dyshuarit?<\/p>\n<p>Burimet t\u00eb Sinjalit nga Prokuroria kan\u00eb b\u00ebr\u00eb me dije se dy t\u00eb dyshuarit kan\u00eb pranuar shum\u00ebn e t\u00eb hollave prej 12 mij\u00eb euro, n\u00eb em\u00ebr t\u00eb zyrtar\u00ebve t\u00eb Ministris\u00eb s\u00eb Bujq\u00ebsis\u00eb, me premtimin se do t\u00eb ushtrojn\u00eb ndikim te t\u00eb nj\u00ebjtit p\u00ebr dallavere me grante.<\/p>\n<p>Hetimi i sektorit anti-korrupsion, n\u00eb koordinim me Prokurorin\u00eb Speciale u finalizua me aksionin e zhvilluar gjat\u00eb dit\u00ebs s\u00eb djeshme, teksa veprimet e tjera hetimore pritet t\u00eb nd\u00ebrmerren brenda afatit ligjor.<\/p>\n<p>Sa parashihet d\u00ebnimi p\u00ebr ata q\u00eb kryejn\u00eb vepr\u00ebn penale \u201cUshtrim Ndikimi\u201d?<\/p>\n<p>Sipas Kodit Penal t\u00eb Republik\u00ebs s\u00eb Kosov\u00ebs, kushdo q\u00eb pranon p\u00ebrfitim me premtimin se mund t\u00eb ushtroj\u00eb ndikim te personi zyrtar d\u00ebnohet me gjob\u00eb dhe burgim deri n\u00eb 8 vjet.<\/p>\n<p>\u201cKushdo q\u00eb n\u00eb m\u00ebnyr\u00eb t\u00eb drejtp\u00ebrdrejt\u00eb apo t\u00eb t\u00ebrthort\u00eb, k\u00ebrkon ose pranon ndonj\u00eb dhurat\u00eb apo p\u00ebrfitim tjet\u00ebr p\u00ebr vete apo personin tjet\u00ebr, ose pranon ofert\u00ebn apo premtimin p\u00ebr dhurat\u00eb apo p\u00ebrfitim t\u00eb till\u00eb, me pretendimin se ai apo ajo \u00ebsht\u00eb n\u00eb gjendje t\u00eb ushtroj\u00eb ndikim t\u00eb padrejt\u00eb mbi vendimmarrjen e personit zyrtar, zyrtarit t\u00eb huaj publik ose personit t\u00eb huaj zyrtar, pavar\u00ebsisht n\u00ebse ndikimi \u00ebsht\u00eb ushtruar ose pavar\u00ebsisht n\u00ebse ndikimi i supozuar shpie deri te rezultati i synuar, d\u00ebnohet me gjob\u00eb dhe me burgim prej nj\u00eb (1) deri n\u00eb tet\u00eb (8) vjet\u201d.<\/p>\n<p>Sh\u00ebnim: Personat e apostrofuar n\u00eb k\u00ebt\u00eb artikull prezumohen t\u00eb pafajsh\u00ebm derisa faj\u00ebsia e tyre t\u00eb mos provohet me vendim t\u00eb form\u00ebs s\u00eb prer\u00eb nga gjykata.<\/p>\n","protected":false},"excerpt":{"rendered":"<p>Aksioni i zhvilluar gjat\u00eb dit\u00ebs s\u00eb djeshme nga sektori i Hetimeve t\u00eb Korrupsionit n\u00eb Policin\u00eb e Kosov\u00ebs ka rezultuar me arrestimin e dy personave t\u00eb dyshuar p\u00ebr ushtrim ndikimi. T\u00eb dyshuarit q\u00eb tashm\u00eb jan\u00eb ndaluar kan\u00eb pranuar para n\u00eb em\u00ebr t\u00eb zyrtar\u00ebve t\u00eb Ministris\u00eb s\u00eb Bujq\u00ebsis\u00eb, duke premtuar ndikim p\u00ebr futjen e dy aplikuesve n\u00eb [&hellip;]<\/p>\n","protected":false},"author":1,"featured_media":11475,"comment_status":"closed","ping_status":"closed","sticky":false,"template":"","format":"standard","meta":{"_monsterinsights_skip_tracking":false,"_monsterinsights_sitenote_active":false,"_monsterinsights_sitenote_note":"","_monsterinsights_sitenote_category":0,"_uf_show_specific_survey":0,"_uf_disable_surveys":false,"footnotes":""},"categories":[23,15],"tags":[1337],"yoast_head":"<!-- This site is optimized with the Yoast SEO plugin v21.5 - https:\/\/yoast.com\/wordpress\/plugins\/seo\/ -->\n<title>Kjo \u00ebsht\u00eb shuma e parave q\u00eb mor\u00ebn t\u00eb dyshuarit q\u00eb premtuan ndikim n\u00eb Ministrin\u00eb e Bujq\u00ebsis\u00eb p\u00ebr dallavere me grante<\/title>\n<meta name=\"robots\" content=\"index, follow, max-snippet:-1, max-image-preview:large, max-video-preview:-1\" \/>\n<link rel=\"canonical\" href=\"https:\/\/permbledhja.com\/sq\/kjo-eshte-shuma-e-parave-qe-moren-te-dyshuarit-qe-premtuan-ndikim-ne-ministrine-e-bujqesise-per-dallavere-me-grante\/\" \/>\n<meta property=\"og:locale\" content=\"sq_AL\" \/>\n<meta property=\"og:type\" content=\"article\" \/>\n<meta property=\"og:title\" content=\"Kjo \u00ebsht\u00eb shuma e parave q\u00eb mor\u00ebn t\u00eb dyshuarit q\u00eb premtuan ndikim n\u00eb Ministrin\u00eb e Bujq\u00ebsis\u00eb p\u00ebr dallavere me grante\" \/>\n<meta property=\"og:description\" content=\"Aksioni i zhvilluar gjat\u00eb dit\u00ebs s\u00eb djeshme nga sektori i Hetimeve t\u00eb Korrupsionit n\u00eb Policin\u00eb e Kosov\u00ebs ka rezultuar me arrestimin e dy personave t\u00eb dyshuar p\u00ebr ushtrim ndikimi. T\u00eb dyshuarit q\u00eb tashm\u00eb jan\u00eb ndaluar kan\u00eb pranuar para n\u00eb em\u00ebr t\u00eb zyrtar\u00ebve t\u00eb Ministris\u00eb s\u00eb Bujq\u00ebsis\u00eb, duke premtuar ndikim p\u00ebr futjen e dy aplikuesve n\u00eb [&hellip;]\" \/>\n<meta property=\"og:url\" content=\"https:\/\/permbledhja.com\/sq\/kjo-eshte-shuma-e-parave-qe-moren-te-dyshuarit-qe-premtuan-ndikim-ne-ministrine-e-bujqesise-per-dallavere-me-grante\/\" \/>\n<meta property=\"og:site_name\" content=\"Ve\u00e7 artikuj p\u00ebrmbledh\u00ebs\" \/>\n<meta property=\"article:publisher\" content=\"https:\/\/www.facebook.com\/press07\/\" \/>\n<meta property=\"article:author\" content=\"https:\/\/www.facebook.com\/kafexhiu.muharrem\/\" \/>\n<meta property=\"article:published_time\" content=\"2023-01-17T13:29:19+00:00\" \/>\n<meta property=\"og:image\" content=\"https:\/\/permbledhja.com\/wp-content\/uploads\/2023\/01\/Euro-Parate-Rroga-859182757123-696x392-1-600x360-1.jpg\" \/>\n\t<meta property=\"og:image:width\" content=\"600\" \/>\n\t<meta property=\"og:image:height\" content=\"360\" \/>\n\t<meta property=\"og:image:type\" content=\"image\/jpeg\" \/>\n<meta name=\"author\" content=\"P\u00ebrmbledhja\" \/>\n<meta name=\"twitter:card\" content=\"summary_large_image\" \/>\n<meta name=\"twitter:label1\" content=\"Written by\" \/>\n\t<meta name=\"twitter:data1\" content=\"P\u00ebrmbledhja\" \/>\n\t<meta name=\"twitter:label2\" content=\"Est. reading time\" \/>\n\t<meta name=\"twitter:data2\" content=\"2 minuta\" \/>\n<script type=\"application\/ld+json\" class=\"yoast-schema-graph\">{\"@context\":\"https:\/\/schema.org\",\"@graph\":[{\"@type\":\"Article\",\"@id\":\"https:\/\/permbledhja.com\/kjo-eshte-shuma-e-parave-qe-moren-te-dyshuarit-qe-premtuan-ndikim-ne-ministrine-e-bujqesise-per-dallavere-me-grante\/#article\",\"isPartOf\":{\"@id\":\"https:\/\/permbledhja.com\/kjo-eshte-shuma-e-parave-qe-moren-te-dyshuarit-qe-premtuan-ndikim-ne-ministrine-e-bujqesise-per-dallavere-me-grante\/\"},\"author\":{\"name\":\"P\u00ebrmbledhja\",\"@id\":\"https:\/\/permbledhja.com\/#\/schema\/person\/0d064377258d3221e50693947b9eb4fe\"},\"headline\":\"Kjo \u00ebsht\u00eb shuma e parave q\u00eb mor\u00ebn t\u00eb dyshuarit q\u00eb premtuan ndikim n\u00eb Ministrin\u00eb e Bujq\u00ebsis\u00eb p\u00ebr dallavere me grante\",\"datePublished\":\"2023-01-17T13:29:19+00:00\",\"dateModified\":\"2023-01-17T13:29:19+00:00\",\"mainEntityOfPage\":{\"@id\":\"https:\/\/permbledhja.com\/kjo-eshte-shuma-e-parave-qe-moren-te-dyshuarit-qe-premtuan-ndikim-ne-ministrine-e-bujqesise-per-dallavere-me-grante\/\"},\"wordCount\":390,\"publisher\":{\"@id\":\"https:\/\/permbledhja.com\/#organization\"},\"keywords\":[\"Ministria e Bujq\u00ebsis\u00eb\"],\"articleSection\":[\"Komb\u00ebtare\",\"Lajme\"],\"inLanguage\":\"sq\"},{\"@type\":\"WebPage\",\"@id\":\"https:\/\/permbledhja.com\/kjo-eshte-shuma-e-parave-qe-moren-te-dyshuarit-qe-premtuan-ndikim-ne-ministrine-e-bujqesise-per-dallavere-me-grante\/\",\"url\":\"https:\/\/permbledhja.com\/kjo-eshte-shuma-e-parave-qe-moren-te-dyshuarit-qe-premtuan-ndikim-ne-ministrine-e-bujqesise-per-dallavere-me-grante\/\",\"name\":\"Kjo \u00ebsht\u00eb shuma e parave q\u00eb mor\u00ebn t\u00eb dyshuarit q\u00eb premtuan ndikim n\u00eb Ministrin\u00eb e Bujq\u00ebsis\u00eb p\u00ebr dallavere me grante\",\"isPartOf\":{\"@id\":\"https:\/\/permbledhja.com\/#website\"},\"datePublished\":\"2023-01-17T13:29:19+00:00\",\"dateModified\":\"2023-01-17T13:29:19+00:00\",\"breadcrumb\":{\"@id\":\"https:\/\/permbledhja.com\/kjo-eshte-shuma-e-parave-qe-moren-te-dyshuarit-qe-premtuan-ndikim-ne-ministrine-e-bujqesise-per-dallavere-me-grante\/#breadcrumb\"},\"inLanguage\":\"sq\",\"potentialAction\":[{\"@type\":\"ReadAction\",\"target\":[\"https:\/\/permbledhja.com\/kjo-eshte-shuma-e-parave-qe-moren-te-dyshuarit-qe-premtuan-ndikim-ne-ministrine-e-bujqesise-per-dallavere-me-grante\/\"]}]},{\"@type\":\"BreadcrumbList\",\"@id\":\"https:\/\/permbledhja.com\/kjo-eshte-shuma-e-parave-qe-moren-te-dyshuarit-qe-premtuan-ndikim-ne-ministrine-e-bujqesise-per-dallavere-me-grante\/#breadcrumb\",\"itemListElement\":[{\"@type\":\"ListItem\",\"position\":1,\"name\":\"Ballina\",\"item\":\"https:\/\/permbledhja.com\/sq\/\"},{\"@type\":\"ListItem\",\"position\":2,\"name\":\"Kjo \u00ebsht\u00eb shuma e parave q\u00eb mor\u00ebn t\u00eb dyshuarit q\u00eb premtuan ndikim n\u00eb Ministrin\u00eb e Bujq\u00ebsis\u00eb p\u00ebr dallavere me grante\"}]},{\"@type\":\"WebSite\",\"@id\":\"https:\/\/permbledhja.com\/#website\",\"url\":\"https:\/\/permbledhja.com\/\",\"name\":\"Ve\u00e7 artikuj p\u00ebrmbledh\u00ebs\",\"description\":\"\",\"publisher\":{\"@id\":\"https:\/\/permbledhja.com\/#organization\"},\"potentialAction\":[{\"@type\":\"SearchAction\",\"target\":{\"@type\":\"EntryPoint\",\"urlTemplate\":\"https:\/\/permbledhja.com\/?s={search_term_string}\"},\"query-input\":\"required name=search_term_string\"}],\"inLanguage\":\"sq\"},{\"@type\":\"Organization\",\"@id\":\"https:\/\/permbledhja.com\/#organization\",\"name\":\"MK Media & Pr\",\"url\":\"https:\/\/permbledhja.com\/\",\"logo\":{\"@type\":\"ImageObject\",\"inLanguage\":\"sq\",\"@id\":\"https:\/\/permbledhja.com\/#\/schema\/logo\/image\/\",\"url\":\"https:\/\/permbledhja.com\/wp-content\/uploads\/2021\/12\/07-Press-Logo.jpg\",\"contentUrl\":\"https:\/\/permbledhja.com\/wp-content\/uploads\/2021\/12\/07-Press-Logo.jpg\",\"width\":512,\"height\":512,\"caption\":\"MK Media & Pr\"},\"image\":{\"@id\":\"https:\/\/permbledhja.com\/#\/schema\/logo\/image\/\"},\"sameAs\":[\"https:\/\/www.facebook.com\/press07\/\"]},{\"@type\":\"Person\",\"@id\":\"https:\/\/permbledhja.com\/#\/schema\/person\/0d064377258d3221e50693947b9eb4fe\",\"name\":\"P\u00ebrmbledhja\",\"image\":{\"@type\":\"ImageObject\",\"inLanguage\":\"sq\",\"@id\":\"https:\/\/permbledhja.com\/#\/schema\/person\/image\/\",\"url\":\"https:\/\/permbledhja.com\/wp-content\/uploads\/2026\/01\/452004717_1040944174702970_8932037511805513407_n-96x96.jpg\",\"contentUrl\":\"https:\/\/permbledhja.com\/wp-content\/uploads\/2026\/01\/452004717_1040944174702970_8932037511805513407_n-96x96.jpg\",\"caption\":\"P\u00ebrmbledhja\"},\"sameAs\":[\"https:\/\/www.facebook.com\/kafexhiu.muharrem\/\",\"https:\/\/www.instagram.com\/muharrem_kafexhiu\/\"],\"url\":\"https:\/\/permbledhja.com\/sq\/author\/admin\/\"}]}<\/script>\n<!-- \/ Yoast SEO plugin. -->","yoast_head_json":{"title":"Kjo \u00ebsht\u00eb shuma e parave q\u00eb mor\u00ebn t\u00eb dyshuarit q\u00eb premtuan ndikim n\u00eb Ministrin\u00eb e Bujq\u00ebsis\u00eb p\u00ebr dallavere me grante","robots":{"index":"index","follow":"follow","max-snippet":"max-snippet:-1","max-image-preview":"max-image-preview:large","max-video-preview":"max-video-preview:-1"},"canonical":"https:\/\/permbledhja.com\/sq\/kjo-eshte-shuma-e-parave-qe-moren-te-dyshuarit-qe-premtuan-ndikim-ne-ministrine-e-bujqesise-per-dallavere-me-grante\/","og_locale":"sq_AL","og_type":"article","og_title":"Kjo \u00ebsht\u00eb shuma e parave q\u00eb mor\u00ebn t\u00eb dyshuarit q\u00eb premtuan ndikim n\u00eb Ministrin\u00eb e Bujq\u00ebsis\u00eb p\u00ebr dallavere me grante","og_description":"Aksioni i zhvilluar gjat\u00eb dit\u00ebs s\u00eb djeshme nga sektori i Hetimeve t\u00eb Korrupsionit n\u00eb Policin\u00eb e Kosov\u00ebs ka rezultuar me arrestimin e dy personave t\u00eb dyshuar p\u00ebr ushtrim ndikimi. T\u00eb dyshuarit q\u00eb tashm\u00eb jan\u00eb ndaluar kan\u00eb pranuar para n\u00eb em\u00ebr t\u00eb zyrtar\u00ebve t\u00eb Ministris\u00eb s\u00eb Bujq\u00ebsis\u00eb, duke premtuar ndikim p\u00ebr futjen e dy aplikuesve n\u00eb [&hellip;]","og_url":"https:\/\/permbledhja.com\/sq\/kjo-eshte-shuma-e-parave-qe-moren-te-dyshuarit-qe-premtuan-ndikim-ne-ministrine-e-bujqesise-per-dallavere-me-grante\/","og_site_name":"Ve\u00e7 artikuj p\u00ebrmbledh\u00ebs","article_publisher":"https:\/\/www.facebook.com\/press07\/","article_author":"https:\/\/www.facebook.com\/kafexhiu.muharrem\/","article_published_time":"2023-01-17T13:29:19+00:00","og_image":[{"width":600,"height":360,"url":"https:\/\/permbledhja.com\/wp-content\/uploads\/2023\/01\/Euro-Parate-Rroga-859182757123-696x392-1-600x360-1.jpg","type":"image\/jpeg"}],"author":"P\u00ebrmbledhja","twitter_card":"summary_large_image","twitter_misc":{"Written by":"P\u00ebrmbledhja","Est. reading time":"2 minuta"},"schema":{"@context":"https:\/\/schema.org","@graph":[{"@type":"Article","@id":"https:\/\/permbledhja.com\/kjo-eshte-shuma-e-parave-qe-moren-te-dyshuarit-qe-premtuan-ndikim-ne-ministrine-e-bujqesise-per-dallavere-me-grante\/#article","isPartOf":{"@id":"https:\/\/permbledhja.com\/kjo-eshte-shuma-e-parave-qe-moren-te-dyshuarit-qe-premtuan-ndikim-ne-ministrine-e-bujqesise-per-dallavere-me-grante\/"},"author":{"name":"P\u00ebrmbledhja","@id":"https:\/\/permbledhja.com\/#\/schema\/person\/0d064377258d3221e50693947b9eb4fe"},"headline":"Kjo \u00ebsht\u00eb shuma e parave q\u00eb mor\u00ebn t\u00eb dyshuarit q\u00eb premtuan ndikim n\u00eb Ministrin\u00eb e Bujq\u00ebsis\u00eb p\u00ebr dallavere me grante","datePublished":"2023-01-17T13:29:19+00:00","dateModified":"2023-01-17T13:29:19+00:00","mainEntityOfPage":{"@id":"https:\/\/permbledhja.com\/kjo-eshte-shuma-e-parave-qe-moren-te-dyshuarit-qe-premtuan-ndikim-ne-ministrine-e-bujqesise-per-dallavere-me-grante\/"},"wordCount":390,"publisher":{"@id":"https:\/\/permbledhja.com\/#organization"},"keywords":["Ministria e Bujq\u00ebsis\u00eb"],"articleSection":["Komb\u00ebtare","Lajme"],"inLanguage":"sq"},{"@type":"WebPage","@id":"https:\/\/permbledhja.com\/kjo-eshte-shuma-e-parave-qe-moren-te-dyshuarit-qe-premtuan-ndikim-ne-ministrine-e-bujqesise-per-dallavere-me-grante\/","url":"https:\/\/permbledhja.com\/kjo-eshte-shuma-e-parave-qe-moren-te-dyshuarit-qe-premtuan-ndikim-ne-ministrine-e-bujqesise-per-dallavere-me-grante\/","name":"Kjo \u00ebsht\u00eb shuma e parave q\u00eb mor\u00ebn t\u00eb dyshuarit q\u00eb premtuan ndikim n\u00eb Ministrin\u00eb e Bujq\u00ebsis\u00eb p\u00ebr dallavere me grante","isPartOf":{"@id":"https:\/\/permbledhja.com\/#website"},"datePublished":"2023-01-17T13:29:19+00:00","dateModified":"2023-01-17T13:29:19+00:00","breadcrumb":{"@id":"https:\/\/permbledhja.com\/kjo-eshte-shuma-e-parave-qe-moren-te-dyshuarit-qe-premtuan-ndikim-ne-ministrine-e-bujqesise-per-dallavere-me-grante\/#breadcrumb"},"inLanguage":"sq","potentialAction":[{"@type":"ReadAction","target":["https:\/\/permbledhja.com\/kjo-eshte-shuma-e-parave-qe-moren-te-dyshuarit-qe-premtuan-ndikim-ne-ministrine-e-bujqesise-per-dallavere-me-grante\/"]}]},{"@type":"BreadcrumbList","@id":"https:\/\/permbledhja.com\/kjo-eshte-shuma-e-parave-qe-moren-te-dyshuarit-qe-premtuan-ndikim-ne-ministrine-e-bujqesise-per-dallavere-me-grante\/#breadcrumb","itemListElement":[{"@type":"ListItem","position":1,"name":"Ballina","item":"https:\/\/permbledhja.com\/sq\/"},{"@type":"ListItem","position":2,"name":"Kjo \u00ebsht\u00eb shuma e parave q\u00eb mor\u00ebn t\u00eb dyshuarit q\u00eb premtuan ndikim n\u00eb Ministrin\u00eb e Bujq\u00ebsis\u00eb p\u00ebr dallavere me grante"}]},{"@type":"WebSite","@id":"https:\/\/permbledhja.com\/#website","url":"https:\/\/permbledhja.com\/","name":"Ve\u00e7 artikuj p\u00ebrmbledh\u00ebs","description":"","publisher":{"@id":"https:\/\/permbledhja.com\/#organization"},"potentialAction":[{"@type":"SearchAction","target":{"@type":"EntryPoint","urlTemplate":"https:\/\/permbledhja.com\/?s={search_term_string}"},"query-input":"required name=search_term_string"}],"inLanguage":"sq"},{"@type":"Organization","@id":"https:\/\/permbledhja.com\/#organization","name":"MK Media & Pr","url":"https:\/\/permbledhja.com\/","logo":{"@type":"ImageObject","inLanguage":"sq","@id":"https:\/\/permbledhja.com\/#\/schema\/logo\/image\/","url":"https:\/\/permbledhja.com\/wp-content\/uploads\/2021\/12\/07-Press-Logo.jpg","contentUrl":"https:\/\/permbledhja.com\/wp-content\/uploads\/2021\/12\/07-Press-Logo.jpg","width":512,"height":512,"caption":"MK Media & Pr"},"image":{"@id":"https:\/\/permbledhja.com\/#\/schema\/logo\/image\/"},"sameAs":["https:\/\/www.facebook.com\/press07\/"]},{"@type":"Person","@id":"https:\/\/permbledhja.com\/#\/schema\/person\/0d064377258d3221e50693947b9eb4fe","name":"P\u00ebrmbledhja","image":{"@type":"ImageObject","inLanguage":"sq","@id":"https:\/\/permbledhja.com\/#\/schema\/person\/image\/","url":"https:\/\/permbledhja.com\/wp-content\/uploads\/2026\/01\/452004717_1040944174702970_8932037511805513407_n-96x96.jpg","contentUrl":"https:\/\/permbledhja.com\/wp-content\/uploads\/2026\/01\/452004717_1040944174702970_8932037511805513407_n-96x96.jpg","caption":"P\u00ebrmbledhja"},"sameAs":["https:\/\/www.facebook.com\/kafexhiu.muharrem\/","https:\/\/www.instagram.com\/muharrem_kafexhiu\/"],"url":"https:\/\/permbledhja.com\/sq\/author\/admin\/"}]}},"_links":{"self":[{"href":"https:\/\/permbledhja.com\/sq\/wp-json\/wp\/v2\/posts\/11474"}],"collection":[{"href":"https:\/\/permbledhja.com\/sq\/wp-json\/wp\/v2\/posts"}],"about":[{"href":"https:\/\/permbledhja.com\/sq\/wp-json\/wp\/v2\/types\/post"}],"author":[{"embeddable":true,"href":"https:\/\/permbledhja.com\/sq\/wp-json\/wp\/v2\/users\/1"}],"replies":[{"embeddable":true,"href":"https:\/\/permbledhja.com\/sq\/wp-json\/wp\/v2\/comments?post=11474"}],"version-history":[{"count":2,"href":"https:\/\/permbledhja.com\/sq\/wp-json\/wp\/v2\/posts\/11474\/revisions"}],"predecessor-version":[{"id":11477,"href":"https:\/\/permbledhja.com\/sq\/wp-json\/wp\/v2\/posts\/11474\/revisions\/11477"}],"wp:featuredmedia":[{"embeddable":true,"href":"https:\/\/permbledhja.com\/sq\/wp-json\/wp\/v2\/media\/11475"}],"wp:attachment":[{"href":"https:\/\/permbledhja.com\/sq\/wp-json\/wp\/v2\/media?parent=11474"}],"wp:term":[{"taxonomy":"category","embeddable":true,"href":"https:\/\/permbledhja.com\/sq\/wp-json\/wp\/v2\/categories?post=11474"},{"taxonomy":"post_tag","embeddable":true,"href":"https:\/\/permbledhja.com\/sq\/wp-json\/wp\/v2\/tags?post=11474"}],"curies":[{"name":"wp","href":"https:\/\/api.w.org\/{rel}","templated":true}]}}