{"id":11431,"date":"2023-01-15T09:19:07","date_gmt":"2023-01-15T09:19:07","guid":{"rendered":"https:\/\/permbledhja.com\/?p=11431"},"modified":"2023-01-15T09:19:07","modified_gmt":"2023-01-15T09:19:07","slug":"amerikanet-dhane-garanci-qeveria-te-dale-me-propozime-per-asociacionin","status":"publish","type":"post","link":"https:\/\/permbledhja.com\/sq\/amerikanet-dhane-garanci-qeveria-te-dale-me-propozime-per-asociacionin\/","title":{"rendered":"\u201cAmerikan\u00ebt dhan\u00eb garanci, Qeveria t\u00eb dal\u00eb me propozime p\u00ebr Asociacionin\u201d"},"content":{"rendered":"<p>Qeveris\u00eb s\u00eb Kosov\u00ebs po i k\u00ebrkohet t\u00eb propozoj\u00eb alternativa p\u00ebr themelimin e Asociacionit, pas garancis\u00eb amerikane se i nj\u00ebjti do t\u00eb jet\u00eb n\u00eb p\u00ebrputhje me Kushtetut\u00ebn e vendit. Mir\u00ebpo, theksohet se \u00e7\u00ebshtja e Asociacionit nuk duhet t\u00eb diskutohet si tem\u00eb e ve\u00e7ant\u00eb, por vet\u00ebm n\u00eb kuad\u00ebr t\u00eb marr\u00ebveshjes finale.<\/p>\n<p>Deputetja e Lidhjes Demokratike t\u00eb Kosov\u00ebs, Rrezarta Krasniqi, thot\u00eb p\u00ebr KosovaPress se pas vizit\u00ebs s\u00eb k\u00ebshilltarit t\u00eb lart\u00eb t\u00eb Departamentit amerikan t\u00eb Shtetit, Derek Chollet jan\u00eb dh\u00ebn\u00eb garanci p\u00ebr Asociacionin dhe kryeministri Albin Kurti dhe presidentja Vjosa Osmani duhet t\u2019i d\u00ebgjojn\u00eb k\u00ebrkesat e tij.<\/p>\n<p>\u201cShtetet e Bashkuara t\u00eb Amerik\u00ebs po garantojn\u00eb se Asociacioni duhet t\u00eb formohet, gjithmon\u00eb duke qen\u00eb n\u00eb p\u00ebrputhje me Kushtetut\u00ebn e Kosov\u00ebs dhe k\u00ebt\u00eb k\u00ebrkes\u00eb duhet ta d\u00ebgjojn\u00eb kryeministri dhe presidentja e Republik\u00ebs s\u00eb Kosov\u00ebs\u201d, thot\u00eb ajo.<\/p>\n<p>Nd\u00ebrkoh\u00eb, Arb\u00ebresha Loxha, nga Grupi p\u00ebr Studime Juridike dhe Politike, thot\u00eb se Kosov\u00ebs tani po i b\u00ebhet presion eksplicit nga t\u00eb gjith\u00eb partner\u00ebt strategjik\u00eb p\u00ebr Asociacionin.<\/p>\n<p>Megjithat\u00eb, ajo k\u00ebrkon kujdes nga ekzekutivi q\u00eb Asociacioni t\u00eb jet\u00eb n\u00eb p\u00ebrputhje me Kushtetut\u00ebn dhe mos t\u00eb diskutohet si tem\u00eb e ve\u00e7ant\u00eb, por vet\u00ebm n\u00eb kuad\u00ebr t\u00eb ujdis\u00eb finale.<\/p>\n<p>\u201cTashm\u00eb Kosov\u00ebs po i b\u00ebhet presion nga gjith\u00eb partner\u00ebt strategjik\u00eb q\u00eb t\u00eb formohet Asociacioni, po vjen si k\u00ebrkes\u00eb eksplicite. Por \u00e7ka pash pozitive n\u00eb mesazhin e zot\u00ebri Chollet \u00ebsht\u00eb se i nj\u00ebjti duhet t\u00eb jet\u00eb n\u00eb p\u00ebrputhshm\u00ebri t\u00eb plot\u00eb me Kushtetut\u00ebn e Republik\u00ebs s\u00eb Kosov\u00ebs, e cila nuk \u00ebsht\u00eb, e di q\u00eb \u00ebsht\u00eb b\u00ebr\u00eb kaq deklarative n\u00eb t\u00eb kaluar\u00ebn. Mendoj se Qeveria e Kosov\u00ebs duhet t\u00eb jet\u00eb shum\u00eb e kujdesshme n\u00ebse do t\u00eb diskutoj\u00eb dhe do t\u00eb fus\u00eb n\u00eb agjend\u00eb n\u00eb dialog \u00e7\u00ebshtjen e Asociacionit. E para q\u00eb ne k\u00ebrkojm\u00eb nga Qeveria e Kosov\u00ebs \u00ebsht\u00eb q\u00eb asnj\u00ebher\u00eb mos t\u00eb lejohet q\u00eb Asociacioni t\u00eb diskutohet si nj\u00eb tem\u00eb e ve\u00e7ant\u00eb, por e nj\u00ebjta kurdo q\u00eb t\u00eb diskutohet t\u00eb jet\u00eb n\u00eb korniz\u00eb t\u00eb marr\u00ebveshjes  finale. E dyta t\u00eb jet\u00eb parasysh se \u00e7ka do q\u00eb \u00e7ohet tutje karshi Asociacionit t\u00eb jet\u00eb n\u00eb p\u00ebrputhshm\u00ebri t\u00eb plot\u00eb me Kushtetut\u00ebn e Kosov\u00ebs dhe natyrisht gjith\u00eb p\u00ebrfshirje t\u00eb akter\u00ebve m\u00eb t\u00eb r\u00ebnd\u00ebsish\u00ebm n\u00eb \u00e7far\u00ebdo drafti apo propozimi q\u00eb Kosova do t\u00eb d\u00ebrgoj\u00eb n\u00eb Bruksel\u201d, shton ajo.<\/p>\n<p>N\u00eb Kosov\u00eb gjat\u00eb k\u00ebsaj jave q\u00ebndroi zyrtari i lart\u00eb amerikan, Derek Chollet, i cili takoi krer\u00ebt  institucional\u00eb dhe politik\u00eb, ku mes tjerash u raportua se Chollet ka n\u00ebnvizuar nevoj\u00ebn e themelimit t\u00eb Asociacionit, por gjithmon\u00eb n\u00eb p\u00ebrputhje me Kushtetut\u00ebn e Kosov\u00ebs. \/KosovaPress<\/p>\n","protected":false},"excerpt":{"rendered":"<p>Qeveris\u00eb s\u00eb Kosov\u00ebs po i k\u00ebrkohet t\u00eb propozoj\u00eb alternativa p\u00ebr themelimin e Asociacionit, pas garancis\u00eb amerikane se i nj\u00ebjti do t\u00eb jet\u00eb n\u00eb p\u00ebrputhje me Kushtetut\u00ebn e vendit. Mir\u00ebpo, theksohet se \u00e7\u00ebshtja e Asociacionit nuk duhet t\u00eb diskutohet si tem\u00eb e ve\u00e7ant\u00eb, por vet\u00ebm n\u00eb kuad\u00ebr t\u00eb marr\u00ebveshjes finale. Deputetja e Lidhjes Demokratike t\u00eb Kosov\u00ebs, [&hellip;]<\/p>\n","protected":false},"author":1,"featured_media":11432,"comment_status":"closed","ping_status":"closed","sticky":false,"template":"","format":"standard","meta":{"_monsterinsights_skip_tracking":false,"_monsterinsights_sitenote_active":false,"_monsterinsights_sitenote_note":"","_monsterinsights_sitenote_category":0,"_uf_show_specific_survey":0,"_uf_disable_surveys":false,"footnotes":""},"categories":[1146],"tags":[697],"yoast_head":"<!-- This site is optimized with the Yoast SEO plugin v21.5 - https:\/\/yoast.com\/wordpress\/plugins\/seo\/ -->\n<title>\u201cAmerikan\u00ebt dhan\u00eb garanci, Qeveria t\u00eb dal\u00eb me propozime p\u00ebr Asociacionin\u201d<\/title>\n<meta name=\"robots\" content=\"index, follow, max-snippet:-1, max-image-preview:large, max-video-preview:-1\" \/>\n<link rel=\"canonical\" href=\"https:\/\/permbledhja.com\/sq\/amerikanet-dhane-garanci-qeveria-te-dale-me-propozime-per-asociacionin\/\" \/>\n<meta property=\"og:locale\" content=\"sq_AL\" \/>\n<meta property=\"og:type\" content=\"article\" \/>\n<meta property=\"og:title\" content=\"\u201cAmerikan\u00ebt dhan\u00eb garanci, Qeveria t\u00eb dal\u00eb me propozime p\u00ebr Asociacionin\u201d\" \/>\n<meta property=\"og:description\" content=\"Qeveris\u00eb s\u00eb Kosov\u00ebs po i k\u00ebrkohet t\u00eb propozoj\u00eb alternativa p\u00ebr themelimin e Asociacionit, pas garancis\u00eb amerikane se i nj\u00ebjti do t\u00eb jet\u00eb n\u00eb p\u00ebrputhje me Kushtetut\u00ebn e vendit. Mir\u00ebpo, theksohet se \u00e7\u00ebshtja e Asociacionit nuk duhet t\u00eb diskutohet si tem\u00eb e ve\u00e7ant\u00eb, por vet\u00ebm n\u00eb kuad\u00ebr t\u00eb marr\u00ebveshjes finale. Deputetja e Lidhjes Demokratike t\u00eb Kosov\u00ebs, [&hellip;]\" \/>\n<meta property=\"og:url\" content=\"https:\/\/permbledhja.com\/sq\/amerikanet-dhane-garanci-qeveria-te-dale-me-propozime-per-asociacionin\/\" \/>\n<meta property=\"og:site_name\" content=\"Ve\u00e7 artikuj p\u00ebrmbledh\u00ebs\" \/>\n<meta property=\"article:publisher\" content=\"https:\/\/www.facebook.com\/press07\/\" \/>\n<meta property=\"article:author\" content=\"https:\/\/www.facebook.com\/kafexhiu.muharrem\/\" \/>\n<meta property=\"article:published_time\" content=\"2023-01-15T09:19:07+00:00\" \/>\n<meta property=\"og:image\" content=\"https:\/\/permbledhja.com\/wp-content\/uploads\/2023\/01\/A0C322E9-284F-4870-8E13-170484DB3B0E.jpeg\" \/>\n\t<meta property=\"og:image:width\" content=\"600\" \/>\n\t<meta property=\"og:image:height\" content=\"360\" \/>\n\t<meta property=\"og:image:type\" content=\"image\/jpeg\" \/>\n<meta name=\"author\" content=\"P\u00ebrmbledhja\" \/>\n<meta name=\"twitter:card\" content=\"summary_large_image\" \/>\n<meta name=\"twitter:label1\" content=\"Written by\" \/>\n\t<meta name=\"twitter:data1\" content=\"P\u00ebrmbledhja\" \/>\n\t<meta name=\"twitter:label2\" content=\"Est. reading time\" \/>\n\t<meta name=\"twitter:data2\" content=\"2 minuta\" \/>\n<script type=\"application\/ld+json\" class=\"yoast-schema-graph\">{\"@context\":\"https:\/\/schema.org\",\"@graph\":[{\"@type\":\"Article\",\"@id\":\"https:\/\/permbledhja.com\/amerikanet-dhane-garanci-qeveria-te-dale-me-propozime-per-asociacionin\/#article\",\"isPartOf\":{\"@id\":\"https:\/\/permbledhja.com\/amerikanet-dhane-garanci-qeveria-te-dale-me-propozime-per-asociacionin\/\"},\"author\":{\"name\":\"P\u00ebrmbledhja\",\"@id\":\"https:\/\/permbledhja.com\/#\/schema\/person\/0d064377258d3221e50693947b9eb4fe\"},\"headline\":\"\u201cAmerikan\u00ebt dhan\u00eb garanci, Qeveria t\u00eb dal\u00eb me propozime p\u00ebr Asociacionin\u201d\",\"datePublished\":\"2023-01-15T09:19:07+00:00\",\"dateModified\":\"2023-01-15T09:19:07+00:00\",\"mainEntityOfPage\":{\"@id\":\"https:\/\/permbledhja.com\/amerikanet-dhane-garanci-qeveria-te-dale-me-propozime-per-asociacionin\/\"},\"wordCount\":489,\"publisher\":{\"@id\":\"https:\/\/permbledhja.com\/#organization\"},\"keywords\":[\"Asociacioni\"],\"articleSection\":[\"Kryesoret\"],\"inLanguage\":\"sq\"},{\"@type\":\"WebPage\",\"@id\":\"https:\/\/permbledhja.com\/amerikanet-dhane-garanci-qeveria-te-dale-me-propozime-per-asociacionin\/\",\"url\":\"https:\/\/permbledhja.com\/amerikanet-dhane-garanci-qeveria-te-dale-me-propozime-per-asociacionin\/\",\"name\":\"\u201cAmerikan\u00ebt dhan\u00eb garanci, Qeveria t\u00eb dal\u00eb me propozime p\u00ebr Asociacionin\u201d\",\"isPartOf\":{\"@id\":\"https:\/\/permbledhja.com\/#website\"},\"datePublished\":\"2023-01-15T09:19:07+00:00\",\"dateModified\":\"2023-01-15T09:19:07+00:00\",\"breadcrumb\":{\"@id\":\"https:\/\/permbledhja.com\/amerikanet-dhane-garanci-qeveria-te-dale-me-propozime-per-asociacionin\/#breadcrumb\"},\"inLanguage\":\"sq\",\"potentialAction\":[{\"@type\":\"ReadAction\",\"target\":[\"https:\/\/permbledhja.com\/amerikanet-dhane-garanci-qeveria-te-dale-me-propozime-per-asociacionin\/\"]}]},{\"@type\":\"BreadcrumbList\",\"@id\":\"https:\/\/permbledhja.com\/amerikanet-dhane-garanci-qeveria-te-dale-me-propozime-per-asociacionin\/#breadcrumb\",\"itemListElement\":[{\"@type\":\"ListItem\",\"position\":1,\"name\":\"Ballina\",\"item\":\"https:\/\/permbledhja.com\/sq\/\"},{\"@type\":\"ListItem\",\"position\":2,\"name\":\"\u201cAmerikan\u00ebt dhan\u00eb garanci, Qeveria t\u00eb dal\u00eb me propozime p\u00ebr Asociacionin\u201d\"}]},{\"@type\":\"WebSite\",\"@id\":\"https:\/\/permbledhja.com\/#website\",\"url\":\"https:\/\/permbledhja.com\/\",\"name\":\"Ve\u00e7 artikuj p\u00ebrmbledh\u00ebs\",\"description\":\"\",\"publisher\":{\"@id\":\"https:\/\/permbledhja.com\/#organization\"},\"potentialAction\":[{\"@type\":\"SearchAction\",\"target\":{\"@type\":\"EntryPoint\",\"urlTemplate\":\"https:\/\/permbledhja.com\/?s={search_term_string}\"},\"query-input\":\"required name=search_term_string\"}],\"inLanguage\":\"sq\"},{\"@type\":\"Organization\",\"@id\":\"https:\/\/permbledhja.com\/#organization\",\"name\":\"MK Media & Pr\",\"url\":\"https:\/\/permbledhja.com\/\",\"logo\":{\"@type\":\"ImageObject\",\"inLanguage\":\"sq\",\"@id\":\"https:\/\/permbledhja.com\/#\/schema\/logo\/image\/\",\"url\":\"https:\/\/permbledhja.com\/wp-content\/uploads\/2021\/12\/07-Press-Logo.jpg\",\"contentUrl\":\"https:\/\/permbledhja.com\/wp-content\/uploads\/2021\/12\/07-Press-Logo.jpg\",\"width\":512,\"height\":512,\"caption\":\"MK Media & Pr\"},\"image\":{\"@id\":\"https:\/\/permbledhja.com\/#\/schema\/logo\/image\/\"},\"sameAs\":[\"https:\/\/www.facebook.com\/press07\/\"]},{\"@type\":\"Person\",\"@id\":\"https:\/\/permbledhja.com\/#\/schema\/person\/0d064377258d3221e50693947b9eb4fe\",\"name\":\"P\u00ebrmbledhja\",\"image\":{\"@type\":\"ImageObject\",\"inLanguage\":\"sq\",\"@id\":\"https:\/\/permbledhja.com\/#\/schema\/person\/image\/\",\"url\":\"https:\/\/permbledhja.com\/wp-content\/uploads\/2026\/01\/452004717_1040944174702970_8932037511805513407_n-96x96.jpg\",\"contentUrl\":\"https:\/\/permbledhja.com\/wp-content\/uploads\/2026\/01\/452004717_1040944174702970_8932037511805513407_n-96x96.jpg\",\"caption\":\"P\u00ebrmbledhja\"},\"sameAs\":[\"https:\/\/www.facebook.com\/kafexhiu.muharrem\/\",\"https:\/\/www.instagram.com\/muharrem_kafexhiu\/\"],\"url\":\"https:\/\/permbledhja.com\/sq\/author\/admin\/\"}]}<\/script>\n<!-- \/ Yoast SEO plugin. -->","yoast_head_json":{"title":"\u201cAmerikan\u00ebt dhan\u00eb garanci, Qeveria t\u00eb dal\u00eb me propozime p\u00ebr Asociacionin\u201d","robots":{"index":"index","follow":"follow","max-snippet":"max-snippet:-1","max-image-preview":"max-image-preview:large","max-video-preview":"max-video-preview:-1"},"canonical":"https:\/\/permbledhja.com\/sq\/amerikanet-dhane-garanci-qeveria-te-dale-me-propozime-per-asociacionin\/","og_locale":"sq_AL","og_type":"article","og_title":"\u201cAmerikan\u00ebt dhan\u00eb garanci, Qeveria t\u00eb dal\u00eb me propozime p\u00ebr Asociacionin\u201d","og_description":"Qeveris\u00eb s\u00eb Kosov\u00ebs po i k\u00ebrkohet t\u00eb propozoj\u00eb alternativa p\u00ebr themelimin e Asociacionit, pas garancis\u00eb amerikane se i nj\u00ebjti do t\u00eb jet\u00eb n\u00eb p\u00ebrputhje me Kushtetut\u00ebn e vendit. Mir\u00ebpo, theksohet se \u00e7\u00ebshtja e Asociacionit nuk duhet t\u00eb diskutohet si tem\u00eb e ve\u00e7ant\u00eb, por vet\u00ebm n\u00eb kuad\u00ebr t\u00eb marr\u00ebveshjes finale. Deputetja e Lidhjes Demokratike t\u00eb Kosov\u00ebs, [&hellip;]","og_url":"https:\/\/permbledhja.com\/sq\/amerikanet-dhane-garanci-qeveria-te-dale-me-propozime-per-asociacionin\/","og_site_name":"Ve\u00e7 artikuj p\u00ebrmbledh\u00ebs","article_publisher":"https:\/\/www.facebook.com\/press07\/","article_author":"https:\/\/www.facebook.com\/kafexhiu.muharrem\/","article_published_time":"2023-01-15T09:19:07+00:00","og_image":[{"width":600,"height":360,"url":"https:\/\/permbledhja.com\/wp-content\/uploads\/2023\/01\/A0C322E9-284F-4870-8E13-170484DB3B0E.jpeg","type":"image\/jpeg"}],"author":"P\u00ebrmbledhja","twitter_card":"summary_large_image","twitter_misc":{"Written by":"P\u00ebrmbledhja","Est. reading time":"2 minuta"},"schema":{"@context":"https:\/\/schema.org","@graph":[{"@type":"Article","@id":"https:\/\/permbledhja.com\/amerikanet-dhane-garanci-qeveria-te-dale-me-propozime-per-asociacionin\/#article","isPartOf":{"@id":"https:\/\/permbledhja.com\/amerikanet-dhane-garanci-qeveria-te-dale-me-propozime-per-asociacionin\/"},"author":{"name":"P\u00ebrmbledhja","@id":"https:\/\/permbledhja.com\/#\/schema\/person\/0d064377258d3221e50693947b9eb4fe"},"headline":"\u201cAmerikan\u00ebt dhan\u00eb garanci, Qeveria t\u00eb dal\u00eb me propozime p\u00ebr Asociacionin\u201d","datePublished":"2023-01-15T09:19:07+00:00","dateModified":"2023-01-15T09:19:07+00:00","mainEntityOfPage":{"@id":"https:\/\/permbledhja.com\/amerikanet-dhane-garanci-qeveria-te-dale-me-propozime-per-asociacionin\/"},"wordCount":489,"publisher":{"@id":"https:\/\/permbledhja.com\/#organization"},"keywords":["Asociacioni"],"articleSection":["Kryesoret"],"inLanguage":"sq"},{"@type":"WebPage","@id":"https:\/\/permbledhja.com\/amerikanet-dhane-garanci-qeveria-te-dale-me-propozime-per-asociacionin\/","url":"https:\/\/permbledhja.com\/amerikanet-dhane-garanci-qeveria-te-dale-me-propozime-per-asociacionin\/","name":"\u201cAmerikan\u00ebt dhan\u00eb garanci, Qeveria t\u00eb dal\u00eb me propozime p\u00ebr Asociacionin\u201d","isPartOf":{"@id":"https:\/\/permbledhja.com\/#website"},"datePublished":"2023-01-15T09:19:07+00:00","dateModified":"2023-01-15T09:19:07+00:00","breadcrumb":{"@id":"https:\/\/permbledhja.com\/amerikanet-dhane-garanci-qeveria-te-dale-me-propozime-per-asociacionin\/#breadcrumb"},"inLanguage":"sq","potentialAction":[{"@type":"ReadAction","target":["https:\/\/permbledhja.com\/amerikanet-dhane-garanci-qeveria-te-dale-me-propozime-per-asociacionin\/"]}]},{"@type":"BreadcrumbList","@id":"https:\/\/permbledhja.com\/amerikanet-dhane-garanci-qeveria-te-dale-me-propozime-per-asociacionin\/#breadcrumb","itemListElement":[{"@type":"ListItem","position":1,"name":"Ballina","item":"https:\/\/permbledhja.com\/sq\/"},{"@type":"ListItem","position":2,"name":"\u201cAmerikan\u00ebt dhan\u00eb garanci, Qeveria t\u00eb dal\u00eb me propozime p\u00ebr Asociacionin\u201d"}]},{"@type":"WebSite","@id":"https:\/\/permbledhja.com\/#website","url":"https:\/\/permbledhja.com\/","name":"Ve\u00e7 artikuj p\u00ebrmbledh\u00ebs","description":"","publisher":{"@id":"https:\/\/permbledhja.com\/#organization"},"potentialAction":[{"@type":"SearchAction","target":{"@type":"EntryPoint","urlTemplate":"https:\/\/permbledhja.com\/?s={search_term_string}"},"query-input":"required name=search_term_string"}],"inLanguage":"sq"},{"@type":"Organization","@id":"https:\/\/permbledhja.com\/#organization","name":"MK Media & Pr","url":"https:\/\/permbledhja.com\/","logo":{"@type":"ImageObject","inLanguage":"sq","@id":"https:\/\/permbledhja.com\/#\/schema\/logo\/image\/","url":"https:\/\/permbledhja.com\/wp-content\/uploads\/2021\/12\/07-Press-Logo.jpg","contentUrl":"https:\/\/permbledhja.com\/wp-content\/uploads\/2021\/12\/07-Press-Logo.jpg","width":512,"height":512,"caption":"MK Media & Pr"},"image":{"@id":"https:\/\/permbledhja.com\/#\/schema\/logo\/image\/"},"sameAs":["https:\/\/www.facebook.com\/press07\/"]},{"@type":"Person","@id":"https:\/\/permbledhja.com\/#\/schema\/person\/0d064377258d3221e50693947b9eb4fe","name":"P\u00ebrmbledhja","image":{"@type":"ImageObject","inLanguage":"sq","@id":"https:\/\/permbledhja.com\/#\/schema\/person\/image\/","url":"https:\/\/permbledhja.com\/wp-content\/uploads\/2026\/01\/452004717_1040944174702970_8932037511805513407_n-96x96.jpg","contentUrl":"https:\/\/permbledhja.com\/wp-content\/uploads\/2026\/01\/452004717_1040944174702970_8932037511805513407_n-96x96.jpg","caption":"P\u00ebrmbledhja"},"sameAs":["https:\/\/www.facebook.com\/kafexhiu.muharrem\/","https:\/\/www.instagram.com\/muharrem_kafexhiu\/"],"url":"https:\/\/permbledhja.com\/sq\/author\/admin\/"}]}},"_links":{"self":[{"href":"https:\/\/permbledhja.com\/sq\/wp-json\/wp\/v2\/posts\/11431"}],"collection":[{"href":"https:\/\/permbledhja.com\/sq\/wp-json\/wp\/v2\/posts"}],"about":[{"href":"https:\/\/permbledhja.com\/sq\/wp-json\/wp\/v2\/types\/post"}],"author":[{"embeddable":true,"href":"https:\/\/permbledhja.com\/sq\/wp-json\/wp\/v2\/users\/1"}],"replies":[{"embeddable":true,"href":"https:\/\/permbledhja.com\/sq\/wp-json\/wp\/v2\/comments?post=11431"}],"version-history":[{"count":1,"href":"https:\/\/permbledhja.com\/sq\/wp-json\/wp\/v2\/posts\/11431\/revisions"}],"predecessor-version":[{"id":11433,"href":"https:\/\/permbledhja.com\/sq\/wp-json\/wp\/v2\/posts\/11431\/revisions\/11433"}],"wp:featuredmedia":[{"embeddable":true,"href":"https:\/\/permbledhja.com\/sq\/wp-json\/wp\/v2\/media\/11432"}],"wp:attachment":[{"href":"https:\/\/permbledhja.com\/sq\/wp-json\/wp\/v2\/media?parent=11431"}],"wp:term":[{"taxonomy":"category","embeddable":true,"href":"https:\/\/permbledhja.com\/sq\/wp-json\/wp\/v2\/categories?post=11431"},{"taxonomy":"post_tag","embeddable":true,"href":"https:\/\/permbledhja.com\/sq\/wp-json\/wp\/v2\/tags?post=11431"}],"curies":[{"name":"wp","href":"https:\/\/api.w.org\/{rel}","templated":true}]}}