{"id":11375,"date":"2023-01-12T16:48:18","date_gmt":"2023-01-12T16:48:18","guid":{"rendered":"https:\/\/permbledhja.com\/?p=11375"},"modified":"2023-01-12T16:49:06","modified_gmt":"2023-01-12T16:49:06","slug":"250-euro-per-penj-familjari-tregon-si-iu-moren-parate-nga-nje-mjek-ne-spitalin-e-vushtrrise-audio","status":"publish","type":"post","link":"https:\/\/permbledhja.com\/sq\/250-euro-per-penj-familjari-tregon-si-iu-moren-parate-nga-nje-mjek-ne-spitalin-e-vushtrrise-audio\/","title":{"rendered":"250 euro p\u00ebr penj: Familjari tregon si iu mor\u00ebn parat\u00eb nga nj\u00eb mjek n\u00eb Spitalin e Vushtrris\u00eb (Audio)"},"content":{"rendered":"<p>Nj\u00eb skandal ka shp\u00ebrthyer gjat\u00eb k\u00ebsaj jave n\u00eb Spitalin e Vushtrris\u00eb. Atje jan\u00eb arrestuar dy kirurg\u00eb e nj\u00eb tjet\u00ebr po k\u00ebrkohet n\u00ebn dyshimin p\u00ebr \u201cmarrje ryshfeti\u201d. Dy mjek\u00ebt, Dr. Arsim Latifaj e Dr. Ekrem Sefiu, u ndaluan t\u00eb mart\u00ebn. I treti, Dr. Isuf Zekaj, ka ftes\u00eb nga policia q\u00eb t\u00eb paraqitet n\u00eb stacionin policor, por ai ende nuk \u00ebsht\u00eb paraqitur n\u00eb hetuesi. P\u00ebr Nacionalen, nj\u00eb familjar i nj\u00eb pacienteje ka rr\u00ebfyer se si Dr. Isuf Zekaj i ka marr\u00eb para n\u00eb shum\u00ebn e 250 eurove me arsyetimin se do t\u00eb blej\u00eb penj kirurgjikal\u00eb p\u00ebr operimin e n\u00ebn\u00ebs s\u00eb tij. P\u00ebr Nacionalen, ky person ka rr\u00ebfyer p\u00ebr bised\u00ebn me Dr. Zekajn dhe m\u00eb pas operimin e n\u00ebn\u00ebs s\u00eb tij.<\/p>\n<p>N\u00eb dhjetorin e vitit 2021, Premtim Fetahu nga Podujeva ishte ballafaquar me p\u00ebrkeq\u00ebsimin e gjendjes sh\u00ebndet\u00ebsore t\u00eb n\u00ebn\u00ebs s\u00eb tij 61-vje\u00e7are. N\u00ebna e Premtimit kishte gur\u00eb n\u00eb veshka e, si rrjedhoj\u00eb, duhet t\u00eb operohej q\u00eb sh\u00ebndeti i saj t\u00eb p\u00ebrmir\u00ebsohej.<\/p>\n<p>Operacionin familja vendosi q\u00eb ta kryente n\u00eb spitalin e Vushtrris\u00eb, &#8220;Sheikh Zayed&#8221; , te kirurgu Isuf Zekaj. Nga familja e 62-vje\u00e7ares theksojn\u00eb se pas konsultave n\u00eb ordinanc\u00ebn private me kirurgun Zekaj, ata kishin vendosur q\u00eb operimin ta b\u00ebnin n\u00eb spitalin publik te po i nj\u00ebjti mjek.<\/p>\n<p>Por, p\u00ebr k\u00ebt\u00eb pun\u00eb, familja e 61-vje\u00e7ares thot\u00eb t\u2019ia ket\u00eb dh\u00ebn\u00eb mjekut Zekaj 250 euro q\u00eb t\u00eb blinte penj p\u00ebr ta kryer operimin e n\u00ebn\u00ebs. Penjt\u00eb, sipas familjes, i kishte siguruar vet\u00eb mjeku qe do ta kryente operacionin.<\/p>\n<p><a href=\"https:\/\/www.spreaker.com\/user\/16471672\/gentiana-hasani-mixd123123123own?utm_campaign=episode-title&#038;utm_medium=app&#038;utm_source=widget\">AUDIO K\u00cbTU<\/a><\/p>\n<p>N\u00eb nj\u00eb deklarat\u00eb p\u00ebr Gazet\u00ebn Nacionale, Premtim Fetahu ka rr\u00ebfyer se si n\u00eb dhjetorin e vitit 2021 ia ka dh\u00ebn\u00eb kirurgut Isuf Zekaj 250 euro.<\/p>\n<p>\u201c250 euro ia kam jap nalt n\u00eb spital (Spitalin e Vushtrris\u00eb), para se me shti n\u00eb operacion n\u00eb sall\u00eb. At\u00eb dit\u00eb e kan\u00eb operu. At\u00eb dit\u00eb tha: &#8220;Un\u00eb i kom marr\u00eb ata pejt\u00eb e \u00e7ka shkojn\u00eb p\u00ebr aty&#8221;. Edhe m\u00eb tha: &#8220;250 euro&#8221;. Thash\u00eb: &#8220;N\u00eb rregull, doktor, qe ku i ke&#8221;. I mori 250 euro. Kam par\u00eb edhe t\u00eb tjer\u00eb familjar\u00eb t\u00eb pacient\u00ebve q\u00eb kan\u00eb hyr\u00eb n\u00eb t\u00eb nj\u00ebjt\u00ebn dhom\u00eb, un\u00eb i thosha &#8220;dhoma e rr\u00ebfimeve\u201d &#8211; ka th\u00ebn\u00eb Premtim Fetahu, familjar i pacientit, p\u00ebr Nacionalen.<\/p>\n<p>Tutje, ai thekson se e ka pyetur mjekun n\u00ebse do t\u00eb mundte q\u00eb vet\u00eb t&#8217;i blinte penjt\u00eb. Sipas tij, Dr. Isuf Zekaj i ka th\u00ebn\u00eb se vet\u00eb do t\u2019ia siguronte ata penj.<\/p>\n<p>M\u00eb tej, ai tregon se si mjeku e ka pyetur edhe se cilin lloj t\u00eb penjve po e duan p\u00ebr operacionin e n\u00ebn\u00ebs.<\/p>\n<p>\u201cI kam th\u00ebn\u00eb, po m\u00eb ka th\u00ebn\u00eb se jan\u00eb munges\u00eb ata. I thash\u00eb: &#8220;A mundem me i marr\u00eb vet\u00eb?&#8221; Tha: &#8220;Jo, se s&#8217;i dini&#8221;. Tha: &#8220;A doni 150, jan\u00eb ma t\u00eb dob\u00ebt, a 250?&#8221; Na i zgjodh\u00ebm 250. Nga operacioni gjith\u00e7ka ka shkuar shum\u00eb mir\u00eb. Ai (mjeku) na i ka bo me flet\u00ebl\u00ebshim, me t\u00eb gjitha, edhe ne ve\u00e7 kemi dal\u00eb\u201d- rr\u00ebfen tutje Premtimi.<\/p>\n<p>Nga familja q\u00eb po ankohen p\u00ebr mjekun Zekaj po theksojn\u00eb se operimi i n\u00ebn\u00ebs s\u00eb tyre \u00ebsht\u00eb b\u00ebr\u00eb m\u00eb 20 dhjetor t\u00eb vitit 2021 pas or\u00ebs 12:00 pasdite.<\/p>\n<p>Kirurgu Isuf Zekaj ende nuk \u00ebsht\u00eb arrestuar<\/p>\n<p>Gjat\u00eb dit\u00ebs s\u00eb mart\u00eb t\u00eb 10 janarit, Policia e Kosov\u00ebs ka arrestuar dy kirurg\u00eb n\u00eb Spitalin e Vushtrris\u00eb si t\u00eb dyshuar p\u00ebr marrje ryshfeti, nd\u00ebrsa i treti \u00ebsht\u00eb ende n\u00eb k\u00ebrkim.<\/p>\n<p>Tre kirurg\u00ebt, po ashtu, jan\u00eb pezulluar nga puna n\u00eb k\u00ebt\u00eb spital.<\/p>\n<p>E nga Prokuroria Themelore e Mitrovic\u00ebs t\u00eb enjten dhan\u00eb holl\u00ebsi se mjeku Isuf Zekaj ende nuk \u00ebsht\u00eb arrestuar.<\/p>\n<p>\u201cDeri tani, i dyshuari me iniciale I.Z. nuk \u00ebsht\u00eb arrestuar\u201d &#8211; than\u00eb nga Prokuroria.<\/p>\n<p>Nd\u00ebrkoh\u00eb, sa i p\u00ebrket t\u00eb pandehurit Ekrem Sefiu, gjykata e ka caktuar mas\u00ebn e arrestit sht\u00ebpiak.<\/p>\n<p>\u201c&#8230;.kurse ka refuzuar k\u00ebrkes\u00ebn e PTH Mitrovic\u00eb p\u00ebr caktimin e paraburgimit, mir\u00ebpo Prokuroria Themelore n\u00eb Mitrovic\u00eb brenda afatit ligjor do t\u00eb paraqes\u00eb ankes\u00eb ndaj vendimit t\u00eb gjykat\u00ebs\u201d- kan\u00eb sqaruar tutje nga Prokuroria.<\/p>\n<p>Kujtojm\u00eb se tre kirurg\u00ebt jan\u00eb t\u00eb dyshuar p\u00ebr vepr\u00ebn &#8220;marrje ryshfeti&#8221; pas raportimit t\u00eb Gazet\u00ebs Shneta, ku u publikuan video-d\u00ebshmi t\u00eb pacient\u00ebve dhe familjar\u00ebve, t\u00eb cil\u00ebt tregojn\u00eb se si u kan\u00eb dh\u00ebn\u00eb para mjek\u00ebve p\u00ebr t&#8217;i kryer operacionet.<\/p>\n<p>Hetimet p\u00ebr k\u00ebt\u00eb pun\u00eb po i vazhdon Prokuroria Themelore n\u00eb Mitrovic\u00eb.<\/p>\n<p>Kujtojm\u00eb se kirurg\u00ebt jan\u00eb pezulluar edhe nga puna n\u00eb Spitalin e Vushtrris\u00eb.<\/p>\n<p>\u201cN\u00eb k\u00ebt\u00eb rast, do t\u00eb veprojm\u00eb n\u00eb pajtim me legjislacionin n\u00eb fuqi dhe me k\u00ebt\u00eb rast dr. Isuf Zekaj, shkarkohet nga pozita u.d shef i Repartit dhe suspendohet nga puna, po ashtu edhe dr. Ekrem Sefiu dhe dr. Arsim Latifaj suspendohen nga puna deri n\u00eb nj\u00eb vendim t\u00eb ri\u201d- ka th\u00ebn\u00eb p\u00ebr mediat drejtoresha e spitalit, Dr. Shekfije Shatri.\/Nacionale.com\/<\/p>\n","protected":false},"excerpt":{"rendered":"<p>Nj\u00eb skandal ka shp\u00ebrthyer gjat\u00eb k\u00ebsaj jave n\u00eb Spitalin e Vushtrris\u00eb. Atje jan\u00eb arrestuar dy kirurg\u00eb e nj\u00eb tjet\u00ebr po k\u00ebrkohet n\u00ebn dyshimin p\u00ebr \u201cmarrje ryshfeti\u201d. Dy mjek\u00ebt, Dr. Arsim Latifaj e Dr. Ekrem Sefiu, u ndaluan t\u00eb mart\u00ebn. I treti, Dr. Isuf Zekaj, ka ftes\u00eb nga policia q\u00eb t\u00eb paraqitet n\u00eb stacionin policor, por [&hellip;]<\/p>\n","protected":false},"author":1,"featured_media":11376,"comment_status":"closed","ping_status":"closed","sticky":false,"template":"","format":"standard","meta":{"_monsterinsights_skip_tracking":false,"_monsterinsights_sitenote_active":false,"_monsterinsights_sitenote_note":"","_monsterinsights_sitenote_category":0,"_uf_show_specific_survey":0,"_uf_disable_surveys":false,"footnotes":""},"categories":[23,15],"tags":[1324,92],"yoast_head":"<!-- This site is optimized with the Yoast SEO plugin v21.5 - https:\/\/yoast.com\/wordpress\/plugins\/seo\/ -->\n<title>250 euro p\u00ebr penj: Familjari tregon si iu mor\u00ebn parat\u00eb nga nj\u00eb mjek n\u00eb Spitalin e Vushtrris\u00eb (Audio)<\/title>\n<meta name=\"robots\" content=\"index, follow, max-snippet:-1, max-image-preview:large, max-video-preview:-1\" \/>\n<link rel=\"canonical\" href=\"https:\/\/permbledhja.com\/sq\/250-euro-per-penj-familjari-tregon-si-iu-moren-parate-nga-nje-mjek-ne-spitalin-e-vushtrrise-audio\/\" \/>\n<meta property=\"og:locale\" content=\"sq_AL\" \/>\n<meta property=\"og:type\" content=\"article\" \/>\n<meta property=\"og:title\" content=\"250 euro p\u00ebr penj: Familjari tregon si iu mor\u00ebn parat\u00eb nga nj\u00eb mjek n\u00eb Spitalin e Vushtrris\u00eb (Audio)\" \/>\n<meta property=\"og:description\" content=\"Nj\u00eb skandal ka shp\u00ebrthyer gjat\u00eb k\u00ebsaj jave n\u00eb Spitalin e Vushtrris\u00eb. Atje jan\u00eb arrestuar dy kirurg\u00eb e nj\u00eb tjet\u00ebr po k\u00ebrkohet n\u00ebn dyshimin p\u00ebr \u201cmarrje ryshfeti\u201d. Dy mjek\u00ebt, Dr. Arsim Latifaj e Dr. Ekrem Sefiu, u ndaluan t\u00eb mart\u00ebn. I treti, Dr. Isuf Zekaj, ka ftes\u00eb nga policia q\u00eb t\u00eb paraqitet n\u00eb stacionin policor, por [&hellip;]\" \/>\n<meta property=\"og:url\" content=\"https:\/\/permbledhja.com\/sq\/250-euro-per-penj-familjari-tregon-si-iu-moren-parate-nga-nje-mjek-ne-spitalin-e-vushtrrise-audio\/\" \/>\n<meta property=\"og:site_name\" content=\"Ve\u00e7 artikuj p\u00ebrmbledh\u00ebs\" \/>\n<meta property=\"article:publisher\" content=\"https:\/\/www.facebook.com\/press07\/\" \/>\n<meta property=\"article:author\" content=\"https:\/\/www.facebook.com\/kafexhiu.muharrem\/\" \/>\n<meta property=\"article:published_time\" content=\"2023-01-12T16:48:18+00:00\" \/>\n<meta property=\"article:modified_time\" content=\"2023-01-12T16:49:06+00:00\" \/>\n<meta property=\"og:image\" content=\"https:\/\/permbledhja.com\/wp-content\/uploads\/2023\/01\/audio.png\" \/>\n\t<meta property=\"og:image:width\" content=\"893\" \/>\n\t<meta property=\"og:image:height\" content=\"553\" \/>\n\t<meta property=\"og:image:type\" content=\"image\/png\" \/>\n<meta name=\"author\" content=\"P\u00ebrmbledhja\" \/>\n<meta name=\"twitter:card\" content=\"summary_large_image\" \/>\n<meta name=\"twitter:label1\" content=\"Written by\" \/>\n\t<meta name=\"twitter:data1\" content=\"P\u00ebrmbledhja\" \/>\n\t<meta name=\"twitter:label2\" content=\"Est. reading time\" \/>\n\t<meta name=\"twitter:data2\" content=\"4 minuta\" \/>\n<script type=\"application\/ld+json\" class=\"yoast-schema-graph\">{\"@context\":\"https:\/\/schema.org\",\"@graph\":[{\"@type\":\"Article\",\"@id\":\"https:\/\/permbledhja.com\/250-euro-per-penj-familjari-tregon-si-iu-moren-parate-nga-nje-mjek-ne-spitalin-e-vushtrrise-audio\/#article\",\"isPartOf\":{\"@id\":\"https:\/\/permbledhja.com\/250-euro-per-penj-familjari-tregon-si-iu-moren-parate-nga-nje-mjek-ne-spitalin-e-vushtrrise-audio\/\"},\"author\":{\"name\":\"P\u00ebrmbledhja\",\"@id\":\"https:\/\/permbledhja.com\/#\/schema\/person\/0d064377258d3221e50693947b9eb4fe\"},\"headline\":\"250 euro p\u00ebr penj: Familjari tregon si iu mor\u00ebn parat\u00eb nga nj\u00eb mjek n\u00eb Spitalin e Vushtrris\u00eb (Audio)\",\"datePublished\":\"2023-01-12T16:48:18+00:00\",\"dateModified\":\"2023-01-12T16:49:06+00:00\",\"mainEntityOfPage\":{\"@id\":\"https:\/\/permbledhja.com\/250-euro-per-penj-familjari-tregon-si-iu-moren-parate-nga-nje-mjek-ne-spitalin-e-vushtrrise-audio\/\"},\"wordCount\":871,\"publisher\":{\"@id\":\"https:\/\/permbledhja.com\/#organization\"},\"keywords\":[\"Skandali i mjek\u00ebve\",\"Vushtrri\"],\"articleSection\":[\"Komb\u00ebtare\",\"Lajme\"],\"inLanguage\":\"sq\"},{\"@type\":\"WebPage\",\"@id\":\"https:\/\/permbledhja.com\/250-euro-per-penj-familjari-tregon-si-iu-moren-parate-nga-nje-mjek-ne-spitalin-e-vushtrrise-audio\/\",\"url\":\"https:\/\/permbledhja.com\/250-euro-per-penj-familjari-tregon-si-iu-moren-parate-nga-nje-mjek-ne-spitalin-e-vushtrrise-audio\/\",\"name\":\"250 euro p\u00ebr penj: Familjari tregon si iu mor\u00ebn parat\u00eb nga nj\u00eb mjek n\u00eb Spitalin e Vushtrris\u00eb (Audio)\",\"isPartOf\":{\"@id\":\"https:\/\/permbledhja.com\/#website\"},\"datePublished\":\"2023-01-12T16:48:18+00:00\",\"dateModified\":\"2023-01-12T16:49:06+00:00\",\"breadcrumb\":{\"@id\":\"https:\/\/permbledhja.com\/250-euro-per-penj-familjari-tregon-si-iu-moren-parate-nga-nje-mjek-ne-spitalin-e-vushtrrise-audio\/#breadcrumb\"},\"inLanguage\":\"sq\",\"potentialAction\":[{\"@type\":\"ReadAction\",\"target\":[\"https:\/\/permbledhja.com\/250-euro-per-penj-familjari-tregon-si-iu-moren-parate-nga-nje-mjek-ne-spitalin-e-vushtrrise-audio\/\"]}]},{\"@type\":\"BreadcrumbList\",\"@id\":\"https:\/\/permbledhja.com\/250-euro-per-penj-familjari-tregon-si-iu-moren-parate-nga-nje-mjek-ne-spitalin-e-vushtrrise-audio\/#breadcrumb\",\"itemListElement\":[{\"@type\":\"ListItem\",\"position\":1,\"name\":\"Ballina\",\"item\":\"https:\/\/permbledhja.com\/sq\/\"},{\"@type\":\"ListItem\",\"position\":2,\"name\":\"250 euro p\u00ebr penj: Familjari tregon si iu mor\u00ebn parat\u00eb nga nj\u00eb mjek n\u00eb Spitalin e Vushtrris\u00eb (Audio)\"}]},{\"@type\":\"WebSite\",\"@id\":\"https:\/\/permbledhja.com\/#website\",\"url\":\"https:\/\/permbledhja.com\/\",\"name\":\"Ve\u00e7 artikuj p\u00ebrmbledh\u00ebs\",\"description\":\"\",\"publisher\":{\"@id\":\"https:\/\/permbledhja.com\/#organization\"},\"potentialAction\":[{\"@type\":\"SearchAction\",\"target\":{\"@type\":\"EntryPoint\",\"urlTemplate\":\"https:\/\/permbledhja.com\/?s={search_term_string}\"},\"query-input\":\"required name=search_term_string\"}],\"inLanguage\":\"sq\"},{\"@type\":\"Organization\",\"@id\":\"https:\/\/permbledhja.com\/#organization\",\"name\":\"MK Media & Pr\",\"url\":\"https:\/\/permbledhja.com\/\",\"logo\":{\"@type\":\"ImageObject\",\"inLanguage\":\"sq\",\"@id\":\"https:\/\/permbledhja.com\/#\/schema\/logo\/image\/\",\"url\":\"https:\/\/permbledhja.com\/wp-content\/uploads\/2021\/12\/07-Press-Logo.jpg\",\"contentUrl\":\"https:\/\/permbledhja.com\/wp-content\/uploads\/2021\/12\/07-Press-Logo.jpg\",\"width\":512,\"height\":512,\"caption\":\"MK Media & Pr\"},\"image\":{\"@id\":\"https:\/\/permbledhja.com\/#\/schema\/logo\/image\/\"},\"sameAs\":[\"https:\/\/www.facebook.com\/press07\/\"]},{\"@type\":\"Person\",\"@id\":\"https:\/\/permbledhja.com\/#\/schema\/person\/0d064377258d3221e50693947b9eb4fe\",\"name\":\"P\u00ebrmbledhja\",\"image\":{\"@type\":\"ImageObject\",\"inLanguage\":\"sq\",\"@id\":\"https:\/\/permbledhja.com\/#\/schema\/person\/image\/\",\"url\":\"https:\/\/permbledhja.com\/wp-content\/uploads\/2026\/01\/452004717_1040944174702970_8932037511805513407_n-96x96.jpg\",\"contentUrl\":\"https:\/\/permbledhja.com\/wp-content\/uploads\/2026\/01\/452004717_1040944174702970_8932037511805513407_n-96x96.jpg\",\"caption\":\"P\u00ebrmbledhja\"},\"sameAs\":[\"https:\/\/www.facebook.com\/kafexhiu.muharrem\/\",\"https:\/\/www.instagram.com\/muharrem_kafexhiu\/\"],\"url\":\"https:\/\/permbledhja.com\/sq\/author\/admin\/\"}]}<\/script>\n<!-- \/ Yoast SEO plugin. -->","yoast_head_json":{"title":"250 euro p\u00ebr penj: Familjari tregon si iu mor\u00ebn parat\u00eb nga nj\u00eb mjek n\u00eb Spitalin e Vushtrris\u00eb (Audio)","robots":{"index":"index","follow":"follow","max-snippet":"max-snippet:-1","max-image-preview":"max-image-preview:large","max-video-preview":"max-video-preview:-1"},"canonical":"https:\/\/permbledhja.com\/sq\/250-euro-per-penj-familjari-tregon-si-iu-moren-parate-nga-nje-mjek-ne-spitalin-e-vushtrrise-audio\/","og_locale":"sq_AL","og_type":"article","og_title":"250 euro p\u00ebr penj: Familjari tregon si iu mor\u00ebn parat\u00eb nga nj\u00eb mjek n\u00eb Spitalin e Vushtrris\u00eb (Audio)","og_description":"Nj\u00eb skandal ka shp\u00ebrthyer gjat\u00eb k\u00ebsaj jave n\u00eb Spitalin e Vushtrris\u00eb. Atje jan\u00eb arrestuar dy kirurg\u00eb e nj\u00eb tjet\u00ebr po k\u00ebrkohet n\u00ebn dyshimin p\u00ebr \u201cmarrje ryshfeti\u201d. Dy mjek\u00ebt, Dr. Arsim Latifaj e Dr. Ekrem Sefiu, u ndaluan t\u00eb mart\u00ebn. I treti, Dr. Isuf Zekaj, ka ftes\u00eb nga policia q\u00eb t\u00eb paraqitet n\u00eb stacionin policor, por [&hellip;]","og_url":"https:\/\/permbledhja.com\/sq\/250-euro-per-penj-familjari-tregon-si-iu-moren-parate-nga-nje-mjek-ne-spitalin-e-vushtrrise-audio\/","og_site_name":"Ve\u00e7 artikuj p\u00ebrmbledh\u00ebs","article_publisher":"https:\/\/www.facebook.com\/press07\/","article_author":"https:\/\/www.facebook.com\/kafexhiu.muharrem\/","article_published_time":"2023-01-12T16:48:18+00:00","article_modified_time":"2023-01-12T16:49:06+00:00","og_image":[{"width":893,"height":553,"url":"https:\/\/permbledhja.com\/wp-content\/uploads\/2023\/01\/audio.png","type":"image\/png"}],"author":"P\u00ebrmbledhja","twitter_card":"summary_large_image","twitter_misc":{"Written by":"P\u00ebrmbledhja","Est. reading time":"4 minuta"},"schema":{"@context":"https:\/\/schema.org","@graph":[{"@type":"Article","@id":"https:\/\/permbledhja.com\/250-euro-per-penj-familjari-tregon-si-iu-moren-parate-nga-nje-mjek-ne-spitalin-e-vushtrrise-audio\/#article","isPartOf":{"@id":"https:\/\/permbledhja.com\/250-euro-per-penj-familjari-tregon-si-iu-moren-parate-nga-nje-mjek-ne-spitalin-e-vushtrrise-audio\/"},"author":{"name":"P\u00ebrmbledhja","@id":"https:\/\/permbledhja.com\/#\/schema\/person\/0d064377258d3221e50693947b9eb4fe"},"headline":"250 euro p\u00ebr penj: Familjari tregon si iu mor\u00ebn parat\u00eb nga nj\u00eb mjek n\u00eb Spitalin e Vushtrris\u00eb (Audio)","datePublished":"2023-01-12T16:48:18+00:00","dateModified":"2023-01-12T16:49:06+00:00","mainEntityOfPage":{"@id":"https:\/\/permbledhja.com\/250-euro-per-penj-familjari-tregon-si-iu-moren-parate-nga-nje-mjek-ne-spitalin-e-vushtrrise-audio\/"},"wordCount":871,"publisher":{"@id":"https:\/\/permbledhja.com\/#organization"},"keywords":["Skandali i mjek\u00ebve","Vushtrri"],"articleSection":["Komb\u00ebtare","Lajme"],"inLanguage":"sq"},{"@type":"WebPage","@id":"https:\/\/permbledhja.com\/250-euro-per-penj-familjari-tregon-si-iu-moren-parate-nga-nje-mjek-ne-spitalin-e-vushtrrise-audio\/","url":"https:\/\/permbledhja.com\/250-euro-per-penj-familjari-tregon-si-iu-moren-parate-nga-nje-mjek-ne-spitalin-e-vushtrrise-audio\/","name":"250 euro p\u00ebr penj: Familjari tregon si iu mor\u00ebn parat\u00eb nga nj\u00eb mjek n\u00eb Spitalin e Vushtrris\u00eb (Audio)","isPartOf":{"@id":"https:\/\/permbledhja.com\/#website"},"datePublished":"2023-01-12T16:48:18+00:00","dateModified":"2023-01-12T16:49:06+00:00","breadcrumb":{"@id":"https:\/\/permbledhja.com\/250-euro-per-penj-familjari-tregon-si-iu-moren-parate-nga-nje-mjek-ne-spitalin-e-vushtrrise-audio\/#breadcrumb"},"inLanguage":"sq","potentialAction":[{"@type":"ReadAction","target":["https:\/\/permbledhja.com\/250-euro-per-penj-familjari-tregon-si-iu-moren-parate-nga-nje-mjek-ne-spitalin-e-vushtrrise-audio\/"]}]},{"@type":"BreadcrumbList","@id":"https:\/\/permbledhja.com\/250-euro-per-penj-familjari-tregon-si-iu-moren-parate-nga-nje-mjek-ne-spitalin-e-vushtrrise-audio\/#breadcrumb","itemListElement":[{"@type":"ListItem","position":1,"name":"Ballina","item":"https:\/\/permbledhja.com\/sq\/"},{"@type":"ListItem","position":2,"name":"250 euro p\u00ebr penj: Familjari tregon si iu mor\u00ebn parat\u00eb nga nj\u00eb mjek n\u00eb Spitalin e Vushtrris\u00eb (Audio)"}]},{"@type":"WebSite","@id":"https:\/\/permbledhja.com\/#website","url":"https:\/\/permbledhja.com\/","name":"Ve\u00e7 artikuj p\u00ebrmbledh\u00ebs","description":"","publisher":{"@id":"https:\/\/permbledhja.com\/#organization"},"potentialAction":[{"@type":"SearchAction","target":{"@type":"EntryPoint","urlTemplate":"https:\/\/permbledhja.com\/?s={search_term_string}"},"query-input":"required name=search_term_string"}],"inLanguage":"sq"},{"@type":"Organization","@id":"https:\/\/permbledhja.com\/#organization","name":"MK Media & Pr","url":"https:\/\/permbledhja.com\/","logo":{"@type":"ImageObject","inLanguage":"sq","@id":"https:\/\/permbledhja.com\/#\/schema\/logo\/image\/","url":"https:\/\/permbledhja.com\/wp-content\/uploads\/2021\/12\/07-Press-Logo.jpg","contentUrl":"https:\/\/permbledhja.com\/wp-content\/uploads\/2021\/12\/07-Press-Logo.jpg","width":512,"height":512,"caption":"MK Media & Pr"},"image":{"@id":"https:\/\/permbledhja.com\/#\/schema\/logo\/image\/"},"sameAs":["https:\/\/www.facebook.com\/press07\/"]},{"@type":"Person","@id":"https:\/\/permbledhja.com\/#\/schema\/person\/0d064377258d3221e50693947b9eb4fe","name":"P\u00ebrmbledhja","image":{"@type":"ImageObject","inLanguage":"sq","@id":"https:\/\/permbledhja.com\/#\/schema\/person\/image\/","url":"https:\/\/permbledhja.com\/wp-content\/uploads\/2026\/01\/452004717_1040944174702970_8932037511805513407_n-96x96.jpg","contentUrl":"https:\/\/permbledhja.com\/wp-content\/uploads\/2026\/01\/452004717_1040944174702970_8932037511805513407_n-96x96.jpg","caption":"P\u00ebrmbledhja"},"sameAs":["https:\/\/www.facebook.com\/kafexhiu.muharrem\/","https:\/\/www.instagram.com\/muharrem_kafexhiu\/"],"url":"https:\/\/permbledhja.com\/sq\/author\/admin\/"}]}},"_links":{"self":[{"href":"https:\/\/permbledhja.com\/sq\/wp-json\/wp\/v2\/posts\/11375"}],"collection":[{"href":"https:\/\/permbledhja.com\/sq\/wp-json\/wp\/v2\/posts"}],"about":[{"href":"https:\/\/permbledhja.com\/sq\/wp-json\/wp\/v2\/types\/post"}],"author":[{"embeddable":true,"href":"https:\/\/permbledhja.com\/sq\/wp-json\/wp\/v2\/users\/1"}],"replies":[{"embeddable":true,"href":"https:\/\/permbledhja.com\/sq\/wp-json\/wp\/v2\/comments?post=11375"}],"version-history":[{"count":2,"href":"https:\/\/permbledhja.com\/sq\/wp-json\/wp\/v2\/posts\/11375\/revisions"}],"predecessor-version":[{"id":11378,"href":"https:\/\/permbledhja.com\/sq\/wp-json\/wp\/v2\/posts\/11375\/revisions\/11378"}],"wp:featuredmedia":[{"embeddable":true,"href":"https:\/\/permbledhja.com\/sq\/wp-json\/wp\/v2\/media\/11376"}],"wp:attachment":[{"href":"https:\/\/permbledhja.com\/sq\/wp-json\/wp\/v2\/media?parent=11375"}],"wp:term":[{"taxonomy":"category","embeddable":true,"href":"https:\/\/permbledhja.com\/sq\/wp-json\/wp\/v2\/categories?post=11375"},{"taxonomy":"post_tag","embeddable":true,"href":"https:\/\/permbledhja.com\/sq\/wp-json\/wp\/v2\/tags?post=11375"}],"curies":[{"name":"wp","href":"https:\/\/api.w.org\/{rel}","templated":true}]}}