{"id":1137,"date":"2022-07-04T06:38:33","date_gmt":"2022-07-04T06:38:33","guid":{"rendered":"https:\/\/permbledhja.com\/?p=1137"},"modified":"2022-07-04T06:38:33","modified_gmt":"2022-07-04T06:38:33","slug":"eshte-viti-2022-dhe-ne-marketin-e-lagjes-e-marre-buken-veresi-rrefimi-i-55-vjecarit-shqiptar-te-papune","status":"publish","type":"post","link":"https:\/\/permbledhja.com\/sq\/eshte-viti-2022-dhe-ne-marketin-e-lagjes-e-marre-buken-veresi-rrefimi-i-55-vjecarit-shqiptar-te-papune\/","title":{"rendered":"&#8220;\u00cbsht\u00eb viti 2022 dhe n\u00eb marketin e lagjes e marr\u00eb buk\u00ebn veresi\u201d, rr\u00ebfimi i 55-vje\u00e7arit shqiptar t\u00eb papun\u00eb"},"content":{"rendered":"<p>Rritja e ndjeshme e \u00e7mimeve t\u00eb ushqimeve e ka p\u00ebrkeq\u00ebsuar situat\u00ebn p\u00ebr mij\u00ebra familje n\u00eb kushtet e varf\u00ebris\u00eb n\u00eb Shqip\u00ebri.<\/p>\n<p>Qarku i Gjirokastr\u00ebs \u00ebsht\u00eb nga m\u00eb t\u00eb prekurit, ku nj\u00eb pjes\u00eb e madhe e familjeve me ndihm\u00eb ekonomike jetojn\u00eb n\u00eb zonat ku papun\u00ebsia prej vitesh \u00ebsht\u00eb e lart\u00eb. Institucionet shtet\u00ebrore t\u00eb mbrojtjes sociale thon\u00eb se 6 muajt e fundit kan\u00eb rritur ndihm\u00ebn p\u00ebr familjet me shum\u00eb pjes\u00ebtar\u00eb.<\/p>\n<p>Tregu i sendeve t\u00eb p\u00ebrdorura \u00ebsht\u00eb nga vendet m\u00eb t\u00eb populluara t\u00eb Gjirokastr\u00ebs, nj\u00eb tregues i varf\u00ebris\u00eb s\u00eb qindra familjeve q\u00eb nuk arrijn\u00eb t\u00eb sigurojn\u00eb dot t\u00eb ardhura p\u00ebr t\u00eb plot\u00ebsuar nevojat. Por koh\u00ebt e fundit rritja e \u00e7mimeve t\u00eb ushqimeve po i shtyn qindra familje n\u00eb kushte mbijetese.<\/p>\n<p>N\u00eb nj\u00eb nga lagjet e Gjirokastr\u00ebs q\u00eb quhet \u201cBlloku i furrave\u201d, P\u00ebllumb Kuci, 55 vje\u00e7, thot\u00eb se \u00ebsht\u00eb i papun\u00eb dhe e sh\u00ebnon emrin n\u00eb lista p\u00ebr t\u00eb marr\u00ebn buk\u00ebn e p\u00ebrditshme n\u00eb nj\u00eb nj\u00ebsi ushqimesh fare pran\u00eb banes\u00ebs.<\/p>\n<p>\u201cJeta \u00ebsht\u00eb b\u00ebr\u00eb e v\u00ebshtir\u00eb pasi \u00e7mimet jan\u00eb rritur tej mase dhe \u00ebsht\u00eb e pamundur ta p\u00ebrballosh. Un\u00eb aktualisht nuk kam asnj\u00eb t\u00eb ardhur, figuroj i papun\u00eb\u201d, thot\u00eb ai.P\u00ebllumbi po p\u00ebrpiqet t\u00eb gjej\u00eb nj\u00eb pun\u00eb, por \u00ebsht\u00eb edhe n\u00eb proces t\u00eb k\u00ebrkimit t\u00eb ndihm\u00ebs ekonomike n\u00eb Bashki.<\/p>\n<p>Ai thot\u00eb m\u00eb tej se deri para pak koh\u00ebsh jetonin n\u00eb familje me pensionin e t\u00eb atit, i cili nd\u00ebrroi jet\u00eb.<\/p>\n<p>\u201cThuaj me at\u00eb pensionin e tij rrotulloheshim, nd\u00ebrsa tani po t\u00eb vesh tek ai dyqani ushqimor mund t\u00eb shoh\u00ebsh q\u00eb e marrim buk\u00ebn me list\u00eb. \u00cbsht\u00eb viti 2022 dhe e ham\u00eb buk\u00ebn me list\u00eb\u201d, thot\u00eb ai.<\/p>\n<p>Majlinda, nj\u00eb fqinje, po k\u00ebshtu \u00ebsht\u00eb n\u00eb v\u00ebshtir\u00ebsi ekonomike n\u00eb familjen e saj. Ajo e humbi mb\u00ebshtetjen ekonomike n\u00eb bashki pasi u fut p\u00ebrkoh\u00ebsisht n\u00eb pun\u00eb, por tani e ka t\u00eb pamundur t\u00eb punoj\u00eb prej problemeve sh\u00ebndet\u00ebsore.<\/p>\n<p>\u201cKishim at\u00ebher\u00eb ndihm\u00eb ekonomike, por ma pren\u00eb se u futa n\u00eb pun\u00eb. Tani \u00ebsht\u00eb shum\u00eb e v\u00ebshtir\u00eb t\u00eb ma rikthejn\u00eb, megjith\u00ebse i kam th\u00ebn\u00eb burrit t\u00eb shkoj\u00eb dhe t\u00eb interesohet n\u00eb bashki se mos na e rikthejn\u00eb pasi un\u00eb nuk shkoj m\u00eb n\u00eb pun\u00eb\u201d, thot\u00eb ajo.<\/p>\n<p>Majlinda thot\u00eb se k\u00ebrkoi t\u00eb p\u00ebrfshihej tek personat me invaliditet dhe udh\u00ebtoi edhe n\u00eb Tiran\u00eb p\u00ebr t\u00eb kryer aplikimin, por ende kjo nuk i \u00ebsht\u00eb aprovuar.<br \/>\nMajlinda , djali dhe bashk\u00ebshorti jetojn\u00eb tani vet\u00ebm me t\u00eb ardhurat q\u00eb burri siguron kur punon n\u00eb koh\u00eb t\u00eb pjesshme ku t\u00eb mundet.<\/p>\n<p>Banor\u00ebt e varf\u00ebr t\u00eb k\u00ebsaj lagjeje n\u00eb jo pak raste i marrin ushqimet me list\u00eb, thot\u00eb Natasha Shena q\u00eb shet n\u00eb nj\u00eb nj\u00ebsi t\u00eb vog\u00ebl ushqimore duke treguar fletoren e detyrimeve t\u00eb klient\u00ebve.<\/p>\n<p>\u201cPuna \u00ebsht\u00eb b\u00ebr\u00eb shum\u00eb keq, \u00e7mimet jan\u00eb ngritur, por rrogat nuk jan\u00eb ngritur; ku do falen t\u00eb varf\u00ebrit , tek ne dyqanet e vogla se tek t\u00eb m\u00ebdhenjt\u00eb i kan\u00eb me lek\u00eb, ne i kemi me lista\u201d , thot\u00eb ajo.<\/p>\n<p>Natasha thot\u00eb se \u00e7mimet e produkteve kryesore ushqimore jan\u00eb rritur dhe kjo rritje vazhdon p\u00ebr artikujt kryesor\u00eb ushqimor\u00eb.<\/p>\n","protected":false},"excerpt":{"rendered":"<p>Rritja e ndjeshme e \u00e7mimeve t\u00eb ushqimeve e ka p\u00ebrkeq\u00ebsuar situat\u00ebn p\u00ebr mij\u00ebra familje n\u00eb kushtet e varf\u00ebris\u00eb n\u00eb Shqip\u00ebri. Qarku i Gjirokastr\u00ebs \u00ebsht\u00eb nga m\u00eb t\u00eb prekurit, ku nj\u00eb pjes\u00eb e madhe e familjeve me ndihm\u00eb ekonomike jetojn\u00eb n\u00eb zonat ku papun\u00ebsia prej vitesh \u00ebsht\u00eb e lart\u00eb. Institucionet shtet\u00ebrore t\u00eb mbrojtjes sociale thon\u00eb se [&hellip;]<\/p>\n","protected":false},"author":1,"featured_media":1138,"comment_status":"closed","ping_status":"closed","sticky":false,"template":"","format":"standard","meta":{"_monsterinsights_skip_tracking":false,"_monsterinsights_sitenote_active":false,"_monsterinsights_sitenote_note":"","_monsterinsights_sitenote_category":0,"_uf_show_specific_survey":0,"_uf_disable_surveys":false,"footnotes":""},"categories":[23,15],"tags":[148,149],"yoast_head":"<!-- This site is optimized with the Yoast SEO plugin v21.5 - https:\/\/yoast.com\/wordpress\/plugins\/seo\/ -->\n<title>&quot;\u00cbsht\u00eb viti 2022 dhe n\u00eb marketin e lagjes e marr\u00eb buk\u00ebn veresi\u201d, rr\u00ebfimi i 55-vje\u00e7arit shqiptar t\u00eb papun\u00eb<\/title>\n<meta name=\"robots\" content=\"index, follow, max-snippet:-1, max-image-preview:large, max-video-preview:-1\" \/>\n<link rel=\"canonical\" href=\"https:\/\/permbledhja.com\/sq\/eshte-viti-2022-dhe-ne-marketin-e-lagjes-e-marre-buken-veresi-rrefimi-i-55-vjecarit-shqiptar-te-papune\/\" \/>\n<meta property=\"og:locale\" content=\"sq_AL\" \/>\n<meta property=\"og:type\" content=\"article\" \/>\n<meta property=\"og:title\" content=\"&quot;\u00cbsht\u00eb viti 2022 dhe n\u00eb marketin e lagjes e marr\u00eb buk\u00ebn veresi\u201d, rr\u00ebfimi i 55-vje\u00e7arit shqiptar t\u00eb papun\u00eb\" \/>\n<meta property=\"og:description\" content=\"Rritja e ndjeshme e \u00e7mimeve t\u00eb ushqimeve e ka p\u00ebrkeq\u00ebsuar situat\u00ebn p\u00ebr mij\u00ebra familje n\u00eb kushtet e varf\u00ebris\u00eb n\u00eb Shqip\u00ebri. Qarku i Gjirokastr\u00ebs \u00ebsht\u00eb nga m\u00eb t\u00eb prekurit, ku nj\u00eb pjes\u00eb e madhe e familjeve me ndihm\u00eb ekonomike jetojn\u00eb n\u00eb zonat ku papun\u00ebsia prej vitesh \u00ebsht\u00eb e lart\u00eb. Institucionet shtet\u00ebrore t\u00eb mbrojtjes sociale thon\u00eb se [&hellip;]\" \/>\n<meta property=\"og:url\" content=\"https:\/\/permbledhja.com\/sq\/eshte-viti-2022-dhe-ne-marketin-e-lagjes-e-marre-buken-veresi-rrefimi-i-55-vjecarit-shqiptar-te-papune\/\" \/>\n<meta property=\"og:site_name\" content=\"Ve\u00e7 artikuj p\u00ebrmbledh\u00ebs\" \/>\n<meta property=\"article:publisher\" content=\"https:\/\/www.facebook.com\/press07\/\" \/>\n<meta property=\"article:author\" content=\"https:\/\/www.facebook.com\/kafexhiu.muharrem\/\" \/>\n<meta property=\"article:published_time\" content=\"2022-07-04T06:38:33+00:00\" \/>\n<meta property=\"og:image\" content=\"https:\/\/permbledhja.com\/wp-content\/uploads\/2022\/07\/9A433303-C778-4E64-8274-A32EBD073CF6.jpeg\" \/>\n\t<meta property=\"og:image:width\" content=\"696\" \/>\n\t<meta property=\"og:image:height\" content=\"395\" \/>\n\t<meta property=\"og:image:type\" content=\"image\/jpeg\" \/>\n<meta name=\"author\" content=\"P\u00ebrmbledhja\" \/>\n<meta name=\"twitter:card\" content=\"summary_large_image\" \/>\n<meta name=\"twitter:label1\" content=\"Written by\" \/>\n\t<meta name=\"twitter:data1\" content=\"P\u00ebrmbledhja\" \/>\n\t<meta name=\"twitter:label2\" content=\"Est. reading time\" \/>\n\t<meta name=\"twitter:data2\" content=\"3 minuta\" \/>\n<script type=\"application\/ld+json\" class=\"yoast-schema-graph\">{\"@context\":\"https:\/\/schema.org\",\"@graph\":[{\"@type\":\"Article\",\"@id\":\"https:\/\/permbledhja.com\/eshte-viti-2022-dhe-ne-marketin-e-lagjes-e-marre-buken-veresi-rrefimi-i-55-vjecarit-shqiptar-te-papune\/#article\",\"isPartOf\":{\"@id\":\"https:\/\/permbledhja.com\/eshte-viti-2022-dhe-ne-marketin-e-lagjes-e-marre-buken-veresi-rrefimi-i-55-vjecarit-shqiptar-te-papune\/\"},\"author\":{\"name\":\"P\u00ebrmbledhja\",\"@id\":\"https:\/\/permbledhja.com\/#\/schema\/person\/0d064377258d3221e50693947b9eb4fe\"},\"headline\":\"&#8220;\u00cbsht\u00eb viti 2022 dhe n\u00eb marketin e lagjes e marr\u00eb buk\u00ebn veresi\u201d, rr\u00ebfimi i 55-vje\u00e7arit shqiptar t\u00eb papun\u00eb\",\"datePublished\":\"2022-07-04T06:38:33+00:00\",\"dateModified\":\"2022-07-04T06:38:33+00:00\",\"mainEntityOfPage\":{\"@id\":\"https:\/\/permbledhja.com\/eshte-viti-2022-dhe-ne-marketin-e-lagjes-e-marre-buken-veresi-rrefimi-i-55-vjecarit-shqiptar-te-papune\/\"},\"wordCount\":566,\"publisher\":{\"@id\":\"https:\/\/permbledhja.com\/#organization\"},\"keywords\":[\"55-vje\u00e7ari\",\"Gjirokast\u00ebr\"],\"articleSection\":[\"Komb\u00ebtare\",\"Lajme\"],\"inLanguage\":\"sq\"},{\"@type\":\"WebPage\",\"@id\":\"https:\/\/permbledhja.com\/eshte-viti-2022-dhe-ne-marketin-e-lagjes-e-marre-buken-veresi-rrefimi-i-55-vjecarit-shqiptar-te-papune\/\",\"url\":\"https:\/\/permbledhja.com\/eshte-viti-2022-dhe-ne-marketin-e-lagjes-e-marre-buken-veresi-rrefimi-i-55-vjecarit-shqiptar-te-papune\/\",\"name\":\"\\\"\u00cbsht\u00eb viti 2022 dhe n\u00eb marketin e lagjes e marr\u00eb buk\u00ebn veresi\u201d, rr\u00ebfimi i 55-vje\u00e7arit shqiptar t\u00eb papun\u00eb\",\"isPartOf\":{\"@id\":\"https:\/\/permbledhja.com\/#website\"},\"datePublished\":\"2022-07-04T06:38:33+00:00\",\"dateModified\":\"2022-07-04T06:38:33+00:00\",\"breadcrumb\":{\"@id\":\"https:\/\/permbledhja.com\/eshte-viti-2022-dhe-ne-marketin-e-lagjes-e-marre-buken-veresi-rrefimi-i-55-vjecarit-shqiptar-te-papune\/#breadcrumb\"},\"inLanguage\":\"sq\",\"potentialAction\":[{\"@type\":\"ReadAction\",\"target\":[\"https:\/\/permbledhja.com\/eshte-viti-2022-dhe-ne-marketin-e-lagjes-e-marre-buken-veresi-rrefimi-i-55-vjecarit-shqiptar-te-papune\/\"]}]},{\"@type\":\"BreadcrumbList\",\"@id\":\"https:\/\/permbledhja.com\/eshte-viti-2022-dhe-ne-marketin-e-lagjes-e-marre-buken-veresi-rrefimi-i-55-vjecarit-shqiptar-te-papune\/#breadcrumb\",\"itemListElement\":[{\"@type\":\"ListItem\",\"position\":1,\"name\":\"Ballina\",\"item\":\"https:\/\/permbledhja.com\/sq\/\"},{\"@type\":\"ListItem\",\"position\":2,\"name\":\"&#8220;\u00cbsht\u00eb viti 2022 dhe n\u00eb marketin e lagjes e marr\u00eb buk\u00ebn veresi\u201d, rr\u00ebfimi i 55-vje\u00e7arit shqiptar t\u00eb papun\u00eb\"}]},{\"@type\":\"WebSite\",\"@id\":\"https:\/\/permbledhja.com\/#website\",\"url\":\"https:\/\/permbledhja.com\/\",\"name\":\"Ve\u00e7 artikuj p\u00ebrmbledh\u00ebs\",\"description\":\"\",\"publisher\":{\"@id\":\"https:\/\/permbledhja.com\/#organization\"},\"potentialAction\":[{\"@type\":\"SearchAction\",\"target\":{\"@type\":\"EntryPoint\",\"urlTemplate\":\"https:\/\/permbledhja.com\/?s={search_term_string}\"},\"query-input\":\"required name=search_term_string\"}],\"inLanguage\":\"sq\"},{\"@type\":\"Organization\",\"@id\":\"https:\/\/permbledhja.com\/#organization\",\"name\":\"MK Media & Pr\",\"url\":\"https:\/\/permbledhja.com\/\",\"logo\":{\"@type\":\"ImageObject\",\"inLanguage\":\"sq\",\"@id\":\"https:\/\/permbledhja.com\/#\/schema\/logo\/image\/\",\"url\":\"https:\/\/permbledhja.com\/wp-content\/uploads\/2021\/12\/07-Press-Logo.jpg\",\"contentUrl\":\"https:\/\/permbledhja.com\/wp-content\/uploads\/2021\/12\/07-Press-Logo.jpg\",\"width\":512,\"height\":512,\"caption\":\"MK Media & Pr\"},\"image\":{\"@id\":\"https:\/\/permbledhja.com\/#\/schema\/logo\/image\/\"},\"sameAs\":[\"https:\/\/www.facebook.com\/press07\/\"]},{\"@type\":\"Person\",\"@id\":\"https:\/\/permbledhja.com\/#\/schema\/person\/0d064377258d3221e50693947b9eb4fe\",\"name\":\"P\u00ebrmbledhja\",\"image\":{\"@type\":\"ImageObject\",\"inLanguage\":\"sq\",\"@id\":\"https:\/\/permbledhja.com\/#\/schema\/person\/image\/\",\"url\":\"https:\/\/permbledhja.com\/wp-content\/uploads\/2026\/01\/452004717_1040944174702970_8932037511805513407_n-96x96.jpg\",\"contentUrl\":\"https:\/\/permbledhja.com\/wp-content\/uploads\/2026\/01\/452004717_1040944174702970_8932037511805513407_n-96x96.jpg\",\"caption\":\"P\u00ebrmbledhja\"},\"sameAs\":[\"https:\/\/www.facebook.com\/kafexhiu.muharrem\/\",\"https:\/\/www.instagram.com\/muharrem_kafexhiu\/\"],\"url\":\"https:\/\/permbledhja.com\/sq\/author\/admin\/\"}]}<\/script>\n<!-- \/ Yoast SEO plugin. -->","yoast_head_json":{"title":"\"\u00cbsht\u00eb viti 2022 dhe n\u00eb marketin e lagjes e marr\u00eb buk\u00ebn veresi\u201d, rr\u00ebfimi i 55-vje\u00e7arit shqiptar t\u00eb papun\u00eb","robots":{"index":"index","follow":"follow","max-snippet":"max-snippet:-1","max-image-preview":"max-image-preview:large","max-video-preview":"max-video-preview:-1"},"canonical":"https:\/\/permbledhja.com\/sq\/eshte-viti-2022-dhe-ne-marketin-e-lagjes-e-marre-buken-veresi-rrefimi-i-55-vjecarit-shqiptar-te-papune\/","og_locale":"sq_AL","og_type":"article","og_title":"\"\u00cbsht\u00eb viti 2022 dhe n\u00eb marketin e lagjes e marr\u00eb buk\u00ebn veresi\u201d, rr\u00ebfimi i 55-vje\u00e7arit shqiptar t\u00eb papun\u00eb","og_description":"Rritja e ndjeshme e \u00e7mimeve t\u00eb ushqimeve e ka p\u00ebrkeq\u00ebsuar situat\u00ebn p\u00ebr mij\u00ebra familje n\u00eb kushtet e varf\u00ebris\u00eb n\u00eb Shqip\u00ebri. Qarku i Gjirokastr\u00ebs \u00ebsht\u00eb nga m\u00eb t\u00eb prekurit, ku nj\u00eb pjes\u00eb e madhe e familjeve me ndihm\u00eb ekonomike jetojn\u00eb n\u00eb zonat ku papun\u00ebsia prej vitesh \u00ebsht\u00eb e lart\u00eb. Institucionet shtet\u00ebrore t\u00eb mbrojtjes sociale thon\u00eb se [&hellip;]","og_url":"https:\/\/permbledhja.com\/sq\/eshte-viti-2022-dhe-ne-marketin-e-lagjes-e-marre-buken-veresi-rrefimi-i-55-vjecarit-shqiptar-te-papune\/","og_site_name":"Ve\u00e7 artikuj p\u00ebrmbledh\u00ebs","article_publisher":"https:\/\/www.facebook.com\/press07\/","article_author":"https:\/\/www.facebook.com\/kafexhiu.muharrem\/","article_published_time":"2022-07-04T06:38:33+00:00","og_image":[{"width":696,"height":395,"url":"https:\/\/permbledhja.com\/wp-content\/uploads\/2022\/07\/9A433303-C778-4E64-8274-A32EBD073CF6.jpeg","type":"image\/jpeg"}],"author":"P\u00ebrmbledhja","twitter_card":"summary_large_image","twitter_misc":{"Written by":"P\u00ebrmbledhja","Est. reading time":"3 minuta"},"schema":{"@context":"https:\/\/schema.org","@graph":[{"@type":"Article","@id":"https:\/\/permbledhja.com\/eshte-viti-2022-dhe-ne-marketin-e-lagjes-e-marre-buken-veresi-rrefimi-i-55-vjecarit-shqiptar-te-papune\/#article","isPartOf":{"@id":"https:\/\/permbledhja.com\/eshte-viti-2022-dhe-ne-marketin-e-lagjes-e-marre-buken-veresi-rrefimi-i-55-vjecarit-shqiptar-te-papune\/"},"author":{"name":"P\u00ebrmbledhja","@id":"https:\/\/permbledhja.com\/#\/schema\/person\/0d064377258d3221e50693947b9eb4fe"},"headline":"&#8220;\u00cbsht\u00eb viti 2022 dhe n\u00eb marketin e lagjes e marr\u00eb buk\u00ebn veresi\u201d, rr\u00ebfimi i 55-vje\u00e7arit shqiptar t\u00eb papun\u00eb","datePublished":"2022-07-04T06:38:33+00:00","dateModified":"2022-07-04T06:38:33+00:00","mainEntityOfPage":{"@id":"https:\/\/permbledhja.com\/eshte-viti-2022-dhe-ne-marketin-e-lagjes-e-marre-buken-veresi-rrefimi-i-55-vjecarit-shqiptar-te-papune\/"},"wordCount":566,"publisher":{"@id":"https:\/\/permbledhja.com\/#organization"},"keywords":["55-vje\u00e7ari","Gjirokast\u00ebr"],"articleSection":["Komb\u00ebtare","Lajme"],"inLanguage":"sq"},{"@type":"WebPage","@id":"https:\/\/permbledhja.com\/eshte-viti-2022-dhe-ne-marketin-e-lagjes-e-marre-buken-veresi-rrefimi-i-55-vjecarit-shqiptar-te-papune\/","url":"https:\/\/permbledhja.com\/eshte-viti-2022-dhe-ne-marketin-e-lagjes-e-marre-buken-veresi-rrefimi-i-55-vjecarit-shqiptar-te-papune\/","name":"\"\u00cbsht\u00eb viti 2022 dhe n\u00eb marketin e lagjes e marr\u00eb buk\u00ebn veresi\u201d, rr\u00ebfimi i 55-vje\u00e7arit shqiptar t\u00eb papun\u00eb","isPartOf":{"@id":"https:\/\/permbledhja.com\/#website"},"datePublished":"2022-07-04T06:38:33+00:00","dateModified":"2022-07-04T06:38:33+00:00","breadcrumb":{"@id":"https:\/\/permbledhja.com\/eshte-viti-2022-dhe-ne-marketin-e-lagjes-e-marre-buken-veresi-rrefimi-i-55-vjecarit-shqiptar-te-papune\/#breadcrumb"},"inLanguage":"sq","potentialAction":[{"@type":"ReadAction","target":["https:\/\/permbledhja.com\/eshte-viti-2022-dhe-ne-marketin-e-lagjes-e-marre-buken-veresi-rrefimi-i-55-vjecarit-shqiptar-te-papune\/"]}]},{"@type":"BreadcrumbList","@id":"https:\/\/permbledhja.com\/eshte-viti-2022-dhe-ne-marketin-e-lagjes-e-marre-buken-veresi-rrefimi-i-55-vjecarit-shqiptar-te-papune\/#breadcrumb","itemListElement":[{"@type":"ListItem","position":1,"name":"Ballina","item":"https:\/\/permbledhja.com\/sq\/"},{"@type":"ListItem","position":2,"name":"&#8220;\u00cbsht\u00eb viti 2022 dhe n\u00eb marketin e lagjes e marr\u00eb buk\u00ebn veresi\u201d, rr\u00ebfimi i 55-vje\u00e7arit shqiptar t\u00eb papun\u00eb"}]},{"@type":"WebSite","@id":"https:\/\/permbledhja.com\/#website","url":"https:\/\/permbledhja.com\/","name":"Ve\u00e7 artikuj p\u00ebrmbledh\u00ebs","description":"","publisher":{"@id":"https:\/\/permbledhja.com\/#organization"},"potentialAction":[{"@type":"SearchAction","target":{"@type":"EntryPoint","urlTemplate":"https:\/\/permbledhja.com\/?s={search_term_string}"},"query-input":"required name=search_term_string"}],"inLanguage":"sq"},{"@type":"Organization","@id":"https:\/\/permbledhja.com\/#organization","name":"MK Media & Pr","url":"https:\/\/permbledhja.com\/","logo":{"@type":"ImageObject","inLanguage":"sq","@id":"https:\/\/permbledhja.com\/#\/schema\/logo\/image\/","url":"https:\/\/permbledhja.com\/wp-content\/uploads\/2021\/12\/07-Press-Logo.jpg","contentUrl":"https:\/\/permbledhja.com\/wp-content\/uploads\/2021\/12\/07-Press-Logo.jpg","width":512,"height":512,"caption":"MK Media & Pr"},"image":{"@id":"https:\/\/permbledhja.com\/#\/schema\/logo\/image\/"},"sameAs":["https:\/\/www.facebook.com\/press07\/"]},{"@type":"Person","@id":"https:\/\/permbledhja.com\/#\/schema\/person\/0d064377258d3221e50693947b9eb4fe","name":"P\u00ebrmbledhja","image":{"@type":"ImageObject","inLanguage":"sq","@id":"https:\/\/permbledhja.com\/#\/schema\/person\/image\/","url":"https:\/\/permbledhja.com\/wp-content\/uploads\/2026\/01\/452004717_1040944174702970_8932037511805513407_n-96x96.jpg","contentUrl":"https:\/\/permbledhja.com\/wp-content\/uploads\/2026\/01\/452004717_1040944174702970_8932037511805513407_n-96x96.jpg","caption":"P\u00ebrmbledhja"},"sameAs":["https:\/\/www.facebook.com\/kafexhiu.muharrem\/","https:\/\/www.instagram.com\/muharrem_kafexhiu\/"],"url":"https:\/\/permbledhja.com\/sq\/author\/admin\/"}]}},"_links":{"self":[{"href":"https:\/\/permbledhja.com\/sq\/wp-json\/wp\/v2\/posts\/1137"}],"collection":[{"href":"https:\/\/permbledhja.com\/sq\/wp-json\/wp\/v2\/posts"}],"about":[{"href":"https:\/\/permbledhja.com\/sq\/wp-json\/wp\/v2\/types\/post"}],"author":[{"embeddable":true,"href":"https:\/\/permbledhja.com\/sq\/wp-json\/wp\/v2\/users\/1"}],"replies":[{"embeddable":true,"href":"https:\/\/permbledhja.com\/sq\/wp-json\/wp\/v2\/comments?post=1137"}],"version-history":[{"count":1,"href":"https:\/\/permbledhja.com\/sq\/wp-json\/wp\/v2\/posts\/1137\/revisions"}],"predecessor-version":[{"id":1139,"href":"https:\/\/permbledhja.com\/sq\/wp-json\/wp\/v2\/posts\/1137\/revisions\/1139"}],"wp:featuredmedia":[{"embeddable":true,"href":"https:\/\/permbledhja.com\/sq\/wp-json\/wp\/v2\/media\/1138"}],"wp:attachment":[{"href":"https:\/\/permbledhja.com\/sq\/wp-json\/wp\/v2\/media?parent=1137"}],"wp:term":[{"taxonomy":"category","embeddable":true,"href":"https:\/\/permbledhja.com\/sq\/wp-json\/wp\/v2\/categories?post=1137"},{"taxonomy":"post_tag","embeddable":true,"href":"https:\/\/permbledhja.com\/sq\/wp-json\/wp\/v2\/tags?post=1137"}],"curies":[{"name":"wp","href":"https:\/\/api.w.org\/{rel}","templated":true}]}}