{"id":11284,"date":"2023-01-08T19:13:06","date_gmt":"2023-01-08T19:13:06","guid":{"rendered":"https:\/\/permbledhja.com\/?p=11284"},"modified":"2023-01-08T19:13:06","modified_gmt":"2023-01-08T19:13:06","slug":"publikohen-pamje-nga-dasma-e-heroines-fahrije-hoti-fejoi-djalin-e-hasretit","status":"publish","type":"post","link":"https:\/\/permbledhja.com\/sq\/publikohen-pamje-nga-dasma-e-heroines-fahrije-hoti-fejoi-djalin-e-hasretit\/","title":{"rendered":"Publikohen pamje nga dasma e heroin\u00ebs Fahrije Hoti, fejoi djalin e \u201chasretit\u201d"},"content":{"rendered":"<p>Fahrije Hoti, \u00ebsht\u00eb themeluesja e Kooperativ\u00ebs Bujq\u00ebsore \u2018Krush\u00eb\u2019, e cila n\u00eb vitin e kaluar u shpall \u201dEvropiania e Vitit 2022\u201d.<\/p>\n<p>Zonja e mir\u00ebnjohur nga Krusha, q\u00eb i b\u00ebri ball\u00eb v\u00ebshtir\u00ebsive t\u00eb jet\u00ebs, mbr\u00ebm\u00eb e ka p\u00ebrjetuar nj\u00eb nga g\u00ebzimet m\u00eb t\u00eb m\u00ebdha t\u00eb jet\u00ebs.<\/p>\n<p>Si\u00e7 ka b\u00ebr\u00eb t\u00eb ditur p\u00ebrmes nj\u00eb postimi n\u00eb faqen e saj n\u00eb Facebook, zonja Fahrije e ka fejuar djalin e vet\u00ebm, Drilonin. Fahrije Hoti, ka folur p\u00ebr k\u00ebt\u00eb ndjenj\u00eb t\u00eb mrekullueshme dhe p\u00ebr t\u00eb p\u00ebrzgjedhur\u00ebn e t\u00eb birit me fjal\u00ebt m\u00eb t\u00eb bukura.<\/p>\n<p>\u201cI shtrenj\u00ebti biri im Drilon, urime fejesa me Salen. Biri im i dashur, fal\u00ebnderoj zotin q\u00eb ta p\u00ebrzgjodhi nusen e mir\u00eb, t\u00eb menqur e t\u00eb bukur.<\/p>\n<p>Faleminderit zot! Ehh s\u2019di ku ta nisi k\u00ebt\u00eb urim edhe pse kam shum\u00eb p\u00ebr t\u00eb th\u00ebn\u00eb e zemra m\u00eb rreh m\u00eb shpejt se dit\u00ebn kur t\u00eb linda e p\u00ebr her\u00eb t\u00eb par\u00eb t\u00eb mbajta n\u00eb gji.<\/p>\n<p>Thon\u00eb se n\u00ebnat f\u00ebmij\u00ebve u japin frym\u00eb, e un\u00eb t\u00eb dhash\u00eb frym\u00eb dy her\u00eb se ashtu e kishte shkruar zoti, q\u00eb edhe p\u00ebrkund\u00ebr vuajtjeve t\u00eb mia e humbjes s\u00eb babit t\u00ebnd, t\u00eb jetoj p\u00ebr motr\u00ebn t\u00ebnde dhe p\u00ebr ty. P\u00ebr t\u00eb marr\u00eb frym\u00eb p\u00ebrs\u00ebri, por tani nga ty.<\/p>\n<p>Mbr\u00ebm\u00eb kjo frym\u00ebmarrje ishte shum\u00eb e fort\u00eb, si asnj\u00ebher\u00eb m\u00eb par\u00eb, bashk\u00eb me frym\u00ebn e fatit t\u00ebnd t\u00eb jet\u00ebs-Sales,ma mbush\u00ebt sht\u00ebpin\u00eb plot g\u00ebzim e dashuri.<\/p>\n<p>\u00c7ofshi me sh\u00ebndet t\u00eb mir\u00eb, dashuri, harmoni e begati n\u00eb jet\u00eb.<\/p>\n<p>Nusja ime, Sale uroj q\u00eb Driloni t\u2019a mbush zemr\u00ebn edhe ty si mua p\u00ebr dy dekada. Buz\u00ebqeshja e tij si ndaj meje \u00e7oft\u00eb ushqim p\u00ebr dashurin\u00eb tuaj n\u00eb \u00e7ift. E mbr\u00ebm\u00eb, kjo lutje u b\u00eb edhe m\u00eb e fort\u00eb nga familja Hoti e Kermeni dhe mysafir\u00ebt e shumt\u00eb nga mbar\u00eb shqiptaria.<\/p>\n<p>N\u00ebna, ju uron dashuri p\u00ebr nj\u00ebri-tjetrin, mir\u00ebsi e mir\u00ebkuptim.<\/p>\n<p>Urime fejesa, fryma ime, t\u00eb trash\u00ebgoheni!\u201d ka shkruar ajo.<\/p>\n<p><img loading=\"lazy\" decoding=\"async\" src=\"https:\/\/permbledhja.com\/wp-content\/uploads\/2023\/01\/057AE86A-B717-448E-BF34-5D7E0B442053.jpeg\" alt=\"\" width=\"768\" height=\"432\" class=\"alignnone size-full wp-image-11286\" srcset=\"https:\/\/permbledhja.com\/wp-content\/uploads\/2023\/01\/057AE86A-B717-448E-BF34-5D7E0B442053.jpeg 768w, https:\/\/permbledhja.com\/wp-content\/uploads\/2023\/01\/057AE86A-B717-448E-BF34-5D7E0B442053-300x169.jpeg 300w, https:\/\/permbledhja.com\/wp-content\/uploads\/2023\/01\/057AE86A-B717-448E-BF34-5D7E0B442053-18x10.jpeg 18w\" sizes=\"(max-width: 768px) 100vw, 768px\" \/><\/p>\n","protected":false},"excerpt":{"rendered":"<p>Fahrije Hoti, \u00ebsht\u00eb themeluesja e Kooperativ\u00ebs Bujq\u00ebsore \u2018Krush\u00eb\u2019, e cila n\u00eb vitin e kaluar u shpall \u201dEvropiania e Vitit 2022\u201d. Zonja e mir\u00ebnjohur nga Krusha, q\u00eb i b\u00ebri ball\u00eb v\u00ebshtir\u00ebsive t\u00eb jet\u00ebs, mbr\u00ebm\u00eb e ka p\u00ebrjetuar nj\u00eb nga g\u00ebzimet m\u00eb t\u00eb m\u00ebdha t\u00eb jet\u00ebs. Si\u00e7 ka b\u00ebr\u00eb t\u00eb ditur p\u00ebrmes nj\u00eb postimi n\u00eb faqen e [&hellip;]<\/p>\n","protected":false},"author":1,"featured_media":11285,"comment_status":"closed","ping_status":"closed","sticky":false,"template":"","format":"standard","meta":{"_monsterinsights_skip_tracking":false,"_monsterinsights_sitenote_active":false,"_monsterinsights_sitenote_note":"","_monsterinsights_sitenote_category":0,"_uf_show_specific_survey":0,"_uf_disable_surveys":false,"footnotes":""},"categories":[17],"tags":[1310],"yoast_head":"<!-- This site is optimized with the Yoast SEO plugin v21.5 - https:\/\/yoast.com\/wordpress\/plugins\/seo\/ -->\n<title>Publikohen pamje nga dasma e heroin\u00ebs Fahrije Hoti, fejoi djalin e \u201chasretit\u201d<\/title>\n<meta name=\"robots\" content=\"index, follow, max-snippet:-1, max-image-preview:large, max-video-preview:-1\" \/>\n<link rel=\"canonical\" href=\"https:\/\/permbledhja.com\/sq\/publikohen-pamje-nga-dasma-e-heroines-fahrije-hoti-fejoi-djalin-e-hasretit\/\" \/>\n<meta property=\"og:locale\" content=\"sq_AL\" \/>\n<meta property=\"og:type\" content=\"article\" \/>\n<meta property=\"og:title\" content=\"Publikohen pamje nga dasma e heroin\u00ebs Fahrije Hoti, fejoi djalin e \u201chasretit\u201d\" \/>\n<meta property=\"og:description\" content=\"Fahrije Hoti, \u00ebsht\u00eb themeluesja e Kooperativ\u00ebs Bujq\u00ebsore \u2018Krush\u00eb\u2019, e cila n\u00eb vitin e kaluar u shpall \u201dEvropiania e Vitit 2022\u201d. Zonja e mir\u00ebnjohur nga Krusha, q\u00eb i b\u00ebri ball\u00eb v\u00ebshtir\u00ebsive t\u00eb jet\u00ebs, mbr\u00ebm\u00eb e ka p\u00ebrjetuar nj\u00eb nga g\u00ebzimet m\u00eb t\u00eb m\u00ebdha t\u00eb jet\u00ebs. Si\u00e7 ka b\u00ebr\u00eb t\u00eb ditur p\u00ebrmes nj\u00eb postimi n\u00eb faqen e [&hellip;]\" \/>\n<meta property=\"og:url\" content=\"https:\/\/permbledhja.com\/sq\/publikohen-pamje-nga-dasma-e-heroines-fahrije-hoti-fejoi-djalin-e-hasretit\/\" \/>\n<meta property=\"og:site_name\" content=\"Ve\u00e7 artikuj p\u00ebrmbledh\u00ebs\" \/>\n<meta property=\"article:publisher\" content=\"https:\/\/www.facebook.com\/press07\/\" \/>\n<meta property=\"article:author\" content=\"https:\/\/www.facebook.com\/kafexhiu.muharrem\/\" \/>\n<meta property=\"article:published_time\" content=\"2023-01-08T19:13:06+00:00\" \/>\n<meta property=\"og:image\" content=\"https:\/\/permbledhja.com\/wp-content\/uploads\/2023\/01\/79FAD5E4-A38C-49D6-B5F1-D5161839D806.jpeg\" \/>\n\t<meta property=\"og:image:width\" content=\"750\" \/>\n\t<meta property=\"og:image:height\" content=\"375\" \/>\n\t<meta property=\"og:image:type\" content=\"image\/jpeg\" \/>\n<meta name=\"author\" content=\"P\u00ebrmbledhja\" \/>\n<meta name=\"twitter:card\" content=\"summary_large_image\" \/>\n<meta name=\"twitter:label1\" content=\"Written by\" \/>\n\t<meta name=\"twitter:data1\" content=\"P\u00ebrmbledhja\" \/>\n\t<meta name=\"twitter:label2\" content=\"Est. reading time\" \/>\n\t<meta name=\"twitter:data2\" content=\"2 minuta\" \/>\n<script type=\"application\/ld+json\" class=\"yoast-schema-graph\">{\"@context\":\"https:\/\/schema.org\",\"@graph\":[{\"@type\":\"Article\",\"@id\":\"https:\/\/permbledhja.com\/publikohen-pamje-nga-dasma-e-heroines-fahrije-hoti-fejoi-djalin-e-hasretit\/#article\",\"isPartOf\":{\"@id\":\"https:\/\/permbledhja.com\/publikohen-pamje-nga-dasma-e-heroines-fahrije-hoti-fejoi-djalin-e-hasretit\/\"},\"author\":{\"name\":\"P\u00ebrmbledhja\",\"@id\":\"https:\/\/permbledhja.com\/#\/schema\/person\/0d064377258d3221e50693947b9eb4fe\"},\"headline\":\"Publikohen pamje nga dasma e heroin\u00ebs Fahrije Hoti, fejoi djalin e \u201chasretit\u201d\",\"datePublished\":\"2023-01-08T19:13:06+00:00\",\"dateModified\":\"2023-01-08T19:13:06+00:00\",\"mainEntityOfPage\":{\"@id\":\"https:\/\/permbledhja.com\/publikohen-pamje-nga-dasma-e-heroines-fahrije-hoti-fejoi-djalin-e-hasretit\/\"},\"wordCount\":382,\"publisher\":{\"@id\":\"https:\/\/permbledhja.com\/#organization\"},\"keywords\":[\"Fahrije Hoti\"],\"articleSection\":[\"Rahovec\"],\"inLanguage\":\"sq\"},{\"@type\":\"WebPage\",\"@id\":\"https:\/\/permbledhja.com\/publikohen-pamje-nga-dasma-e-heroines-fahrije-hoti-fejoi-djalin-e-hasretit\/\",\"url\":\"https:\/\/permbledhja.com\/publikohen-pamje-nga-dasma-e-heroines-fahrije-hoti-fejoi-djalin-e-hasretit\/\",\"name\":\"Publikohen pamje nga dasma e heroin\u00ebs Fahrije Hoti, fejoi djalin e \u201chasretit\u201d\",\"isPartOf\":{\"@id\":\"https:\/\/permbledhja.com\/#website\"},\"datePublished\":\"2023-01-08T19:13:06+00:00\",\"dateModified\":\"2023-01-08T19:13:06+00:00\",\"breadcrumb\":{\"@id\":\"https:\/\/permbledhja.com\/publikohen-pamje-nga-dasma-e-heroines-fahrije-hoti-fejoi-djalin-e-hasretit\/#breadcrumb\"},\"inLanguage\":\"sq\",\"potentialAction\":[{\"@type\":\"ReadAction\",\"target\":[\"https:\/\/permbledhja.com\/publikohen-pamje-nga-dasma-e-heroines-fahrije-hoti-fejoi-djalin-e-hasretit\/\"]}]},{\"@type\":\"BreadcrumbList\",\"@id\":\"https:\/\/permbledhja.com\/publikohen-pamje-nga-dasma-e-heroines-fahrije-hoti-fejoi-djalin-e-hasretit\/#breadcrumb\",\"itemListElement\":[{\"@type\":\"ListItem\",\"position\":1,\"name\":\"Ballina\",\"item\":\"https:\/\/permbledhja.com\/sq\/\"},{\"@type\":\"ListItem\",\"position\":2,\"name\":\"Publikohen pamje nga dasma e heroin\u00ebs Fahrije Hoti, fejoi djalin e \u201chasretit\u201d\"}]},{\"@type\":\"WebSite\",\"@id\":\"https:\/\/permbledhja.com\/#website\",\"url\":\"https:\/\/permbledhja.com\/\",\"name\":\"Ve\u00e7 artikuj p\u00ebrmbledh\u00ebs\",\"description\":\"\",\"publisher\":{\"@id\":\"https:\/\/permbledhja.com\/#organization\"},\"potentialAction\":[{\"@type\":\"SearchAction\",\"target\":{\"@type\":\"EntryPoint\",\"urlTemplate\":\"https:\/\/permbledhja.com\/?s={search_term_string}\"},\"query-input\":\"required name=search_term_string\"}],\"inLanguage\":\"sq\"},{\"@type\":\"Organization\",\"@id\":\"https:\/\/permbledhja.com\/#organization\",\"name\":\"MK Media & Pr\",\"url\":\"https:\/\/permbledhja.com\/\",\"logo\":{\"@type\":\"ImageObject\",\"inLanguage\":\"sq\",\"@id\":\"https:\/\/permbledhja.com\/#\/schema\/logo\/image\/\",\"url\":\"https:\/\/permbledhja.com\/wp-content\/uploads\/2021\/12\/07-Press-Logo.jpg\",\"contentUrl\":\"https:\/\/permbledhja.com\/wp-content\/uploads\/2021\/12\/07-Press-Logo.jpg\",\"width\":512,\"height\":512,\"caption\":\"MK Media & Pr\"},\"image\":{\"@id\":\"https:\/\/permbledhja.com\/#\/schema\/logo\/image\/\"},\"sameAs\":[\"https:\/\/www.facebook.com\/press07\/\"]},{\"@type\":\"Person\",\"@id\":\"https:\/\/permbledhja.com\/#\/schema\/person\/0d064377258d3221e50693947b9eb4fe\",\"name\":\"P\u00ebrmbledhja\",\"image\":{\"@type\":\"ImageObject\",\"inLanguage\":\"sq\",\"@id\":\"https:\/\/permbledhja.com\/#\/schema\/person\/image\/\",\"url\":\"https:\/\/permbledhja.com\/wp-content\/uploads\/2026\/01\/452004717_1040944174702970_8932037511805513407_n-96x96.jpg\",\"contentUrl\":\"https:\/\/permbledhja.com\/wp-content\/uploads\/2026\/01\/452004717_1040944174702970_8932037511805513407_n-96x96.jpg\",\"caption\":\"P\u00ebrmbledhja\"},\"sameAs\":[\"https:\/\/www.facebook.com\/kafexhiu.muharrem\/\",\"https:\/\/www.instagram.com\/muharrem_kafexhiu\/\"],\"url\":\"https:\/\/permbledhja.com\/sq\/author\/admin\/\"}]}<\/script>\n<!-- \/ Yoast SEO plugin. -->","yoast_head_json":{"title":"Publikohen pamje nga dasma e heroin\u00ebs Fahrije Hoti, fejoi djalin e \u201chasretit\u201d","robots":{"index":"index","follow":"follow","max-snippet":"max-snippet:-1","max-image-preview":"max-image-preview:large","max-video-preview":"max-video-preview:-1"},"canonical":"https:\/\/permbledhja.com\/sq\/publikohen-pamje-nga-dasma-e-heroines-fahrije-hoti-fejoi-djalin-e-hasretit\/","og_locale":"sq_AL","og_type":"article","og_title":"Publikohen pamje nga dasma e heroin\u00ebs Fahrije Hoti, fejoi djalin e \u201chasretit\u201d","og_description":"Fahrije Hoti, \u00ebsht\u00eb themeluesja e Kooperativ\u00ebs Bujq\u00ebsore \u2018Krush\u00eb\u2019, e cila n\u00eb vitin e kaluar u shpall \u201dEvropiania e Vitit 2022\u201d. Zonja e mir\u00ebnjohur nga Krusha, q\u00eb i b\u00ebri ball\u00eb v\u00ebshtir\u00ebsive t\u00eb jet\u00ebs, mbr\u00ebm\u00eb e ka p\u00ebrjetuar nj\u00eb nga g\u00ebzimet m\u00eb t\u00eb m\u00ebdha t\u00eb jet\u00ebs. Si\u00e7 ka b\u00ebr\u00eb t\u00eb ditur p\u00ebrmes nj\u00eb postimi n\u00eb faqen e [&hellip;]","og_url":"https:\/\/permbledhja.com\/sq\/publikohen-pamje-nga-dasma-e-heroines-fahrije-hoti-fejoi-djalin-e-hasretit\/","og_site_name":"Ve\u00e7 artikuj p\u00ebrmbledh\u00ebs","article_publisher":"https:\/\/www.facebook.com\/press07\/","article_author":"https:\/\/www.facebook.com\/kafexhiu.muharrem\/","article_published_time":"2023-01-08T19:13:06+00:00","og_image":[{"width":750,"height":375,"url":"https:\/\/permbledhja.com\/wp-content\/uploads\/2023\/01\/79FAD5E4-A38C-49D6-B5F1-D5161839D806.jpeg","type":"image\/jpeg"}],"author":"P\u00ebrmbledhja","twitter_card":"summary_large_image","twitter_misc":{"Written by":"P\u00ebrmbledhja","Est. reading time":"2 minuta"},"schema":{"@context":"https:\/\/schema.org","@graph":[{"@type":"Article","@id":"https:\/\/permbledhja.com\/publikohen-pamje-nga-dasma-e-heroines-fahrije-hoti-fejoi-djalin-e-hasretit\/#article","isPartOf":{"@id":"https:\/\/permbledhja.com\/publikohen-pamje-nga-dasma-e-heroines-fahrije-hoti-fejoi-djalin-e-hasretit\/"},"author":{"name":"P\u00ebrmbledhja","@id":"https:\/\/permbledhja.com\/#\/schema\/person\/0d064377258d3221e50693947b9eb4fe"},"headline":"Publikohen pamje nga dasma e heroin\u00ebs Fahrije Hoti, fejoi djalin e \u201chasretit\u201d","datePublished":"2023-01-08T19:13:06+00:00","dateModified":"2023-01-08T19:13:06+00:00","mainEntityOfPage":{"@id":"https:\/\/permbledhja.com\/publikohen-pamje-nga-dasma-e-heroines-fahrije-hoti-fejoi-djalin-e-hasretit\/"},"wordCount":382,"publisher":{"@id":"https:\/\/permbledhja.com\/#organization"},"keywords":["Fahrije Hoti"],"articleSection":["Rahovec"],"inLanguage":"sq"},{"@type":"WebPage","@id":"https:\/\/permbledhja.com\/publikohen-pamje-nga-dasma-e-heroines-fahrije-hoti-fejoi-djalin-e-hasretit\/","url":"https:\/\/permbledhja.com\/publikohen-pamje-nga-dasma-e-heroines-fahrije-hoti-fejoi-djalin-e-hasretit\/","name":"Publikohen pamje nga dasma e heroin\u00ebs Fahrije Hoti, fejoi djalin e \u201chasretit\u201d","isPartOf":{"@id":"https:\/\/permbledhja.com\/#website"},"datePublished":"2023-01-08T19:13:06+00:00","dateModified":"2023-01-08T19:13:06+00:00","breadcrumb":{"@id":"https:\/\/permbledhja.com\/publikohen-pamje-nga-dasma-e-heroines-fahrije-hoti-fejoi-djalin-e-hasretit\/#breadcrumb"},"inLanguage":"sq","potentialAction":[{"@type":"ReadAction","target":["https:\/\/permbledhja.com\/publikohen-pamje-nga-dasma-e-heroines-fahrije-hoti-fejoi-djalin-e-hasretit\/"]}]},{"@type":"BreadcrumbList","@id":"https:\/\/permbledhja.com\/publikohen-pamje-nga-dasma-e-heroines-fahrije-hoti-fejoi-djalin-e-hasretit\/#breadcrumb","itemListElement":[{"@type":"ListItem","position":1,"name":"Ballina","item":"https:\/\/permbledhja.com\/sq\/"},{"@type":"ListItem","position":2,"name":"Publikohen pamje nga dasma e heroin\u00ebs Fahrije Hoti, fejoi djalin e \u201chasretit\u201d"}]},{"@type":"WebSite","@id":"https:\/\/permbledhja.com\/#website","url":"https:\/\/permbledhja.com\/","name":"Ve\u00e7 artikuj p\u00ebrmbledh\u00ebs","description":"","publisher":{"@id":"https:\/\/permbledhja.com\/#organization"},"potentialAction":[{"@type":"SearchAction","target":{"@type":"EntryPoint","urlTemplate":"https:\/\/permbledhja.com\/?s={search_term_string}"},"query-input":"required name=search_term_string"}],"inLanguage":"sq"},{"@type":"Organization","@id":"https:\/\/permbledhja.com\/#organization","name":"MK Media & Pr","url":"https:\/\/permbledhja.com\/","logo":{"@type":"ImageObject","inLanguage":"sq","@id":"https:\/\/permbledhja.com\/#\/schema\/logo\/image\/","url":"https:\/\/permbledhja.com\/wp-content\/uploads\/2021\/12\/07-Press-Logo.jpg","contentUrl":"https:\/\/permbledhja.com\/wp-content\/uploads\/2021\/12\/07-Press-Logo.jpg","width":512,"height":512,"caption":"MK Media & Pr"},"image":{"@id":"https:\/\/permbledhja.com\/#\/schema\/logo\/image\/"},"sameAs":["https:\/\/www.facebook.com\/press07\/"]},{"@type":"Person","@id":"https:\/\/permbledhja.com\/#\/schema\/person\/0d064377258d3221e50693947b9eb4fe","name":"P\u00ebrmbledhja","image":{"@type":"ImageObject","inLanguage":"sq","@id":"https:\/\/permbledhja.com\/#\/schema\/person\/image\/","url":"https:\/\/permbledhja.com\/wp-content\/uploads\/2026\/01\/452004717_1040944174702970_8932037511805513407_n-96x96.jpg","contentUrl":"https:\/\/permbledhja.com\/wp-content\/uploads\/2026\/01\/452004717_1040944174702970_8932037511805513407_n-96x96.jpg","caption":"P\u00ebrmbledhja"},"sameAs":["https:\/\/www.facebook.com\/kafexhiu.muharrem\/","https:\/\/www.instagram.com\/muharrem_kafexhiu\/"],"url":"https:\/\/permbledhja.com\/sq\/author\/admin\/"}]}},"_links":{"self":[{"href":"https:\/\/permbledhja.com\/sq\/wp-json\/wp\/v2\/posts\/11284"}],"collection":[{"href":"https:\/\/permbledhja.com\/sq\/wp-json\/wp\/v2\/posts"}],"about":[{"href":"https:\/\/permbledhja.com\/sq\/wp-json\/wp\/v2\/types\/post"}],"author":[{"embeddable":true,"href":"https:\/\/permbledhja.com\/sq\/wp-json\/wp\/v2\/users\/1"}],"replies":[{"embeddable":true,"href":"https:\/\/permbledhja.com\/sq\/wp-json\/wp\/v2\/comments?post=11284"}],"version-history":[{"count":1,"href":"https:\/\/permbledhja.com\/sq\/wp-json\/wp\/v2\/posts\/11284\/revisions"}],"predecessor-version":[{"id":11287,"href":"https:\/\/permbledhja.com\/sq\/wp-json\/wp\/v2\/posts\/11284\/revisions\/11287"}],"wp:featuredmedia":[{"embeddable":true,"href":"https:\/\/permbledhja.com\/sq\/wp-json\/wp\/v2\/media\/11285"}],"wp:attachment":[{"href":"https:\/\/permbledhja.com\/sq\/wp-json\/wp\/v2\/media?parent=11284"}],"wp:term":[{"taxonomy":"category","embeddable":true,"href":"https:\/\/permbledhja.com\/sq\/wp-json\/wp\/v2\/categories?post=11284"},{"taxonomy":"post_tag","embeddable":true,"href":"https:\/\/permbledhja.com\/sq\/wp-json\/wp\/v2\/tags?post=11284"}],"curies":[{"name":"wp","href":"https:\/\/api.w.org\/{rel}","templated":true}]}}