{"id":11264,"date":"2023-01-08T12:06:09","date_gmt":"2023-01-08T12:06:09","guid":{"rendered":"https:\/\/permbledhja.com\/?p=11264"},"modified":"2023-01-08T12:06:29","modified_gmt":"2023-01-08T12:06:29","slug":"cartet-vuciqi-na-thane-jo-ne-dite-feste1","status":"publish","type":"post","link":"https:\/\/permbledhja.com\/sq\/cartet-vuciqi-na-thane-jo-ne-dite-feste1\/","title":{"rendered":"\u201c\u00c7artet\u201d Vu\u00e7iqi: KFORI na tha jo n\u00eb dit\u00eb feste"},"content":{"rendered":"<p>Presidenti i Serbis\u00eb Aleksandar Vu\u00e7iq sheh komplot ndaj Serbis\u00eb n\u00eb faktin q\u00eb KFOR\u2019i u ktheu p\u00ebrgjigje negative p\u00ebr kthimin e trupave serbe nat\u00ebn e Krishtlindjeve.<\/p>\n<p>Sipas tij, po t\u00eb ishte p\u00ebrgjigja pozitive do t\u00eb kishte kuptim t\u00eb dor\u00ebzohej p\u00ebrgjigja n\u00eb fest\u00eb. Madje Vu\u00e7iq duke folur rreth k\u00ebsaj ka b\u00ebr\u00eb paralele me rastin e dor\u00ebzimit t\u00eb Millosheviqit n\u00eb Hag\u00eb duke th\u00ebn\u00eb se ishte b\u00ebr\u00eb p\u00ebr fest\u00ebn e Vidovdanit t\u00eb vitit 2001.<\/p>\n<p>Sipas tij kjo nuk \u00ebsht\u00eb rast\u00ebsi derisa pushtetin n\u00eb Serbi t\u00eb asaj kohe e ka quajtur t\u00eb d\u00ebgjuesh\u00ebm.Aleksandar Vu\u00e7iq s\u2019e ka p\u00ebrpir\u00eb leht\u00eb refuzimin nga KFOR\u2019i p\u00ebr kthimin e trupave policore dhe ushtarake serbe n\u00eb Kosov\u00eb, duke e lidhur k\u00ebt\u00eb me rastin e ekstradimit t\u00eb dikur shefit t\u00eb tij, Sllobodan Millosheviqit n\u00eb Hag\u00eb.<\/p>\n<p>\u201cPor ata nuk iu referuan nj\u00eb pjese t\u00eb rezolut\u00ebs, pasi nuk kan\u00eb t\u00eb drejt\u00eb ta refuzojn\u00eb at\u00eb k\u00ebrkes\u00eb. Ata iu referuan rregull\u00ebs normative p\u00ebr ta ruajtur rendin. Ata b\u00ebn\u00eb nj\u00eb gabim tjet\u00ebr. Nj\u00eb her\u00eb k\u00ebrkuan nga autoritetet e bindura n\u00eb Beograd q\u00eb ta ekstradojn\u00eb Millosheviqin n\u00eb Vidovdan, k\u00ebshtu q\u00eb k\u00ebt\u00eb e dor\u00ebzuan n\u00eb prag t\u00eb Krishtlindjes.<\/p>\n<p>N\u00eb prag t\u00eb Krishtlindjes, n\u00ebse marrim nj\u00eb p\u00ebrgjigje negative, e dim\u00eb se nuk \u00ebsht\u00eb rast\u00ebsi\u201d, ka th\u00ebn\u00eb Vu\u00e7iq p\u00ebr Tv Pink.<\/p>\n<p>Duke krahasuar k\u00ebrkes\u00ebn p\u00ebr ekstradimin e Millosheviqit n\u00eb gjykat\u00ebn e Hag\u00ebs p\u00ebr Vidovdan, ai p\u00ebrs\u00ebriti se mendon se p\u00ebrgjigja negative ndaj k\u00ebrkes\u00ebs s\u00eb Qeveris\u00eb s\u00eb Serbis\u00eb nuk ka ardhur rast\u00ebsisht n\u00eb nat\u00ebn e Krishtlindjes ortodokse.<\/p>\n","protected":false},"excerpt":{"rendered":"<p>Presidenti i Serbis\u00eb Aleksandar Vu\u00e7iq sheh komplot ndaj Serbis\u00eb n\u00eb faktin q\u00eb KFOR\u2019i u ktheu p\u00ebrgjigje negative p\u00ebr kthimin e trupave serbe nat\u00ebn e Krishtlindjeve. Sipas tij, po t\u00eb ishte p\u00ebrgjigja pozitive do t\u00eb kishte kuptim t\u00eb dor\u00ebzohej p\u00ebrgjigja n\u00eb fest\u00eb. Madje Vu\u00e7iq duke folur rreth k\u00ebsaj ka b\u00ebr\u00eb paralele me rastin e dor\u00ebzimit t\u00eb [&hellip;]<\/p>\n","protected":false},"author":1,"featured_media":11265,"comment_status":"closed","ping_status":"closed","sticky":false,"template":"","format":"standard","meta":{"_monsterinsights_skip_tracking":false,"_monsterinsights_sitenote_active":false,"_monsterinsights_sitenote_note":"","_monsterinsights_sitenote_category":0,"_uf_show_specific_survey":0,"_uf_disable_surveys":false,"footnotes":""},"categories":[23,15],"tags":[366],"yoast_head":"<!-- This site is optimized with the Yoast SEO plugin v21.5 - https:\/\/yoast.com\/wordpress\/plugins\/seo\/ -->\n<title>\u201c\u00c7artet\u201d Vu\u00e7iqi: KFORI na tha jo n\u00eb dit\u00eb feste<\/title>\n<meta name=\"robots\" content=\"index, follow, max-snippet:-1, max-image-preview:large, max-video-preview:-1\" \/>\n<link rel=\"canonical\" href=\"https:\/\/permbledhja.com\/sq\/cartet-vuciqi-na-thane-jo-ne-dite-feste1\/\" \/>\n<meta property=\"og:locale\" content=\"sq_AL\" \/>\n<meta property=\"og:type\" content=\"article\" \/>\n<meta property=\"og:title\" content=\"\u201c\u00c7artet\u201d Vu\u00e7iqi: KFORI na tha jo n\u00eb dit\u00eb feste\" \/>\n<meta property=\"og:description\" content=\"Presidenti i Serbis\u00eb Aleksandar Vu\u00e7iq sheh komplot ndaj Serbis\u00eb n\u00eb faktin q\u00eb KFOR\u2019i u ktheu p\u00ebrgjigje negative p\u00ebr kthimin e trupave serbe nat\u00ebn e Krishtlindjeve. Sipas tij, po t\u00eb ishte p\u00ebrgjigja pozitive do t\u00eb kishte kuptim t\u00eb dor\u00ebzohej p\u00ebrgjigja n\u00eb fest\u00eb. Madje Vu\u00e7iq duke folur rreth k\u00ebsaj ka b\u00ebr\u00eb paralele me rastin e dor\u00ebzimit t\u00eb [&hellip;]\" \/>\n<meta property=\"og:url\" content=\"https:\/\/permbledhja.com\/sq\/cartet-vuciqi-na-thane-jo-ne-dite-feste1\/\" \/>\n<meta property=\"og:site_name\" content=\"Ve\u00e7 artikuj p\u00ebrmbledh\u00ebs\" \/>\n<meta property=\"article:publisher\" content=\"https:\/\/www.facebook.com\/press07\/\" \/>\n<meta property=\"article:author\" content=\"https:\/\/www.facebook.com\/kafexhiu.muharrem\/\" \/>\n<meta property=\"article:published_time\" content=\"2023-01-08T12:06:09+00:00\" \/>\n<meta property=\"article:modified_time\" content=\"2023-01-08T12:06:29+00:00\" \/>\n<meta property=\"og:image\" content=\"https:\/\/permbledhja.com\/wp-content\/uploads\/2023\/01\/2206ADBF-F55D-45A1-A605-77D2BF581445.jpeg\" \/>\n\t<meta property=\"og:image:width\" content=\"800\" \/>\n\t<meta property=\"og:image:height\" content=\"445\" \/>\n\t<meta property=\"og:image:type\" content=\"image\/jpeg\" \/>\n<meta name=\"author\" content=\"P\u00ebrmbledhja\" \/>\n<meta name=\"twitter:card\" content=\"summary_large_image\" \/>\n<meta name=\"twitter:label1\" content=\"Written by\" \/>\n\t<meta name=\"twitter:data1\" content=\"P\u00ebrmbledhja\" \/>\n\t<meta name=\"twitter:label2\" content=\"Est. reading time\" \/>\n\t<meta name=\"twitter:data2\" content=\"1 minut\u00eb\" \/>\n<script type=\"application\/ld+json\" class=\"yoast-schema-graph\">{\"@context\":\"https:\/\/schema.org\",\"@graph\":[{\"@type\":\"Article\",\"@id\":\"https:\/\/permbledhja.com\/cartet-vuciqi-na-thane-jo-ne-dite-feste1\/#article\",\"isPartOf\":{\"@id\":\"https:\/\/permbledhja.com\/cartet-vuciqi-na-thane-jo-ne-dite-feste1\/\"},\"author\":{\"name\":\"P\u00ebrmbledhja\",\"@id\":\"https:\/\/permbledhja.com\/#\/schema\/person\/0d064377258d3221e50693947b9eb4fe\"},\"headline\":\"\u201c\u00c7artet\u201d Vu\u00e7iqi: KFORI na tha jo n\u00eb dit\u00eb feste\",\"datePublished\":\"2023-01-08T12:06:09+00:00\",\"dateModified\":\"2023-01-08T12:06:29+00:00\",\"mainEntityOfPage\":{\"@id\":\"https:\/\/permbledhja.com\/cartet-vuciqi-na-thane-jo-ne-dite-feste1\/\"},\"wordCount\":299,\"publisher\":{\"@id\":\"https:\/\/permbledhja.com\/#organization\"},\"keywords\":[\"Vu\u00e7iq\"],\"articleSection\":[\"Komb\u00ebtare\",\"Lajme\"],\"inLanguage\":\"sq\"},{\"@type\":\"WebPage\",\"@id\":\"https:\/\/permbledhja.com\/cartet-vuciqi-na-thane-jo-ne-dite-feste1\/\",\"url\":\"https:\/\/permbledhja.com\/cartet-vuciqi-na-thane-jo-ne-dite-feste1\/\",\"name\":\"\u201c\u00c7artet\u201d Vu\u00e7iqi: KFORI na tha jo n\u00eb dit\u00eb feste\",\"isPartOf\":{\"@id\":\"https:\/\/permbledhja.com\/#website\"},\"datePublished\":\"2023-01-08T12:06:09+00:00\",\"dateModified\":\"2023-01-08T12:06:29+00:00\",\"breadcrumb\":{\"@id\":\"https:\/\/permbledhja.com\/cartet-vuciqi-na-thane-jo-ne-dite-feste1\/#breadcrumb\"},\"inLanguage\":\"sq\",\"potentialAction\":[{\"@type\":\"ReadAction\",\"target\":[\"https:\/\/permbledhja.com\/cartet-vuciqi-na-thane-jo-ne-dite-feste1\/\"]}]},{\"@type\":\"BreadcrumbList\",\"@id\":\"https:\/\/permbledhja.com\/cartet-vuciqi-na-thane-jo-ne-dite-feste1\/#breadcrumb\",\"itemListElement\":[{\"@type\":\"ListItem\",\"position\":1,\"name\":\"Ballina\",\"item\":\"https:\/\/permbledhja.com\/sq\/\"},{\"@type\":\"ListItem\",\"position\":2,\"name\":\"\u201c\u00c7artet\u201d Vu\u00e7iqi: KFORI na tha jo n\u00eb dit\u00eb feste\"}]},{\"@type\":\"WebSite\",\"@id\":\"https:\/\/permbledhja.com\/#website\",\"url\":\"https:\/\/permbledhja.com\/\",\"name\":\"Ve\u00e7 artikuj p\u00ebrmbledh\u00ebs\",\"description\":\"\",\"publisher\":{\"@id\":\"https:\/\/permbledhja.com\/#organization\"},\"potentialAction\":[{\"@type\":\"SearchAction\",\"target\":{\"@type\":\"EntryPoint\",\"urlTemplate\":\"https:\/\/permbledhja.com\/?s={search_term_string}\"},\"query-input\":\"required name=search_term_string\"}],\"inLanguage\":\"sq\"},{\"@type\":\"Organization\",\"@id\":\"https:\/\/permbledhja.com\/#organization\",\"name\":\"MK Media & Pr\",\"url\":\"https:\/\/permbledhja.com\/\",\"logo\":{\"@type\":\"ImageObject\",\"inLanguage\":\"sq\",\"@id\":\"https:\/\/permbledhja.com\/#\/schema\/logo\/image\/\",\"url\":\"https:\/\/permbledhja.com\/wp-content\/uploads\/2021\/12\/07-Press-Logo.jpg\",\"contentUrl\":\"https:\/\/permbledhja.com\/wp-content\/uploads\/2021\/12\/07-Press-Logo.jpg\",\"width\":512,\"height\":512,\"caption\":\"MK Media & Pr\"},\"image\":{\"@id\":\"https:\/\/permbledhja.com\/#\/schema\/logo\/image\/\"},\"sameAs\":[\"https:\/\/www.facebook.com\/press07\/\"]},{\"@type\":\"Person\",\"@id\":\"https:\/\/permbledhja.com\/#\/schema\/person\/0d064377258d3221e50693947b9eb4fe\",\"name\":\"P\u00ebrmbledhja\",\"image\":{\"@type\":\"ImageObject\",\"inLanguage\":\"sq\",\"@id\":\"https:\/\/permbledhja.com\/#\/schema\/person\/image\/\",\"url\":\"https:\/\/permbledhja.com\/wp-content\/uploads\/2026\/01\/452004717_1040944174702970_8932037511805513407_n-96x96.jpg\",\"contentUrl\":\"https:\/\/permbledhja.com\/wp-content\/uploads\/2026\/01\/452004717_1040944174702970_8932037511805513407_n-96x96.jpg\",\"caption\":\"P\u00ebrmbledhja\"},\"sameAs\":[\"https:\/\/www.facebook.com\/kafexhiu.muharrem\/\",\"https:\/\/www.instagram.com\/muharrem_kafexhiu\/\"],\"url\":\"https:\/\/permbledhja.com\/sq\/author\/admin\/\"}]}<\/script>\n<!-- \/ Yoast SEO plugin. -->","yoast_head_json":{"title":"\u201c\u00c7artet\u201d Vu\u00e7iqi: KFORI na tha jo n\u00eb dit\u00eb feste","robots":{"index":"index","follow":"follow","max-snippet":"max-snippet:-1","max-image-preview":"max-image-preview:large","max-video-preview":"max-video-preview:-1"},"canonical":"https:\/\/permbledhja.com\/sq\/cartet-vuciqi-na-thane-jo-ne-dite-feste1\/","og_locale":"sq_AL","og_type":"article","og_title":"\u201c\u00c7artet\u201d Vu\u00e7iqi: KFORI na tha jo n\u00eb dit\u00eb feste","og_description":"Presidenti i Serbis\u00eb Aleksandar Vu\u00e7iq sheh komplot ndaj Serbis\u00eb n\u00eb faktin q\u00eb KFOR\u2019i u ktheu p\u00ebrgjigje negative p\u00ebr kthimin e trupave serbe nat\u00ebn e Krishtlindjeve. Sipas tij, po t\u00eb ishte p\u00ebrgjigja pozitive do t\u00eb kishte kuptim t\u00eb dor\u00ebzohej p\u00ebrgjigja n\u00eb fest\u00eb. Madje Vu\u00e7iq duke folur rreth k\u00ebsaj ka b\u00ebr\u00eb paralele me rastin e dor\u00ebzimit t\u00eb [&hellip;]","og_url":"https:\/\/permbledhja.com\/sq\/cartet-vuciqi-na-thane-jo-ne-dite-feste1\/","og_site_name":"Ve\u00e7 artikuj p\u00ebrmbledh\u00ebs","article_publisher":"https:\/\/www.facebook.com\/press07\/","article_author":"https:\/\/www.facebook.com\/kafexhiu.muharrem\/","article_published_time":"2023-01-08T12:06:09+00:00","article_modified_time":"2023-01-08T12:06:29+00:00","og_image":[{"width":800,"height":445,"url":"https:\/\/permbledhja.com\/wp-content\/uploads\/2023\/01\/2206ADBF-F55D-45A1-A605-77D2BF581445.jpeg","type":"image\/jpeg"}],"author":"P\u00ebrmbledhja","twitter_card":"summary_large_image","twitter_misc":{"Written by":"P\u00ebrmbledhja","Est. reading time":"1 minut\u00eb"},"schema":{"@context":"https:\/\/schema.org","@graph":[{"@type":"Article","@id":"https:\/\/permbledhja.com\/cartet-vuciqi-na-thane-jo-ne-dite-feste1\/#article","isPartOf":{"@id":"https:\/\/permbledhja.com\/cartet-vuciqi-na-thane-jo-ne-dite-feste1\/"},"author":{"name":"P\u00ebrmbledhja","@id":"https:\/\/permbledhja.com\/#\/schema\/person\/0d064377258d3221e50693947b9eb4fe"},"headline":"\u201c\u00c7artet\u201d Vu\u00e7iqi: KFORI na tha jo n\u00eb dit\u00eb feste","datePublished":"2023-01-08T12:06:09+00:00","dateModified":"2023-01-08T12:06:29+00:00","mainEntityOfPage":{"@id":"https:\/\/permbledhja.com\/cartet-vuciqi-na-thane-jo-ne-dite-feste1\/"},"wordCount":299,"publisher":{"@id":"https:\/\/permbledhja.com\/#organization"},"keywords":["Vu\u00e7iq"],"articleSection":["Komb\u00ebtare","Lajme"],"inLanguage":"sq"},{"@type":"WebPage","@id":"https:\/\/permbledhja.com\/cartet-vuciqi-na-thane-jo-ne-dite-feste1\/","url":"https:\/\/permbledhja.com\/cartet-vuciqi-na-thane-jo-ne-dite-feste1\/","name":"\u201c\u00c7artet\u201d Vu\u00e7iqi: KFORI na tha jo n\u00eb dit\u00eb feste","isPartOf":{"@id":"https:\/\/permbledhja.com\/#website"},"datePublished":"2023-01-08T12:06:09+00:00","dateModified":"2023-01-08T12:06:29+00:00","breadcrumb":{"@id":"https:\/\/permbledhja.com\/cartet-vuciqi-na-thane-jo-ne-dite-feste1\/#breadcrumb"},"inLanguage":"sq","potentialAction":[{"@type":"ReadAction","target":["https:\/\/permbledhja.com\/cartet-vuciqi-na-thane-jo-ne-dite-feste1\/"]}]},{"@type":"BreadcrumbList","@id":"https:\/\/permbledhja.com\/cartet-vuciqi-na-thane-jo-ne-dite-feste1\/#breadcrumb","itemListElement":[{"@type":"ListItem","position":1,"name":"Ballina","item":"https:\/\/permbledhja.com\/sq\/"},{"@type":"ListItem","position":2,"name":"\u201c\u00c7artet\u201d Vu\u00e7iqi: KFORI na tha jo n\u00eb dit\u00eb feste"}]},{"@type":"WebSite","@id":"https:\/\/permbledhja.com\/#website","url":"https:\/\/permbledhja.com\/","name":"Ve\u00e7 artikuj p\u00ebrmbledh\u00ebs","description":"","publisher":{"@id":"https:\/\/permbledhja.com\/#organization"},"potentialAction":[{"@type":"SearchAction","target":{"@type":"EntryPoint","urlTemplate":"https:\/\/permbledhja.com\/?s={search_term_string}"},"query-input":"required name=search_term_string"}],"inLanguage":"sq"},{"@type":"Organization","@id":"https:\/\/permbledhja.com\/#organization","name":"MK Media & Pr","url":"https:\/\/permbledhja.com\/","logo":{"@type":"ImageObject","inLanguage":"sq","@id":"https:\/\/permbledhja.com\/#\/schema\/logo\/image\/","url":"https:\/\/permbledhja.com\/wp-content\/uploads\/2021\/12\/07-Press-Logo.jpg","contentUrl":"https:\/\/permbledhja.com\/wp-content\/uploads\/2021\/12\/07-Press-Logo.jpg","width":512,"height":512,"caption":"MK Media & Pr"},"image":{"@id":"https:\/\/permbledhja.com\/#\/schema\/logo\/image\/"},"sameAs":["https:\/\/www.facebook.com\/press07\/"]},{"@type":"Person","@id":"https:\/\/permbledhja.com\/#\/schema\/person\/0d064377258d3221e50693947b9eb4fe","name":"P\u00ebrmbledhja","image":{"@type":"ImageObject","inLanguage":"sq","@id":"https:\/\/permbledhja.com\/#\/schema\/person\/image\/","url":"https:\/\/permbledhja.com\/wp-content\/uploads\/2026\/01\/452004717_1040944174702970_8932037511805513407_n-96x96.jpg","contentUrl":"https:\/\/permbledhja.com\/wp-content\/uploads\/2026\/01\/452004717_1040944174702970_8932037511805513407_n-96x96.jpg","caption":"P\u00ebrmbledhja"},"sameAs":["https:\/\/www.facebook.com\/kafexhiu.muharrem\/","https:\/\/www.instagram.com\/muharrem_kafexhiu\/"],"url":"https:\/\/permbledhja.com\/sq\/author\/admin\/"}]}},"_links":{"self":[{"href":"https:\/\/permbledhja.com\/sq\/wp-json\/wp\/v2\/posts\/11264"}],"collection":[{"href":"https:\/\/permbledhja.com\/sq\/wp-json\/wp\/v2\/posts"}],"about":[{"href":"https:\/\/permbledhja.com\/sq\/wp-json\/wp\/v2\/types\/post"}],"author":[{"embeddable":true,"href":"https:\/\/permbledhja.com\/sq\/wp-json\/wp\/v2\/users\/1"}],"replies":[{"embeddable":true,"href":"https:\/\/permbledhja.com\/sq\/wp-json\/wp\/v2\/comments?post=11264"}],"version-history":[{"count":2,"href":"https:\/\/permbledhja.com\/sq\/wp-json\/wp\/v2\/posts\/11264\/revisions"}],"predecessor-version":[{"id":11267,"href":"https:\/\/permbledhja.com\/sq\/wp-json\/wp\/v2\/posts\/11264\/revisions\/11267"}],"wp:featuredmedia":[{"embeddable":true,"href":"https:\/\/permbledhja.com\/sq\/wp-json\/wp\/v2\/media\/11265"}],"wp:attachment":[{"href":"https:\/\/permbledhja.com\/sq\/wp-json\/wp\/v2\/media?parent=11264"}],"wp:term":[{"taxonomy":"category","embeddable":true,"href":"https:\/\/permbledhja.com\/sq\/wp-json\/wp\/v2\/categories?post=11264"},{"taxonomy":"post_tag","embeddable":true,"href":"https:\/\/permbledhja.com\/sq\/wp-json\/wp\/v2\/tags?post=11264"}],"curies":[{"name":"wp","href":"https:\/\/api.w.org\/{rel}","templated":true}]}}