{"id":11258,"date":"2023-01-08T11:33:29","date_gmt":"2023-01-08T11:33:29","guid":{"rendered":"https:\/\/permbledhja.com\/?p=11258"},"modified":"2023-01-08T11:33:29","modified_gmt":"2023-01-08T11:33:29","slug":"banoret-myslimane-kujdesen-per-te-pese-kishat-e-fshatit-shqiptar","status":"publish","type":"post","link":"https:\/\/permbledhja.com\/sq\/banoret-myslimane-kujdesen-per-te-pese-kishat-e-fshatit-shqiptar\/","title":{"rendered":"Banor\u00ebt mysliman\u00eb kujdesen p\u00ebr t\u00eb pes\u00eb kishat e fshatit shqiptar"},"content":{"rendered":"<p>Ekziston nj\u00eb fshat mysliman n\u00eb Shqip\u00ebri q\u00eb mir\u00ebmban 5 kishat e tij.<\/p>\n<p>N\u00eb fshatin K\u00ebr\u00e7isht t\u00eb Sip\u00ebrm n\u00eb Nj\u00ebsis\u00eb Administrative Maqellar\u00eb n\u00eb Bashkin\u00eb Dib\u00ebr kan\u00eb mbetur 50 familje. Edhe pse i p\u00ebrkasin besimit mysliman, ata kujdesen t\u00eb mir\u00ebmbajn\u00eb t\u00eb gjitha kishat e nd\u00ebrtuara koh\u00eb m\u00eb par\u00eb n\u00eb k\u00ebt\u00eb fshat.<\/p>\n<p>Banor\u00ebt tregojn\u00eb se jan\u00eb 5 kisha, ajo e \u201cSh\u00ebn Dhimitrit\u201d, \u201cKral K\u00ebr\u00e7ini\u201d, \u201cSh\u00ebn Spahia\u201d, \u201cSh\u00ebn Sotir\u201d dhe \u201cSh\u00ebn Pobrazhi\u201d.<\/p>\n<p>\u201cGjysma e fshatit ka qen\u00eb ortodoks. Nuk ka r\u00ebnd\u00ebsi n\u00ebse \u00ebsht\u00eb kish\u00eb apo xhami, kujdesemi.\u201d<\/p>\n<p>\u201cNuk i prek njeri se jan\u00eb t\u00eb shenjta.\u201d<\/p>\n<p>\u201c Nuk ka lidhje besimi, \u00ebsht\u00eb pjes\u00eb e hershme kjo pun\u00eb. Marr\u00ebdh\u00ebniet i kemi pas me pjes\u00ebn tjet\u00ebr shum\u00eb n\u00eb rregull. Xhamia ka pjes\u00ebn e vet, shprehet nj\u00ebri nga banor\u00ebt.\u201d<\/p>\n<p>Banor\u00ebt q\u00eb jetojn\u00eb aty thon\u00eb se ka nj\u00eb interes t\u00eb turist\u00ebve, nisur edhe nga objektet monument kulture si\u00e7 jan\u00eb kishat<\/p>\n<p>\u201cVijn\u00eb turist\u00eb shum\u00eb, vijn\u00eb gjerman\u00eb shum\u00eb, polak\u00eb, \u00e7ek\u00eb.\u201d<\/p>\n<p>\u201cKa kishat, ka terrenin, pjes\u00eb turistike \u00ebsht\u00eb.\u201d<\/p>\n<p>Fshati K\u00ebr\u00e7isht i Sip\u00ebrm ndodhet 3.5 kilometra nga Maqellara e rreth 7 kilometra nga kufiri me Maqedonin\u00eb e Veriut.<\/p>\n","protected":false},"excerpt":{"rendered":"<p>Ekziston nj\u00eb fshat mysliman n\u00eb Shqip\u00ebri q\u00eb mir\u00ebmban 5 kishat e tij. N\u00eb fshatin K\u00ebr\u00e7isht t\u00eb Sip\u00ebrm n\u00eb Nj\u00ebsis\u00eb Administrative Maqellar\u00eb n\u00eb Bashkin\u00eb Dib\u00ebr kan\u00eb mbetur 50 familje. Edhe pse i p\u00ebrkasin besimit mysliman, ata kujdesen t\u00eb mir\u00ebmbajn\u00eb t\u00eb gjitha kishat e nd\u00ebrtuara koh\u00eb m\u00eb par\u00eb n\u00eb k\u00ebt\u00eb fshat. Banor\u00ebt tregojn\u00eb se jan\u00eb 5 kisha, [&hellip;]<\/p>\n","protected":false},"author":1,"featured_media":11259,"comment_status":"closed","ping_status":"closed","sticky":false,"template":"","format":"standard","meta":{"_monsterinsights_skip_tracking":false,"_monsterinsights_sitenote_active":false,"_monsterinsights_sitenote_note":"","_monsterinsights_sitenote_category":0,"_uf_show_specific_survey":0,"_uf_disable_surveys":false,"footnotes":""},"categories":[1],"tags":[54],"yoast_head":"<!-- This site is optimized with the Yoast SEO plugin v21.5 - https:\/\/yoast.com\/wordpress\/plugins\/seo\/ -->\n<title>Banor\u00ebt mysliman\u00eb kujdesen p\u00ebr t\u00eb pes\u00eb kishat e fshatit shqiptar<\/title>\n<meta name=\"robots\" content=\"index, follow, max-snippet:-1, max-image-preview:large, max-video-preview:-1\" \/>\n<link rel=\"canonical\" href=\"https:\/\/permbledhja.com\/sq\/banoret-myslimane-kujdesen-per-te-pese-kishat-e-fshatit-shqiptar\/\" \/>\n<meta property=\"og:locale\" content=\"sq_AL\" \/>\n<meta property=\"og:type\" content=\"article\" \/>\n<meta property=\"og:title\" content=\"Banor\u00ebt mysliman\u00eb kujdesen p\u00ebr t\u00eb pes\u00eb kishat e fshatit shqiptar\" \/>\n<meta property=\"og:description\" content=\"Ekziston nj\u00eb fshat mysliman n\u00eb Shqip\u00ebri q\u00eb mir\u00ebmban 5 kishat e tij. N\u00eb fshatin K\u00ebr\u00e7isht t\u00eb Sip\u00ebrm n\u00eb Nj\u00ebsis\u00eb Administrative Maqellar\u00eb n\u00eb Bashkin\u00eb Dib\u00ebr kan\u00eb mbetur 50 familje. Edhe pse i p\u00ebrkasin besimit mysliman, ata kujdesen t\u00eb mir\u00ebmbajn\u00eb t\u00eb gjitha kishat e nd\u00ebrtuara koh\u00eb m\u00eb par\u00eb n\u00eb k\u00ebt\u00eb fshat. Banor\u00ebt tregojn\u00eb se jan\u00eb 5 kisha, [&hellip;]\" \/>\n<meta property=\"og:url\" content=\"https:\/\/permbledhja.com\/sq\/banoret-myslimane-kujdesen-per-te-pese-kishat-e-fshatit-shqiptar\/\" \/>\n<meta property=\"og:site_name\" content=\"Ve\u00e7 artikuj p\u00ebrmbledh\u00ebs\" \/>\n<meta property=\"article:publisher\" content=\"https:\/\/www.facebook.com\/press07\/\" \/>\n<meta property=\"article:author\" content=\"https:\/\/www.facebook.com\/kafexhiu.muharrem\/\" \/>\n<meta property=\"article:published_time\" content=\"2023-01-08T11:33:29+00:00\" \/>\n<meta property=\"og:image\" content=\"https:\/\/permbledhja.com\/wp-content\/uploads\/2023\/01\/CA62245C-BC75-4EC6-A668-1471CFFDBC94.jpeg\" \/>\n\t<meta property=\"og:image:width\" content=\"850\" \/>\n\t<meta property=\"og:image:height\" content=\"398\" \/>\n\t<meta property=\"og:image:type\" content=\"image\/jpeg\" \/>\n<meta name=\"author\" content=\"P\u00ebrmbledhja\" \/>\n<meta name=\"twitter:card\" content=\"summary_large_image\" \/>\n<meta name=\"twitter:label1\" content=\"Written by\" \/>\n\t<meta name=\"twitter:data1\" content=\"P\u00ebrmbledhja\" \/>\n\t<meta name=\"twitter:label2\" content=\"Est. reading time\" \/>\n\t<meta name=\"twitter:data2\" content=\"1 minut\u00eb\" \/>\n<script type=\"application\/ld+json\" class=\"yoast-schema-graph\">{\"@context\":\"https:\/\/schema.org\",\"@graph\":[{\"@type\":\"Article\",\"@id\":\"https:\/\/permbledhja.com\/banoret-myslimane-kujdesen-per-te-pese-kishat-e-fshatit-shqiptar\/#article\",\"isPartOf\":{\"@id\":\"https:\/\/permbledhja.com\/banoret-myslimane-kujdesen-per-te-pese-kishat-e-fshatit-shqiptar\/\"},\"author\":{\"name\":\"P\u00ebrmbledhja\",\"@id\":\"https:\/\/permbledhja.com\/#\/schema\/person\/0d064377258d3221e50693947b9eb4fe\"},\"headline\":\"Banor\u00ebt mysliman\u00eb kujdesen p\u00ebr t\u00eb pes\u00eb kishat e fshatit shqiptar\",\"datePublished\":\"2023-01-08T11:33:29+00:00\",\"dateModified\":\"2023-01-08T11:33:29+00:00\",\"mainEntityOfPage\":{\"@id\":\"https:\/\/permbledhja.com\/banoret-myslimane-kujdesen-per-te-pese-kishat-e-fshatit-shqiptar\/\"},\"wordCount\":214,\"publisher\":{\"@id\":\"https:\/\/permbledhja.com\/#organization\"},\"keywords\":[\"Shqip\u00ebri\"],\"articleSection\":[\"Breaking News\"],\"inLanguage\":\"sq\"},{\"@type\":\"WebPage\",\"@id\":\"https:\/\/permbledhja.com\/banoret-myslimane-kujdesen-per-te-pese-kishat-e-fshatit-shqiptar\/\",\"url\":\"https:\/\/permbledhja.com\/banoret-myslimane-kujdesen-per-te-pese-kishat-e-fshatit-shqiptar\/\",\"name\":\"Banor\u00ebt mysliman\u00eb kujdesen p\u00ebr t\u00eb pes\u00eb kishat e fshatit shqiptar\",\"isPartOf\":{\"@id\":\"https:\/\/permbledhja.com\/#website\"},\"datePublished\":\"2023-01-08T11:33:29+00:00\",\"dateModified\":\"2023-01-08T11:33:29+00:00\",\"breadcrumb\":{\"@id\":\"https:\/\/permbledhja.com\/banoret-myslimane-kujdesen-per-te-pese-kishat-e-fshatit-shqiptar\/#breadcrumb\"},\"inLanguage\":\"sq\",\"potentialAction\":[{\"@type\":\"ReadAction\",\"target\":[\"https:\/\/permbledhja.com\/banoret-myslimane-kujdesen-per-te-pese-kishat-e-fshatit-shqiptar\/\"]}]},{\"@type\":\"BreadcrumbList\",\"@id\":\"https:\/\/permbledhja.com\/banoret-myslimane-kujdesen-per-te-pese-kishat-e-fshatit-shqiptar\/#breadcrumb\",\"itemListElement\":[{\"@type\":\"ListItem\",\"position\":1,\"name\":\"Ballina\",\"item\":\"https:\/\/permbledhja.com\/sq\/\"},{\"@type\":\"ListItem\",\"position\":2,\"name\":\"Banor\u00ebt mysliman\u00eb kujdesen p\u00ebr t\u00eb pes\u00eb kishat e fshatit shqiptar\"}]},{\"@type\":\"WebSite\",\"@id\":\"https:\/\/permbledhja.com\/#website\",\"url\":\"https:\/\/permbledhja.com\/\",\"name\":\"Ve\u00e7 artikuj p\u00ebrmbledh\u00ebs\",\"description\":\"\",\"publisher\":{\"@id\":\"https:\/\/permbledhja.com\/#organization\"},\"potentialAction\":[{\"@type\":\"SearchAction\",\"target\":{\"@type\":\"EntryPoint\",\"urlTemplate\":\"https:\/\/permbledhja.com\/?s={search_term_string}\"},\"query-input\":\"required name=search_term_string\"}],\"inLanguage\":\"sq\"},{\"@type\":\"Organization\",\"@id\":\"https:\/\/permbledhja.com\/#organization\",\"name\":\"MK Media & Pr\",\"url\":\"https:\/\/permbledhja.com\/\",\"logo\":{\"@type\":\"ImageObject\",\"inLanguage\":\"sq\",\"@id\":\"https:\/\/permbledhja.com\/#\/schema\/logo\/image\/\",\"url\":\"https:\/\/permbledhja.com\/wp-content\/uploads\/2021\/12\/07-Press-Logo.jpg\",\"contentUrl\":\"https:\/\/permbledhja.com\/wp-content\/uploads\/2021\/12\/07-Press-Logo.jpg\",\"width\":512,\"height\":512,\"caption\":\"MK Media & Pr\"},\"image\":{\"@id\":\"https:\/\/permbledhja.com\/#\/schema\/logo\/image\/\"},\"sameAs\":[\"https:\/\/www.facebook.com\/press07\/\"]},{\"@type\":\"Person\",\"@id\":\"https:\/\/permbledhja.com\/#\/schema\/person\/0d064377258d3221e50693947b9eb4fe\",\"name\":\"P\u00ebrmbledhja\",\"image\":{\"@type\":\"ImageObject\",\"inLanguage\":\"sq\",\"@id\":\"https:\/\/permbledhja.com\/#\/schema\/person\/image\/\",\"url\":\"https:\/\/permbledhja.com\/wp-content\/uploads\/2026\/01\/452004717_1040944174702970_8932037511805513407_n-96x96.jpg\",\"contentUrl\":\"https:\/\/permbledhja.com\/wp-content\/uploads\/2026\/01\/452004717_1040944174702970_8932037511805513407_n-96x96.jpg\",\"caption\":\"P\u00ebrmbledhja\"},\"sameAs\":[\"https:\/\/www.facebook.com\/kafexhiu.muharrem\/\",\"https:\/\/www.instagram.com\/muharrem_kafexhiu\/\"],\"url\":\"https:\/\/permbledhja.com\/sq\/author\/admin\/\"}]}<\/script>\n<!-- \/ Yoast SEO plugin. -->","yoast_head_json":{"title":"Banor\u00ebt mysliman\u00eb kujdesen p\u00ebr t\u00eb pes\u00eb kishat e fshatit shqiptar","robots":{"index":"index","follow":"follow","max-snippet":"max-snippet:-1","max-image-preview":"max-image-preview:large","max-video-preview":"max-video-preview:-1"},"canonical":"https:\/\/permbledhja.com\/sq\/banoret-myslimane-kujdesen-per-te-pese-kishat-e-fshatit-shqiptar\/","og_locale":"sq_AL","og_type":"article","og_title":"Banor\u00ebt mysliman\u00eb kujdesen p\u00ebr t\u00eb pes\u00eb kishat e fshatit shqiptar","og_description":"Ekziston nj\u00eb fshat mysliman n\u00eb Shqip\u00ebri q\u00eb mir\u00ebmban 5 kishat e tij. N\u00eb fshatin K\u00ebr\u00e7isht t\u00eb Sip\u00ebrm n\u00eb Nj\u00ebsis\u00eb Administrative Maqellar\u00eb n\u00eb Bashkin\u00eb Dib\u00ebr kan\u00eb mbetur 50 familje. Edhe pse i p\u00ebrkasin besimit mysliman, ata kujdesen t\u00eb mir\u00ebmbajn\u00eb t\u00eb gjitha kishat e nd\u00ebrtuara koh\u00eb m\u00eb par\u00eb n\u00eb k\u00ebt\u00eb fshat. Banor\u00ebt tregojn\u00eb se jan\u00eb 5 kisha, [&hellip;]","og_url":"https:\/\/permbledhja.com\/sq\/banoret-myslimane-kujdesen-per-te-pese-kishat-e-fshatit-shqiptar\/","og_site_name":"Ve\u00e7 artikuj p\u00ebrmbledh\u00ebs","article_publisher":"https:\/\/www.facebook.com\/press07\/","article_author":"https:\/\/www.facebook.com\/kafexhiu.muharrem\/","article_published_time":"2023-01-08T11:33:29+00:00","og_image":[{"width":850,"height":398,"url":"https:\/\/permbledhja.com\/wp-content\/uploads\/2023\/01\/CA62245C-BC75-4EC6-A668-1471CFFDBC94.jpeg","type":"image\/jpeg"}],"author":"P\u00ebrmbledhja","twitter_card":"summary_large_image","twitter_misc":{"Written by":"P\u00ebrmbledhja","Est. reading time":"1 minut\u00eb"},"schema":{"@context":"https:\/\/schema.org","@graph":[{"@type":"Article","@id":"https:\/\/permbledhja.com\/banoret-myslimane-kujdesen-per-te-pese-kishat-e-fshatit-shqiptar\/#article","isPartOf":{"@id":"https:\/\/permbledhja.com\/banoret-myslimane-kujdesen-per-te-pese-kishat-e-fshatit-shqiptar\/"},"author":{"name":"P\u00ebrmbledhja","@id":"https:\/\/permbledhja.com\/#\/schema\/person\/0d064377258d3221e50693947b9eb4fe"},"headline":"Banor\u00ebt mysliman\u00eb kujdesen p\u00ebr t\u00eb pes\u00eb kishat e fshatit shqiptar","datePublished":"2023-01-08T11:33:29+00:00","dateModified":"2023-01-08T11:33:29+00:00","mainEntityOfPage":{"@id":"https:\/\/permbledhja.com\/banoret-myslimane-kujdesen-per-te-pese-kishat-e-fshatit-shqiptar\/"},"wordCount":214,"publisher":{"@id":"https:\/\/permbledhja.com\/#organization"},"keywords":["Shqip\u00ebri"],"articleSection":["Breaking News"],"inLanguage":"sq"},{"@type":"WebPage","@id":"https:\/\/permbledhja.com\/banoret-myslimane-kujdesen-per-te-pese-kishat-e-fshatit-shqiptar\/","url":"https:\/\/permbledhja.com\/banoret-myslimane-kujdesen-per-te-pese-kishat-e-fshatit-shqiptar\/","name":"Banor\u00ebt mysliman\u00eb kujdesen p\u00ebr t\u00eb pes\u00eb kishat e fshatit shqiptar","isPartOf":{"@id":"https:\/\/permbledhja.com\/#website"},"datePublished":"2023-01-08T11:33:29+00:00","dateModified":"2023-01-08T11:33:29+00:00","breadcrumb":{"@id":"https:\/\/permbledhja.com\/banoret-myslimane-kujdesen-per-te-pese-kishat-e-fshatit-shqiptar\/#breadcrumb"},"inLanguage":"sq","potentialAction":[{"@type":"ReadAction","target":["https:\/\/permbledhja.com\/banoret-myslimane-kujdesen-per-te-pese-kishat-e-fshatit-shqiptar\/"]}]},{"@type":"BreadcrumbList","@id":"https:\/\/permbledhja.com\/banoret-myslimane-kujdesen-per-te-pese-kishat-e-fshatit-shqiptar\/#breadcrumb","itemListElement":[{"@type":"ListItem","position":1,"name":"Ballina","item":"https:\/\/permbledhja.com\/sq\/"},{"@type":"ListItem","position":2,"name":"Banor\u00ebt mysliman\u00eb kujdesen p\u00ebr t\u00eb pes\u00eb kishat e fshatit shqiptar"}]},{"@type":"WebSite","@id":"https:\/\/permbledhja.com\/#website","url":"https:\/\/permbledhja.com\/","name":"Ve\u00e7 artikuj p\u00ebrmbledh\u00ebs","description":"","publisher":{"@id":"https:\/\/permbledhja.com\/#organization"},"potentialAction":[{"@type":"SearchAction","target":{"@type":"EntryPoint","urlTemplate":"https:\/\/permbledhja.com\/?s={search_term_string}"},"query-input":"required name=search_term_string"}],"inLanguage":"sq"},{"@type":"Organization","@id":"https:\/\/permbledhja.com\/#organization","name":"MK Media & Pr","url":"https:\/\/permbledhja.com\/","logo":{"@type":"ImageObject","inLanguage":"sq","@id":"https:\/\/permbledhja.com\/#\/schema\/logo\/image\/","url":"https:\/\/permbledhja.com\/wp-content\/uploads\/2021\/12\/07-Press-Logo.jpg","contentUrl":"https:\/\/permbledhja.com\/wp-content\/uploads\/2021\/12\/07-Press-Logo.jpg","width":512,"height":512,"caption":"MK Media & Pr"},"image":{"@id":"https:\/\/permbledhja.com\/#\/schema\/logo\/image\/"},"sameAs":["https:\/\/www.facebook.com\/press07\/"]},{"@type":"Person","@id":"https:\/\/permbledhja.com\/#\/schema\/person\/0d064377258d3221e50693947b9eb4fe","name":"P\u00ebrmbledhja","image":{"@type":"ImageObject","inLanguage":"sq","@id":"https:\/\/permbledhja.com\/#\/schema\/person\/image\/","url":"https:\/\/permbledhja.com\/wp-content\/uploads\/2026\/01\/452004717_1040944174702970_8932037511805513407_n-96x96.jpg","contentUrl":"https:\/\/permbledhja.com\/wp-content\/uploads\/2026\/01\/452004717_1040944174702970_8932037511805513407_n-96x96.jpg","caption":"P\u00ebrmbledhja"},"sameAs":["https:\/\/www.facebook.com\/kafexhiu.muharrem\/","https:\/\/www.instagram.com\/muharrem_kafexhiu\/"],"url":"https:\/\/permbledhja.com\/sq\/author\/admin\/"}]}},"_links":{"self":[{"href":"https:\/\/permbledhja.com\/sq\/wp-json\/wp\/v2\/posts\/11258"}],"collection":[{"href":"https:\/\/permbledhja.com\/sq\/wp-json\/wp\/v2\/posts"}],"about":[{"href":"https:\/\/permbledhja.com\/sq\/wp-json\/wp\/v2\/types\/post"}],"author":[{"embeddable":true,"href":"https:\/\/permbledhja.com\/sq\/wp-json\/wp\/v2\/users\/1"}],"replies":[{"embeddable":true,"href":"https:\/\/permbledhja.com\/sq\/wp-json\/wp\/v2\/comments?post=11258"}],"version-history":[{"count":1,"href":"https:\/\/permbledhja.com\/sq\/wp-json\/wp\/v2\/posts\/11258\/revisions"}],"predecessor-version":[{"id":11260,"href":"https:\/\/permbledhja.com\/sq\/wp-json\/wp\/v2\/posts\/11258\/revisions\/11260"}],"wp:featuredmedia":[{"embeddable":true,"href":"https:\/\/permbledhja.com\/sq\/wp-json\/wp\/v2\/media\/11259"}],"wp:attachment":[{"href":"https:\/\/permbledhja.com\/sq\/wp-json\/wp\/v2\/media?parent=11258"}],"wp:term":[{"taxonomy":"category","embeddable":true,"href":"https:\/\/permbledhja.com\/sq\/wp-json\/wp\/v2\/categories?post=11258"},{"taxonomy":"post_tag","embeddable":true,"href":"https:\/\/permbledhja.com\/sq\/wp-json\/wp\/v2\/tags?post=11258"}],"curies":[{"name":"wp","href":"https:\/\/api.w.org\/{rel}","templated":true}]}}