{"id":11219,"date":"2023-01-06T20:29:27","date_gmt":"2023-01-06T20:29:27","guid":{"rendered":"https:\/\/permbledhja.com\/?p=11219"},"modified":"2023-01-06T20:29:27","modified_gmt":"2023-01-06T20:29:27","slug":"policia-jep-detaje-per-aksidentin-ne-podujeve-pamje","status":"publish","type":"post","link":"https:\/\/permbledhja.com\/sq\/policia-jep-detaje-per-aksidentin-ne-podujeve-pamje\/","title":{"rendered":"Policia jep detaje p\u00ebr aksidentin n\u00eb Podujev\u00eb (PAMJE)"},"content":{"rendered":"<p>Nj\u00eb aksident trafiku ka ndodhur sonte n\u00eb rrug\u00ebn Prishtin\u00eb \u2013 Podujev\u00eb, konkretisht n\u00eb fshatin Sekira\u00e7\u00eb.<\/p>\n<p>N\u00eb k\u00ebt\u00eb aksident, bazuar n\u00eb pamjet q\u00eb ka siguruar portali, shihet se jan\u00eb p\u00ebrfshir\u00eb nj\u00eb vetur\u00eb dhe nj\u00eb furgon (kombi).<\/p>\n<p>Z\u00ebdh\u00ebn\u00ebsja e Policis\u00eb s\u00eb Kosov\u00ebs, Flora Ahmeti, i ka th\u00ebn\u00eb Llapi.info-s se nga ky aksident jan\u00eb l\u00ebnduar dy persona.<\/p>\n<p>T\u00eb nj\u00ebjtit kan\u00eb pranuar tretman mjek\u00ebsor, derisa ekipet kompetente policore kan\u00eb dal\u00eb n\u00eb vendin e ngjarjes dhe po hetojn\u00eb shkaqet q\u00eb kan\u00eb \u00e7uar n\u00eb p\u00ebrplasjen e k\u00ebtyre dy automjeteve.<\/p>\n<p><img loading=\"lazy\" decoding=\"async\" src=\"https:\/\/permbledhja.com\/wp-content\/uploads\/2023\/01\/3F75CD7F-14B3-475B-A421-1744786FAFE9.jpeg\" alt=\"\" width=\"1536\" height=\"864\" class=\"alignnone size-full wp-image-11220\" srcset=\"https:\/\/permbledhja.com\/wp-content\/uploads\/2023\/01\/3F75CD7F-14B3-475B-A421-1744786FAFE9.jpeg 1536w, https:\/\/permbledhja.com\/wp-content\/uploads\/2023\/01\/3F75CD7F-14B3-475B-A421-1744786FAFE9-300x169.jpeg 300w, https:\/\/permbledhja.com\/wp-content\/uploads\/2023\/01\/3F75CD7F-14B3-475B-A421-1744786FAFE9-1024x576.jpeg 1024w, https:\/\/permbledhja.com\/wp-content\/uploads\/2023\/01\/3F75CD7F-14B3-475B-A421-1744786FAFE9-768x432.jpeg 768w, https:\/\/permbledhja.com\/wp-content\/uploads\/2023\/01\/3F75CD7F-14B3-475B-A421-1744786FAFE9-18x10.jpeg 18w, https:\/\/permbledhja.com\/wp-content\/uploads\/2023\/01\/3F75CD7F-14B3-475B-A421-1744786FAFE9-780x440.jpeg 780w\" sizes=\"(max-width: 1536px) 100vw, 1536px\" \/><\/p>\n","protected":false},"excerpt":{"rendered":"<p>Nj\u00eb aksident trafiku ka ndodhur sonte n\u00eb rrug\u00ebn Prishtin\u00eb \u2013 Podujev\u00eb, konkretisht n\u00eb fshatin Sekira\u00e7\u00eb. N\u00eb k\u00ebt\u00eb aksident, bazuar n\u00eb pamjet q\u00eb ka siguruar portali, shihet se jan\u00eb p\u00ebrfshir\u00eb nj\u00eb vetur\u00eb dhe nj\u00eb furgon (kombi). Z\u00ebdh\u00ebn\u00ebsja e Policis\u00eb s\u00eb Kosov\u00ebs, Flora Ahmeti, i ka th\u00ebn\u00eb Llapi.info-s se nga ky aksident jan\u00eb l\u00ebnduar dy persona. T\u00eb [&hellip;]<\/p>\n","protected":false},"author":1,"featured_media":967,"comment_status":"closed","ping_status":"closed","sticky":false,"template":"","format":"standard","meta":{"_monsterinsights_skip_tracking":false,"_monsterinsights_sitenote_active":false,"_monsterinsights_sitenote_note":"","_monsterinsights_sitenote_category":0,"_uf_show_specific_survey":0,"_uf_disable_surveys":false,"footnotes":""},"categories":[23,15],"tags":[102],"yoast_head":"<!-- This site is optimized with the Yoast SEO plugin v21.5 - https:\/\/yoast.com\/wordpress\/plugins\/seo\/ -->\n<title>Policia jep detaje p\u00ebr aksidentin n\u00eb Podujev\u00eb (PAMJE)<\/title>\n<meta name=\"robots\" content=\"index, follow, max-snippet:-1, max-image-preview:large, max-video-preview:-1\" \/>\n<link rel=\"canonical\" href=\"https:\/\/permbledhja.com\/sq\/policia-jep-detaje-per-aksidentin-ne-podujeve-pamje\/\" \/>\n<meta property=\"og:locale\" content=\"sq_AL\" \/>\n<meta property=\"og:type\" content=\"article\" \/>\n<meta property=\"og:title\" content=\"Policia jep detaje p\u00ebr aksidentin n\u00eb Podujev\u00eb (PAMJE)\" \/>\n<meta property=\"og:description\" content=\"Nj\u00eb aksident trafiku ka ndodhur sonte n\u00eb rrug\u00ebn Prishtin\u00eb \u2013 Podujev\u00eb, konkretisht n\u00eb fshatin Sekira\u00e7\u00eb. N\u00eb k\u00ebt\u00eb aksident, bazuar n\u00eb pamjet q\u00eb ka siguruar portali, shihet se jan\u00eb p\u00ebrfshir\u00eb nj\u00eb vetur\u00eb dhe nj\u00eb furgon (kombi). Z\u00ebdh\u00ebn\u00ebsja e Policis\u00eb s\u00eb Kosov\u00ebs, Flora Ahmeti, i ka th\u00ebn\u00eb Llapi.info-s se nga ky aksident jan\u00eb l\u00ebnduar dy persona. T\u00eb [&hellip;]\" \/>\n<meta property=\"og:url\" content=\"https:\/\/permbledhja.com\/sq\/policia-jep-detaje-per-aksidentin-ne-podujeve-pamje\/\" \/>\n<meta property=\"og:site_name\" content=\"Ve\u00e7 artikuj p\u00ebrmbledh\u00ebs\" \/>\n<meta property=\"article:publisher\" content=\"https:\/\/www.facebook.com\/press07\/\" \/>\n<meta property=\"article:author\" content=\"https:\/\/www.facebook.com\/kafexhiu.muharrem\/\" \/>\n<meta property=\"article:published_time\" content=\"2023-01-06T20:29:27+00:00\" \/>\n<meta property=\"og:image\" content=\"https:\/\/permbledhja.com\/wp-content\/uploads\/2022\/07\/policia-e-kosoves-naten.png\" \/>\n\t<meta property=\"og:image:width\" content=\"600\" \/>\n\t<meta property=\"og:image:height\" content=\"360\" \/>\n\t<meta property=\"og:image:type\" content=\"image\/png\" \/>\n<meta name=\"author\" content=\"P\u00ebrmbledhja\" \/>\n<meta name=\"twitter:card\" content=\"summary_large_image\" \/>\n<meta name=\"twitter:label1\" content=\"Written by\" \/>\n\t<meta name=\"twitter:data1\" content=\"P\u00ebrmbledhja\" \/>\n<script type=\"application\/ld+json\" class=\"yoast-schema-graph\">{\"@context\":\"https:\/\/schema.org\",\"@graph\":[{\"@type\":\"Article\",\"@id\":\"https:\/\/permbledhja.com\/policia-jep-detaje-per-aksidentin-ne-podujeve-pamje\/#article\",\"isPartOf\":{\"@id\":\"https:\/\/permbledhja.com\/policia-jep-detaje-per-aksidentin-ne-podujeve-pamje\/\"},\"author\":{\"name\":\"P\u00ebrmbledhja\",\"@id\":\"https:\/\/permbledhja.com\/#\/schema\/person\/0d064377258d3221e50693947b9eb4fe\"},\"headline\":\"Policia jep detaje p\u00ebr aksidentin n\u00eb Podujev\u00eb (PAMJE)\",\"datePublished\":\"2023-01-06T20:29:27+00:00\",\"dateModified\":\"2023-01-06T20:29:27+00:00\",\"mainEntityOfPage\":{\"@id\":\"https:\/\/permbledhja.com\/policia-jep-detaje-per-aksidentin-ne-podujeve-pamje\/\"},\"wordCount\":105,\"publisher\":{\"@id\":\"https:\/\/permbledhja.com\/#organization\"},\"keywords\":[\"Policia e Kosov\u00ebs\"],\"articleSection\":[\"Komb\u00ebtare\",\"Lajme\"],\"inLanguage\":\"sq\"},{\"@type\":\"WebPage\",\"@id\":\"https:\/\/permbledhja.com\/policia-jep-detaje-per-aksidentin-ne-podujeve-pamje\/\",\"url\":\"https:\/\/permbledhja.com\/policia-jep-detaje-per-aksidentin-ne-podujeve-pamje\/\",\"name\":\"Policia jep detaje p\u00ebr aksidentin n\u00eb Podujev\u00eb (PAMJE)\",\"isPartOf\":{\"@id\":\"https:\/\/permbledhja.com\/#website\"},\"datePublished\":\"2023-01-06T20:29:27+00:00\",\"dateModified\":\"2023-01-06T20:29:27+00:00\",\"breadcrumb\":{\"@id\":\"https:\/\/permbledhja.com\/policia-jep-detaje-per-aksidentin-ne-podujeve-pamje\/#breadcrumb\"},\"inLanguage\":\"sq\",\"potentialAction\":[{\"@type\":\"ReadAction\",\"target\":[\"https:\/\/permbledhja.com\/policia-jep-detaje-per-aksidentin-ne-podujeve-pamje\/\"]}]},{\"@type\":\"BreadcrumbList\",\"@id\":\"https:\/\/permbledhja.com\/policia-jep-detaje-per-aksidentin-ne-podujeve-pamje\/#breadcrumb\",\"itemListElement\":[{\"@type\":\"ListItem\",\"position\":1,\"name\":\"Ballina\",\"item\":\"https:\/\/permbledhja.com\/sq\/\"},{\"@type\":\"ListItem\",\"position\":2,\"name\":\"Policia jep detaje p\u00ebr aksidentin n\u00eb Podujev\u00eb (PAMJE)\"}]},{\"@type\":\"WebSite\",\"@id\":\"https:\/\/permbledhja.com\/#website\",\"url\":\"https:\/\/permbledhja.com\/\",\"name\":\"Ve\u00e7 artikuj p\u00ebrmbledh\u00ebs\",\"description\":\"\",\"publisher\":{\"@id\":\"https:\/\/permbledhja.com\/#organization\"},\"potentialAction\":[{\"@type\":\"SearchAction\",\"target\":{\"@type\":\"EntryPoint\",\"urlTemplate\":\"https:\/\/permbledhja.com\/?s={search_term_string}\"},\"query-input\":\"required name=search_term_string\"}],\"inLanguage\":\"sq\"},{\"@type\":\"Organization\",\"@id\":\"https:\/\/permbledhja.com\/#organization\",\"name\":\"MK Media & Pr\",\"url\":\"https:\/\/permbledhja.com\/\",\"logo\":{\"@type\":\"ImageObject\",\"inLanguage\":\"sq\",\"@id\":\"https:\/\/permbledhja.com\/#\/schema\/logo\/image\/\",\"url\":\"https:\/\/permbledhja.com\/wp-content\/uploads\/2021\/12\/07-Press-Logo.jpg\",\"contentUrl\":\"https:\/\/permbledhja.com\/wp-content\/uploads\/2021\/12\/07-Press-Logo.jpg\",\"width\":512,\"height\":512,\"caption\":\"MK Media & Pr\"},\"image\":{\"@id\":\"https:\/\/permbledhja.com\/#\/schema\/logo\/image\/\"},\"sameAs\":[\"https:\/\/www.facebook.com\/press07\/\"]},{\"@type\":\"Person\",\"@id\":\"https:\/\/permbledhja.com\/#\/schema\/person\/0d064377258d3221e50693947b9eb4fe\",\"name\":\"P\u00ebrmbledhja\",\"image\":{\"@type\":\"ImageObject\",\"inLanguage\":\"sq\",\"@id\":\"https:\/\/permbledhja.com\/#\/schema\/person\/image\/\",\"url\":\"https:\/\/permbledhja.com\/wp-content\/uploads\/2026\/01\/452004717_1040944174702970_8932037511805513407_n-96x96.jpg\",\"contentUrl\":\"https:\/\/permbledhja.com\/wp-content\/uploads\/2026\/01\/452004717_1040944174702970_8932037511805513407_n-96x96.jpg\",\"caption\":\"P\u00ebrmbledhja\"},\"sameAs\":[\"https:\/\/www.facebook.com\/kafexhiu.muharrem\/\",\"https:\/\/www.instagram.com\/muharrem_kafexhiu\/\"],\"url\":\"https:\/\/permbledhja.com\/sq\/author\/admin\/\"}]}<\/script>\n<!-- \/ Yoast SEO plugin. -->","yoast_head_json":{"title":"Policia jep detaje p\u00ebr aksidentin n\u00eb Podujev\u00eb (PAMJE)","robots":{"index":"index","follow":"follow","max-snippet":"max-snippet:-1","max-image-preview":"max-image-preview:large","max-video-preview":"max-video-preview:-1"},"canonical":"https:\/\/permbledhja.com\/sq\/policia-jep-detaje-per-aksidentin-ne-podujeve-pamje\/","og_locale":"sq_AL","og_type":"article","og_title":"Policia jep detaje p\u00ebr aksidentin n\u00eb Podujev\u00eb (PAMJE)","og_description":"Nj\u00eb aksident trafiku ka ndodhur sonte n\u00eb rrug\u00ebn Prishtin\u00eb \u2013 Podujev\u00eb, konkretisht n\u00eb fshatin Sekira\u00e7\u00eb. N\u00eb k\u00ebt\u00eb aksident, bazuar n\u00eb pamjet q\u00eb ka siguruar portali, shihet se jan\u00eb p\u00ebrfshir\u00eb nj\u00eb vetur\u00eb dhe nj\u00eb furgon (kombi). Z\u00ebdh\u00ebn\u00ebsja e Policis\u00eb s\u00eb Kosov\u00ebs, Flora Ahmeti, i ka th\u00ebn\u00eb Llapi.info-s se nga ky aksident jan\u00eb l\u00ebnduar dy persona. T\u00eb [&hellip;]","og_url":"https:\/\/permbledhja.com\/sq\/policia-jep-detaje-per-aksidentin-ne-podujeve-pamje\/","og_site_name":"Ve\u00e7 artikuj p\u00ebrmbledh\u00ebs","article_publisher":"https:\/\/www.facebook.com\/press07\/","article_author":"https:\/\/www.facebook.com\/kafexhiu.muharrem\/","article_published_time":"2023-01-06T20:29:27+00:00","og_image":[{"width":600,"height":360,"url":"https:\/\/permbledhja.com\/wp-content\/uploads\/2022\/07\/policia-e-kosoves-naten.png","type":"image\/png"}],"author":"P\u00ebrmbledhja","twitter_card":"summary_large_image","twitter_misc":{"Written by":"P\u00ebrmbledhja"},"schema":{"@context":"https:\/\/schema.org","@graph":[{"@type":"Article","@id":"https:\/\/permbledhja.com\/policia-jep-detaje-per-aksidentin-ne-podujeve-pamje\/#article","isPartOf":{"@id":"https:\/\/permbledhja.com\/policia-jep-detaje-per-aksidentin-ne-podujeve-pamje\/"},"author":{"name":"P\u00ebrmbledhja","@id":"https:\/\/permbledhja.com\/#\/schema\/person\/0d064377258d3221e50693947b9eb4fe"},"headline":"Policia jep detaje p\u00ebr aksidentin n\u00eb Podujev\u00eb (PAMJE)","datePublished":"2023-01-06T20:29:27+00:00","dateModified":"2023-01-06T20:29:27+00:00","mainEntityOfPage":{"@id":"https:\/\/permbledhja.com\/policia-jep-detaje-per-aksidentin-ne-podujeve-pamje\/"},"wordCount":105,"publisher":{"@id":"https:\/\/permbledhja.com\/#organization"},"keywords":["Policia e Kosov\u00ebs"],"articleSection":["Komb\u00ebtare","Lajme"],"inLanguage":"sq"},{"@type":"WebPage","@id":"https:\/\/permbledhja.com\/policia-jep-detaje-per-aksidentin-ne-podujeve-pamje\/","url":"https:\/\/permbledhja.com\/policia-jep-detaje-per-aksidentin-ne-podujeve-pamje\/","name":"Policia jep detaje p\u00ebr aksidentin n\u00eb Podujev\u00eb (PAMJE)","isPartOf":{"@id":"https:\/\/permbledhja.com\/#website"},"datePublished":"2023-01-06T20:29:27+00:00","dateModified":"2023-01-06T20:29:27+00:00","breadcrumb":{"@id":"https:\/\/permbledhja.com\/policia-jep-detaje-per-aksidentin-ne-podujeve-pamje\/#breadcrumb"},"inLanguage":"sq","potentialAction":[{"@type":"ReadAction","target":["https:\/\/permbledhja.com\/policia-jep-detaje-per-aksidentin-ne-podujeve-pamje\/"]}]},{"@type":"BreadcrumbList","@id":"https:\/\/permbledhja.com\/policia-jep-detaje-per-aksidentin-ne-podujeve-pamje\/#breadcrumb","itemListElement":[{"@type":"ListItem","position":1,"name":"Ballina","item":"https:\/\/permbledhja.com\/sq\/"},{"@type":"ListItem","position":2,"name":"Policia jep detaje p\u00ebr aksidentin n\u00eb Podujev\u00eb (PAMJE)"}]},{"@type":"WebSite","@id":"https:\/\/permbledhja.com\/#website","url":"https:\/\/permbledhja.com\/","name":"Ve\u00e7 artikuj p\u00ebrmbledh\u00ebs","description":"","publisher":{"@id":"https:\/\/permbledhja.com\/#organization"},"potentialAction":[{"@type":"SearchAction","target":{"@type":"EntryPoint","urlTemplate":"https:\/\/permbledhja.com\/?s={search_term_string}"},"query-input":"required name=search_term_string"}],"inLanguage":"sq"},{"@type":"Organization","@id":"https:\/\/permbledhja.com\/#organization","name":"MK Media & Pr","url":"https:\/\/permbledhja.com\/","logo":{"@type":"ImageObject","inLanguage":"sq","@id":"https:\/\/permbledhja.com\/#\/schema\/logo\/image\/","url":"https:\/\/permbledhja.com\/wp-content\/uploads\/2021\/12\/07-Press-Logo.jpg","contentUrl":"https:\/\/permbledhja.com\/wp-content\/uploads\/2021\/12\/07-Press-Logo.jpg","width":512,"height":512,"caption":"MK Media & Pr"},"image":{"@id":"https:\/\/permbledhja.com\/#\/schema\/logo\/image\/"},"sameAs":["https:\/\/www.facebook.com\/press07\/"]},{"@type":"Person","@id":"https:\/\/permbledhja.com\/#\/schema\/person\/0d064377258d3221e50693947b9eb4fe","name":"P\u00ebrmbledhja","image":{"@type":"ImageObject","inLanguage":"sq","@id":"https:\/\/permbledhja.com\/#\/schema\/person\/image\/","url":"https:\/\/permbledhja.com\/wp-content\/uploads\/2026\/01\/452004717_1040944174702970_8932037511805513407_n-96x96.jpg","contentUrl":"https:\/\/permbledhja.com\/wp-content\/uploads\/2026\/01\/452004717_1040944174702970_8932037511805513407_n-96x96.jpg","caption":"P\u00ebrmbledhja"},"sameAs":["https:\/\/www.facebook.com\/kafexhiu.muharrem\/","https:\/\/www.instagram.com\/muharrem_kafexhiu\/"],"url":"https:\/\/permbledhja.com\/sq\/author\/admin\/"}]}},"_links":{"self":[{"href":"https:\/\/permbledhja.com\/sq\/wp-json\/wp\/v2\/posts\/11219"}],"collection":[{"href":"https:\/\/permbledhja.com\/sq\/wp-json\/wp\/v2\/posts"}],"about":[{"href":"https:\/\/permbledhja.com\/sq\/wp-json\/wp\/v2\/types\/post"}],"author":[{"embeddable":true,"href":"https:\/\/permbledhja.com\/sq\/wp-json\/wp\/v2\/users\/1"}],"replies":[{"embeddable":true,"href":"https:\/\/permbledhja.com\/sq\/wp-json\/wp\/v2\/comments?post=11219"}],"version-history":[{"count":1,"href":"https:\/\/permbledhja.com\/sq\/wp-json\/wp\/v2\/posts\/11219\/revisions"}],"predecessor-version":[{"id":11221,"href":"https:\/\/permbledhja.com\/sq\/wp-json\/wp\/v2\/posts\/11219\/revisions\/11221"}],"wp:featuredmedia":[{"embeddable":true,"href":"https:\/\/permbledhja.com\/sq\/wp-json\/wp\/v2\/media\/967"}],"wp:attachment":[{"href":"https:\/\/permbledhja.com\/sq\/wp-json\/wp\/v2\/media?parent=11219"}],"wp:term":[{"taxonomy":"category","embeddable":true,"href":"https:\/\/permbledhja.com\/sq\/wp-json\/wp\/v2\/categories?post=11219"},{"taxonomy":"post_tag","embeddable":true,"href":"https:\/\/permbledhja.com\/sq\/wp-json\/wp\/v2\/tags?post=11219"}],"curies":[{"name":"wp","href":"https:\/\/api.w.org\/{rel}","templated":true}]}}