{"id":11084,"date":"2022-12-30T16:42:29","date_gmt":"2022-12-30T16:42:29","guid":{"rendered":"https:\/\/permbledhja.com\/?p=11084"},"modified":"2022-12-30T16:42:29","modified_gmt":"2022-12-30T16:42:29","slug":"hovenier-asociacioni-duhet-te-krijohet-pershpejton-normalizimin-e-marredhenieve-me-serbine","status":"publish","type":"post","link":"https:\/\/permbledhja.com\/sq\/hovenier-asociacioni-duhet-te-krijohet-pershpejton-normalizimin-e-marredhenieve-me-serbine\/","title":{"rendered":"Hovenier: Asociacioni duhet t\u00eb krijohet, p\u00ebrshpejton normalizimin e marr\u00ebdh\u00ebnieve me Serbin\u00eb"},"content":{"rendered":"<p>Ambasadori i Shteteve t\u00eb Bashkuara t\u00eb Amerik\u00ebs, Jeff Hovenier, n\u00eb nj\u00eb takim me gazetar n\u00eb prag t\u00eb Vitit t\u00eb Ri ka biseduar p\u00ebr zhvillimet politike q\u00eb e kan\u00eb p\u00ebrcjell\u00eb Kosov\u00ebn p\u00ebrgjat\u00eb k\u00ebtij viti dhe p\u00ebr pritjet e Washingtonit p\u00ebr vitin 2023. Hovenier e ka th\u00ebn\u00eb shum\u00eb prer\u00eb se SHBA-ja pret q\u00eb Kosova t\u00eb themeloj\u00eb Asociacionin e Komunave me Shumic\u00eb Serbe, jo n\u00eb kund\u00ebrshtim me Kushtetut\u00ebn e Kosov\u00ebs por n\u00eb pajtim me vendimin e Gjykat\u00ebs Kushtetuese t\u00eb vitit 2015. Gjithashtu ka theksuar se SHBA-ja nuk p\u00ebrkrah nj\u00eb Asociacion q\u00eb do t\u00eb defunksionalizonte shtetin e Kosov\u00ebs. Hovenier gjithashtu ka folur edhe p\u00ebr veriun e Republik\u00ebs s\u00eb Kosov\u00ebs duke th\u00ebn\u00eb se Shtetet e Bashkuara t\u00eb Amerik\u00ebs e kan\u00eb njohur Kosov\u00ebn n\u00eb vitin 2008 me kufijt\u00eb ekzistues dhe p\u00ebr Sht\u00ebpin\u00eb e Bardh\u00eb veriu \u00ebsht\u00eb pjes\u00eb e Republik\u00ebs s\u00eb Kosov\u00ebs dhe se Amerika e trajton ashtu.<\/p>\n<p>Pyetja: Vu\u00e7iq tha dje se ai ka marr\u00eb garanci nga BE dhe SHBA. A mund t\u00eb na thoni se \u00e7far\u00eb jan\u00eb k\u00ebto garanci?<\/p>\n<p>Hovenier: Zotimi apo garancion i vet\u00ebm q\u00eb ne e kemi b\u00ebr\u00eb jan\u00eb publikisht t\u00eb njohura. Po supozoj se Presidenti Vu\u00e7iq i \u00ebsht\u00eb referuar direkt deklarat\u00ebs s\u00eb SHBA-s\u00eb dhe BE-s\u00eb t\u00eb 28 dhjetorit, e cila fliste p\u00ebr eskalimin e tensioneve n\u00eb veri t\u00eb Kosov\u00ebs dhe p\u00ebr perspektiv\u00ebn ton\u00eb p\u00ebr situat\u00ebn. Nj\u00eb thirrje q\u00eb ne e b\u00ebm\u00eb p\u00ebr t\u00eb gjith\u00eb q\u00eb t\u00eb p\u00ebrmbahen maksimalisht dhe t\u00eb de-eskalohet situata, e cila p\u00ebrs\u00ebrit disa nga mir\u00ebkuptimet q\u00eb kemi pasur me lidershipin e Kosov\u00ebs p\u00ebr \u00e7\u00ebshtje t\u00eb komunitetit serb n\u00eb Kosov\u00eb dhe gjithashtu edhe thirrjen ton\u00eb p\u00ebr Kosov\u00ebn dhe Serbin\u00eb q\u00eb t\u00eb  rikthehen n\u00eb sigurimin e ambientit drejt pajtimit dhe bashk\u00ebpunimit e stabilitetit rajonal. Edhe ju jeni po aq t\u00eb njohur sa un\u00eb me \u00e7far\u00ebdo zotimi q\u00eb ne e kemi b\u00ebr\u00eb p\u00ebr cil\u00ebndo pal\u00eb. <\/p>\n<p>Pyetje: A besoni se kjo do t\u00eb p\u00ebrshpejtoj\u00eb procesin e bisedimeve pas vitit t\u00eb ri?<\/p>\n<p>Hovenier: Un\u00eb sinqerisht besoj n\u00eb k\u00ebt\u00eb dhe ky \u00ebsht\u00eb q\u00ebllimi yn\u00eb dhe i BE-s\u00eb. Askush nga ne nuk ka shpresuar t\u00eb shoh nj\u00eb num\u00ebr t\u00eb \u00e7\u00ebshtjeve emergjente q\u00eb kan\u00eb ndodhur, q\u00eb sipas perspektiv\u00ebs ton\u00eb e kan\u00eb penguar pak rrug\u00ebn p\u00ebr gj\u00ebra me r\u00ebnd\u00ebsi. Ne jemi t\u00eb p\u00ebrkushtuar t\u00eb punojm\u00eb drejt nj\u00eb marr\u00ebveshje gjith\u00ebp\u00ebrfshir\u00ebse p\u00ebr normalizim marr\u00ebdh\u00ebniesh q\u00eb ka n\u00eb qend\u00ebr njohjen e nd\u00ebrsjell\u00eb. Ne besojm\u00eb q\u00eb m\u00ebnyra m\u00eb e mir\u00eb p\u00ebrpara \u00ebsht\u00eb q\u00eb me urgjenc\u00eb t\u00eb diskutohet p\u00ebr propozimin e BE-s\u00eb, q\u00eb p\u00ebrkrahet nga Franca dhe Gjermania, q\u00eb SHBA e p\u00ebrkrah\u00eb plot\u00ebsisht. Ky kontribuon drejt n\u00eb arritjen e nj\u00eb marr\u00ebveshje n\u00eb disa \u00e7\u00ebshtje me r\u00ebnd\u00ebsi nd\u00ebrmjet dy shteteve. Por, ato p\u00ebr \u00e7ka Miroslav Laj\u00e7ak s\u00eb fundmi ka folur n\u00eb nj\u00eb intervist\u00eb \u00ebsht\u00eb se jan\u00eb disa kriza s\u00eb fundmi q\u00eb e kan\u00eb b\u00ebr\u00eb t\u00eb v\u00ebshtir\u00eb q\u00eb t\u00eb fokusohemi n\u00eb k\u00ebt\u00eb q\u00ebllim m\u00eb t\u00eb gjer\u00eb strategjik por ne shpresojm\u00eb shum\u00eb se n\u00eb vitin e ri do t\u00eb ket\u00eb vazhdim t\u00eb k\u00ebtyre bisedimeve dhe do t\u00eb punojm\u00eb drejt marr\u00ebveshjes gjith\u00ebp\u00ebrfshir\u00ebse.<\/p>\n<p>Pyetje: Kemi d\u00ebgjuar s\u00eb fundmi shum\u00eb zhg\u00ebnjim nga SHBA-ja drejtuar institucioneve t\u00eb Kosov\u00ebs, kryesisht m\u00ebnyra si \u00ebsht\u00eb menaxhuar situata n\u00eb veri. A ka d\u00ebmtuar n\u00eb ndonj\u00eb form\u00eb kjo raportet Kosov\u00eb \u2013 SHBA dhe si ishte t\u00eb negocionit me Kurtin q\u00eb t\u00eb t\u00ebrhiqet nga vendimi p\u00ebr targat? N\u00eb k\u00ebt\u00eb aspekt, mund t\u00eb jeni n\u00eb dijeni se ai ka th\u00ebn\u00eb q\u00eb keni pasur ju m\u00eb shum\u00eb informacione se ai prandaj ka vendosur k\u00ebshtu, a pajtoheni me ket\u00eb? <\/p>\n<p>Hovenier: Kishte deklarata specifike nga zyrtar\u00eb amerikan\u00eb jo n\u00eb jav\u00ebt e fundit por m\u00eb her\u00ebt q\u00eb shprehnin shqet\u00ebsim p\u00ebr pozicionet e Qeveris\u00eb s\u00eb Kosov\u00ebs. Ne ndajm\u00eb objektivat e nj\u00ebjta strategjike, ne duam ta shohim Kosov\u00ebn n\u00eb Bashkimin Evropian dhe organizatat euro-atlantike, duam t\u00eb shohim progres n\u00eb normalizimin e raporteve mes Kosov\u00ebs dhe Serbis\u00eb. N\u00eb disa raste, nuk jemi pajtuar, jo n\u00eb objektivat strategjike por n\u00eb taktikat q\u00eb t\u00eb mb\u00ebrrijm\u00eb atje dhe mendoj se \u00e7\u00ebshtja e targave ishte nj\u00eb shembull i qart\u00eb i k\u00ebsaj. Ne e kemi pranuar t\u00eb drejt\u00ebn e Kosov\u00ebs q\u00eb njer\u00ebzit q\u00eb jetojn\u00eb n\u00eb Kosov\u00eb, do t\u00eb ken\u00eb tabela t\u00eb Kosov\u00ebs. Por, nuk u pajtuam n\u00eb m\u00ebnyr\u00ebn dhe koh\u00ebn p\u00ebr ta zbatuar k\u00ebt\u00eb dhe kjo rezultoi n\u00eb shprehjen e nj\u00eb zhg\u00ebnjimi sepse e gjet\u00ebm veten n\u00eb nj\u00eb situat\u00eb, ku gj\u00ebrat sipas perspektiv\u00ebs t\u00eb Qeveris\u00eb amerikane dhe partner\u00ebve tan\u00eb, q\u00eb nuk do t\u00eb duhej t\u00eb b\u00ebheshin pika ndez\u00ebse u b\u00ebn potencialisht t\u00eb tilla. A i ka d\u00ebmtuar kjo raportet tona? Nuk besoj k\u00ebshtu, as institucionalisht e as privatisht. Un\u00eb kam raporte bashk\u00ebpunuese dhe besoj t\u00eb respektit t\u00eb nd\u00ebrsjell\u00eb si me kryeministrin Albin Kurti ashtu edhe me Presidenten Osmani. SHBA-ja \u00ebsht\u00eb p\u00ebrkrah\u00ebse e objektiva t\u00eb afatgjate t\u00eb Kosov\u00ebs si\u00e7 ka qen\u00eb gjithmon\u00eb. Ne me siguri ende do t\u00eb kemi disa dallime n\u00eb m\u00ebnyrat taktike se si t\u2019i arrijm\u00eb rezultatet e nj\u00ebjta. M\u00eb duhet t\u00eb n\u00ebnvizoj se prioriteti yn\u00eb dhe besoj edhe i Qeveris\u00eb s\u00eb Kosov\u00ebs \u00ebsht\u00eb q\u00eb t\u00eb punojm\u00eb n\u00eb nj\u00eb ambient ku nuk kemi kriza ose pika ndez\u00ebse q\u00eb krijojn\u00eb nj\u00eb situat\u00eb ku ajo b\u00ebhet agjenda n\u00eb vend t\u00eb agjend\u00ebs me r\u00ebnd\u00ebsi dhe strategjike p\u00ebr normalizim t\u00eb raporteve me Serbin\u00eb dhe ne do t\u00eb punojm\u00eb fuqish\u00ebm q\u00eb t\u00eb shtyjm\u00eb k\u00ebt\u00eb p\u00ebrpara her\u00ebt n\u00eb vitin e ri. <\/p>\n<p>Pyetje: Bazuar n\u00eb gjitha veprimet e Qeveris\u00eb Kurti p\u00ebr situat\u00ebn n\u00eb veri, a e keni k\u00ebshilluar q\u00eb t\u00eb mos ngutet me ato veprime, p\u00ebrfshir\u00eb targat ose zgjedhjet<\/p>\n<p>Hovenier: Do t\u00eb thoja se k\u00ebshilla ime p\u00ebr Qeverin\u00eb e Kosov\u00ebs \u00ebsht\u00eb \u00e7\u00ebshtje publike. Ne nuk kemi mesazhe sekrete p\u00ebr ta q\u00eb dallojn\u00eb nga ato q\u00eb i themi publikisht. Nuk \u00ebsht\u00eb sekret q\u00eb ne kemi dashur m\u00eb shum\u00eb koh\u00eb n\u00eb zbatimin e vendimit p\u00ebr gjobitje p\u00ebr personat q\u00eb nuk i kan\u00eb ndryshuar targat. Por jemi p\u00ebrtej k\u00ebsaj tani. M\u00eb duhet t\u2019i potencoj disa hapa q\u00eb i ka b\u00ebr\u00eb Qeveria e Kosov\u00ebs. P\u00ebrderisa ne kishim nj\u00eb pik\u00ebpamje tjet\u00ebr t\u00eb afatit p\u00ebr targat, p\u00ebrfundimisht Qeveria e Kosov\u00ebs, edhe pse m\u00eb von\u00eb, por megjithat\u00eb u pajtua me at\u00eb. N\u00eb k\u00ebt\u00eb pik\u00eb, Qeveria nuk gjobit njer\u00ebzit q\u00eb nuk i kan\u00eb ndryshuar targat dhe as nuk jep v\u00ebrejtje dhe kjo ishte nj\u00eb p\u00ebrpjekje p\u00ebr t\u00eb de-eskaluar situat\u00ebn. Kur barrikadat ndodh\u00ebn, q\u00eb ishte nj\u00eb gj\u00eb shum\u00eb e v\u00ebshtir\u00eb dhe SHBA-ja dha nj\u00eb deklarat\u00eb jasht\u00ebzakonisht t\u00eb fuqishme, duke iu referuar ashtu si\u00e7 jan\u00eb, q\u00eb ata t\u00eb cil\u00ebt kan\u00eb vendosur barrikada ilegale n\u00eb rrug\u00eb duhet t\u2019i largojn\u00eb ato menj\u00ebher\u00eb. Ne kemi qen\u00eb t\u00eb qart\u00eb p\u00ebr k\u00ebt\u00eb. Gjithashtu, i kemi th\u00ebn\u00eb Qeveris\u00eb privatisht dhe publikisht se duam durim, se l\u00ebvizja shum\u00eb e shpejt\u00eb dhe n\u00eb m\u00ebnyr\u00eb t\u00eb nj\u00ebanshme do t\u00eb komplikonte situat\u00ebn m\u00eb shum\u00eb se sa ta p\u00ebrmir\u00ebsonte. Qeveria e d\u00ebgjoi k\u00ebt\u00eb. Nga perspektiva jon\u00eb kryeministri Kurti dhe Qeveria treguan p\u00ebr durimin q\u00eb kemi k\u00ebrkuar derisa ishim duke e zgjidhur k\u00ebt\u00eb. Ne donim nj\u00eb zgjidhje politike p\u00ebr k\u00ebt\u00eb. Kolegu im n\u00eb Beograd, Ambasadori Hill ishte i qart\u00eb n\u00eb k\u00ebt\u00eb dhe ka t\u00eb drejt\u00eb. Dhe p\u00ebrfundimisht nj\u00eb zgjidhje politike u gjend. U nevojit durim, pun\u00eb t\u00eb v\u00ebshtir\u00eb por u arrit dhe mendoj se t\u00eb gjith\u00eb mund t\u00eb pajtohemi se m\u00ebnyra si jan\u00eb larguar barrikadat, me disa p\u00ebrjashtime sot, \u00ebsht\u00eb shum\u00eb m\u00eb e preferueshme sesa p\u00ebrdorimi i forc\u00ebs q\u00eb do t\u00eb mund t\u00eb rezultonte me njer\u00ebz t\u00eb l\u00ebnduar ose larg qoft\u00eb t\u00eb vriten. K\u00ebshtu, un\u00eb do t\u00eb them se ka pasur p\u00ebrgjigje nga Qeveria e Kosov\u00ebs p\u00ebr disa shqet\u00ebsime tona dhe ka pasur gjithashtu edhe disa momente q\u00eb kemi pasur q\u00ebndrime shum\u00eb t\u00eb ndryshme p\u00ebr m\u00ebnyrat m\u00eb t\u00eb mira p\u00ebr disa nga  k\u00ebto \u00e7\u00ebshtje. <\/p>\n<p>Pyetje: Z.Ambasador, n\u00ebse nuk gaboj dy jav\u00eb m\u00eb par\u00eb p\u00ebrfaq\u00ebsuesi special Gabriel Escobar n\u00eb N1 tha q\u00eb n\u00ebse Kosova nuk pranon q\u00eb t\u00eb themeloj\u00eb Asociacionin e Komunave me Shumic\u00eb serbe do t\u00eb gjejn\u00eb nj\u00eb m\u00ebnyr\u00eb p\u00ebr t\u00eb krijuar at\u00eb pa Qeverin\u00eb e Kosov\u00ebs. Si do t\u00eb jet\u00eb e mundur di\u00e7ka e till\u00eb?<\/p>\n<p>Hovenier: M\u00eb lejoni q\u00eb t\u00eb rithem q\u00eb ai (Escobar) di\u00e7ka e ka th\u00ebn\u00eb shum\u00eb qart\u00eb dhe q\u00eb un\u00eb e kam th\u00ebn\u00eb shum\u00eb qart\u00eb. Mbetet nj\u00eb q\u00ebndrim i qart\u00eb politik i SHBA-s\u00eb. Themelimi i Asociacionit t\u00eb Komunave me Shumic\u00eb Serbe s\u2019ka alternativ\u00eb. \u00cbsht\u00eb nj\u00eb marr\u00ebveshje ligj\u00ebrisht e obligueshme t\u00eb cil\u00ebn Kosova e ka marr\u00eb p\u00ebrsip\u00ebr. Nj\u00eb marr\u00ebveshje ligj\u00ebrisht e obligueshme q\u00eb \u00ebsht\u00eb konfirmuar nga Kuvendi i Kosov\u00ebs. Shtetet nuk  mund t\u00eb vendosin se \u00e7far\u00eb marr\u00ebveshje ligj\u00ebrisht t\u00eb obligueshme e implementojn\u00eb apo s\u2019e implementojn\u00eb. Ato jan\u00eb marr\u00ebveshje ligj\u00ebrisht t\u00eb obligueshme. Kosova \u00ebsht\u00eb nj\u00eb shtet q\u00eb ndjek zbatimin e Ligjit. K\u00ebshtu q\u00eb pritja jon\u00eb \u00ebsht\u00eb q\u00eb Kosova e implementon Asociacionin e Komunave me Shumic\u00eb Serbe. Ne gjithashtu besojm\u00eb fuqish\u00ebm q\u00eb \u00ebsht\u00eb edhe n\u00eb interesin e Kosov\u00ebs q\u00eb ta b\u00ebj\u00eb nj\u00eb gj\u00eb t\u00eb till\u00eb. Ky \u00ebsht\u00eb nj\u00eb element i r\u00ebnd\u00ebsish\u00ebm k\u00ebsaj p\u00ebrpjekjes s\u00eb gjer\u00eb p\u00ebr t\u00eb p\u00ebrshpejtuar normalizimin e raporteve n\u00eb mes t\u00eb Kosov\u00ebs dhe Serbis\u00eb. Por pa marr\u00eb parasysh Serbin\u00eb, kjo \u00ebsht\u00eb nj\u00eb gj\u00eb shum\u00eb e r\u00ebnd\u00ebsishme p\u00ebr Kosov\u00ebn. Serb\u00ebt e Kosov\u00ebs jan\u00eb qytetar\u00eb t\u00eb Kosov\u00ebs, banor\u00eb t\u00eb Kosov\u00ebs, ata g\u00ebzojn\u00eb t\u00eb drejtat n\u00eb Kosov\u00eb, ata duhet t\u00eb marrin t\u00eb drejtat dhe mbrojtjen nga shtetit sikur t\u00eb gjith\u00eb qytetar\u00ebt e Kosov\u00ebs.<\/p>\n<p>Ata kan\u00eb shprehur shqet\u00ebsimet e tyre q\u00eb ata besojn\u00eb se shteti nuk \u00ebsht\u00eb plot\u00ebsisht duke iu p\u00ebrgjigjur shqet\u00ebsimeve t\u00eb tyre, apo nuk \u00ebsht\u00eb duke i adresuar shqet\u00ebsimet e tyre. Ata kan\u00eb folur p\u00ebr r\u00ebnd\u00ebsin\u00eb e Asociacionit t\u00eb Komunave me Shumic\u00eb Serbe si nj\u00eb indikator i gatishm\u00ebris\u00eb s\u00eb institucioneve p\u00ebr t\u2019iu p\u00ebrgjigjur atyre.<\/p>\n<p>Duke e implementuar k\u00ebt\u00eb, duke l\u00ebvizur p\u00ebrpara me k\u00ebt\u00eb, shteti jo vet\u00ebm q\u00eb po e plot\u00ebson nj\u00eb obligim q\u00eb ka, por gjithashtu po ndihmon vendin p\u00ebr t\u00eb qen\u00eb m\u00eb i fort\u00eb dhe m\u00eb mir\u00eb. Nj\u00eb Kosov\u00eb multietnike ku t\u00eb gjith\u00eb qytetar\u00ebt ndjehen q\u00eb marrin mbrojtjen dhe t\u00eb drejtat. Ne amerikan\u00ebt jemi shum\u00eb m\u00eb t\u00eb fort\u00eb si rezultat i diversitetit ton\u00eb.<\/p>\n<p>T\u00eb kthehem tek ajo q\u00eb kolegu Gabriel Escobar ka th\u00ebn\u00eb. Ne jemi shum\u00eb shum\u00eb serioz ta shohim q\u00eb kjo \u00e7\u00ebshtje ec\u00eb p\u00ebrpara. Ne do t\u00eb flasim me t\u00eb gjith\u00eb p\u00ebr k\u00ebt\u00eb me t\u00eb gjith\u00eb hisedar\u00ebt p\u00ebr k\u00ebt\u00eb,  kjo sigurisht p\u00ebrfshin\u00eb Qeverin\u00eb. Por edhe hisedar\u00eb t\u00eb tjer\u00eb, ka parti opozitare, OJQ. Ka individ\u00eb t\u00eb interesuar. T\u00eb gjith\u00eb ata q\u00eb kan\u00eb di\u00e7ka p\u00ebr t\u00eb th\u00ebn\u00eb.<\/p>\n<p>Di\u00e7ka t\u00eb fundit q\u00eb dua ta them p\u00ebr t\u00eb cil\u00ebn njer\u00ebzit duhet t\u00eb risigurohen.<\/p>\n<p>Ne jemi gjithashtu n\u00eb dijeni p\u00ebr shqet\u00ebsimet q\u00eb Asociacioni mund t\u00eb keqp\u00ebrdor\u00ebt n\u00eb m\u00ebnyra t\u00eb ndryshme apo t\u00eb krijoj\u00eb nj\u00eb nivel t\u00eb tret\u00eb t\u00eb qeverisjes t\u00eb krijoj defunksionalizim. N\u00eb nuk e mb\u00ebshtesim di\u00e7ka t\u00eb till\u00eb dhe kjo s\u2019\u00ebsht\u00eb e re n\u00eb pozicionin e SHBA-s\u00eb.<\/p>\n<p>\u00c7far\u00eb i kemi th\u00ebn\u00eb Qeveris\u00eb shum\u00eb qart\u00eb \u00ebsht\u00eb q\u00eb ne besojm\u00eb se Asociacioni duhet t\u00eb shkoj\u00eb p\u00ebrpara. Por nuk duhet t\u00eb b\u00ebhet n\u00eb nj\u00eb m\u00ebnyr\u00eb q\u00eb \u00ebsht\u00eb kund\u00ebr me Kushtetut\u00ebn aktuale  t\u00eb Kosov\u00ebs, apo nuk duhet t\u00eb b\u00ebhet n\u00eb kund\u00ebrshtim me vendimin e vitit 2015 t\u00eb Gjykat\u00ebs Kushtetuese.<\/p>\n<p>Ne besojm\u00eb q\u00eb n\u00ebn k\u00ebto dispozita ka shum\u00eb hap\u00ebsir\u00eb q\u00eb Asociacioni t\u00eb b\u00ebhet dhe t\u00eb funksionoj\u00eb dhe t\u00eb adresoj\u00eb t\u00eb gjitha shqet\u00ebsimet e serb\u00ebve etnik\u00eb n\u00eb Kosov\u00eb. N\u00eb sh\u00ebndet\u00ebsi dhe arsim n\u00eb m\u00ebnyr\u00eb specifike.<\/p>\n<p>Kjo \u00ebsht\u00eb \u00e7far\u00eb kolegu im ka th\u00ebn\u00eb un\u00eb po e p\u00ebrs\u00ebris. Por dua t\u00eb jem shum\u00eb i qart\u00eb q\u00eb ky \u00ebsht\u00eb nj\u00eb prioritet shum\u00eb i r\u00ebnd\u00ebsish\u00ebm p\u00ebr Shtetet e Bashkuara t\u00eb Amerik\u00ebs.<\/p>\n<p>Pyetje: A keni marr\u00eb ndonj\u00eb garanci jo-zyrtare nga ndonj\u00eb prej institucioneve e Kosov\u00ebs q\u00eb do t\u00eb krijojm\u00eb Asociacionit p\u00ebr t\u00eb marr\u00eb di\u00e7ka tjet\u00ebr n\u00eb dialog?<\/p>\n<p>Hovenier: \u00c7far\u00eb mund t\u00eb them \u00ebsht\u00eb q\u00eb Asociacioni mbetet pjes\u00eb aktive e dialogut ton\u00eb me Qeverin\u00eb e Kosov\u00ebs. Un\u00eb mund t\u00eb them q\u00eb brenda ideve p\u00ebr normalizim \u00ebsht\u00eb nj\u00eb nevoj\u00eb p\u00ebr t\u00eb diskutuar \u00e7far\u00eb un\u00eb do ta quaja obligimet dhe garancit\u00eb p\u00ebr komunitetet jo shumic\u00eb dhe kjo \u00ebsht\u00eb pjes\u00eb e bisedimeve tona me Qeverin\u00eb.<\/p>\n<p>Pyetje: N\u00eb q\u00ebndrimin e p\u00ebrbashk\u00ebt q\u00eb keni pasur bashke me BE-n\u00eb ju mir\u00ebpritet faktin q\u00eb Kosova s\u2019ka list\u00eb q\u00eb kan\u00eb qen\u00eb n\u00eb barrikada. Nd\u00ebrkoh\u00eb n\u00eb paragrafin tjet\u00ebr ju keni k\u00ebrkuar q\u00eb t\u00eb respektohet rendi dhe ligji. Pse nuk duhet t\u00eb arrestohet \u00e7do kush q\u00eb n\u00eb nj\u00eb m\u00ebnyr\u00eb ka bllokuar ndoshta 10 % t\u00eb territorit dhe ka vendosur n\u00eb rrezik jet\u00ebt e njer\u00ebzve n\u00eb veri?<\/p>\n<p>Hovenier: Pyetja se \u00e7far\u00eb duhet t\u00eb ndiqet p\u00ebr hetime kriminale dhe veprime \u00ebsht\u00eb vendim i autoriteteve t\u00eb Kosov\u00ebs. \u00c7far\u00eb ne kemi th\u00ebn\u00eb n\u00eb q\u00ebndrim, se mir\u00ebpresim sigurit\u00eb e lider\u00ebve t\u00eb Kosov\u00ebs q\u00eb konfirmojn\u00eb, dhe do t\u00eb l\u00eb q\u00eb fjal\u00ebt t\u00eb flasin vet\u00eb, q\u00eb s\u2019ka list\u00eb t\u00eb qytetar\u00ebve serb\u00eb q\u00eb do t\u00eb arrestohen apo ndiqen p\u00ebr protest\u00eb paq\u00ebsor\u00eb\/ ekzistimin e barrikadave. Dhe fjalia tjet\u00ebr n\u00eb t\u00eb nj\u00ebjt\u00ebn koh\u00eb thot\u00eb q\u00eb rendi dhe ligji duhet t\u00eb respektohet. Dhe \u00e7far\u00ebdo forme e dhun\u00ebs \u00ebsht\u00eb e papranueshme dhe nuk do t\u00eb tolerohet.<\/p>\n<p>M\u00eb lejo t\u00eb t\u00eb jap\u00eb nj\u00eb skenar. Dikush \u00ebsht\u00eb duke protestuar, nj\u00eb protest\u00eb e madhe n\u00eb barrikadat e Rudares. Mir\u00ebkuptimi yn\u00eb \u00ebsht\u00eb q\u00eb Qeveria e Kosov\u00ebs nuk e konsideron at\u00eb aksion si krim. Dhe nuk do t\u00eb ndiqet askush p\u00ebr protestim dhe pse \u00ebsht\u00eb prezent.<\/p>\n<p>Ta jap\u00eb nj\u00eb shembull tjet\u00ebr. Dikush \u00ebsht\u00eb duke protestuar tek barrikadat dhe gjuan me arm\u00eb drejt polic\u00ebve dhe gjuan me shok bomb\u00eb di\u00e7ka e till\u00eb. Ky \u00ebsht\u00eb nj\u00eb krim. E kemi th\u00ebn\u00eb qart\u00eb q\u00eb ligji duhet t\u00eb respektohet dhe \u00e7far\u00ebdo forme e dhun\u00ebs \u00ebsht\u00eb e papranueshme. Mendoj q\u00eb kemi dh\u00ebn\u00eb nj\u00eb dallim t\u00eb madh t\u00eb asaj se \u00e7far\u00eb \u00ebsht\u00eb nj\u00eb protest\u00eb paq\u00ebsore dhe aktivitet kriminal.<\/p>\n<p>Pyetje: Do t\u00eb ktheheshim tek Asociacioni. Dua t\u2019iu pyes se po hyjm\u00eb n\u00eb nj\u00eb kriz\u00eb t\u00eb re n\u00eb Kosov\u00eb me \u00e7\u00ebshtjen Asociacionit duke par\u00eb se \u00e7far\u00eb ka ndodhur n\u00eb gjasht\u00eb muajt e fundit kur b\u00ebhet fjal\u00eb p\u00ebr disa marr\u00ebveshje teknike.  A do t\u00eb shohim p\u00ebrs\u00ebris nj\u00eb kok\u00ebfort\u00ebsi t\u00eb Qeveris\u00eb s\u00eb Kosov\u00ebs , a keni qen\u00eb t\u00eb qart\u00eb me ta?<\/p>\n<p>Hovenier: Un\u00eb s\u2019mund t\u00eb flas\u00eb se cili do t\u00eb jet\u00eb q\u00ebndrimi i Qeveris\u00eb p\u00ebr k\u00ebt\u00eb. \u00cbsht\u00eb vendim q\u00eb ata duhet ta marrin. Un\u00eb mund shpreh pritshm\u00ebrit\u00eb tona jan\u00eb dhe partner\u00ebt ton\u00eb po b\u00ebjn\u00eb m\u00eb t\u00eb mir\u00ebn p\u00ebr t\u00eb mb\u00ebshtetur Kosov\u00ebn n\u00eb trajektoren p\u00ebr t\u00eb vazhduar p\u00ebr t\u00eb marr\u00eb vendin e saj n\u00eb strukturat evropiane dhe euroatlantike dhe p\u00ebr t\u00eb arritur nj\u00eb marr\u00ebveshje p\u00ebr normalizim me Serbin\u00eb. \u00c7far\u00eb do t\u00eb thosha \u00ebsht\u00eb q\u00eb po shikojm\u00eb drejt t\u00eb ardhmes. Kjo \u00ebsht\u00eb nj\u00eb pjes\u00eb e r\u00ebnd\u00ebsishme n\u00eb agjend\u00eb.<\/p>\n<p>SHBA do t\u00eb b\u00ebj\u00eb p\u00ebrpjekjen p\u00ebr t\u00eb mb\u00ebshtetur arritjen e k\u00ebtyre synimeve strategjike, gjithashtu edhe partner\u00ebt ton\u00eb, edhe nd\u00ebrmjet\u00ebsuesit e BE-s\u00eb  por do t\u00eb varet shum\u00eb edhe nga negociator\u00ebt. Ne shpresojm\u00eb q\u00eb do t\u00eb ket\u00eb edhe vullnet politik.<\/p>\n<p>Ne besojm\u00eb q\u00eb k\u00ebto \u00e7\u00ebshtje mund t\u00eb zgjidhen p\u00ebrmes k\u00ebtij procesi politik dhe duam q\u00eb kjo t\u00eb ndodh\u00eb.<\/p>\n<p>Pyetje:  A doni q\u00eb Asociacioni t\u00eb zgjidhet brenda marr\u00ebveshjes gjith\u00ebp\u00ebrfshir\u00ebse apo do t\u00eb ket\u00eb negociata t\u00eb ve\u00e7anta q\u00eb \u00e7\u00ebshtja e Asociacionit t\u00eb zgjidhet?<\/p>\n<p>Hovenier: T\u00eb gjitha q\u00ebndrimet tona kan\u00eb qen\u00eb q\u00eb kjo diskutohet brenda dialogut t\u00eb nd\u00ebrmjet\u00ebsuar nga BE-ja. Kjo \u00ebsht\u00eb \u00e7far\u00eb themi aktualisht dhe besoj q\u00eb do t\u00eb vazhdojm\u00eb t\u00eb themi.<\/p>\n<p>Pyetje: A ka ndonj\u00eb afat. Sepse \u00ebsht\u00eb th\u00ebn\u00eb q\u00eb Marsi 2023 do t\u00eb jet\u00eb nj\u00eb marr\u00ebveshje mes Kosov\u00ebs dhe Serbis\u00eb. A ka SHBA-ja ndonj\u00eb afat p\u00ebr marr\u00ebveshjen?<\/p>\n<p>Hovenier: Nj\u00eb gj\u00eb q\u00eb duhet t\u00eb rikujtojm\u00eb \u00ebsht\u00eb q\u00eb ne nuk drejtojm\u00eb n\u00eb k\u00ebto negociata, nuk marrim pjes\u00eb n\u00eb k\u00ebto negociata dhe s\u2019jemi as nd\u00ebrmjet\u00ebsues. \u00cbsht\u00eb dialog i nd\u00ebrmjet\u00ebsuar nga BE-ja dhe ka mb\u00ebshtetjen ton\u00eb t\u00eb fort\u00eb dhe mendoj q\u00eb \u00e7do kush q\u00eb ka kushtuar v\u00ebmendje n\u00eb zhvillimet e fundit ka mundur t\u00eb shoh se indikiacionet se sa i fort\u00eb ka qen\u00eb mb\u00ebshtetja jon\u00eb duke p\u00ebrfshir\u00eb shum\u00eb or\u00eb nga koha ime personale n\u00eb muajt e fundit.<\/p>\n<p>Por pyetja p\u00ebr afatet iu p\u00ebrket nd\u00ebrmjet\u00ebsuesve t\u00eb BE-s\u00eb. Lajcak ka b\u00ebr\u00eb disa komente ku shpreh shpres\u00ebn e tij p\u00ebr Marsin 2023 . Un\u00eb s\u2019kam di\u00e7ka m\u00eb shum\u00eb p\u00ebr t\u00eb th\u00ebn\u00eb. Ajo \u00e7far\u00eb mund t\u00eb them \u00ebsht\u00eb q\u00eb SHBA-ja beson q\u00eb kjo \u00ebsht\u00eb nj\u00eb \u00e7\u00ebshtje urgjente dhe shum\u00eb e r\u00ebnd\u00ebsishme dhe do t\u00eb b\u00ebjm\u00eb gjith\u00e7ka q\u00eb kjo pun\u00eb t\u00eb avancoj\u00eb n\u00eb m\u00ebnyr\u00ebn sa m\u00eb efektive.<\/p>\n<p>Dua t\u00eb them edhe nj\u00eb gj\u00eb t\u00eb r\u00ebnd\u00ebsishme q\u00eb \u00ebsht\u00eb relevante n\u00eb kontekstin e pyetjeve q\u00eb keni b\u00ebr\u00eb. Ky \u00ebsht\u00eb nj\u00eb pozicioni i SHBA-s\u00eb q\u00eb s\u2019\u00ebsht\u00eb i ri. Kur e kemi njohur Kosov\u00ebn si shtet t\u00eb pavarur n\u00eb vitin 2008 e kemi b\u00ebr\u00eb me kufijt\u00eb ekzistues. Dhe dua t\u00eb p\u00ebrs\u00ebris k\u00ebt\u00eb. Dua t\u00eb sigurohem q\u00eb njer\u00ebzit ta kuptojn\u00eb q\u00eb nga perspektiva jon\u00eb veriu i Kosov\u00ebs ka konsiderat\u00eb m\u00eb te ve\u00e7ant\u00eb, \u00ebsht\u00eb pjes\u00eb e Republik\u00ebs s\u00eb Kosov\u00ebs dhe ne e trajtojm\u00eb ashtu.<\/p>\n<p>Dua q\u00eb ta theksoj k\u00ebt\u00eb sepse ka pyetje t\u00eb shumta p\u00ebr veriun e Kosov\u00ebs. Un\u00eb dua t\u2019iu siguroj q\u00eb pozicioni i SHBA-s\u00eb \u00ebsht\u00eb shum\u00eb i qart\u00eb , \u00ebsht\u00eb pjes\u00eb e territorit t\u00eb Republik\u00ebs s\u00eb Kosov\u00ebs, e konsiderojm\u00eb ashtu dhe e trajtojm\u00eb ashtu.<\/p>\n<p>Duke e pranuar q\u00eb punojm\u00eb shum\u00eb ngusht\u00eb me partner\u00ebt nd\u00ebrkomb\u00ebtar, KFOR-in dhe EULEX-in dhe tjer\u00ebt p\u00ebr nevoj\u00ebn e v\u00ebmendjes dhe p\u00ebrkushtimit dhe marrjes s\u00eb veprimeve t\u00eb ve\u00e7anta p\u00ebr t\u2019u siguruar se qytetar\u00ebt e Kosov\u00ebs dhe ata q\u00eb jetojn\u00eb n\u00eb veri t\u00eb Kosov\u00ebs s\u00eb bashku marrin garanci dhe mbrojtje nga shteti. Por \u00ebsht\u00eb pjes\u00eb e Republik\u00ebs s\u00eb Kosov\u00ebs.<\/p>\n","protected":false},"excerpt":{"rendered":"<p>Ambasadori i Shteteve t\u00eb Bashkuara t\u00eb Amerik\u00ebs, Jeff Hovenier, n\u00eb nj\u00eb takim me gazetar n\u00eb prag t\u00eb Vitit t\u00eb Ri ka biseduar p\u00ebr zhvillimet politike q\u00eb e kan\u00eb p\u00ebrcjell\u00eb Kosov\u00ebn p\u00ebrgjat\u00eb k\u00ebtij viti dhe p\u00ebr pritjet e Washingtonit p\u00ebr vitin 2023. Hovenier e ka th\u00ebn\u00eb shum\u00eb prer\u00eb se SHBA-ja pret q\u00eb Kosova t\u00eb themeloj\u00eb Asociacionin [&hellip;]<\/p>\n","protected":false},"author":1,"featured_media":11085,"comment_status":"closed","ping_status":"closed","sticky":false,"template":"","format":"standard","meta":{"_monsterinsights_skip_tracking":false,"_monsterinsights_sitenote_active":false,"_monsterinsights_sitenote_note":"","_monsterinsights_sitenote_category":0,"_uf_show_specific_survey":0,"_uf_disable_surveys":false,"footnotes":""},"categories":[1146],"tags":[51],"yoast_head":"<!-- This site is optimized with the Yoast SEO plugin v21.5 - https:\/\/yoast.com\/wordpress\/plugins\/seo\/ -->\n<title>Hovenier: Asociacioni duhet t\u00eb krijohet, p\u00ebrshpejton normalizimin e marr\u00ebdh\u00ebnieve me Serbin\u00eb<\/title>\n<meta name=\"robots\" content=\"index, follow, max-snippet:-1, max-image-preview:large, max-video-preview:-1\" \/>\n<link rel=\"canonical\" href=\"https:\/\/permbledhja.com\/sq\/hovenier-asociacioni-duhet-te-krijohet-pershpejton-normalizimin-e-marredhenieve-me-serbine\/\" \/>\n<meta property=\"og:locale\" content=\"sq_AL\" \/>\n<meta property=\"og:type\" content=\"article\" \/>\n<meta property=\"og:title\" content=\"Hovenier: Asociacioni duhet t\u00eb krijohet, p\u00ebrshpejton normalizimin e marr\u00ebdh\u00ebnieve me Serbin\u00eb\" \/>\n<meta property=\"og:description\" content=\"Ambasadori i Shteteve t\u00eb Bashkuara t\u00eb Amerik\u00ebs, Jeff Hovenier, n\u00eb nj\u00eb takim me gazetar n\u00eb prag t\u00eb Vitit t\u00eb Ri ka biseduar p\u00ebr zhvillimet politike q\u00eb e kan\u00eb p\u00ebrcjell\u00eb Kosov\u00ebn p\u00ebrgjat\u00eb k\u00ebtij viti dhe p\u00ebr pritjet e Washingtonit p\u00ebr vitin 2023. Hovenier e ka th\u00ebn\u00eb shum\u00eb prer\u00eb se SHBA-ja pret q\u00eb Kosova t\u00eb themeloj\u00eb Asociacionin [&hellip;]\" \/>\n<meta property=\"og:url\" content=\"https:\/\/permbledhja.com\/sq\/hovenier-asociacioni-duhet-te-krijohet-pershpejton-normalizimin-e-marredhenieve-me-serbine\/\" \/>\n<meta property=\"og:site_name\" content=\"Ve\u00e7 artikuj p\u00ebrmbledh\u00ebs\" \/>\n<meta property=\"article:publisher\" content=\"https:\/\/www.facebook.com\/press07\/\" \/>\n<meta property=\"article:author\" content=\"https:\/\/www.facebook.com\/kafexhiu.muharrem\/\" \/>\n<meta property=\"article:published_time\" content=\"2022-12-30T16:42:29+00:00\" \/>\n<meta property=\"og:image\" content=\"https:\/\/permbledhja.com\/wp-content\/uploads\/2022\/12\/hovenier-1-600x360-1.jpg\" \/>\n\t<meta property=\"og:image:width\" content=\"600\" \/>\n\t<meta property=\"og:image:height\" content=\"360\" \/>\n\t<meta property=\"og:image:type\" content=\"image\/jpeg\" \/>\n<meta name=\"author\" content=\"P\u00ebrmbledhja\" \/>\n<meta name=\"twitter:card\" content=\"summary_large_image\" \/>\n<meta name=\"twitter:label1\" content=\"Written by\" \/>\n\t<meta name=\"twitter:data1\" content=\"P\u00ebrmbledhja\" \/>\n\t<meta name=\"twitter:label2\" content=\"Est. reading time\" \/>\n\t<meta name=\"twitter:data2\" content=\"16 minuta\" \/>\n<script type=\"application\/ld+json\" class=\"yoast-schema-graph\">{\"@context\":\"https:\/\/schema.org\",\"@graph\":[{\"@type\":\"Article\",\"@id\":\"https:\/\/permbledhja.com\/hovenier-asociacioni-duhet-te-krijohet-pershpejton-normalizimin-e-marredhenieve-me-serbine\/#article\",\"isPartOf\":{\"@id\":\"https:\/\/permbledhja.com\/hovenier-asociacioni-duhet-te-krijohet-pershpejton-normalizimin-e-marredhenieve-me-serbine\/\"},\"author\":{\"name\":\"P\u00ebrmbledhja\",\"@id\":\"https:\/\/permbledhja.com\/#\/schema\/person\/0d064377258d3221e50693947b9eb4fe\"},\"headline\":\"Hovenier: Asociacioni duhet t\u00eb krijohet, p\u00ebrshpejton normalizimin e marr\u00ebdh\u00ebnieve me Serbin\u00eb\",\"datePublished\":\"2022-12-30T16:42:29+00:00\",\"dateModified\":\"2022-12-30T16:42:29+00:00\",\"mainEntityOfPage\":{\"@id\":\"https:\/\/permbledhja.com\/hovenier-asociacioni-duhet-te-krijohet-pershpejton-normalizimin-e-marredhenieve-me-serbine\/\"},\"wordCount\":3249,\"publisher\":{\"@id\":\"https:\/\/permbledhja.com\/#organization\"},\"keywords\":[\"Hovenier\"],\"articleSection\":[\"Kryesoret\"],\"inLanguage\":\"sq\"},{\"@type\":\"WebPage\",\"@id\":\"https:\/\/permbledhja.com\/hovenier-asociacioni-duhet-te-krijohet-pershpejton-normalizimin-e-marredhenieve-me-serbine\/\",\"url\":\"https:\/\/permbledhja.com\/hovenier-asociacioni-duhet-te-krijohet-pershpejton-normalizimin-e-marredhenieve-me-serbine\/\",\"name\":\"Hovenier: Asociacioni duhet t\u00eb krijohet, p\u00ebrshpejton normalizimin e marr\u00ebdh\u00ebnieve me Serbin\u00eb\",\"isPartOf\":{\"@id\":\"https:\/\/permbledhja.com\/#website\"},\"datePublished\":\"2022-12-30T16:42:29+00:00\",\"dateModified\":\"2022-12-30T16:42:29+00:00\",\"breadcrumb\":{\"@id\":\"https:\/\/permbledhja.com\/hovenier-asociacioni-duhet-te-krijohet-pershpejton-normalizimin-e-marredhenieve-me-serbine\/#breadcrumb\"},\"inLanguage\":\"sq\",\"potentialAction\":[{\"@type\":\"ReadAction\",\"target\":[\"https:\/\/permbledhja.com\/hovenier-asociacioni-duhet-te-krijohet-pershpejton-normalizimin-e-marredhenieve-me-serbine\/\"]}]},{\"@type\":\"BreadcrumbList\",\"@id\":\"https:\/\/permbledhja.com\/hovenier-asociacioni-duhet-te-krijohet-pershpejton-normalizimin-e-marredhenieve-me-serbine\/#breadcrumb\",\"itemListElement\":[{\"@type\":\"ListItem\",\"position\":1,\"name\":\"Ballina\",\"item\":\"https:\/\/permbledhja.com\/sq\/\"},{\"@type\":\"ListItem\",\"position\":2,\"name\":\"Hovenier: Asociacioni duhet t\u00eb krijohet, p\u00ebrshpejton normalizimin e marr\u00ebdh\u00ebnieve me Serbin\u00eb\"}]},{\"@type\":\"WebSite\",\"@id\":\"https:\/\/permbledhja.com\/#website\",\"url\":\"https:\/\/permbledhja.com\/\",\"name\":\"Ve\u00e7 artikuj p\u00ebrmbledh\u00ebs\",\"description\":\"\",\"publisher\":{\"@id\":\"https:\/\/permbledhja.com\/#organization\"},\"potentialAction\":[{\"@type\":\"SearchAction\",\"target\":{\"@type\":\"EntryPoint\",\"urlTemplate\":\"https:\/\/permbledhja.com\/?s={search_term_string}\"},\"query-input\":\"required name=search_term_string\"}],\"inLanguage\":\"sq\"},{\"@type\":\"Organization\",\"@id\":\"https:\/\/permbledhja.com\/#organization\",\"name\":\"MK Media & Pr\",\"url\":\"https:\/\/permbledhja.com\/\",\"logo\":{\"@type\":\"ImageObject\",\"inLanguage\":\"sq\",\"@id\":\"https:\/\/permbledhja.com\/#\/schema\/logo\/image\/\",\"url\":\"https:\/\/permbledhja.com\/wp-content\/uploads\/2021\/12\/07-Press-Logo.jpg\",\"contentUrl\":\"https:\/\/permbledhja.com\/wp-content\/uploads\/2021\/12\/07-Press-Logo.jpg\",\"width\":512,\"height\":512,\"caption\":\"MK Media & Pr\"},\"image\":{\"@id\":\"https:\/\/permbledhja.com\/#\/schema\/logo\/image\/\"},\"sameAs\":[\"https:\/\/www.facebook.com\/press07\/\"]},{\"@type\":\"Person\",\"@id\":\"https:\/\/permbledhja.com\/#\/schema\/person\/0d064377258d3221e50693947b9eb4fe\",\"name\":\"P\u00ebrmbledhja\",\"image\":{\"@type\":\"ImageObject\",\"inLanguage\":\"sq\",\"@id\":\"https:\/\/permbledhja.com\/#\/schema\/person\/image\/\",\"url\":\"https:\/\/permbledhja.com\/wp-content\/uploads\/2026\/01\/452004717_1040944174702970_8932037511805513407_n-96x96.jpg\",\"contentUrl\":\"https:\/\/permbledhja.com\/wp-content\/uploads\/2026\/01\/452004717_1040944174702970_8932037511805513407_n-96x96.jpg\",\"caption\":\"P\u00ebrmbledhja\"},\"sameAs\":[\"https:\/\/www.facebook.com\/kafexhiu.muharrem\/\",\"https:\/\/www.instagram.com\/muharrem_kafexhiu\/\"],\"url\":\"https:\/\/permbledhja.com\/sq\/author\/admin\/\"}]}<\/script>\n<!-- \/ Yoast SEO plugin. -->","yoast_head_json":{"title":"Hovenier: Asociacioni duhet t\u00eb krijohet, p\u00ebrshpejton normalizimin e marr\u00ebdh\u00ebnieve me Serbin\u00eb","robots":{"index":"index","follow":"follow","max-snippet":"max-snippet:-1","max-image-preview":"max-image-preview:large","max-video-preview":"max-video-preview:-1"},"canonical":"https:\/\/permbledhja.com\/sq\/hovenier-asociacioni-duhet-te-krijohet-pershpejton-normalizimin-e-marredhenieve-me-serbine\/","og_locale":"sq_AL","og_type":"article","og_title":"Hovenier: Asociacioni duhet t\u00eb krijohet, p\u00ebrshpejton normalizimin e marr\u00ebdh\u00ebnieve me Serbin\u00eb","og_description":"Ambasadori i Shteteve t\u00eb Bashkuara t\u00eb Amerik\u00ebs, Jeff Hovenier, n\u00eb nj\u00eb takim me gazetar n\u00eb prag t\u00eb Vitit t\u00eb Ri ka biseduar p\u00ebr zhvillimet politike q\u00eb e kan\u00eb p\u00ebrcjell\u00eb Kosov\u00ebn p\u00ebrgjat\u00eb k\u00ebtij viti dhe p\u00ebr pritjet e Washingtonit p\u00ebr vitin 2023. Hovenier e ka th\u00ebn\u00eb shum\u00eb prer\u00eb se SHBA-ja pret q\u00eb Kosova t\u00eb themeloj\u00eb Asociacionin [&hellip;]","og_url":"https:\/\/permbledhja.com\/sq\/hovenier-asociacioni-duhet-te-krijohet-pershpejton-normalizimin-e-marredhenieve-me-serbine\/","og_site_name":"Ve\u00e7 artikuj p\u00ebrmbledh\u00ebs","article_publisher":"https:\/\/www.facebook.com\/press07\/","article_author":"https:\/\/www.facebook.com\/kafexhiu.muharrem\/","article_published_time":"2022-12-30T16:42:29+00:00","og_image":[{"width":600,"height":360,"url":"https:\/\/permbledhja.com\/wp-content\/uploads\/2022\/12\/hovenier-1-600x360-1.jpg","type":"image\/jpeg"}],"author":"P\u00ebrmbledhja","twitter_card":"summary_large_image","twitter_misc":{"Written by":"P\u00ebrmbledhja","Est. reading time":"16 minuta"},"schema":{"@context":"https:\/\/schema.org","@graph":[{"@type":"Article","@id":"https:\/\/permbledhja.com\/hovenier-asociacioni-duhet-te-krijohet-pershpejton-normalizimin-e-marredhenieve-me-serbine\/#article","isPartOf":{"@id":"https:\/\/permbledhja.com\/hovenier-asociacioni-duhet-te-krijohet-pershpejton-normalizimin-e-marredhenieve-me-serbine\/"},"author":{"name":"P\u00ebrmbledhja","@id":"https:\/\/permbledhja.com\/#\/schema\/person\/0d064377258d3221e50693947b9eb4fe"},"headline":"Hovenier: Asociacioni duhet t\u00eb krijohet, p\u00ebrshpejton normalizimin e marr\u00ebdh\u00ebnieve me Serbin\u00eb","datePublished":"2022-12-30T16:42:29+00:00","dateModified":"2022-12-30T16:42:29+00:00","mainEntityOfPage":{"@id":"https:\/\/permbledhja.com\/hovenier-asociacioni-duhet-te-krijohet-pershpejton-normalizimin-e-marredhenieve-me-serbine\/"},"wordCount":3249,"publisher":{"@id":"https:\/\/permbledhja.com\/#organization"},"keywords":["Hovenier"],"articleSection":["Kryesoret"],"inLanguage":"sq"},{"@type":"WebPage","@id":"https:\/\/permbledhja.com\/hovenier-asociacioni-duhet-te-krijohet-pershpejton-normalizimin-e-marredhenieve-me-serbine\/","url":"https:\/\/permbledhja.com\/hovenier-asociacioni-duhet-te-krijohet-pershpejton-normalizimin-e-marredhenieve-me-serbine\/","name":"Hovenier: Asociacioni duhet t\u00eb krijohet, p\u00ebrshpejton normalizimin e marr\u00ebdh\u00ebnieve me Serbin\u00eb","isPartOf":{"@id":"https:\/\/permbledhja.com\/#website"},"datePublished":"2022-12-30T16:42:29+00:00","dateModified":"2022-12-30T16:42:29+00:00","breadcrumb":{"@id":"https:\/\/permbledhja.com\/hovenier-asociacioni-duhet-te-krijohet-pershpejton-normalizimin-e-marredhenieve-me-serbine\/#breadcrumb"},"inLanguage":"sq","potentialAction":[{"@type":"ReadAction","target":["https:\/\/permbledhja.com\/hovenier-asociacioni-duhet-te-krijohet-pershpejton-normalizimin-e-marredhenieve-me-serbine\/"]}]},{"@type":"BreadcrumbList","@id":"https:\/\/permbledhja.com\/hovenier-asociacioni-duhet-te-krijohet-pershpejton-normalizimin-e-marredhenieve-me-serbine\/#breadcrumb","itemListElement":[{"@type":"ListItem","position":1,"name":"Ballina","item":"https:\/\/permbledhja.com\/sq\/"},{"@type":"ListItem","position":2,"name":"Hovenier: Asociacioni duhet t\u00eb krijohet, p\u00ebrshpejton normalizimin e marr\u00ebdh\u00ebnieve me Serbin\u00eb"}]},{"@type":"WebSite","@id":"https:\/\/permbledhja.com\/#website","url":"https:\/\/permbledhja.com\/","name":"Ve\u00e7 artikuj p\u00ebrmbledh\u00ebs","description":"","publisher":{"@id":"https:\/\/permbledhja.com\/#organization"},"potentialAction":[{"@type":"SearchAction","target":{"@type":"EntryPoint","urlTemplate":"https:\/\/permbledhja.com\/?s={search_term_string}"},"query-input":"required name=search_term_string"}],"inLanguage":"sq"},{"@type":"Organization","@id":"https:\/\/permbledhja.com\/#organization","name":"MK Media & Pr","url":"https:\/\/permbledhja.com\/","logo":{"@type":"ImageObject","inLanguage":"sq","@id":"https:\/\/permbledhja.com\/#\/schema\/logo\/image\/","url":"https:\/\/permbledhja.com\/wp-content\/uploads\/2021\/12\/07-Press-Logo.jpg","contentUrl":"https:\/\/permbledhja.com\/wp-content\/uploads\/2021\/12\/07-Press-Logo.jpg","width":512,"height":512,"caption":"MK Media & Pr"},"image":{"@id":"https:\/\/permbledhja.com\/#\/schema\/logo\/image\/"},"sameAs":["https:\/\/www.facebook.com\/press07\/"]},{"@type":"Person","@id":"https:\/\/permbledhja.com\/#\/schema\/person\/0d064377258d3221e50693947b9eb4fe","name":"P\u00ebrmbledhja","image":{"@type":"ImageObject","inLanguage":"sq","@id":"https:\/\/permbledhja.com\/#\/schema\/person\/image\/","url":"https:\/\/permbledhja.com\/wp-content\/uploads\/2026\/01\/452004717_1040944174702970_8932037511805513407_n-96x96.jpg","contentUrl":"https:\/\/permbledhja.com\/wp-content\/uploads\/2026\/01\/452004717_1040944174702970_8932037511805513407_n-96x96.jpg","caption":"P\u00ebrmbledhja"},"sameAs":["https:\/\/www.facebook.com\/kafexhiu.muharrem\/","https:\/\/www.instagram.com\/muharrem_kafexhiu\/"],"url":"https:\/\/permbledhja.com\/sq\/author\/admin\/"}]}},"_links":{"self":[{"href":"https:\/\/permbledhja.com\/sq\/wp-json\/wp\/v2\/posts\/11084"}],"collection":[{"href":"https:\/\/permbledhja.com\/sq\/wp-json\/wp\/v2\/posts"}],"about":[{"href":"https:\/\/permbledhja.com\/sq\/wp-json\/wp\/v2\/types\/post"}],"author":[{"embeddable":true,"href":"https:\/\/permbledhja.com\/sq\/wp-json\/wp\/v2\/users\/1"}],"replies":[{"embeddable":true,"href":"https:\/\/permbledhja.com\/sq\/wp-json\/wp\/v2\/comments?post=11084"}],"version-history":[{"count":1,"href":"https:\/\/permbledhja.com\/sq\/wp-json\/wp\/v2\/posts\/11084\/revisions"}],"predecessor-version":[{"id":11086,"href":"https:\/\/permbledhja.com\/sq\/wp-json\/wp\/v2\/posts\/11084\/revisions\/11086"}],"wp:featuredmedia":[{"embeddable":true,"href":"https:\/\/permbledhja.com\/sq\/wp-json\/wp\/v2\/media\/11085"}],"wp:attachment":[{"href":"https:\/\/permbledhja.com\/sq\/wp-json\/wp\/v2\/media?parent=11084"}],"wp:term":[{"taxonomy":"category","embeddable":true,"href":"https:\/\/permbledhja.com\/sq\/wp-json\/wp\/v2\/categories?post=11084"},{"taxonomy":"post_tag","embeddable":true,"href":"https:\/\/permbledhja.com\/sq\/wp-json\/wp\/v2\/tags?post=11084"}],"curies":[{"name":"wp","href":"https:\/\/api.w.org\/{rel}","templated":true}]}}