{"id":11078,"date":"2022-12-30T16:19:41","date_gmt":"2022-12-30T16:19:41","guid":{"rendered":"https:\/\/permbledhja.com\/?p=11078"},"modified":"2022-12-30T16:19:41","modified_gmt":"2022-12-30T16:19:41","slug":"barrikadat-shtyjne-afatin-per-nje-marreveshje-tash-shpresohet-per-vitin-2024","status":"publish","type":"post","link":"https:\/\/permbledhja.com\/sq\/barrikadat-shtyjne-afatin-per-nje-marreveshje-tash-shpresohet-per-vitin-2024\/","title":{"rendered":"Barrikadat shtyjn\u00eb afatin p\u00ebr nj\u00eb marr\u00ebveshje, tash shpresohet p\u00ebr vitin 2024?"},"content":{"rendered":"<p><strong>Tensionet e dhjetorit duket se e kan\u00eb shtyr\u00eb afatin e fundit t\u00eb nj\u00eb marr\u00ebveshjeje p\u00ebrfundimtare. Lajcak tash thot\u00eb se ujdia Kosov\u00eb -Serbi duhet t\u00eb arrihet deri n\u00eb fillimin e 2024. Kurti q\u00eb kishte qejf ta potenconte se p\u00ebr her\u00eb t\u00eb par\u00eb ka nj\u00eb afat, shpresonte q\u00eb marr\u00ebveshja do t\u00eb arrihej n\u00eb mars t\u00eb 2023-s.<\/strong><\/p>\n<p>Fillimi i pranver\u00ebs s\u00eb ardhshme ishte afati i fundit kur Kryeministri Kurti donte q\u00eb t\u00eb arrihet nj\u00eb marr\u00ebveshje p\u00ebr normalizimin e raporteve me Serbin\u00eb. Ashtu thoshte se k\u00ebshtu i kan\u00eb th\u00ebn\u00eb nd\u00ebrmjet\u00ebsit n\u00eb dialog, nd\u00ebrsa udh\u00ebrr\u00ebfyes deri te caku do t\u00eb ishte propozimi franko-gjerman.<\/p>\n<p>K\u00ebto, Kryeministri Kurti i kishte th\u00ebn\u00eb n\u00eb n\u00ebntor, pasi nis\u00ebn tensionet n\u00eb veri p\u00ebr shkak t\u00eb vendimit p\u00ebr z\u00ebvend\u00ebsimin e targave ilegale me targa RKS.<\/p>\n<p>\u201cAfatin mars 2023 nuk e kam shkru un\u00eb, e ka shkruar Brukseli n\u00eb ftes\u00eb. N\u00eb ftes\u00ebn e Brukselit q\u00eb synohej n\u00eb fund t\u00eb b\u00ebhej publike, \u00ebsht\u00eb paragrafi ku thuhet se bisedimet p\u00ebrfundojn\u00eb n\u00eb marsin e vitit 2023. Andaj un\u00eb kam shkuar\u201d, thoshte Kurti.<\/p>\n<p>Kryeministri e theksonte se \u201cp\u00ebr her\u00eb t\u00eb par\u00eb kemi afat\u201d. \u201cDhe a e dini se \u00e7far\u00eb kam k\u00ebrkuar un\u00eb aty? T\u00eb jet\u00eb shkurti i vitit 2023. Thash pse marsi, pse jo shkurti? M\u00eb shpejt m\u00eb mir\u00eb. Jo \u2013 tha \u2013 nuk b\u00ebn shkurti, marsi. Iu thash shkurti, ata than\u00eb marsi. Hajt po e l\u00ebm\u00eb marsin. N\u00eb fund un\u00eb pranova, ata e lan\u00eb krejt\u201d, kishte deklaruar Kurti n\u00eb n\u00ebntor.<\/p>\n<p>Prej kur Kurti ka folur, n\u00eb veriun e Kosov\u00ebs dhe mes saj e Serbis\u00eb kan\u00eb ndodhur shum\u00eb ngjarje. Dhjetori nisi me incidente dhe vazhdoi me barrikadime, l\u00ebvizje t\u00eb ushtris\u00eb serbe af\u00ebr kufirit me Kosov\u00ebn dhe \u201cretorik\u00ebn\u201d q\u00eb nd\u00ebrkomb\u00ebtar\u00ebt k\u00ebrkonin t\u00eb ndalej.<\/p>\n<p>T\u00eb gjitha k\u00ebto duket se i kan\u00eb shtyr\u00eb afatet kur mendohej t\u00eb arrihej nj\u00eb marr\u00ebveshje p\u00ebrfundimtare mes Kosov\u00ebs dhe Serbis\u00eb, n\u00ebse krahasohet deklarata e Kurtit me nj\u00eb deklarat\u00eb t\u00eb p\u00ebrfaq\u00ebsuesit special t\u00eb Bashkimit Evropian p\u00ebr dialogun, Miroslav Lajcak, t\u00eb dh\u00ebn\u00eb s\u00eb fundmi.<\/p>\n<p>Lajcak insiston se momenti aktual \u00ebsht\u00eb ideal p\u00ebr nj\u00eb marr\u00ebveshje, duke th\u00ebn\u00eb se afati i p\u00ebrmbylljes s\u00eb tij, ai shpreson t\u00eb jet\u00eb n\u00eb fundin e 2023-s, ose fillimi i 2024-s. Sipas tij n\u00ebse kjo d\u00ebshton kontesti mund t\u00eb zvarritet me dekada.<\/p>\n<p>\u201cMomentalisht, ne kemi nj\u00eb struktur\u00eb t\u00eb p\u00ebrshtatshme. Ne kemi v\u00ebmendjen e udh\u00ebheqjes kryesore n\u00eb SHBA dhe Bashkimin Evropian dhe kemi nj\u00eb bashk\u00ebpunim shembullor SHBA-BE, k\u00ebshtu q\u00eb, kjo \u00ebsht\u00eb nj\u00eb dritare mund\u00ebsie, diku deri n\u00eb dhjetor t\u00eb 2023-s ose n\u00eb fillim t\u00eb 2024-s\u201d, ka th\u00ebn\u00eb Lajcak p\u00ebr Politico.<\/p>\n<p>Deri n\u00eb publikimin e k\u00ebtij shkrimi, Zyra e Kryeministrit nuk e ka komentuar afatin e p\u00ebrmendur nga Lajcak.<\/p>\n<p>Presidenti serb, Aleksand\u00ebr Vuciq, ka th\u00ebn\u00eb se \u201cburra dhe gra t\u00eb m\u00ebdhenj\u201d t\u00eb bot\u00ebs do t\u00eb nisin t\u2019i shkojn\u00eb n\u00eb Beograd n\u00eb fillimvit, me q\u00ebllim t\u00eb arritjes s\u00eb nj\u00eb marr\u00ebveshjeje me Kosov\u00ebn.<\/p>\n<p>\u201cUn\u00eb pres q\u00eb burra t\u00eb m\u00ebdhenj dhe gra t\u00eb m\u00ebdha nga bota t\u00eb vijn\u00eb tek un\u00eb dhe t\u00eb m\u00eb thon\u00eb se duhet t\u00eb arrijm\u00eb nj\u00eb marr\u00ebveshje. Ne po p\u00ebrballemi me nj\u00eb koh\u00eb t\u00eb v\u00ebshtir\u00eb p\u00ebr Kosov\u00ebn dhe Metohin\u00eb, por do t\u00eb luftojm\u00eb\u201d, tha ai.<\/p>\n","protected":false},"excerpt":{"rendered":"<p>Tensionet e dhjetorit duket se e kan\u00eb shtyr\u00eb afatin e fundit t\u00eb nj\u00eb marr\u00ebveshjeje p\u00ebrfundimtare. Lajcak tash thot\u00eb se ujdia Kosov\u00eb -Serbi duhet t\u00eb arrihet deri n\u00eb fillimin e 2024. Kurti q\u00eb kishte qejf ta potenconte se p\u00ebr her\u00eb t\u00eb par\u00eb ka nj\u00eb afat, shpresonte q\u00eb marr\u00ebveshja do t\u00eb arrihej n\u00eb mars t\u00eb 2023-s. Fillimi [&hellip;]<\/p>\n","protected":false},"author":1,"featured_media":11079,"comment_status":"closed","ping_status":"closed","sticky":false,"template":"","format":"standard","meta":{"_monsterinsights_skip_tracking":false,"_monsterinsights_sitenote_active":false,"_monsterinsights_sitenote_note":"","_monsterinsights_sitenote_category":0,"_uf_show_specific_survey":0,"_uf_disable_surveys":false,"footnotes":""},"categories":[23,15],"tags":[1210],"yoast_head":"<!-- This site is optimized with the Yoast SEO plugin v21.5 - https:\/\/yoast.com\/wordpress\/plugins\/seo\/ -->\n<title>Barrikadat shtyjn\u00eb afatin p\u00ebr nj\u00eb marr\u00ebveshje, tash shpresohet p\u00ebr vitin 2024?<\/title>\n<meta name=\"robots\" content=\"index, follow, max-snippet:-1, max-image-preview:large, max-video-preview:-1\" \/>\n<link rel=\"canonical\" href=\"https:\/\/permbledhja.com\/sq\/barrikadat-shtyjne-afatin-per-nje-marreveshje-tash-shpresohet-per-vitin-2024\/\" \/>\n<meta property=\"og:locale\" content=\"sq_AL\" \/>\n<meta property=\"og:type\" content=\"article\" \/>\n<meta property=\"og:title\" content=\"Barrikadat shtyjn\u00eb afatin p\u00ebr nj\u00eb marr\u00ebveshje, tash shpresohet p\u00ebr vitin 2024?\" \/>\n<meta property=\"og:description\" content=\"Tensionet e dhjetorit duket se e kan\u00eb shtyr\u00eb afatin e fundit t\u00eb nj\u00eb marr\u00ebveshjeje p\u00ebrfundimtare. Lajcak tash thot\u00eb se ujdia Kosov\u00eb -Serbi duhet t\u00eb arrihet deri n\u00eb fillimin e 2024. Kurti q\u00eb kishte qejf ta potenconte se p\u00ebr her\u00eb t\u00eb par\u00eb ka nj\u00eb afat, shpresonte q\u00eb marr\u00ebveshja do t\u00eb arrihej n\u00eb mars t\u00eb 2023-s. Fillimi [&hellip;]\" \/>\n<meta property=\"og:url\" content=\"https:\/\/permbledhja.com\/sq\/barrikadat-shtyjne-afatin-per-nje-marreveshje-tash-shpresohet-per-vitin-2024\/\" \/>\n<meta property=\"og:site_name\" content=\"Ve\u00e7 artikuj p\u00ebrmbledh\u00ebs\" \/>\n<meta property=\"article:publisher\" content=\"https:\/\/www.facebook.com\/press07\/\" \/>\n<meta property=\"article:author\" content=\"https:\/\/www.facebook.com\/kafexhiu.muharrem\/\" \/>\n<meta property=\"article:published_time\" content=\"2022-12-30T16:19:41+00:00\" \/>\n<meta property=\"og:image\" content=\"https:\/\/permbledhja.com\/wp-content\/uploads\/2022\/12\/FR8I2EMWQAI5695-600x360-1.jpeg\" \/>\n\t<meta property=\"og:image:width\" content=\"600\" \/>\n\t<meta property=\"og:image:height\" content=\"360\" \/>\n\t<meta property=\"og:image:type\" content=\"image\/jpeg\" \/>\n<meta name=\"author\" content=\"P\u00ebrmbledhja\" \/>\n<meta name=\"twitter:card\" content=\"summary_large_image\" \/>\n<meta name=\"twitter:label1\" content=\"Written by\" \/>\n\t<meta name=\"twitter:data1\" content=\"P\u00ebrmbledhja\" \/>\n\t<meta name=\"twitter:label2\" content=\"Est. reading time\" \/>\n\t<meta name=\"twitter:data2\" content=\"3 minuta\" \/>\n<script type=\"application\/ld+json\" class=\"yoast-schema-graph\">{\"@context\":\"https:\/\/schema.org\",\"@graph\":[{\"@type\":\"Article\",\"@id\":\"https:\/\/permbledhja.com\/sq\/barrikadat-shtyjne-afatin-per-nje-marreveshje-tash-shpresohet-per-vitin-2024\/#article\",\"isPartOf\":{\"@id\":\"https:\/\/permbledhja.com\/sq\/barrikadat-shtyjne-afatin-per-nje-marreveshje-tash-shpresohet-per-vitin-2024\/\"},\"author\":{\"name\":\"P\u00ebrmbledhja\",\"@id\":\"https:\/\/permbledhja.com\/#\/schema\/person\/0d064377258d3221e50693947b9eb4fe\"},\"headline\":\"Barrikadat shtyjn\u00eb afatin p\u00ebr nj\u00eb marr\u00ebveshje, tash shpresohet p\u00ebr vitin 2024?\",\"datePublished\":\"2022-12-30T16:19:41+00:00\",\"dateModified\":\"2022-12-30T16:19:41+00:00\",\"mainEntityOfPage\":{\"@id\":\"https:\/\/permbledhja.com\/sq\/barrikadat-shtyjne-afatin-per-nje-marreveshje-tash-shpresohet-per-vitin-2024\/\"},\"wordCount\":585,\"publisher\":{\"@id\":\"https:\/\/permbledhja.com\/#organization\"},\"keywords\":[\"Barrikadat\"],\"articleSection\":[\"Komb\u00ebtare\",\"Lajme\"],\"inLanguage\":\"sq\"},{\"@type\":\"WebPage\",\"@id\":\"https:\/\/permbledhja.com\/sq\/barrikadat-shtyjne-afatin-per-nje-marreveshje-tash-shpresohet-per-vitin-2024\/\",\"url\":\"https:\/\/permbledhja.com\/sq\/barrikadat-shtyjne-afatin-per-nje-marreveshje-tash-shpresohet-per-vitin-2024\/\",\"name\":\"Barrikadat shtyjn\u00eb afatin p\u00ebr nj\u00eb marr\u00ebveshje, tash shpresohet p\u00ebr vitin 2024?\",\"isPartOf\":{\"@id\":\"https:\/\/permbledhja.com\/#website\"},\"datePublished\":\"2022-12-30T16:19:41+00:00\",\"dateModified\":\"2022-12-30T16:19:41+00:00\",\"breadcrumb\":{\"@id\":\"https:\/\/permbledhja.com\/sq\/barrikadat-shtyjne-afatin-per-nje-marreveshje-tash-shpresohet-per-vitin-2024\/#breadcrumb\"},\"inLanguage\":\"sq\",\"potentialAction\":[{\"@type\":\"ReadAction\",\"target\":[\"https:\/\/permbledhja.com\/sq\/barrikadat-shtyjne-afatin-per-nje-marreveshje-tash-shpresohet-per-vitin-2024\/\"]}]},{\"@type\":\"BreadcrumbList\",\"@id\":\"https:\/\/permbledhja.com\/sq\/barrikadat-shtyjne-afatin-per-nje-marreveshje-tash-shpresohet-per-vitin-2024\/#breadcrumb\",\"itemListElement\":[{\"@type\":\"ListItem\",\"position\":1,\"name\":\"Ballina\",\"item\":\"https:\/\/permbledhja.com\/sq\/\"},{\"@type\":\"ListItem\",\"position\":2,\"name\":\"Barrikadat shtyjn\u00eb afatin p\u00ebr nj\u00eb marr\u00ebveshje, tash shpresohet p\u00ebr vitin 2024?\"}]},{\"@type\":\"WebSite\",\"@id\":\"https:\/\/permbledhja.com\/#website\",\"url\":\"https:\/\/permbledhja.com\/\",\"name\":\"Ve\u00e7 artikuj p\u00ebrmbledh\u00ebs\",\"description\":\"\",\"publisher\":{\"@id\":\"https:\/\/permbledhja.com\/#organization\"},\"potentialAction\":[{\"@type\":\"SearchAction\",\"target\":{\"@type\":\"EntryPoint\",\"urlTemplate\":\"https:\/\/permbledhja.com\/?s={search_term_string}\"},\"query-input\":\"required name=search_term_string\"}],\"inLanguage\":\"sq\"},{\"@type\":\"Organization\",\"@id\":\"https:\/\/permbledhja.com\/#organization\",\"name\":\"MK Media & Pr\",\"url\":\"https:\/\/permbledhja.com\/\",\"logo\":{\"@type\":\"ImageObject\",\"inLanguage\":\"sq\",\"@id\":\"https:\/\/permbledhja.com\/#\/schema\/logo\/image\/\",\"url\":\"https:\/\/permbledhja.com\/wp-content\/uploads\/2021\/12\/07-Press-Logo.jpg\",\"contentUrl\":\"https:\/\/permbledhja.com\/wp-content\/uploads\/2021\/12\/07-Press-Logo.jpg\",\"width\":512,\"height\":512,\"caption\":\"MK Media & Pr\"},\"image\":{\"@id\":\"https:\/\/permbledhja.com\/#\/schema\/logo\/image\/\"},\"sameAs\":[\"https:\/\/www.facebook.com\/press07\/\"]},{\"@type\":\"Person\",\"@id\":\"https:\/\/permbledhja.com\/#\/schema\/person\/0d064377258d3221e50693947b9eb4fe\",\"name\":\"P\u00ebrmbledhja\",\"image\":{\"@type\":\"ImageObject\",\"inLanguage\":\"sq\",\"@id\":\"https:\/\/permbledhja.com\/#\/schema\/person\/image\/\",\"url\":\"https:\/\/permbledhja.com\/wp-content\/uploads\/2026\/01\/452004717_1040944174702970_8932037511805513407_n-96x96.jpg\",\"contentUrl\":\"https:\/\/permbledhja.com\/wp-content\/uploads\/2026\/01\/452004717_1040944174702970_8932037511805513407_n-96x96.jpg\",\"caption\":\"P\u00ebrmbledhja\"},\"sameAs\":[\"https:\/\/www.facebook.com\/kafexhiu.muharrem\/\",\"https:\/\/www.instagram.com\/muharrem_kafexhiu\/\"],\"url\":\"https:\/\/permbledhja.com\/sq\/author\/admin\/\"}]}<\/script>\n<!-- \/ Yoast SEO plugin. -->","yoast_head_json":{"title":"Barrikadat shtyjn\u00eb afatin p\u00ebr nj\u00eb marr\u00ebveshje, tash shpresohet p\u00ebr vitin 2024?","robots":{"index":"index","follow":"follow","max-snippet":"max-snippet:-1","max-image-preview":"max-image-preview:large","max-video-preview":"max-video-preview:-1"},"canonical":"https:\/\/permbledhja.com\/sq\/barrikadat-shtyjne-afatin-per-nje-marreveshje-tash-shpresohet-per-vitin-2024\/","og_locale":"sq_AL","og_type":"article","og_title":"Barrikadat shtyjn\u00eb afatin p\u00ebr nj\u00eb marr\u00ebveshje, tash shpresohet p\u00ebr vitin 2024?","og_description":"Tensionet e dhjetorit duket se e kan\u00eb shtyr\u00eb afatin e fundit t\u00eb nj\u00eb marr\u00ebveshjeje p\u00ebrfundimtare. Lajcak tash thot\u00eb se ujdia Kosov\u00eb -Serbi duhet t\u00eb arrihet deri n\u00eb fillimin e 2024. Kurti q\u00eb kishte qejf ta potenconte se p\u00ebr her\u00eb t\u00eb par\u00eb ka nj\u00eb afat, shpresonte q\u00eb marr\u00ebveshja do t\u00eb arrihej n\u00eb mars t\u00eb 2023-s. Fillimi [&hellip;]","og_url":"https:\/\/permbledhja.com\/sq\/barrikadat-shtyjne-afatin-per-nje-marreveshje-tash-shpresohet-per-vitin-2024\/","og_site_name":"Ve\u00e7 artikuj p\u00ebrmbledh\u00ebs","article_publisher":"https:\/\/www.facebook.com\/press07\/","article_author":"https:\/\/www.facebook.com\/kafexhiu.muharrem\/","article_published_time":"2022-12-30T16:19:41+00:00","og_image":[{"width":600,"height":360,"url":"https:\/\/permbledhja.com\/wp-content\/uploads\/2022\/12\/FR8I2EMWQAI5695-600x360-1.jpeg","type":"image\/jpeg"}],"author":"P\u00ebrmbledhja","twitter_card":"summary_large_image","twitter_misc":{"Written by":"P\u00ebrmbledhja","Est. reading time":"3 minuta"},"schema":{"@context":"https:\/\/schema.org","@graph":[{"@type":"Article","@id":"https:\/\/permbledhja.com\/sq\/barrikadat-shtyjne-afatin-per-nje-marreveshje-tash-shpresohet-per-vitin-2024\/#article","isPartOf":{"@id":"https:\/\/permbledhja.com\/sq\/barrikadat-shtyjne-afatin-per-nje-marreveshje-tash-shpresohet-per-vitin-2024\/"},"author":{"name":"P\u00ebrmbledhja","@id":"https:\/\/permbledhja.com\/#\/schema\/person\/0d064377258d3221e50693947b9eb4fe"},"headline":"Barrikadat shtyjn\u00eb afatin p\u00ebr nj\u00eb marr\u00ebveshje, tash shpresohet p\u00ebr vitin 2024?","datePublished":"2022-12-30T16:19:41+00:00","dateModified":"2022-12-30T16:19:41+00:00","mainEntityOfPage":{"@id":"https:\/\/permbledhja.com\/sq\/barrikadat-shtyjne-afatin-per-nje-marreveshje-tash-shpresohet-per-vitin-2024\/"},"wordCount":585,"publisher":{"@id":"https:\/\/permbledhja.com\/#organization"},"keywords":["Barrikadat"],"articleSection":["Komb\u00ebtare","Lajme"],"inLanguage":"sq"},{"@type":"WebPage","@id":"https:\/\/permbledhja.com\/sq\/barrikadat-shtyjne-afatin-per-nje-marreveshje-tash-shpresohet-per-vitin-2024\/","url":"https:\/\/permbledhja.com\/sq\/barrikadat-shtyjne-afatin-per-nje-marreveshje-tash-shpresohet-per-vitin-2024\/","name":"Barrikadat shtyjn\u00eb afatin p\u00ebr nj\u00eb marr\u00ebveshje, tash shpresohet p\u00ebr vitin 2024?","isPartOf":{"@id":"https:\/\/permbledhja.com\/#website"},"datePublished":"2022-12-30T16:19:41+00:00","dateModified":"2022-12-30T16:19:41+00:00","breadcrumb":{"@id":"https:\/\/permbledhja.com\/sq\/barrikadat-shtyjne-afatin-per-nje-marreveshje-tash-shpresohet-per-vitin-2024\/#breadcrumb"},"inLanguage":"sq","potentialAction":[{"@type":"ReadAction","target":["https:\/\/permbledhja.com\/sq\/barrikadat-shtyjne-afatin-per-nje-marreveshje-tash-shpresohet-per-vitin-2024\/"]}]},{"@type":"BreadcrumbList","@id":"https:\/\/permbledhja.com\/sq\/barrikadat-shtyjne-afatin-per-nje-marreveshje-tash-shpresohet-per-vitin-2024\/#breadcrumb","itemListElement":[{"@type":"ListItem","position":1,"name":"Ballina","item":"https:\/\/permbledhja.com\/sq\/"},{"@type":"ListItem","position":2,"name":"Barrikadat shtyjn\u00eb afatin p\u00ebr nj\u00eb marr\u00ebveshje, tash shpresohet p\u00ebr vitin 2024?"}]},{"@type":"WebSite","@id":"https:\/\/permbledhja.com\/#website","url":"https:\/\/permbledhja.com\/","name":"Ve\u00e7 artikuj p\u00ebrmbledh\u00ebs","description":"","publisher":{"@id":"https:\/\/permbledhja.com\/#organization"},"potentialAction":[{"@type":"SearchAction","target":{"@type":"EntryPoint","urlTemplate":"https:\/\/permbledhja.com\/?s={search_term_string}"},"query-input":"required name=search_term_string"}],"inLanguage":"sq"},{"@type":"Organization","@id":"https:\/\/permbledhja.com\/#organization","name":"MK Media & Pr","url":"https:\/\/permbledhja.com\/","logo":{"@type":"ImageObject","inLanguage":"sq","@id":"https:\/\/permbledhja.com\/#\/schema\/logo\/image\/","url":"https:\/\/permbledhja.com\/wp-content\/uploads\/2021\/12\/07-Press-Logo.jpg","contentUrl":"https:\/\/permbledhja.com\/wp-content\/uploads\/2021\/12\/07-Press-Logo.jpg","width":512,"height":512,"caption":"MK Media & Pr"},"image":{"@id":"https:\/\/permbledhja.com\/#\/schema\/logo\/image\/"},"sameAs":["https:\/\/www.facebook.com\/press07\/"]},{"@type":"Person","@id":"https:\/\/permbledhja.com\/#\/schema\/person\/0d064377258d3221e50693947b9eb4fe","name":"P\u00ebrmbledhja","image":{"@type":"ImageObject","inLanguage":"sq","@id":"https:\/\/permbledhja.com\/#\/schema\/person\/image\/","url":"https:\/\/permbledhja.com\/wp-content\/uploads\/2026\/01\/452004717_1040944174702970_8932037511805513407_n-96x96.jpg","contentUrl":"https:\/\/permbledhja.com\/wp-content\/uploads\/2026\/01\/452004717_1040944174702970_8932037511805513407_n-96x96.jpg","caption":"P\u00ebrmbledhja"},"sameAs":["https:\/\/www.facebook.com\/kafexhiu.muharrem\/","https:\/\/www.instagram.com\/muharrem_kafexhiu\/"],"url":"https:\/\/permbledhja.com\/sq\/author\/admin\/"}]}},"_links":{"self":[{"href":"https:\/\/permbledhja.com\/sq\/wp-json\/wp\/v2\/posts\/11078"}],"collection":[{"href":"https:\/\/permbledhja.com\/sq\/wp-json\/wp\/v2\/posts"}],"about":[{"href":"https:\/\/permbledhja.com\/sq\/wp-json\/wp\/v2\/types\/post"}],"author":[{"embeddable":true,"href":"https:\/\/permbledhja.com\/sq\/wp-json\/wp\/v2\/users\/1"}],"replies":[{"embeddable":true,"href":"https:\/\/permbledhja.com\/sq\/wp-json\/wp\/v2\/comments?post=11078"}],"version-history":[{"count":1,"href":"https:\/\/permbledhja.com\/sq\/wp-json\/wp\/v2\/posts\/11078\/revisions"}],"predecessor-version":[{"id":11080,"href":"https:\/\/permbledhja.com\/sq\/wp-json\/wp\/v2\/posts\/11078\/revisions\/11080"}],"wp:featuredmedia":[{"embeddable":true,"href":"https:\/\/permbledhja.com\/sq\/wp-json\/wp\/v2\/media\/11079"}],"wp:attachment":[{"href":"https:\/\/permbledhja.com\/sq\/wp-json\/wp\/v2\/media?parent=11078"}],"wp:term":[{"taxonomy":"category","embeddable":true,"href":"https:\/\/permbledhja.com\/sq\/wp-json\/wp\/v2\/categories?post=11078"},{"taxonomy":"post_tag","embeddable":true,"href":"https:\/\/permbledhja.com\/sq\/wp-json\/wp\/v2\/tags?post=11078"}],"curies":[{"name":"wp","href":"https:\/\/api.w.org\/{rel}","templated":true}]}}