{"id":11064,"date":"2022-12-30T15:42:30","date_gmt":"2022-12-30T15:42:30","guid":{"rendered":"https:\/\/permbledhja.com\/?p=11064"},"modified":"2022-12-30T15:42:30","modified_gmt":"2022-12-30T15:42:30","slug":"kamberi-mustafi-e-sinani-akuzohen-se-i-keqperdoren-parate-qe-ua-dha-qeveria-kurti","status":"publish","type":"post","link":"https:\/\/permbledhja.com\/sq\/kamberi-mustafi-e-sinani-akuzohen-se-i-keqperdoren-parate-qe-ua-dha-qeveria-kurti\/","title":{"rendered":"Kamberi, Mustafi e Sinani akuzohen se i keqp\u00ebrdor\u00ebn parat\u00eb q\u00eb ua dha Qeveria Kurti"},"content":{"rendered":"<p><strong>Qeveria e Kosov\u00ebs t\u00eb premten e 29 tetorit t\u00eb vitit t\u00eb kaluar (2021), kishte miratuar buxhetin e vitit 2022, nd\u00ebrsa n\u00eb kuad\u00ebr t\u00eb k\u00ebtij buxheti kishte ndar\u00eb dy million euro p\u00ebr Lugin\u00ebn e Preshev\u00ebs. Me k\u00ebt\u00eb vendim ishte krenuar edhe kryeministrit Albin Kurti.<\/strong><\/p>\n<p>\u201cP\u00ebr her\u00eb t\u00eb par\u00eb kemi buxhetuar mb\u00ebshtetje p\u00ebr Lugin\u00ebn e Preshev\u00ebs, n\u00eb shum\u00eb prej 2 milion\u00eb euro\u201d, kishte th\u00ebn\u00eb kryeministri Albin Kurti.<\/p>\n<p>E p\u00ebrkrahja p\u00ebr Lugin\u00ebn e Preshev\u00ebs ka vazhduar edhe k\u00ebt\u00eb vit, teksa Kurti, me 23 dhjetor shkroi n\u00eb Facebook se ka ndar\u00eb 1.2 milion euro p\u00ebr shqiptar\u00ebt n\u00eb Serbi.<\/p>\n<p><iframe loading=\"lazy\" src=\"https:\/\/www.facebook.com\/plugins\/post.php?href=https%3A%2F%2Fwww.facebook.com%2Falbini2017%2Fposts%2Fpfbid0bEqpoDfJdsPD2jqr69ujnZj17NxeNKFrZ5UVSkBFFvqiWn5dHbosWjtLrL7yHHijl&#038;show_text=true&#038;width=500\" width=\"500\" height=\"258\" style=\"border:none;overflow:hidden\" scrolling=\"no\" frameborder=\"0\" allowfullscreen=\"true\" allow=\"autoplay; clipboard-write; encrypted-media; picture-in-picture; web-share\"><\/iframe><\/p>\n<p>Por tashm\u00eb jan\u00eb hedhur akuza publike rreth mund\u00ebsis\u00eb s\u00eb keqp\u00ebrdorimit t\u00eb k\u00ebtyre fondeve t\u00eb ndara nga Qeveria Kurti, e t\u00eb cilat i ka mohuar Mustafi.<\/p>\n<p>Akuza<\/p>\n<p>Kryesuesi i Kuvendit Komunal n\u00eb Preshev\u00eb, Sami Salihu, p\u00ebrmes nj\u00eb statusi n\u00eb Facebook, ka shprehur akuza ndaj Ragmi Mustafit, Shaip Kamberi e Ardita Sinani, duk\u00eb th\u00ebn\u00eb se ata po ua shp\u00ebrndajn\u00eb fondet militant\u00ebve partiak\u00eb. Sipas Salihut, treshja Mustafi, Kamberi dhe Sinani ka vet\u00ebm hakmarrje dhe urrejtje politike.<\/p>\n<p>\u201cKjo treshe fam\u00ebkeqe e PVD-s\u00eb (lexo Ragmi-Shaip-Ardit\u00eb) jo vet\u00ebm q\u00eb \u00ebsht\u00eb e ngarkuar me urrejtje politike dhe hakmarrje ndaj \u00e7dokujt q\u00eb \u00ebsht\u00eb kund\u00ebr tyre, por n\u00eb k\u00ebt\u00eb form\u00eb ka arritur ti turp\u00ebroj\u00eb edhe votuesin m\u00eb t\u00eb sinqert t\u00eb PVD-s\u00eb duke i b\u00ebr\u00eb t\u00eb ulin kokat e mos ti lidh\u00eb asgj\u00eb m\u00eb me ata\u201d, ka shkruar ai.<\/p>\n<p>Tutje Salihu theksoi se k\u00ebto para po shp\u00ebrndahen t\u00eb grupet e interest q\u00eb nuk p\u00ebrfaq\u00ebsojn\u00eb ask\u00ebnd.<\/p>\n<p>\u201cKjo \u201cshkepje\u201d e paras\u00eb, si\u00e7 do t\u00eb thoshte populli, k\u00ebtyre grupeve t\u00eb vogla interesi q\u00eb nuk p\u00ebrfaq\u00ebsojn\u00eb askend nga kultura, informimi, arsimi, p\u00ebrdorimi i simboleve, promovimi i gjuh\u00ebs shqipe, \u00ebsht\u00eb nj\u00eb k\u00ebmban\u00eb q\u00eb po bie pandalur, te secila parti politike dhe te secili votues. Kjo treshe fam\u00ebkeqe tregoi sot cinizmin e tyre, urrjetjen e tyre patetike dhe \u00e7do lloj antivlere profesionale e politike\u201d, ka shkrir tutje ai.<\/p>\n<p><iframe loading=\"lazy\" src=\"https:\/\/www.facebook.com\/plugins\/post.php?href=https%3A%2F%2Fwww.facebook.com%2Fsamisalihulr%2Fposts%2Fpfbid029neZxY1WS4TUEUmGXSGsq8BKX2hPX6jMHrevMXW3j3ceCeF5nHPQ9Wf8GL2Rmzzpl&#038;show_text=true&#038;width=500\" width=\"500\" height=\"265\" style=\"border:none;overflow:hidden\" scrolling=\"no\" frameborder=\"0\" allowfullscreen=\"true\" allow=\"autoplay; clipboard-write; encrypted-media; picture-in-picture; web-share\"><\/iframe><\/p>\n<p>Lidhur m\u00eb k\u00ebt\u00eb shum\u00eb, ka reaguar edhe Valtina Nuhiu, n\u00ebnkryetarja e \u201cALTERNATIV\u00cbS p\u00ebr Ndryshim\u201d, e udh\u00ebhequr nga kryetari i komun\u00ebs s\u00eb Presh\u00ebv\u00ebs, Shqiprim Arifi.<\/p>\n<p>Ajo p\u00ebrmes nj\u00eb postimi n\u00eb Facebook, ka akuzuar \u201cPartin\u00eb P\u00ebr Veprim Demokratik\u201d, e udh\u00ebhequr nga deputeti shqiptar n\u00eb Parlamentin e Serbis\u00eb, Shaip Kamberi, se k\u00ebt\u00eb partia e tij \u00ebsht\u00eb kampione p\u00ebr t\u2019i paguar militant\u00ebt e tyre p\u00ebr kontributin n\u00eb parti.<\/p>\n<p>\u201cPVD-ja \u00ebsht\u00eb kampion p\u00ebr t&#8217;i pagujt militant\u00ebt e tyre p\u00ebr kontribut n\u00eb parti. Af\u00ebr 50 mij\u00eb euro p\u00ebr nj\u00eb militant t\u00eb PVD\u2019s\u00eb nga 2 milion eurot e Kosov\u00ebs, me OJQ-t\u00eb e sapohapura\u201d, ka shkruar ajo.<\/p>\n<p><img loading=\"lazy\" decoding=\"async\" src=\"https:\/\/permbledhja.com\/wp-content\/uploads\/2022\/12\/fototot.png\" alt=\"\" width=\"669\" height=\"171\" class=\"alignnone size-full wp-image-11066\" srcset=\"https:\/\/permbledhja.com\/wp-content\/uploads\/2022\/12\/fototot.png 669w, https:\/\/permbledhja.com\/wp-content\/uploads\/2022\/12\/fototot-300x77.png 300w, https:\/\/permbledhja.com\/wp-content\/uploads\/2022\/12\/fototot-18x5.png 18w\" sizes=\"(max-width: 669px) 100vw, 669px\" \/><\/p>\n<p>Nd\u00ebrkaq, m\u00eb ndarjen e k\u00ebtyre parave, ka reaguar shqiptari nga Lugina e Preshev\u00ebs i d\u00ebbuar nga Ministria e Pun\u00ebve t\u00eb Brendshme t\u00eb Serbis\u00eb, Naim Ramizi, i cili m\u00eb par\u00eb ishte edhe ish-aktivisit i L\u00ebvizjes Vet\u00ebvendosje.<\/p>\n<p>P\u00ebrmes nj\u00eb statusi n\u00eb Facebook, ai ka shkruar se 1.2 milion euro, t\u00eb vilat jan\u00eb para t\u00eb taksapaguesve t\u00eb qytetar\u00ebve t\u00eb Republik\u00ebs s\u00eb Kosov\u00ebs, i jan\u00eb ndar\u00eb militanteve t\u00eb nj\u00eb subjekti politik n\u00eb Lugin\u00eb t\u00eb fshehur prapa OJQ-ve fiktive.<\/p>\n<p>Ai tutje, ka shkruar se, Lugin\u00ebn e Preshev\u00ebs dhe qytetar\u00ebt e saj nuk ndihmohen duke I mbushur gryk\u00ebn gryksave. <a href=\"https:\/\/nacionale.com\/politike\/plas-skandali-kamberi-mustafi-e-sinani-akuzohen-se-i-keqperdoren-parate-qe-ua-dha-qeveria-kurti\">\/Nacionale<\/a><\/p>\n<p><iframe loading=\"lazy\" src=\"https:\/\/www.facebook.com\/plugins\/post.php?href=https%3A%2F%2Fwww.facebook.com%2Fnaim.ramizi%2Fposts%2Fpfbid02tnniT4eSY9eWAcPouxN9aJvD5REsDicPsEKSTxcad5K2faRd8NcCXY21cWbEEyv5l&#038;show_text=true&#038;width=500\" width=\"500\" height=\"277\" style=\"border:none;overflow:hidden\" scrolling=\"no\" frameborder=\"0\" allowfullscreen=\"true\" allow=\"autoplay; clipboard-write; encrypted-media; picture-in-picture; web-share\"><\/iframe><\/p>\n","protected":false},"excerpt":{"rendered":"<p>Qeveria e Kosov\u00ebs t\u00eb premten e 29 tetorit t\u00eb vitit t\u00eb kaluar (2021), kishte miratuar buxhetin e vitit 2022, nd\u00ebrsa n\u00eb kuad\u00ebr t\u00eb k\u00ebtij buxheti kishte ndar\u00eb dy million euro p\u00ebr Lugin\u00ebn e Preshev\u00ebs. Me k\u00ebt\u00eb vendim ishte krenuar edhe kryeministrit Albin Kurti. \u201cP\u00ebr her\u00eb t\u00eb par\u00eb kemi buxhetuar mb\u00ebshtetje p\u00ebr Lugin\u00ebn e Preshev\u00ebs, n\u00eb [&hellip;]<\/p>\n","protected":false},"author":1,"featured_media":11065,"comment_status":"closed","ping_status":"closed","sticky":false,"template":"","format":"standard","meta":{"_monsterinsights_skip_tracking":false,"_monsterinsights_sitenote_active":false,"_monsterinsights_sitenote_note":"","_monsterinsights_sitenote_category":0,"_uf_show_specific_survey":0,"_uf_disable_surveys":false,"footnotes":""},"categories":[1146],"tags":[1286,1287,1288],"yoast_head":"<!-- This site is optimized with the Yoast SEO plugin v21.5 - https:\/\/yoast.com\/wordpress\/plugins\/seo\/ -->\n<title>Kamberi, Mustafi e Sinani akuzohen se i keqp\u00ebrdor\u00ebn parat\u00eb q\u00eb ua dha Qeveria Kurti<\/title>\n<meta name=\"robots\" content=\"index, follow, max-snippet:-1, max-image-preview:large, max-video-preview:-1\" \/>\n<link rel=\"canonical\" href=\"https:\/\/permbledhja.com\/sq\/kamberi-mustafi-e-sinani-akuzohen-se-i-keqperdoren-parate-qe-ua-dha-qeveria-kurti\/\" \/>\n<meta property=\"og:locale\" content=\"sq_AL\" \/>\n<meta property=\"og:type\" content=\"article\" \/>\n<meta property=\"og:title\" content=\"Kamberi, Mustafi e Sinani akuzohen se i keqp\u00ebrdor\u00ebn parat\u00eb q\u00eb ua dha Qeveria Kurti\" \/>\n<meta property=\"og:description\" content=\"Qeveria e Kosov\u00ebs t\u00eb premten e 29 tetorit t\u00eb vitit t\u00eb kaluar (2021), kishte miratuar buxhetin e vitit 2022, nd\u00ebrsa n\u00eb kuad\u00ebr t\u00eb k\u00ebtij buxheti kishte ndar\u00eb dy million euro p\u00ebr Lugin\u00ebn e Preshev\u00ebs. Me k\u00ebt\u00eb vendim ishte krenuar edhe kryeministrit Albin Kurti. \u201cP\u00ebr her\u00eb t\u00eb par\u00eb kemi buxhetuar mb\u00ebshtetje p\u00ebr Lugin\u00ebn e Preshev\u00ebs, n\u00eb [&hellip;]\" \/>\n<meta property=\"og:url\" content=\"https:\/\/permbledhja.com\/sq\/kamberi-mustafi-e-sinani-akuzohen-se-i-keqperdoren-parate-qe-ua-dha-qeveria-kurti\/\" \/>\n<meta property=\"og:site_name\" content=\"Ve\u00e7 artikuj p\u00ebrmbledh\u00ebs\" \/>\n<meta property=\"article:publisher\" content=\"https:\/\/www.facebook.com\/press07\/\" \/>\n<meta property=\"article:author\" content=\"https:\/\/www.facebook.com\/kafexhiu.muharrem\/\" \/>\n<meta property=\"article:published_time\" content=\"2022-12-30T15:42:30+00:00\" \/>\n<meta property=\"og:image\" content=\"https:\/\/permbledhja.com\/wp-content\/uploads\/2022\/12\/preshevaaaa.png\" \/>\n\t<meta property=\"og:image:width\" content=\"862\" \/>\n\t<meta property=\"og:image:height\" content=\"526\" \/>\n\t<meta property=\"og:image:type\" content=\"image\/png\" \/>\n<meta name=\"author\" content=\"P\u00ebrmbledhja\" \/>\n<meta name=\"twitter:card\" content=\"summary_large_image\" \/>\n<meta name=\"twitter:label1\" content=\"Written by\" \/>\n\t<meta name=\"twitter:data1\" content=\"P\u00ebrmbledhja\" \/>\n\t<meta name=\"twitter:label2\" content=\"Est. reading time\" \/>\n\t<meta name=\"twitter:data2\" content=\"3 minuta\" \/>\n<script type=\"application\/ld+json\" class=\"yoast-schema-graph\">{\"@context\":\"https:\/\/schema.org\",\"@graph\":[{\"@type\":\"Article\",\"@id\":\"https:\/\/permbledhja.com\/sq\/kamberi-mustafi-e-sinani-akuzohen-se-i-keqperdoren-parate-qe-ua-dha-qeveria-kurti\/#article\",\"isPartOf\":{\"@id\":\"https:\/\/permbledhja.com\/sq\/kamberi-mustafi-e-sinani-akuzohen-se-i-keqperdoren-parate-qe-ua-dha-qeveria-kurti\/\"},\"author\":{\"name\":\"P\u00ebrmbledhja\",\"@id\":\"https:\/\/permbledhja.com\/#\/schema\/person\/0d064377258d3221e50693947b9eb4fe\"},\"headline\":\"Kamberi, Mustafi e Sinani akuzohen se i keqp\u00ebrdor\u00ebn parat\u00eb q\u00eb ua dha Qeveria Kurti\",\"datePublished\":\"2022-12-30T15:42:30+00:00\",\"dateModified\":\"2022-12-30T15:42:30+00:00\",\"mainEntityOfPage\":{\"@id\":\"https:\/\/permbledhja.com\/sq\/kamberi-mustafi-e-sinani-akuzohen-se-i-keqperdoren-parate-qe-ua-dha-qeveria-kurti\/\"},\"wordCount\":591,\"publisher\":{\"@id\":\"https:\/\/permbledhja.com\/#organization\"},\"keywords\":[\"Kamberi\",\"Mustafi\",\"Sinani\"],\"articleSection\":[\"Kryesoret\"],\"inLanguage\":\"sq\"},{\"@type\":\"WebPage\",\"@id\":\"https:\/\/permbledhja.com\/sq\/kamberi-mustafi-e-sinani-akuzohen-se-i-keqperdoren-parate-qe-ua-dha-qeveria-kurti\/\",\"url\":\"https:\/\/permbledhja.com\/sq\/kamberi-mustafi-e-sinani-akuzohen-se-i-keqperdoren-parate-qe-ua-dha-qeveria-kurti\/\",\"name\":\"Kamberi, Mustafi e Sinani akuzohen se i keqp\u00ebrdor\u00ebn parat\u00eb q\u00eb ua dha Qeveria Kurti\",\"isPartOf\":{\"@id\":\"https:\/\/permbledhja.com\/#website\"},\"datePublished\":\"2022-12-30T15:42:30+00:00\",\"dateModified\":\"2022-12-30T15:42:30+00:00\",\"breadcrumb\":{\"@id\":\"https:\/\/permbledhja.com\/sq\/kamberi-mustafi-e-sinani-akuzohen-se-i-keqperdoren-parate-qe-ua-dha-qeveria-kurti\/#breadcrumb\"},\"inLanguage\":\"sq\",\"potentialAction\":[{\"@type\":\"ReadAction\",\"target\":[\"https:\/\/permbledhja.com\/sq\/kamberi-mustafi-e-sinani-akuzohen-se-i-keqperdoren-parate-qe-ua-dha-qeveria-kurti\/\"]}]},{\"@type\":\"BreadcrumbList\",\"@id\":\"https:\/\/permbledhja.com\/sq\/kamberi-mustafi-e-sinani-akuzohen-se-i-keqperdoren-parate-qe-ua-dha-qeveria-kurti\/#breadcrumb\",\"itemListElement\":[{\"@type\":\"ListItem\",\"position\":1,\"name\":\"Ballina\",\"item\":\"https:\/\/permbledhja.com\/sq\/\"},{\"@type\":\"ListItem\",\"position\":2,\"name\":\"Kamberi, Mustafi e Sinani akuzohen se i keqp\u00ebrdor\u00ebn parat\u00eb q\u00eb ua dha Qeveria Kurti\"}]},{\"@type\":\"WebSite\",\"@id\":\"https:\/\/permbledhja.com\/#website\",\"url\":\"https:\/\/permbledhja.com\/\",\"name\":\"Ve\u00e7 artikuj p\u00ebrmbledh\u00ebs\",\"description\":\"\",\"publisher\":{\"@id\":\"https:\/\/permbledhja.com\/#organization\"},\"potentialAction\":[{\"@type\":\"SearchAction\",\"target\":{\"@type\":\"EntryPoint\",\"urlTemplate\":\"https:\/\/permbledhja.com\/?s={search_term_string}\"},\"query-input\":\"required name=search_term_string\"}],\"inLanguage\":\"sq\"},{\"@type\":\"Organization\",\"@id\":\"https:\/\/permbledhja.com\/#organization\",\"name\":\"MK Media & Pr\",\"url\":\"https:\/\/permbledhja.com\/\",\"logo\":{\"@type\":\"ImageObject\",\"inLanguage\":\"sq\",\"@id\":\"https:\/\/permbledhja.com\/#\/schema\/logo\/image\/\",\"url\":\"https:\/\/permbledhja.com\/wp-content\/uploads\/2021\/12\/07-Press-Logo.jpg\",\"contentUrl\":\"https:\/\/permbledhja.com\/wp-content\/uploads\/2021\/12\/07-Press-Logo.jpg\",\"width\":512,\"height\":512,\"caption\":\"MK Media & Pr\"},\"image\":{\"@id\":\"https:\/\/permbledhja.com\/#\/schema\/logo\/image\/\"},\"sameAs\":[\"https:\/\/www.facebook.com\/press07\/\"]},{\"@type\":\"Person\",\"@id\":\"https:\/\/permbledhja.com\/#\/schema\/person\/0d064377258d3221e50693947b9eb4fe\",\"name\":\"P\u00ebrmbledhja\",\"image\":{\"@type\":\"ImageObject\",\"inLanguage\":\"sq\",\"@id\":\"https:\/\/permbledhja.com\/#\/schema\/person\/image\/\",\"url\":\"https:\/\/permbledhja.com\/wp-content\/uploads\/2026\/01\/452004717_1040944174702970_8932037511805513407_n-96x96.jpg\",\"contentUrl\":\"https:\/\/permbledhja.com\/wp-content\/uploads\/2026\/01\/452004717_1040944174702970_8932037511805513407_n-96x96.jpg\",\"caption\":\"P\u00ebrmbledhja\"},\"sameAs\":[\"https:\/\/www.facebook.com\/kafexhiu.muharrem\/\",\"https:\/\/www.instagram.com\/muharrem_kafexhiu\/\"],\"url\":\"https:\/\/permbledhja.com\/sq\/author\/admin\/\"}]}<\/script>\n<!-- \/ Yoast SEO plugin. -->","yoast_head_json":{"title":"Kamberi, Mustafi e Sinani akuzohen se i keqp\u00ebrdor\u00ebn parat\u00eb q\u00eb ua dha Qeveria Kurti","robots":{"index":"index","follow":"follow","max-snippet":"max-snippet:-1","max-image-preview":"max-image-preview:large","max-video-preview":"max-video-preview:-1"},"canonical":"https:\/\/permbledhja.com\/sq\/kamberi-mustafi-e-sinani-akuzohen-se-i-keqperdoren-parate-qe-ua-dha-qeveria-kurti\/","og_locale":"sq_AL","og_type":"article","og_title":"Kamberi, Mustafi e Sinani akuzohen se i keqp\u00ebrdor\u00ebn parat\u00eb q\u00eb ua dha Qeveria Kurti","og_description":"Qeveria e Kosov\u00ebs t\u00eb premten e 29 tetorit t\u00eb vitit t\u00eb kaluar (2021), kishte miratuar buxhetin e vitit 2022, nd\u00ebrsa n\u00eb kuad\u00ebr t\u00eb k\u00ebtij buxheti kishte ndar\u00eb dy million euro p\u00ebr Lugin\u00ebn e Preshev\u00ebs. Me k\u00ebt\u00eb vendim ishte krenuar edhe kryeministrit Albin Kurti. \u201cP\u00ebr her\u00eb t\u00eb par\u00eb kemi buxhetuar mb\u00ebshtetje p\u00ebr Lugin\u00ebn e Preshev\u00ebs, n\u00eb [&hellip;]","og_url":"https:\/\/permbledhja.com\/sq\/kamberi-mustafi-e-sinani-akuzohen-se-i-keqperdoren-parate-qe-ua-dha-qeveria-kurti\/","og_site_name":"Ve\u00e7 artikuj p\u00ebrmbledh\u00ebs","article_publisher":"https:\/\/www.facebook.com\/press07\/","article_author":"https:\/\/www.facebook.com\/kafexhiu.muharrem\/","article_published_time":"2022-12-30T15:42:30+00:00","og_image":[{"width":862,"height":526,"url":"https:\/\/permbledhja.com\/wp-content\/uploads\/2022\/12\/preshevaaaa.png","type":"image\/png"}],"author":"P\u00ebrmbledhja","twitter_card":"summary_large_image","twitter_misc":{"Written by":"P\u00ebrmbledhja","Est. reading time":"3 minuta"},"schema":{"@context":"https:\/\/schema.org","@graph":[{"@type":"Article","@id":"https:\/\/permbledhja.com\/sq\/kamberi-mustafi-e-sinani-akuzohen-se-i-keqperdoren-parate-qe-ua-dha-qeveria-kurti\/#article","isPartOf":{"@id":"https:\/\/permbledhja.com\/sq\/kamberi-mustafi-e-sinani-akuzohen-se-i-keqperdoren-parate-qe-ua-dha-qeveria-kurti\/"},"author":{"name":"P\u00ebrmbledhja","@id":"https:\/\/permbledhja.com\/#\/schema\/person\/0d064377258d3221e50693947b9eb4fe"},"headline":"Kamberi, Mustafi e Sinani akuzohen se i keqp\u00ebrdor\u00ebn parat\u00eb q\u00eb ua dha Qeveria Kurti","datePublished":"2022-12-30T15:42:30+00:00","dateModified":"2022-12-30T15:42:30+00:00","mainEntityOfPage":{"@id":"https:\/\/permbledhja.com\/sq\/kamberi-mustafi-e-sinani-akuzohen-se-i-keqperdoren-parate-qe-ua-dha-qeveria-kurti\/"},"wordCount":591,"publisher":{"@id":"https:\/\/permbledhja.com\/#organization"},"keywords":["Kamberi","Mustafi","Sinani"],"articleSection":["Kryesoret"],"inLanguage":"sq"},{"@type":"WebPage","@id":"https:\/\/permbledhja.com\/sq\/kamberi-mustafi-e-sinani-akuzohen-se-i-keqperdoren-parate-qe-ua-dha-qeveria-kurti\/","url":"https:\/\/permbledhja.com\/sq\/kamberi-mustafi-e-sinani-akuzohen-se-i-keqperdoren-parate-qe-ua-dha-qeveria-kurti\/","name":"Kamberi, Mustafi e Sinani akuzohen se i keqp\u00ebrdor\u00ebn parat\u00eb q\u00eb ua dha Qeveria Kurti","isPartOf":{"@id":"https:\/\/permbledhja.com\/#website"},"datePublished":"2022-12-30T15:42:30+00:00","dateModified":"2022-12-30T15:42:30+00:00","breadcrumb":{"@id":"https:\/\/permbledhja.com\/sq\/kamberi-mustafi-e-sinani-akuzohen-se-i-keqperdoren-parate-qe-ua-dha-qeveria-kurti\/#breadcrumb"},"inLanguage":"sq","potentialAction":[{"@type":"ReadAction","target":["https:\/\/permbledhja.com\/sq\/kamberi-mustafi-e-sinani-akuzohen-se-i-keqperdoren-parate-qe-ua-dha-qeveria-kurti\/"]}]},{"@type":"BreadcrumbList","@id":"https:\/\/permbledhja.com\/sq\/kamberi-mustafi-e-sinani-akuzohen-se-i-keqperdoren-parate-qe-ua-dha-qeveria-kurti\/#breadcrumb","itemListElement":[{"@type":"ListItem","position":1,"name":"Ballina","item":"https:\/\/permbledhja.com\/sq\/"},{"@type":"ListItem","position":2,"name":"Kamberi, Mustafi e Sinani akuzohen se i keqp\u00ebrdor\u00ebn parat\u00eb q\u00eb ua dha Qeveria Kurti"}]},{"@type":"WebSite","@id":"https:\/\/permbledhja.com\/#website","url":"https:\/\/permbledhja.com\/","name":"Ve\u00e7 artikuj p\u00ebrmbledh\u00ebs","description":"","publisher":{"@id":"https:\/\/permbledhja.com\/#organization"},"potentialAction":[{"@type":"SearchAction","target":{"@type":"EntryPoint","urlTemplate":"https:\/\/permbledhja.com\/?s={search_term_string}"},"query-input":"required name=search_term_string"}],"inLanguage":"sq"},{"@type":"Organization","@id":"https:\/\/permbledhja.com\/#organization","name":"MK Media & Pr","url":"https:\/\/permbledhja.com\/","logo":{"@type":"ImageObject","inLanguage":"sq","@id":"https:\/\/permbledhja.com\/#\/schema\/logo\/image\/","url":"https:\/\/permbledhja.com\/wp-content\/uploads\/2021\/12\/07-Press-Logo.jpg","contentUrl":"https:\/\/permbledhja.com\/wp-content\/uploads\/2021\/12\/07-Press-Logo.jpg","width":512,"height":512,"caption":"MK Media & Pr"},"image":{"@id":"https:\/\/permbledhja.com\/#\/schema\/logo\/image\/"},"sameAs":["https:\/\/www.facebook.com\/press07\/"]},{"@type":"Person","@id":"https:\/\/permbledhja.com\/#\/schema\/person\/0d064377258d3221e50693947b9eb4fe","name":"P\u00ebrmbledhja","image":{"@type":"ImageObject","inLanguage":"sq","@id":"https:\/\/permbledhja.com\/#\/schema\/person\/image\/","url":"https:\/\/permbledhja.com\/wp-content\/uploads\/2026\/01\/452004717_1040944174702970_8932037511805513407_n-96x96.jpg","contentUrl":"https:\/\/permbledhja.com\/wp-content\/uploads\/2026\/01\/452004717_1040944174702970_8932037511805513407_n-96x96.jpg","caption":"P\u00ebrmbledhja"},"sameAs":["https:\/\/www.facebook.com\/kafexhiu.muharrem\/","https:\/\/www.instagram.com\/muharrem_kafexhiu\/"],"url":"https:\/\/permbledhja.com\/sq\/author\/admin\/"}]}},"_links":{"self":[{"href":"https:\/\/permbledhja.com\/sq\/wp-json\/wp\/v2\/posts\/11064"}],"collection":[{"href":"https:\/\/permbledhja.com\/sq\/wp-json\/wp\/v2\/posts"}],"about":[{"href":"https:\/\/permbledhja.com\/sq\/wp-json\/wp\/v2\/types\/post"}],"author":[{"embeddable":true,"href":"https:\/\/permbledhja.com\/sq\/wp-json\/wp\/v2\/users\/1"}],"replies":[{"embeddable":true,"href":"https:\/\/permbledhja.com\/sq\/wp-json\/wp\/v2\/comments?post=11064"}],"version-history":[{"count":1,"href":"https:\/\/permbledhja.com\/sq\/wp-json\/wp\/v2\/posts\/11064\/revisions"}],"predecessor-version":[{"id":11067,"href":"https:\/\/permbledhja.com\/sq\/wp-json\/wp\/v2\/posts\/11064\/revisions\/11067"}],"wp:featuredmedia":[{"embeddable":true,"href":"https:\/\/permbledhja.com\/sq\/wp-json\/wp\/v2\/media\/11065"}],"wp:attachment":[{"href":"https:\/\/permbledhja.com\/sq\/wp-json\/wp\/v2\/media?parent=11064"}],"wp:term":[{"taxonomy":"category","embeddable":true,"href":"https:\/\/permbledhja.com\/sq\/wp-json\/wp\/v2\/categories?post=11064"},{"taxonomy":"post_tag","embeddable":true,"href":"https:\/\/permbledhja.com\/sq\/wp-json\/wp\/v2\/tags?post=11064"}],"curies":[{"name":"wp","href":"https:\/\/api.w.org\/{rel}","templated":true}]}}