{"id":10985,"date":"2022-12-27T09:07:18","date_gmt":"2022-12-27T09:07:18","guid":{"rendered":"https:\/\/permbledhja.com\/?p=10985"},"modified":"2022-12-27T09:07:18","modified_gmt":"2022-12-27T09:07:18","slug":"rasti-i-foshnjes-se-vdekur-ne-lavatrice-ky-eshte-veprimi-i-fundit","status":"publish","type":"post","link":"https:\/\/permbledhja.com\/sq\/rasti-i-foshnjes-se-vdekur-ne-lavatrice-ky-eshte-veprimi-i-fundit\/","title":{"rendered":"Rasti i foshnj\u00ebs s\u00eb vdekur n\u00eb lavatri\u00e7e, ky \u00ebsht\u00eb veprimi i fundit"},"content":{"rendered":"<p>Bordi i SHSKUK-s\u00eb \u00ebsht\u00eb mbledhur n\u00eb k\u00ebto momente, ku do t\u00eb raportoj\u00eb p\u00ebr her\u00eb t\u00eb par\u00eb raporton U.D Drejtoresha e institucionit, Pranvera Zejnullahu-Raci, m\u00ebson Klan Kosova.<\/p>\n<p>Nd\u00ebr pikat q\u00eb do t\u00eb diskutohet n\u00eb k\u00ebt\u00eb mbledhje \u00ebsht\u00eb edhe rasti me foshnj\u00ebn n\u00eb Pej\u00eb.<\/p>\n<p>N\u00eb fakt lidhur me k\u00ebt\u00eb rast, Bordi ishte mbledhur edhe jav\u00ebn e kaluar ve\u00e7se n\u00eb k\u00ebt\u00eb mbledhje kishte munguar Zejnullahu-Raci p\u00ebr shkak t\u00eb problemeve sh\u00ebndet\u00ebsore.<\/p>\n<p>Nj\u00eb fryt i lindur pa shenja jete ishte futur n\u00eb rrobalar\u00ebse e mb\u00ebshtjell\u00eb me \u00e7ar\u00e7af\u00eb nga personeli mjek\u00ebsor n\u00eb Spitalin e Pej\u00ebs.<\/p>\n<p>P\u00ebr k\u00ebt\u00eb \u00ebsht\u00eb hapur rast hetimi, nd\u00ebrsa me vendim t\u00eb Ministris\u00eb s\u00eb Sh\u00ebndet\u00ebsis\u00eb nga puna \u00ebsht\u00eb larguar u.d. i kryeinspektorit t\u00eb Inspektoratit Sh\u00ebndet\u00ebsor, Shaban Osmanaj si dhe shefi dhe kryeinfermierja e Repartit t\u00eb Gjinekologjis\u00eb. Po ashtu jan\u00eb suspenduar edhe shtat\u00eb punonj\u00ebs t\u00eb spitalit.<\/p>\n<p>N\u00eb nd\u00ebrkoh\u00eb, n\u00eb kuad\u00ebr t\u00eb masave lidhur me rastin e trajtimit t\u00eb frytit t\u00eb vdekur n\u00eb Spitalin e P\u00ebrgjithsh\u00ebm n\u00eb Pej\u00eb, Drejtori Ekzekutiv ka shkarkuar Drejtorin Mjek\u00ebsor dhe Drejtorin p\u00ebr Infermieri.<\/p>\n<p>Shkarkimi, sipas Spitalit t\u00eb P\u00ebrgjithsh\u00ebm t\u00eb Pej\u00ebs, \u00ebsht\u00eb b\u00ebr\u00eb si p\u00ebrgjegj\u00ebsi direkte menaxheriale lidhur me rastin e frytit t\u00eb vdekur.<\/p>\n","protected":false},"excerpt":{"rendered":"<p>Bordi i SHSKUK-s\u00eb \u00ebsht\u00eb mbledhur n\u00eb k\u00ebto momente, ku do t\u00eb raportoj\u00eb p\u00ebr her\u00eb t\u00eb par\u00eb raporton U.D Drejtoresha e institucionit, Pranvera Zejnullahu-Raci, m\u00ebson Klan Kosova. Nd\u00ebr pikat q\u00eb do t\u00eb diskutohet n\u00eb k\u00ebt\u00eb mbledhje \u00ebsht\u00eb edhe rasti me foshnj\u00ebn n\u00eb Pej\u00eb. N\u00eb fakt lidhur me k\u00ebt\u00eb rast, Bordi ishte mbledhur edhe jav\u00ebn e kaluar [&hellip;]<\/p>\n","protected":false},"author":1,"featured_media":10986,"comment_status":"closed","ping_status":"closed","sticky":false,"template":"","format":"standard","meta":{"_monsterinsights_skip_tracking":false,"_monsterinsights_sitenote_active":false,"_monsterinsights_sitenote_note":"","_monsterinsights_sitenote_category":0,"_uf_show_specific_survey":0,"_uf_disable_surveys":false,"footnotes":""},"categories":[1146],"tags":[1266],"yoast_head":"<!-- This site is optimized with the Yoast SEO plugin v21.5 - https:\/\/yoast.com\/wordpress\/plugins\/seo\/ -->\n<title>Rasti i foshnj\u00ebs s\u00eb vdekur n\u00eb lavatri\u00e7e, ky \u00ebsht\u00eb veprimi i fundit<\/title>\n<meta name=\"robots\" content=\"index, follow, max-snippet:-1, max-image-preview:large, max-video-preview:-1\" \/>\n<link rel=\"canonical\" href=\"https:\/\/permbledhja.com\/sq\/rasti-i-foshnjes-se-vdekur-ne-lavatrice-ky-eshte-veprimi-i-fundit\/\" \/>\n<meta property=\"og:locale\" content=\"sq_AL\" \/>\n<meta property=\"og:type\" content=\"article\" \/>\n<meta property=\"og:title\" content=\"Rasti i foshnj\u00ebs s\u00eb vdekur n\u00eb lavatri\u00e7e, ky \u00ebsht\u00eb veprimi i fundit\" \/>\n<meta property=\"og:description\" content=\"Bordi i SHSKUK-s\u00eb \u00ebsht\u00eb mbledhur n\u00eb k\u00ebto momente, ku do t\u00eb raportoj\u00eb p\u00ebr her\u00eb t\u00eb par\u00eb raporton U.D Drejtoresha e institucionit, Pranvera Zejnullahu-Raci, m\u00ebson Klan Kosova. Nd\u00ebr pikat q\u00eb do t\u00eb diskutohet n\u00eb k\u00ebt\u00eb mbledhje \u00ebsht\u00eb edhe rasti me foshnj\u00ebn n\u00eb Pej\u00eb. N\u00eb fakt lidhur me k\u00ebt\u00eb rast, Bordi ishte mbledhur edhe jav\u00ebn e kaluar [&hellip;]\" \/>\n<meta property=\"og:url\" content=\"https:\/\/permbledhja.com\/sq\/rasti-i-foshnjes-se-vdekur-ne-lavatrice-ky-eshte-veprimi-i-fundit\/\" \/>\n<meta property=\"og:site_name\" content=\"Ve\u00e7 artikuj p\u00ebrmbledh\u00ebs\" \/>\n<meta property=\"article:publisher\" content=\"https:\/\/www.facebook.com\/press07\/\" \/>\n<meta property=\"article:author\" content=\"https:\/\/www.facebook.com\/kafexhiu.muharrem\/\" \/>\n<meta property=\"article:published_time\" content=\"2022-12-27T09:07:18+00:00\" \/>\n<meta property=\"og:image\" content=\"https:\/\/permbledhja.com\/wp-content\/uploads\/2022\/12\/A9E4EFBB-6AEC-4C87-A822-2BF2EE616E36.jpeg\" \/>\n\t<meta property=\"og:image:width\" content=\"900\" \/>\n\t<meta property=\"og:image:height\" content=\"506\" \/>\n\t<meta property=\"og:image:type\" content=\"image\/jpeg\" \/>\n<meta name=\"author\" content=\"P\u00ebrmbledhja\" \/>\n<meta name=\"twitter:card\" content=\"summary_large_image\" \/>\n<meta name=\"twitter:label1\" content=\"Written by\" \/>\n\t<meta name=\"twitter:data1\" content=\"P\u00ebrmbledhja\" \/>\n\t<meta name=\"twitter:label2\" content=\"Est. reading time\" \/>\n\t<meta name=\"twitter:data2\" content=\"1 minut\u00eb\" \/>\n<script type=\"application\/ld+json\" class=\"yoast-schema-graph\">{\"@context\":\"https:\/\/schema.org\",\"@graph\":[{\"@type\":\"Article\",\"@id\":\"https:\/\/permbledhja.com\/rasti-i-foshnjes-se-vdekur-ne-lavatrice-ky-eshte-veprimi-i-fundit\/#article\",\"isPartOf\":{\"@id\":\"https:\/\/permbledhja.com\/rasti-i-foshnjes-se-vdekur-ne-lavatrice-ky-eshte-veprimi-i-fundit\/\"},\"author\":{\"name\":\"P\u00ebrmbledhja\",\"@id\":\"https:\/\/permbledhja.com\/#\/schema\/person\/0d064377258d3221e50693947b9eb4fe\"},\"headline\":\"Rasti i foshnj\u00ebs s\u00eb vdekur n\u00eb lavatri\u00e7e, ky \u00ebsht\u00eb veprimi i fundit\",\"datePublished\":\"2022-12-27T09:07:18+00:00\",\"dateModified\":\"2022-12-27T09:07:18+00:00\",\"mainEntityOfPage\":{\"@id\":\"https:\/\/permbledhja.com\/rasti-i-foshnjes-se-vdekur-ne-lavatrice-ky-eshte-veprimi-i-fundit\/\"},\"wordCount\":237,\"publisher\":{\"@id\":\"https:\/\/permbledhja.com\/#organization\"},\"keywords\":[\"Foshnja n\u00eb lavatri\u00e7e\"],\"articleSection\":[\"Kryesoret\"],\"inLanguage\":\"sq\"},{\"@type\":\"WebPage\",\"@id\":\"https:\/\/permbledhja.com\/rasti-i-foshnjes-se-vdekur-ne-lavatrice-ky-eshte-veprimi-i-fundit\/\",\"url\":\"https:\/\/permbledhja.com\/rasti-i-foshnjes-se-vdekur-ne-lavatrice-ky-eshte-veprimi-i-fundit\/\",\"name\":\"Rasti i foshnj\u00ebs s\u00eb vdekur n\u00eb lavatri\u00e7e, ky \u00ebsht\u00eb veprimi i fundit\",\"isPartOf\":{\"@id\":\"https:\/\/permbledhja.com\/#website\"},\"datePublished\":\"2022-12-27T09:07:18+00:00\",\"dateModified\":\"2022-12-27T09:07:18+00:00\",\"breadcrumb\":{\"@id\":\"https:\/\/permbledhja.com\/rasti-i-foshnjes-se-vdekur-ne-lavatrice-ky-eshte-veprimi-i-fundit\/#breadcrumb\"},\"inLanguage\":\"sq\",\"potentialAction\":[{\"@type\":\"ReadAction\",\"target\":[\"https:\/\/permbledhja.com\/rasti-i-foshnjes-se-vdekur-ne-lavatrice-ky-eshte-veprimi-i-fundit\/\"]}]},{\"@type\":\"BreadcrumbList\",\"@id\":\"https:\/\/permbledhja.com\/rasti-i-foshnjes-se-vdekur-ne-lavatrice-ky-eshte-veprimi-i-fundit\/#breadcrumb\",\"itemListElement\":[{\"@type\":\"ListItem\",\"position\":1,\"name\":\"Ballina\",\"item\":\"https:\/\/permbledhja.com\/sq\/\"},{\"@type\":\"ListItem\",\"position\":2,\"name\":\"Rasti i foshnj\u00ebs s\u00eb vdekur n\u00eb lavatri\u00e7e, ky \u00ebsht\u00eb veprimi i fundit\"}]},{\"@type\":\"WebSite\",\"@id\":\"https:\/\/permbledhja.com\/#website\",\"url\":\"https:\/\/permbledhja.com\/\",\"name\":\"Ve\u00e7 artikuj p\u00ebrmbledh\u00ebs\",\"description\":\"\",\"publisher\":{\"@id\":\"https:\/\/permbledhja.com\/#organization\"},\"potentialAction\":[{\"@type\":\"SearchAction\",\"target\":{\"@type\":\"EntryPoint\",\"urlTemplate\":\"https:\/\/permbledhja.com\/?s={search_term_string}\"},\"query-input\":\"required name=search_term_string\"}],\"inLanguage\":\"sq\"},{\"@type\":\"Organization\",\"@id\":\"https:\/\/permbledhja.com\/#organization\",\"name\":\"MK Media & Pr\",\"url\":\"https:\/\/permbledhja.com\/\",\"logo\":{\"@type\":\"ImageObject\",\"inLanguage\":\"sq\",\"@id\":\"https:\/\/permbledhja.com\/#\/schema\/logo\/image\/\",\"url\":\"https:\/\/permbledhja.com\/wp-content\/uploads\/2021\/12\/07-Press-Logo.jpg\",\"contentUrl\":\"https:\/\/permbledhja.com\/wp-content\/uploads\/2021\/12\/07-Press-Logo.jpg\",\"width\":512,\"height\":512,\"caption\":\"MK Media & Pr\"},\"image\":{\"@id\":\"https:\/\/permbledhja.com\/#\/schema\/logo\/image\/\"},\"sameAs\":[\"https:\/\/www.facebook.com\/press07\/\"]},{\"@type\":\"Person\",\"@id\":\"https:\/\/permbledhja.com\/#\/schema\/person\/0d064377258d3221e50693947b9eb4fe\",\"name\":\"P\u00ebrmbledhja\",\"image\":{\"@type\":\"ImageObject\",\"inLanguage\":\"sq\",\"@id\":\"https:\/\/permbledhja.com\/#\/schema\/person\/image\/\",\"url\":\"https:\/\/permbledhja.com\/wp-content\/uploads\/2026\/01\/452004717_1040944174702970_8932037511805513407_n-96x96.jpg\",\"contentUrl\":\"https:\/\/permbledhja.com\/wp-content\/uploads\/2026\/01\/452004717_1040944174702970_8932037511805513407_n-96x96.jpg\",\"caption\":\"P\u00ebrmbledhja\"},\"sameAs\":[\"https:\/\/www.facebook.com\/kafexhiu.muharrem\/\",\"https:\/\/www.instagram.com\/muharrem_kafexhiu\/\"],\"url\":\"https:\/\/permbledhja.com\/sq\/author\/admin\/\"}]}<\/script>\n<!-- \/ Yoast SEO plugin. -->","yoast_head_json":{"title":"Rasti i foshnj\u00ebs s\u00eb vdekur n\u00eb lavatri\u00e7e, ky \u00ebsht\u00eb veprimi i fundit","robots":{"index":"index","follow":"follow","max-snippet":"max-snippet:-1","max-image-preview":"max-image-preview:large","max-video-preview":"max-video-preview:-1"},"canonical":"https:\/\/permbledhja.com\/sq\/rasti-i-foshnjes-se-vdekur-ne-lavatrice-ky-eshte-veprimi-i-fundit\/","og_locale":"sq_AL","og_type":"article","og_title":"Rasti i foshnj\u00ebs s\u00eb vdekur n\u00eb lavatri\u00e7e, ky \u00ebsht\u00eb veprimi i fundit","og_description":"Bordi i SHSKUK-s\u00eb \u00ebsht\u00eb mbledhur n\u00eb k\u00ebto momente, ku do t\u00eb raportoj\u00eb p\u00ebr her\u00eb t\u00eb par\u00eb raporton U.D Drejtoresha e institucionit, Pranvera Zejnullahu-Raci, m\u00ebson Klan Kosova. Nd\u00ebr pikat q\u00eb do t\u00eb diskutohet n\u00eb k\u00ebt\u00eb mbledhje \u00ebsht\u00eb edhe rasti me foshnj\u00ebn n\u00eb Pej\u00eb. N\u00eb fakt lidhur me k\u00ebt\u00eb rast, Bordi ishte mbledhur edhe jav\u00ebn e kaluar [&hellip;]","og_url":"https:\/\/permbledhja.com\/sq\/rasti-i-foshnjes-se-vdekur-ne-lavatrice-ky-eshte-veprimi-i-fundit\/","og_site_name":"Ve\u00e7 artikuj p\u00ebrmbledh\u00ebs","article_publisher":"https:\/\/www.facebook.com\/press07\/","article_author":"https:\/\/www.facebook.com\/kafexhiu.muharrem\/","article_published_time":"2022-12-27T09:07:18+00:00","og_image":[{"width":900,"height":506,"url":"https:\/\/permbledhja.com\/wp-content\/uploads\/2022\/12\/A9E4EFBB-6AEC-4C87-A822-2BF2EE616E36.jpeg","type":"image\/jpeg"}],"author":"P\u00ebrmbledhja","twitter_card":"summary_large_image","twitter_misc":{"Written by":"P\u00ebrmbledhja","Est. reading time":"1 minut\u00eb"},"schema":{"@context":"https:\/\/schema.org","@graph":[{"@type":"Article","@id":"https:\/\/permbledhja.com\/rasti-i-foshnjes-se-vdekur-ne-lavatrice-ky-eshte-veprimi-i-fundit\/#article","isPartOf":{"@id":"https:\/\/permbledhja.com\/rasti-i-foshnjes-se-vdekur-ne-lavatrice-ky-eshte-veprimi-i-fundit\/"},"author":{"name":"P\u00ebrmbledhja","@id":"https:\/\/permbledhja.com\/#\/schema\/person\/0d064377258d3221e50693947b9eb4fe"},"headline":"Rasti i foshnj\u00ebs s\u00eb vdekur n\u00eb lavatri\u00e7e, ky \u00ebsht\u00eb veprimi i fundit","datePublished":"2022-12-27T09:07:18+00:00","dateModified":"2022-12-27T09:07:18+00:00","mainEntityOfPage":{"@id":"https:\/\/permbledhja.com\/rasti-i-foshnjes-se-vdekur-ne-lavatrice-ky-eshte-veprimi-i-fundit\/"},"wordCount":237,"publisher":{"@id":"https:\/\/permbledhja.com\/#organization"},"keywords":["Foshnja n\u00eb lavatri\u00e7e"],"articleSection":["Kryesoret"],"inLanguage":"sq"},{"@type":"WebPage","@id":"https:\/\/permbledhja.com\/rasti-i-foshnjes-se-vdekur-ne-lavatrice-ky-eshte-veprimi-i-fundit\/","url":"https:\/\/permbledhja.com\/rasti-i-foshnjes-se-vdekur-ne-lavatrice-ky-eshte-veprimi-i-fundit\/","name":"Rasti i foshnj\u00ebs s\u00eb vdekur n\u00eb lavatri\u00e7e, ky \u00ebsht\u00eb veprimi i fundit","isPartOf":{"@id":"https:\/\/permbledhja.com\/#website"},"datePublished":"2022-12-27T09:07:18+00:00","dateModified":"2022-12-27T09:07:18+00:00","breadcrumb":{"@id":"https:\/\/permbledhja.com\/rasti-i-foshnjes-se-vdekur-ne-lavatrice-ky-eshte-veprimi-i-fundit\/#breadcrumb"},"inLanguage":"sq","potentialAction":[{"@type":"ReadAction","target":["https:\/\/permbledhja.com\/rasti-i-foshnjes-se-vdekur-ne-lavatrice-ky-eshte-veprimi-i-fundit\/"]}]},{"@type":"BreadcrumbList","@id":"https:\/\/permbledhja.com\/rasti-i-foshnjes-se-vdekur-ne-lavatrice-ky-eshte-veprimi-i-fundit\/#breadcrumb","itemListElement":[{"@type":"ListItem","position":1,"name":"Ballina","item":"https:\/\/permbledhja.com\/sq\/"},{"@type":"ListItem","position":2,"name":"Rasti i foshnj\u00ebs s\u00eb vdekur n\u00eb lavatri\u00e7e, ky \u00ebsht\u00eb veprimi i fundit"}]},{"@type":"WebSite","@id":"https:\/\/permbledhja.com\/#website","url":"https:\/\/permbledhja.com\/","name":"Ve\u00e7 artikuj p\u00ebrmbledh\u00ebs","description":"","publisher":{"@id":"https:\/\/permbledhja.com\/#organization"},"potentialAction":[{"@type":"SearchAction","target":{"@type":"EntryPoint","urlTemplate":"https:\/\/permbledhja.com\/?s={search_term_string}"},"query-input":"required name=search_term_string"}],"inLanguage":"sq"},{"@type":"Organization","@id":"https:\/\/permbledhja.com\/#organization","name":"MK Media & Pr","url":"https:\/\/permbledhja.com\/","logo":{"@type":"ImageObject","inLanguage":"sq","@id":"https:\/\/permbledhja.com\/#\/schema\/logo\/image\/","url":"https:\/\/permbledhja.com\/wp-content\/uploads\/2021\/12\/07-Press-Logo.jpg","contentUrl":"https:\/\/permbledhja.com\/wp-content\/uploads\/2021\/12\/07-Press-Logo.jpg","width":512,"height":512,"caption":"MK Media & Pr"},"image":{"@id":"https:\/\/permbledhja.com\/#\/schema\/logo\/image\/"},"sameAs":["https:\/\/www.facebook.com\/press07\/"]},{"@type":"Person","@id":"https:\/\/permbledhja.com\/#\/schema\/person\/0d064377258d3221e50693947b9eb4fe","name":"P\u00ebrmbledhja","image":{"@type":"ImageObject","inLanguage":"sq","@id":"https:\/\/permbledhja.com\/#\/schema\/person\/image\/","url":"https:\/\/permbledhja.com\/wp-content\/uploads\/2026\/01\/452004717_1040944174702970_8932037511805513407_n-96x96.jpg","contentUrl":"https:\/\/permbledhja.com\/wp-content\/uploads\/2026\/01\/452004717_1040944174702970_8932037511805513407_n-96x96.jpg","caption":"P\u00ebrmbledhja"},"sameAs":["https:\/\/www.facebook.com\/kafexhiu.muharrem\/","https:\/\/www.instagram.com\/muharrem_kafexhiu\/"],"url":"https:\/\/permbledhja.com\/sq\/author\/admin\/"}]}},"_links":{"self":[{"href":"https:\/\/permbledhja.com\/sq\/wp-json\/wp\/v2\/posts\/10985"}],"collection":[{"href":"https:\/\/permbledhja.com\/sq\/wp-json\/wp\/v2\/posts"}],"about":[{"href":"https:\/\/permbledhja.com\/sq\/wp-json\/wp\/v2\/types\/post"}],"author":[{"embeddable":true,"href":"https:\/\/permbledhja.com\/sq\/wp-json\/wp\/v2\/users\/1"}],"replies":[{"embeddable":true,"href":"https:\/\/permbledhja.com\/sq\/wp-json\/wp\/v2\/comments?post=10985"}],"version-history":[{"count":1,"href":"https:\/\/permbledhja.com\/sq\/wp-json\/wp\/v2\/posts\/10985\/revisions"}],"predecessor-version":[{"id":10987,"href":"https:\/\/permbledhja.com\/sq\/wp-json\/wp\/v2\/posts\/10985\/revisions\/10987"}],"wp:featuredmedia":[{"embeddable":true,"href":"https:\/\/permbledhja.com\/sq\/wp-json\/wp\/v2\/media\/10986"}],"wp:attachment":[{"href":"https:\/\/permbledhja.com\/sq\/wp-json\/wp\/v2\/media?parent=10985"}],"wp:term":[{"taxonomy":"category","embeddable":true,"href":"https:\/\/permbledhja.com\/sq\/wp-json\/wp\/v2\/categories?post=10985"},{"taxonomy":"post_tag","embeddable":true,"href":"https:\/\/permbledhja.com\/sq\/wp-json\/wp\/v2\/tags?post=10985"}],"curies":[{"name":"wp","href":"https:\/\/api.w.org\/{rel}","templated":true}]}}