{"id":10976,"date":"2022-12-27T08:40:10","date_gmt":"2022-12-27T08:40:10","guid":{"rendered":"https:\/\/permbledhja.com\/?p=10976"},"modified":"2022-12-27T08:40:10","modified_gmt":"2022-12-27T08:40:10","slug":"anulohet-tenderi-400-mije-euro-deshton-nje-projekt-i-perparim-rames","status":"publish","type":"post","link":"https:\/\/permbledhja.com\/sq\/anulohet-tenderi-400-mije-euro-deshton-nje-projekt-i-perparim-rames\/","title":{"rendered":"Anulohet tenderi 400 mij\u00eb euro, d\u00ebshton nj\u00eb projekt i P\u00ebrparim Ram\u00ebs"},"content":{"rendered":"<p>Komuna e Prishtin\u00ebs e ka vendosur n\u00eb pritje nj\u00eb projekt t\u00eb P\u00ebrparim Ram\u00ebs.<\/p>\n<p>P\u00ebr shkak t\u00eb buxhetit, Komuna e Prishtin\u00ebs ka anuluar t\u00eb mart\u00ebn tenderin e hapur p\u00ebr nd\u00ebrtimin e thertores publike n\u00eb kryeqytet.<\/p>\n<p>Tenderi i anuluar kishte vler\u00eb t\u00eb parashikuar prej 400 mij\u00eb eurosh, raporton Paparaci.<\/p>\n<p>\u201cProjekti dhe vlera buxhetore nuk jan\u00eb n\u00eb p\u00ebrputhshm\u00ebri\u201d, thuhet n\u00eb njoftimin e Zyr\u00ebs s\u00eb Prokurimit t\u00eb Komun\u00ebs s\u00eb Prishtin\u00ebs.<\/p>\n<p>Projekti arkitekturor i thertores publike tashm\u00eb \u00ebsht\u00eb p\u00ebrzgjedhur nga Komuna e Prishtin\u00ebs.<\/p>\n<p>Megjithat\u00eb, n\u00eb proces ishte vendosur p\u00ebrzgjedhja dhe kontraktimi p\u00ebrmes procedurave t\u00eb tenderimit i nj\u00eb operatori q\u00eb do ta nd\u00ebrtonte thertoren.<\/p>\n<p>Projekti p\u00ebr nd\u00ebrtimin e thertores mund t\u00eb planifikohet me buxhetin e vitit t\u00eb ardhsh\u00ebm.<\/p>\n<p><img loading=\"lazy\" decoding=\"async\" src=\"https:\/\/permbledhja.com\/wp-content\/uploads\/2022\/12\/26F30475-53B6-4B0B-AE29-3EE432955BFF.png\" alt=\"\" width=\"1284\" height=\"2778\" class=\"alignnone size-full wp-image-10977\" srcset=\"https:\/\/permbledhja.com\/wp-content\/uploads\/2022\/12\/26F30475-53B6-4B0B-AE29-3EE432955BFF.png 1284w, https:\/\/permbledhja.com\/wp-content\/uploads\/2022\/12\/26F30475-53B6-4B0B-AE29-3EE432955BFF-139x300.png 139w, https:\/\/permbledhja.com\/wp-content\/uploads\/2022\/12\/26F30475-53B6-4B0B-AE29-3EE432955BFF-473x1024.png 473w, https:\/\/permbledhja.com\/wp-content\/uploads\/2022\/12\/26F30475-53B6-4B0B-AE29-3EE432955BFF-768x1662.png 768w, https:\/\/permbledhja.com\/wp-content\/uploads\/2022\/12\/26F30475-53B6-4B0B-AE29-3EE432955BFF-710x1536.png 710w, https:\/\/permbledhja.com\/wp-content\/uploads\/2022\/12\/26F30475-53B6-4B0B-AE29-3EE432955BFF-947x2048.png 947w, https:\/\/permbledhja.com\/wp-content\/uploads\/2022\/12\/26F30475-53B6-4B0B-AE29-3EE432955BFF-6x12.png 6w\" sizes=\"(max-width: 1284px) 100vw, 1284px\" \/><\/p>\n","protected":false},"excerpt":{"rendered":"<p>Komuna e Prishtin\u00ebs e ka vendosur n\u00eb pritje nj\u00eb projekt t\u00eb P\u00ebrparim Ram\u00ebs. P\u00ebr shkak t\u00eb buxhetit, Komuna e Prishtin\u00ebs ka anuluar t\u00eb mart\u00ebn tenderin e hapur p\u00ebr nd\u00ebrtimin e thertores publike n\u00eb kryeqytet. Tenderi i anuluar kishte vler\u00eb t\u00eb parashikuar prej 400 mij\u00eb eurosh, raporton Paparaci. \u201cProjekti dhe vlera buxhetore nuk jan\u00eb n\u00eb p\u00ebrputhshm\u00ebri\u201d, [&hellip;]<\/p>\n","protected":false},"author":1,"featured_media":8879,"comment_status":"closed","ping_status":"closed","sticky":false,"template":"","format":"standard","meta":{"_monsterinsights_skip_tracking":false,"_monsterinsights_sitenote_active":false,"_monsterinsights_sitenote_note":"","_monsterinsights_sitenote_category":0,"_uf_show_specific_survey":0,"_uf_disable_surveys":false,"footnotes":""},"categories":[23,15],"tags":[1026],"yoast_head":"<!-- This site is optimized with the Yoast SEO plugin v21.5 - https:\/\/yoast.com\/wordpress\/plugins\/seo\/ -->\n<title>Anulohet tenderi 400 mij\u00eb euro, d\u00ebshton nj\u00eb projekt i P\u00ebrparim Ram\u00ebs<\/title>\n<meta name=\"robots\" content=\"index, follow, max-snippet:-1, max-image-preview:large, max-video-preview:-1\" \/>\n<link rel=\"canonical\" href=\"https:\/\/permbledhja.com\/sq\/anulohet-tenderi-400-mije-euro-deshton-nje-projekt-i-perparim-rames\/\" \/>\n<meta property=\"og:locale\" content=\"sq_AL\" \/>\n<meta property=\"og:type\" content=\"article\" \/>\n<meta property=\"og:title\" content=\"Anulohet tenderi 400 mij\u00eb euro, d\u00ebshton nj\u00eb projekt i P\u00ebrparim Ram\u00ebs\" \/>\n<meta property=\"og:description\" content=\"Komuna e Prishtin\u00ebs e ka vendosur n\u00eb pritje nj\u00eb projekt t\u00eb P\u00ebrparim Ram\u00ebs. P\u00ebr shkak t\u00eb buxhetit, Komuna e Prishtin\u00ebs ka anuluar t\u00eb mart\u00ebn tenderin e hapur p\u00ebr nd\u00ebrtimin e thertores publike n\u00eb kryeqytet. Tenderi i anuluar kishte vler\u00eb t\u00eb parashikuar prej 400 mij\u00eb eurosh, raporton Paparaci. \u201cProjekti dhe vlera buxhetore nuk jan\u00eb n\u00eb p\u00ebrputhshm\u00ebri\u201d, [&hellip;]\" \/>\n<meta property=\"og:url\" content=\"https:\/\/permbledhja.com\/sq\/anulohet-tenderi-400-mije-euro-deshton-nje-projekt-i-perparim-rames\/\" \/>\n<meta property=\"og:site_name\" content=\"Ve\u00e7 artikuj p\u00ebrmbledh\u00ebs\" \/>\n<meta property=\"article:publisher\" content=\"https:\/\/www.facebook.com\/press07\/\" \/>\n<meta property=\"article:author\" content=\"https:\/\/www.facebook.com\/kafexhiu.muharrem\/\" \/>\n<meta property=\"article:published_time\" content=\"2022-12-27T08:40:10+00:00\" \/>\n<meta property=\"og:image\" content=\"https:\/\/permbledhja.com\/wp-content\/uploads\/2022\/10\/perparim-rama-2-600x360-1.jpg\" \/>\n\t<meta property=\"og:image:width\" content=\"600\" \/>\n\t<meta property=\"og:image:height\" content=\"360\" \/>\n\t<meta property=\"og:image:type\" content=\"image\/jpeg\" \/>\n<meta name=\"author\" content=\"P\u00ebrmbledhja\" \/>\n<meta name=\"twitter:card\" content=\"summary_large_image\" \/>\n<meta name=\"twitter:label1\" content=\"Written by\" \/>\n\t<meta name=\"twitter:data1\" content=\"P\u00ebrmbledhja\" \/>\n\t<meta name=\"twitter:label2\" content=\"Est. reading time\" \/>\n\t<meta name=\"twitter:data2\" content=\"1 minut\u00eb\" \/>\n<script type=\"application\/ld+json\" class=\"yoast-schema-graph\">{\"@context\":\"https:\/\/schema.org\",\"@graph\":[{\"@type\":\"Article\",\"@id\":\"https:\/\/permbledhja.com\/anulohet-tenderi-400-mije-euro-deshton-nje-projekt-i-perparim-rames\/#article\",\"isPartOf\":{\"@id\":\"https:\/\/permbledhja.com\/anulohet-tenderi-400-mije-euro-deshton-nje-projekt-i-perparim-rames\/\"},\"author\":{\"name\":\"P\u00ebrmbledhja\",\"@id\":\"https:\/\/permbledhja.com\/#\/schema\/person\/0d064377258d3221e50693947b9eb4fe\"},\"headline\":\"Anulohet tenderi 400 mij\u00eb euro, d\u00ebshton nj\u00eb projekt i P\u00ebrparim Ram\u00ebs\",\"datePublished\":\"2022-12-27T08:40:10+00:00\",\"dateModified\":\"2022-12-27T08:40:10+00:00\",\"mainEntityOfPage\":{\"@id\":\"https:\/\/permbledhja.com\/anulohet-tenderi-400-mije-euro-deshton-nje-projekt-i-perparim-rames\/\"},\"wordCount\":145,\"publisher\":{\"@id\":\"https:\/\/permbledhja.com\/#organization\"},\"keywords\":[\"P\u00ebrparim Rama\"],\"articleSection\":[\"Komb\u00ebtare\",\"Lajme\"],\"inLanguage\":\"sq\"},{\"@type\":\"WebPage\",\"@id\":\"https:\/\/permbledhja.com\/anulohet-tenderi-400-mije-euro-deshton-nje-projekt-i-perparim-rames\/\",\"url\":\"https:\/\/permbledhja.com\/anulohet-tenderi-400-mije-euro-deshton-nje-projekt-i-perparim-rames\/\",\"name\":\"Anulohet tenderi 400 mij\u00eb euro, d\u00ebshton nj\u00eb projekt i P\u00ebrparim Ram\u00ebs\",\"isPartOf\":{\"@id\":\"https:\/\/permbledhja.com\/#website\"},\"datePublished\":\"2022-12-27T08:40:10+00:00\",\"dateModified\":\"2022-12-27T08:40:10+00:00\",\"breadcrumb\":{\"@id\":\"https:\/\/permbledhja.com\/anulohet-tenderi-400-mije-euro-deshton-nje-projekt-i-perparim-rames\/#breadcrumb\"},\"inLanguage\":\"sq\",\"potentialAction\":[{\"@type\":\"ReadAction\",\"target\":[\"https:\/\/permbledhja.com\/anulohet-tenderi-400-mije-euro-deshton-nje-projekt-i-perparim-rames\/\"]}]},{\"@type\":\"BreadcrumbList\",\"@id\":\"https:\/\/permbledhja.com\/anulohet-tenderi-400-mije-euro-deshton-nje-projekt-i-perparim-rames\/#breadcrumb\",\"itemListElement\":[{\"@type\":\"ListItem\",\"position\":1,\"name\":\"Ballina\",\"item\":\"https:\/\/permbledhja.com\/sq\/\"},{\"@type\":\"ListItem\",\"position\":2,\"name\":\"Anulohet tenderi 400 mij\u00eb euro, d\u00ebshton nj\u00eb projekt i P\u00ebrparim Ram\u00ebs\"}]},{\"@type\":\"WebSite\",\"@id\":\"https:\/\/permbledhja.com\/#website\",\"url\":\"https:\/\/permbledhja.com\/\",\"name\":\"Ve\u00e7 artikuj p\u00ebrmbledh\u00ebs\",\"description\":\"\",\"publisher\":{\"@id\":\"https:\/\/permbledhja.com\/#organization\"},\"potentialAction\":[{\"@type\":\"SearchAction\",\"target\":{\"@type\":\"EntryPoint\",\"urlTemplate\":\"https:\/\/permbledhja.com\/?s={search_term_string}\"},\"query-input\":\"required name=search_term_string\"}],\"inLanguage\":\"sq\"},{\"@type\":\"Organization\",\"@id\":\"https:\/\/permbledhja.com\/#organization\",\"name\":\"MK Media & Pr\",\"url\":\"https:\/\/permbledhja.com\/\",\"logo\":{\"@type\":\"ImageObject\",\"inLanguage\":\"sq\",\"@id\":\"https:\/\/permbledhja.com\/#\/schema\/logo\/image\/\",\"url\":\"https:\/\/permbledhja.com\/wp-content\/uploads\/2021\/12\/07-Press-Logo.jpg\",\"contentUrl\":\"https:\/\/permbledhja.com\/wp-content\/uploads\/2021\/12\/07-Press-Logo.jpg\",\"width\":512,\"height\":512,\"caption\":\"MK Media & Pr\"},\"image\":{\"@id\":\"https:\/\/permbledhja.com\/#\/schema\/logo\/image\/\"},\"sameAs\":[\"https:\/\/www.facebook.com\/press07\/\"]},{\"@type\":\"Person\",\"@id\":\"https:\/\/permbledhja.com\/#\/schema\/person\/0d064377258d3221e50693947b9eb4fe\",\"name\":\"P\u00ebrmbledhja\",\"image\":{\"@type\":\"ImageObject\",\"inLanguage\":\"sq\",\"@id\":\"https:\/\/permbledhja.com\/#\/schema\/person\/image\/\",\"url\":\"https:\/\/permbledhja.com\/wp-content\/uploads\/2026\/01\/452004717_1040944174702970_8932037511805513407_n-96x96.jpg\",\"contentUrl\":\"https:\/\/permbledhja.com\/wp-content\/uploads\/2026\/01\/452004717_1040944174702970_8932037511805513407_n-96x96.jpg\",\"caption\":\"P\u00ebrmbledhja\"},\"sameAs\":[\"https:\/\/www.facebook.com\/kafexhiu.muharrem\/\",\"https:\/\/www.instagram.com\/muharrem_kafexhiu\/\"],\"url\":\"https:\/\/permbledhja.com\/sq\/author\/admin\/\"}]}<\/script>\n<!-- \/ Yoast SEO plugin. -->","yoast_head_json":{"title":"Anulohet tenderi 400 mij\u00eb euro, d\u00ebshton nj\u00eb projekt i P\u00ebrparim Ram\u00ebs","robots":{"index":"index","follow":"follow","max-snippet":"max-snippet:-1","max-image-preview":"max-image-preview:large","max-video-preview":"max-video-preview:-1"},"canonical":"https:\/\/permbledhja.com\/sq\/anulohet-tenderi-400-mije-euro-deshton-nje-projekt-i-perparim-rames\/","og_locale":"sq_AL","og_type":"article","og_title":"Anulohet tenderi 400 mij\u00eb euro, d\u00ebshton nj\u00eb projekt i P\u00ebrparim Ram\u00ebs","og_description":"Komuna e Prishtin\u00ebs e ka vendosur n\u00eb pritje nj\u00eb projekt t\u00eb P\u00ebrparim Ram\u00ebs. P\u00ebr shkak t\u00eb buxhetit, Komuna e Prishtin\u00ebs ka anuluar t\u00eb mart\u00ebn tenderin e hapur p\u00ebr nd\u00ebrtimin e thertores publike n\u00eb kryeqytet. Tenderi i anuluar kishte vler\u00eb t\u00eb parashikuar prej 400 mij\u00eb eurosh, raporton Paparaci. \u201cProjekti dhe vlera buxhetore nuk jan\u00eb n\u00eb p\u00ebrputhshm\u00ebri\u201d, [&hellip;]","og_url":"https:\/\/permbledhja.com\/sq\/anulohet-tenderi-400-mije-euro-deshton-nje-projekt-i-perparim-rames\/","og_site_name":"Ve\u00e7 artikuj p\u00ebrmbledh\u00ebs","article_publisher":"https:\/\/www.facebook.com\/press07\/","article_author":"https:\/\/www.facebook.com\/kafexhiu.muharrem\/","article_published_time":"2022-12-27T08:40:10+00:00","og_image":[{"width":600,"height":360,"url":"https:\/\/permbledhja.com\/wp-content\/uploads\/2022\/10\/perparim-rama-2-600x360-1.jpg","type":"image\/jpeg"}],"author":"P\u00ebrmbledhja","twitter_card":"summary_large_image","twitter_misc":{"Written by":"P\u00ebrmbledhja","Est. reading time":"1 minut\u00eb"},"schema":{"@context":"https:\/\/schema.org","@graph":[{"@type":"Article","@id":"https:\/\/permbledhja.com\/anulohet-tenderi-400-mije-euro-deshton-nje-projekt-i-perparim-rames\/#article","isPartOf":{"@id":"https:\/\/permbledhja.com\/anulohet-tenderi-400-mije-euro-deshton-nje-projekt-i-perparim-rames\/"},"author":{"name":"P\u00ebrmbledhja","@id":"https:\/\/permbledhja.com\/#\/schema\/person\/0d064377258d3221e50693947b9eb4fe"},"headline":"Anulohet tenderi 400 mij\u00eb euro, d\u00ebshton nj\u00eb projekt i P\u00ebrparim Ram\u00ebs","datePublished":"2022-12-27T08:40:10+00:00","dateModified":"2022-12-27T08:40:10+00:00","mainEntityOfPage":{"@id":"https:\/\/permbledhja.com\/anulohet-tenderi-400-mije-euro-deshton-nje-projekt-i-perparim-rames\/"},"wordCount":145,"publisher":{"@id":"https:\/\/permbledhja.com\/#organization"},"keywords":["P\u00ebrparim Rama"],"articleSection":["Komb\u00ebtare","Lajme"],"inLanguage":"sq"},{"@type":"WebPage","@id":"https:\/\/permbledhja.com\/anulohet-tenderi-400-mije-euro-deshton-nje-projekt-i-perparim-rames\/","url":"https:\/\/permbledhja.com\/anulohet-tenderi-400-mije-euro-deshton-nje-projekt-i-perparim-rames\/","name":"Anulohet tenderi 400 mij\u00eb euro, d\u00ebshton nj\u00eb projekt i P\u00ebrparim Ram\u00ebs","isPartOf":{"@id":"https:\/\/permbledhja.com\/#website"},"datePublished":"2022-12-27T08:40:10+00:00","dateModified":"2022-12-27T08:40:10+00:00","breadcrumb":{"@id":"https:\/\/permbledhja.com\/anulohet-tenderi-400-mije-euro-deshton-nje-projekt-i-perparim-rames\/#breadcrumb"},"inLanguage":"sq","potentialAction":[{"@type":"ReadAction","target":["https:\/\/permbledhja.com\/anulohet-tenderi-400-mije-euro-deshton-nje-projekt-i-perparim-rames\/"]}]},{"@type":"BreadcrumbList","@id":"https:\/\/permbledhja.com\/anulohet-tenderi-400-mije-euro-deshton-nje-projekt-i-perparim-rames\/#breadcrumb","itemListElement":[{"@type":"ListItem","position":1,"name":"Ballina","item":"https:\/\/permbledhja.com\/sq\/"},{"@type":"ListItem","position":2,"name":"Anulohet tenderi 400 mij\u00eb euro, d\u00ebshton nj\u00eb projekt i P\u00ebrparim Ram\u00ebs"}]},{"@type":"WebSite","@id":"https:\/\/permbledhja.com\/#website","url":"https:\/\/permbledhja.com\/","name":"Ve\u00e7 artikuj p\u00ebrmbledh\u00ebs","description":"","publisher":{"@id":"https:\/\/permbledhja.com\/#organization"},"potentialAction":[{"@type":"SearchAction","target":{"@type":"EntryPoint","urlTemplate":"https:\/\/permbledhja.com\/?s={search_term_string}"},"query-input":"required name=search_term_string"}],"inLanguage":"sq"},{"@type":"Organization","@id":"https:\/\/permbledhja.com\/#organization","name":"MK Media & Pr","url":"https:\/\/permbledhja.com\/","logo":{"@type":"ImageObject","inLanguage":"sq","@id":"https:\/\/permbledhja.com\/#\/schema\/logo\/image\/","url":"https:\/\/permbledhja.com\/wp-content\/uploads\/2021\/12\/07-Press-Logo.jpg","contentUrl":"https:\/\/permbledhja.com\/wp-content\/uploads\/2021\/12\/07-Press-Logo.jpg","width":512,"height":512,"caption":"MK Media & Pr"},"image":{"@id":"https:\/\/permbledhja.com\/#\/schema\/logo\/image\/"},"sameAs":["https:\/\/www.facebook.com\/press07\/"]},{"@type":"Person","@id":"https:\/\/permbledhja.com\/#\/schema\/person\/0d064377258d3221e50693947b9eb4fe","name":"P\u00ebrmbledhja","image":{"@type":"ImageObject","inLanguage":"sq","@id":"https:\/\/permbledhja.com\/#\/schema\/person\/image\/","url":"https:\/\/permbledhja.com\/wp-content\/uploads\/2026\/01\/452004717_1040944174702970_8932037511805513407_n-96x96.jpg","contentUrl":"https:\/\/permbledhja.com\/wp-content\/uploads\/2026\/01\/452004717_1040944174702970_8932037511805513407_n-96x96.jpg","caption":"P\u00ebrmbledhja"},"sameAs":["https:\/\/www.facebook.com\/kafexhiu.muharrem\/","https:\/\/www.instagram.com\/muharrem_kafexhiu\/"],"url":"https:\/\/permbledhja.com\/sq\/author\/admin\/"}]}},"_links":{"self":[{"href":"https:\/\/permbledhja.com\/sq\/wp-json\/wp\/v2\/posts\/10976"}],"collection":[{"href":"https:\/\/permbledhja.com\/sq\/wp-json\/wp\/v2\/posts"}],"about":[{"href":"https:\/\/permbledhja.com\/sq\/wp-json\/wp\/v2\/types\/post"}],"author":[{"embeddable":true,"href":"https:\/\/permbledhja.com\/sq\/wp-json\/wp\/v2\/users\/1"}],"replies":[{"embeddable":true,"href":"https:\/\/permbledhja.com\/sq\/wp-json\/wp\/v2\/comments?post=10976"}],"version-history":[{"count":1,"href":"https:\/\/permbledhja.com\/sq\/wp-json\/wp\/v2\/posts\/10976\/revisions"}],"predecessor-version":[{"id":10978,"href":"https:\/\/permbledhja.com\/sq\/wp-json\/wp\/v2\/posts\/10976\/revisions\/10978"}],"wp:featuredmedia":[{"embeddable":true,"href":"https:\/\/permbledhja.com\/sq\/wp-json\/wp\/v2\/media\/8879"}],"wp:attachment":[{"href":"https:\/\/permbledhja.com\/sq\/wp-json\/wp\/v2\/media?parent=10976"}],"wp:term":[{"taxonomy":"category","embeddable":true,"href":"https:\/\/permbledhja.com\/sq\/wp-json\/wp\/v2\/categories?post=10976"},{"taxonomy":"post_tag","embeddable":true,"href":"https:\/\/permbledhja.com\/sq\/wp-json\/wp\/v2\/tags?post=10976"}],"curies":[{"name":"wp","href":"https:\/\/api.w.org\/{rel}","templated":true}]}}